{"id":207609,"date":"2023-05-19T13:20:01","date_gmt":"2023-05-19T17:20:01","guid":{"rendered":"https:\/\/www.manaus.am.gov.br\/semasc\/prefeitura-de-manaus-da-inicio-a-operacao-cheia-2023\/"},"modified":"2023-05-30T10:24:05","modified_gmt":"2023-05-30T14:24:05","slug":"prefeitura-de-manaus-da-inicio-a-operacao-cheia-2023","status":"publish","type":"post","link":"https:\/\/www.manaus.am.gov.br\/semasc\/prefeitura-de-manaus-da-inicio-a-operacao-cheia-2023\/","title":{"rendered":"Prefeitura de Manaus d\u00e1 in\u00edcio \u00e0 opera\u00e7\u00e3o &#8216;Cheia 2023\u2019"},"content":{"rendered":"\n<p>A Prefeitura de Manaus, por meio da Secretaria Municipal de Seguran\u00e7a P\u00fablica e Defesa Social (Semseg), realizou, na manh\u00e3 desta sexta-feira, 19\/5, o lan\u00e7amento oficial da opera\u00e7\u00e3o &#8220;Cheia 2023&#8221;, com o objetivo de minimizar o preju\u00edzo material e socioecon\u00f4mico ocasionado pela alta do rio Negro, cujo n\u00edvel, no munic\u00edpio, j\u00e1 atingiu a cota de inunda\u00e7\u00e3o ao passar da marca dos 27,50 metros.<\/p>\n\n\n\n<p>O an\u00fancio foi feito a partir de uma coletiva de imprensa realizada no Centro de Coopera\u00e7\u00e3o da Cidade (CCC), localizado na zona Centro-Sul de Manaus.<\/p>\n\n\n\n<p>Ap\u00f3s o rio Negro atingir a marca de 27,50 metros, quando se recomenda o in\u00edcio da constru\u00e7\u00e3o das passarelas, a Prefeitura de Manaus lan\u00e7a a opera\u00e7\u00e3o &#8220;Cheia 2023&#8221; e apresenta o desenvolvimento do trabalho de constru\u00e7\u00e3o de pontes, que iniciou quando a cota estava, ainda, em 27,22 metros, se antecipando \u00e0 subida das \u00e1guas.<\/p>\n\n\n\n<p>O vice-prefeito e chefe da Casa Civil, Marcos Rotta, na ocasi\u00e3o representando o prefeito David Almeida, detalhou alguns dos trabalhos j\u00e1 em curso da opera\u00e7\u00e3o, que conta com mais de 588 metros de pontes constru\u00eddas nos bairros S\u00e3o Jorge, na zona Oeste, e Educandos, na zona Sul,&nbsp; tamb\u00e9m destacando os avan\u00e7os da gest\u00e3o municipal na garantia de R$ 600 milh\u00f5es em investimentos e apoio federal a fam\u00edlias carentes do munic\u00edpio.<\/p>\n\n\n\n<p>&#8220;Acho que esse \u00e9 o grande diferencial da gest\u00e3o do prefeito David Almeida: se antecipar aos problemas. J\u00e1 temos em curso opera\u00e7\u00f5es para a constru\u00e7\u00e3o de pontes e visitas aos pontos mais cr\u00edticos de cheia, por exemplo. Mas, para al\u00e9m disso, as pessoas n\u00e3o desejam apenas cuidados paliativos, elas clamam por uma solu\u00e7\u00e3o definitiva, e exatamente por essa \u00f3tica \u00e9 que o prefeito vem trabalhando, trazendo boas not\u00edcias de Bras\u00edlia e praticamente deixando j\u00e1 garantidos ao Tesouro p\u00fablico o acesso a R$ 600 milh\u00f5es, o que, se Deus quiser, tornar\u00e1 poss\u00edvel a constru\u00e7\u00e3o de 5 mil novas moradias populares, nos permitindo criar um horizonte de expectativas, onde poderemos retirar definitivamente a popula\u00e7\u00e3o dessas zonas de risco&#8221;, ressaltou.<\/p>\n\n\n\n<p><strong>A\u00e7\u00e3o integrada<\/strong><\/p>\n\n\n\n<p>Na ocasi\u00e3o, o secret\u00e1rio-executivo da Defesa Civil, Gladiston Silva, informou que a acessibilidade dos moradores dos bairros S\u00e3o Jorge, zona Oeste, e Educandos, zona Sul, est\u00e1 garantida, com mais de 500 metros de pontes constru\u00eddas. A estimativa \u00e9 de que o bairro Aparecida seja o pr\u00f3ximo a receber as estruturas.<\/p>\n\n\n\n<p>\u201cNos antecipamos \u00e0 cheia do rio Negro e estamos trabalhando, incansavelmente, para dar resposta com 580 metros de pontes j\u00e1 constru\u00eddos, para que as fam\u00edlias n\u00e3o sofram e percam o seu direito de ir e vir\u201d, afirmou.<\/p>\n\n\n\n<p>A Semseg, em conjunto com as secretarias municipais da Mulher, Assist\u00eancia Social e Cidadania (Semasc) e Infraestrutura (Seminf), est\u00e1 elaborando um plano de trabalho para definir as pr\u00f3ximas a\u00e7\u00f5es nas \u00e1reas urbana, ribeirinha e rodovi\u00e1ria.<\/p>\n\n\n\n<p>\u201cA opera\u00e7\u00e3o &#8216;Cheia 2023&#8217; \u00e9 um evento, porque ela envolve v\u00e1rias secretarias, n\u00e3o \u00e9 s\u00f3 a Defesa Civil e a Semseg. Envolve Limpeza P\u00fablica, a Sa\u00fade, a Assist\u00eancia Social e o Fundo Manaus Solid\u00e1ria, \u00f3rg\u00e3os federais, estaduais, com esfor\u00e7o conjunto para garantir desde uma cesta b\u00e1sica at\u00e9 recursos para reconstru\u00e7\u00e3o para \u00e1reas que sofrem e prejudicam pessoas\u201d, destacou o titular da pasta, S\u00e9rgio Fontes.<\/p>\n\n\n\n<p><strong>Assist\u00eancia Social<\/strong><\/p>\n\n\n\n<p>Durante o evento, o secret\u00e1rio da Semasc, Eduardo Lucas, apresentou o plano de a\u00e7\u00e3o da secretaria para a realiza\u00e7\u00e3o dos atendimentos, cadastros e o pagamento e distribui\u00e7\u00e3o de diferentes tipos de benef\u00edcios ao longo dos dois meses de opera\u00e7\u00e3o.<\/p>\n\n\n\n<p>Durante esse per\u00edodo, ser\u00e3o pagos mais R$ 4,8 milh\u00f5es em Aux\u00edlio Aluguel, benef\u00edcio pago em duas parcelas de R$ 600,&nbsp; R$ 4,5 milh\u00f5es em benef\u00edcios eventuais (kits de limpeza, cestas b\u00e1sicas, colch\u00f5es etc.) e outros R$ 51,8 mil em materiais de consumo e servi\u00e7os terceirizados necess\u00e1rios para a viabiliza\u00e7\u00e3o do atendimento \u00e0 popula\u00e7\u00e3o.<\/p>\n\n\n\n<p>&#8220;Ainda que, ao que tudo indique, n\u00e3o tenhamos uma cheia t\u00e3o grave quanto a de anos anteriores, estamos preparados para atender at\u00e9 4 mil fam\u00edlias com servi\u00e7os e benef\u00edcios da pol\u00edtica de Assist\u00eancia Social. Fico muito alegre em poder participar desta gest\u00e3o do prefeito David Almeida, porque vemos, em opera\u00e7\u00f5es como essa, a integra\u00e7\u00e3o entre as diversas secretarias, o que torna mais eficaz e r\u00e1pido o atendimento \u00e0s fam\u00edlias atingidas por situa\u00e7\u00f5es como essa ou como durante as fortes chuvas do m\u00eas de mar\u00e7o. \u00c9 a harmonia desse trabalho que diferencia a Prefeitura de Manaus, e quem ganha com isso \u00e9 a popula\u00e7\u00e3o&#8221;.<\/p>\n\n\n\n<p>De acordo com o Servi\u00e7o Geol\u00f3gico do Brasil (CPRM), o segundo alerta de cheia estima que a cota de 2023 n\u00e3o deve ultrapassar a marca de 28,51 metros, o que ser\u00e1 confirmado no pr\u00f3ximo alerta que tem divulga\u00e7\u00e3o prevista para o dia 31 deste m\u00eas. A maior cheia do rio Negro foi registrada em 2021, quando as \u00e1guas chegaram \u00e0 marca de 30,02 metros, segundo a medi\u00e7\u00e3o do porto de Manaus.<\/p>\n\n\n\n<p>&#8212; &#8212; &#8212;<\/p>\n\n\n\n<p><strong>Texto<\/strong>\u00a0\u2013 Jamyly Macedo\/Semseg e Guilherme Ara\u00fajo Pacheco \/ Semasc<br><strong>Fotos<\/strong>\u00a0\u2013 Cl\u00f3vis Miranda\/Semcom<br><strong>Dispon\u00edveis em<\/strong>\u00a0&#8211;\u00a0<a href=\"https:\/\/flic.kr\/s\/aHBqjAEnov\" target=\"_blank\" rel=\"noreferrer noopener\">https:\/\/flic.kr\/s\/aHBqjAEnov<\/a><\/p>\n","protected":false},"excerpt":{"rendered":"","protected":false},"author":23,"featured_media":207610,"comment_status":"closed","ping_status":"closed","sticky":false,"template":"","format":"standard","meta":{"footnotes":""},"categories":[4],"tags":[30,31,32,33,7],"acf":[],"yoast_head":"<!-- This site is optimized with the Yoast SEO plugin v23.0 - https:\/\/yoast.com\/wordpress\/plugins\/seo\/ -->\n<title>Prefeitura de Manaus d\u00e1 in\u00edcio \u00e0 opera\u00e7\u00e3o &#039;Cheia 2023\u2019<\/title>\n<meta name=\"description\" content=\"A Prefeitura de Manaus, por meio da Secretaria Municipal de Seguran\u00e7a P\u00fablica e Defesa Social (Semseg), realizou, na manh\u00e3 desta sexta-feira, 19\/5, o lan\u00e7amento oficial da opera\u00e7\u00e3o &quot;Cheia 2023&quot;, com o objetivo de minimizar o preju\u00edzo material e socioecon\u00f4mico ocasionado pela alta do rio Negro, cujo n\u00edvel, no munic\u00edpio, j\u00e1 atingiu a cota de inunda\u00e7\u00e3o ao passar da marca dos 27,50 metros.\" \/>\n<meta name=\"robots\" content=\"noindex, follow\" \/>\n<meta property=\"og:locale\" content=\"pt_BR\" \/>\n<meta property=\"og:type\" content=\"article\" \/>\n<meta property=\"og:title\" content=\"Prefeitura de Manaus d\u00e1 in\u00edcio \u00e0 opera\u00e7\u00e3o &#039;Cheia 2023\u2019\" \/>\n<meta property=\"og:description\" content=\"A Prefeitura de Manaus, por meio da Secretaria Municipal de Seguran\u00e7a P\u00fablica e Defesa Social (Semseg), realizou, na manh\u00e3 desta sexta-feira, 19\/5, o lan\u00e7amento oficial da opera\u00e7\u00e3o &quot;Cheia 2023&quot;, com o objetivo de minimizar o preju\u00edzo material e socioecon\u00f4mico ocasionado pela alta do rio Negro, cujo n\u00edvel, no munic\u00edpio, j\u00e1 atingiu a cota de inunda\u00e7\u00e3o ao passar da marca dos 27,50 metros.\" \/>\n<meta property=\"og:url\" content=\"https:\/\/www.manaus.am.gov.br\/semasc\/prefeitura-de-manaus-da-inicio-a-operacao-cheia-2023\/\" \/>\n<meta property=\"og:site_name\" content=\"SEMASC\" \/>\n<meta property=\"article:publisher\" content=\"https:\/\/www.facebook.com\/semascmanaus\" \/>\n<meta property=\"article:published_time\" content=\"2023-05-19T17:20:01+00:00\" \/>\n<meta property=\"article:modified_time\" content=\"2023-05-30T14:24:05+00:00\" \/>\n<meta property=\"og:image\" content=\"https:\/\/www.manaus.am.gov.br\/semasc\/wp-content\/uploads\/sites\/17\/2023\/05\/52909914785_2d16e2dfd8_c.jpg\" \/>\n\t<meta property=\"og:image:width\" content=\"799\" \/>\n\t<meta property=\"og:image:height\" content=\"533\" \/>\n\t<meta property=\"og:image:type\" content=\"image\/jpeg\" \/>\n<meta name=\"author\" content=\"Adriana Costa\" \/>\n<meta name=\"twitter:card\" content=\"summary_large_image\" \/>\n<meta name=\"twitter:label1\" content=\"Written by\" \/>\n\t<meta name=\"twitter:data1\" content=\"Adriana Costa\" \/>\n\t<meta name=\"twitter:label2\" content=\"Est. reading time\" \/>\n\t<meta name=\"twitter:data2\" content=\"5 minutos\" \/>\n<script type=\"application\/ld+json\" class=\"yoast-schema-graph\">{\"@context\":\"https:\/\/schema.org\",\"@graph\":[{\"@type\":\"Article\",\"@id\":\"https:\/\/www.manaus.am.gov.br\/semasc\/prefeitura-de-manaus-da-inicio-a-operacao-cheia-2023\/#article\",\"isPartOf\":{\"@id\":\"https:\/\/www.manaus.am.gov.br\/semasc\/prefeitura-de-manaus-da-inicio-a-operacao-cheia-2023\/\"},\"author\":{\"name\":\"Adriana Costa\",\"@id\":\"https:\/\/www.manaus.am.gov.br\/semasc\/#\/schema\/person\/4e49f4e267757a06ca072ec61b2b9968\"},\"headline\":\"Prefeitura de Manaus d\u00e1 in\u00edcio \u00e0 opera\u00e7\u00e3o &#8216;Cheia 2023\u2019\",\"datePublished\":\"2023-05-19T17:20:01+00:00\",\"dateModified\":\"2023-05-30T14:24:05+00:00\",\"mainEntityOfPage\":{\"@id\":\"https:\/\/www.manaus.am.gov.br\/semasc\/prefeitura-de-manaus-da-inicio-a-operacao-cheia-2023\/\"},\"wordCount\":898,\"publisher\":{\"@id\":\"https:\/\/www.manaus.am.gov.br\/semasc\/#organization\"},\"image\":{\"@id\":\"https:\/\/www.manaus.am.gov.br\/semasc\/prefeitura-de-manaus-da-inicio-a-operacao-cheia-2023\/#primaryimage\"},\"thumbnailUrl\":\"https:\/\/www.manaus.am.gov.br\/semasc\/wp-content\/uploads\/sites\/17\/2023\/05\/52909914785_2d16e2dfd8_c.jpg\",\"keywords\":[\"an\u00fancio\",\"CCC\",\"opera\u00e7\u00e3o Cheia 2023\",\"pontes\",\"prefeitura de manaus\"],\"articleSection\":[\"Preven\u00e7\u00e3o\"],\"inLanguage\":\"pt-BR\"},{\"@type\":\"WebPage\",\"@id\":\"https:\/\/www.manaus.am.gov.br\/semasc\/prefeitura-de-manaus-da-inicio-a-operacao-cheia-2023\/\",\"url\":\"https:\/\/www.manaus.am.gov.br\/semasc\/prefeitura-de-manaus-da-inicio-a-operacao-cheia-2023\/\",\"name\":\"Prefeitura de Manaus d\u00e1 in\u00edcio \u00e0 opera\u00e7\u00e3o 'Cheia 2023\u2019\",\"isPartOf\":{\"@id\":\"https:\/\/www.manaus.am.gov.br\/semasc\/#website\"},\"primaryImageOfPage\":{\"@id\":\"https:\/\/www.manaus.am.gov.br\/semasc\/prefeitura-de-manaus-da-inicio-a-operacao-cheia-2023\/#primaryimage\"},\"image\":{\"@id\":\"https:\/\/www.manaus.am.gov.br\/semasc\/prefeitura-de-manaus-da-inicio-a-operacao-cheia-2023\/#primaryimage\"},\"thumbnailUrl\":\"https:\/\/www.manaus.am.gov.br\/semasc\/wp-content\/uploads\/sites\/17\/2023\/05\/52909914785_2d16e2dfd8_c.jpg\",\"datePublished\":\"2023-05-19T17:20:01+00:00\",\"dateModified\":\"2023-05-30T14:24:05+00:00\",\"description\":\"A Prefeitura de Manaus, por meio da Secretaria Municipal de Seguran\u00e7a P\u00fablica e Defesa Social (Semseg), realizou, na manh\u00e3 desta sexta-feira, 19\/5, o lan\u00e7amento oficial da opera\u00e7\u00e3o \\\"Cheia 2023\\\", com o objetivo de minimizar o preju\u00edzo material e socioecon\u00f4mico ocasionado pela alta do rio Negro, cujo n\u00edvel, no munic\u00edpio, j\u00e1 atingiu a cota de inunda\u00e7\u00e3o ao passar da marca dos 27,50 metros.\",\"breadcrumb\":{\"@id\":\"https:\/\/www.manaus.am.gov.br\/semasc\/prefeitura-de-manaus-da-inicio-a-operacao-cheia-2023\/#breadcrumb\"},\"inLanguage\":\"pt-BR\",\"potentialAction\":[{\"@type\":\"ReadAction\",\"target\":[\"https:\/\/www.manaus.am.gov.br\/semasc\/prefeitura-de-manaus-da-inicio-a-operacao-cheia-2023\/\"]}]},{\"@type\":\"ImageObject\",\"inLanguage\":\"pt-BR\",\"@id\":\"https:\/\/www.manaus.am.gov.br\/semasc\/prefeitura-de-manaus-da-inicio-a-operacao-cheia-2023\/#primaryimage\",\"url\":\"https:\/\/www.manaus.am.gov.br\/semasc\/wp-content\/uploads\/sites\/17\/2023\/05\/52909914785_2d16e2dfd8_c.jpg\",\"contentUrl\":\"https:\/\/www.manaus.am.gov.br\/semasc\/wp-content\/uploads\/sites\/17\/2023\/05\/52909914785_2d16e2dfd8_c.jpg\",\"width\":799,\"height\":533},{\"@type\":\"BreadcrumbList\",\"@id\":\"https:\/\/www.manaus.am.gov.br\/semasc\/prefeitura-de-manaus-da-inicio-a-operacao-cheia-2023\/#breadcrumb\",\"itemListElement\":[{\"@type\":\"ListItem\",\"position\":1,\"name\":\"Home\",\"item\":\"https:\/\/www.manaus.am.gov.br\/semasc\/\"},{\"@type\":\"ListItem\",\"position\":2,\"name\":\"Prefeitura de Manaus d\u00e1 in\u00edcio \u00e0 opera\u00e7\u00e3o &#8216;Cheia 2023\u2019\"}]},{\"@type\":\"WebSite\",\"@id\":\"https:\/\/www.manaus.am.gov.br\/semasc\/#website\",\"url\":\"https:\/\/www.manaus.am.gov.br\/semasc\/\",\"name\":\"SEMASC\",\"description\":\"Secretaria Municipal da Mulher, Assist\u00eancia Social e Cidadania.\",\"publisher\":{\"@id\":\"https:\/\/www.manaus.am.gov.br\/semasc\/#organization\"},\"alternateName\":\"Secretaria Municipal da Mulher, Assist\u00eancia Social e Cidadania\",\"potentialAction\":[{\"@type\":\"SearchAction\",\"target\":{\"@type\":\"EntryPoint\",\"urlTemplate\":\"https:\/\/www.manaus.am.gov.br\/semasc\/?s={search_term_string}\"},\"query-input\":\"required name=search_term_string\"}],\"inLanguage\":\"pt-BR\"},{\"@type\":\"Organization\",\"@id\":\"https:\/\/www.manaus.am.gov.br\/semasc\/#organization\",\"name\":\"Prefeitura de Manaus\",\"alternateName\":\"Prefeitura Municipal de Manaus\",\"url\":\"https:\/\/www.manaus.am.gov.br\/semasc\/\",\"logo\":{\"@type\":\"ImageObject\",\"inLanguage\":\"pt-BR\",\"@id\":\"https:\/\/www.manaus.am.gov.br\/semasc\/#\/schema\/logo\/image\/\",\"url\":\"https:\/\/www.manaus.am.gov.br\/semasc\/wp-content\/uploads\/sites\/17\/2024\/07\/favicon.png\",\"contentUrl\":\"https:\/\/www.manaus.am.gov.br\/semasc\/wp-content\/uploads\/sites\/17\/2024\/07\/favicon.png\",\"width\":300,\"height\":300,\"caption\":\"Prefeitura de Manaus\"},\"image\":{\"@id\":\"https:\/\/www.manaus.am.gov.br\/semasc\/#\/schema\/logo\/image\/\"},\"sameAs\":[\"https:\/\/www.facebook.com\/semascmanaus\",\"https:\/\/www.instagram.com\/semascmanaus\/\"]},{\"@type\":\"Person\",\"@id\":\"https:\/\/www.manaus.am.gov.br\/semasc\/#\/schema\/person\/4e49f4e267757a06ca072ec61b2b9968\",\"name\":\"Adriana Costa\",\"image\":{\"@type\":\"ImageObject\",\"inLanguage\":\"pt-BR\",\"@id\":\"https:\/\/www.manaus.am.gov.br\/semasc\/#\/schema\/person\/image\/\",\"url\":\"https:\/\/secure.gravatar.com\/avatar\/576258617ef7194f718179e766d57bd4?s=96&d=mm&r=g\",\"contentUrl\":\"https:\/\/secure.gravatar.com\/avatar\/576258617ef7194f718179e766d57bd4?s=96&d=mm&r=g\",\"caption\":\"Adriana Costa\"}}]}<\/script>\n<!-- \/ Yoast SEO plugin. -->","yoast_head_json":{"title":"Prefeitura de Manaus d\u00e1 in\u00edcio \u00e0 opera\u00e7\u00e3o 'Cheia 2023\u2019","description":"A Prefeitura de Manaus, por meio da Secretaria Municipal de Seguran\u00e7a P\u00fablica e Defesa Social (Semseg), realizou, na manh\u00e3 desta sexta-feira, 19\/5, o lan\u00e7amento oficial da opera\u00e7\u00e3o \"Cheia 2023\", com o objetivo de minimizar o preju\u00edzo material e socioecon\u00f4mico ocasionado pela alta do rio Negro, cujo n\u00edvel, no munic\u00edpio, j\u00e1 atingiu a cota de inunda\u00e7\u00e3o ao passar da marca dos 27,50 metros.","robots":{"index":"noindex","follow":"follow"},"og_locale":"pt_BR","og_type":"article","og_title":"Prefeitura de Manaus d\u00e1 in\u00edcio \u00e0 opera\u00e7\u00e3o 'Cheia 2023\u2019","og_description":"A Prefeitura de Manaus, por meio da Secretaria Municipal de Seguran\u00e7a P\u00fablica e Defesa Social (Semseg), realizou, na manh\u00e3 desta sexta-feira, 19\/5, o lan\u00e7amento oficial da opera\u00e7\u00e3o \"Cheia 2023\", com o objetivo de minimizar o preju\u00edzo material e socioecon\u00f4mico ocasionado pela alta do rio Negro, cujo n\u00edvel, no munic\u00edpio, j\u00e1 atingiu a cota de inunda\u00e7\u00e3o ao passar da marca dos 27,50 metros.","og_url":"https:\/\/www.manaus.am.gov.br\/semasc\/prefeitura-de-manaus-da-inicio-a-operacao-cheia-2023\/","og_site_name":"SEMASC","article_publisher":"https:\/\/www.facebook.com\/semascmanaus","article_published_time":"2023-05-19T17:20:01+00:00","article_modified_time":"2023-05-30T14:24:05+00:00","og_image":[{"width":799,"height":533,"url":"https:\/\/www.manaus.am.gov.br\/semasc\/wp-content\/uploads\/sites\/17\/2023\/05\/52909914785_2d16e2dfd8_c.jpg","type":"image\/jpeg"}],"author":"Adriana Costa","twitter_card":"summary_large_image","twitter_misc":{"Written by":"Adriana Costa","Est. reading time":"5 minutos"},"schema":{"@context":"https:\/\/schema.org","@graph":[{"@type":"Article","@id":"https:\/\/www.manaus.am.gov.br\/semasc\/prefeitura-de-manaus-da-inicio-a-operacao-cheia-2023\/#article","isPartOf":{"@id":"https:\/\/www.manaus.am.gov.br\/semasc\/prefeitura-de-manaus-da-inicio-a-operacao-cheia-2023\/"},"author":{"name":"Adriana Costa","@id":"https:\/\/www.manaus.am.gov.br\/semasc\/#\/schema\/person\/4e49f4e267757a06ca072ec61b2b9968"},"headline":"Prefeitura de Manaus d\u00e1 in\u00edcio \u00e0 opera\u00e7\u00e3o &#8216;Cheia 2023\u2019","datePublished":"2023-05-19T17:20:01+00:00","dateModified":"2023-05-30T14:24:05+00:00","mainEntityOfPage":{"@id":"https:\/\/www.manaus.am.gov.br\/semasc\/prefeitura-de-manaus-da-inicio-a-operacao-cheia-2023\/"},"wordCount":898,"publisher":{"@id":"https:\/\/www.manaus.am.gov.br\/semasc\/#organization"},"image":{"@id":"https:\/\/www.manaus.am.gov.br\/semasc\/prefeitura-de-manaus-da-inicio-a-operacao-cheia-2023\/#primaryimage"},"thumbnailUrl":"https:\/\/www.manaus.am.gov.br\/semasc\/wp-content\/uploads\/sites\/17\/2023\/05\/52909914785_2d16e2dfd8_c.jpg","keywords":["an\u00fancio","CCC","opera\u00e7\u00e3o Cheia 2023","pontes","prefeitura de manaus"],"articleSection":["Preven\u00e7\u00e3o"],"inLanguage":"pt-BR"},{"@type":"WebPage","@id":"https:\/\/www.manaus.am.gov.br\/semasc\/prefeitura-de-manaus-da-inicio-a-operacao-cheia-2023\/","url":"https:\/\/www.manaus.am.gov.br\/semasc\/prefeitura-de-manaus-da-inicio-a-operacao-cheia-2023\/","name":"Prefeitura de Manaus d\u00e1 in\u00edcio \u00e0 opera\u00e7\u00e3o 'Cheia 2023\u2019","isPartOf":{"@id":"https:\/\/www.manaus.am.gov.br\/semasc\/#website"},"primaryImageOfPage":{"@id":"https:\/\/www.manaus.am.gov.br\/semasc\/prefeitura-de-manaus-da-inicio-a-operacao-cheia-2023\/#primaryimage"},"image":{"@id":"https:\/\/www.manaus.am.gov.br\/semasc\/prefeitura-de-manaus-da-inicio-a-operacao-cheia-2023\/#primaryimage"},"thumbnailUrl":"https:\/\/www.manaus.am.gov.br\/semasc\/wp-content\/uploads\/sites\/17\/2023\/05\/52909914785_2d16e2dfd8_c.jpg","datePublished":"2023-05-19T17:20:01+00:00","dateModified":"2023-05-30T14:24:05+00:00","description":"A Prefeitura de Manaus, por meio da Secretaria Municipal de Seguran\u00e7a P\u00fablica e Defesa Social (Semseg), realizou, na manh\u00e3 desta sexta-feira, 19\/5, o lan\u00e7amento oficial da opera\u00e7\u00e3o \"Cheia 2023\", com o objetivo de minimizar o preju\u00edzo material e socioecon\u00f4mico ocasionado pela alta do rio Negro, cujo n\u00edvel, no munic\u00edpio, j\u00e1 atingiu a cota de inunda\u00e7\u00e3o ao passar da marca dos 27,50 metros.","breadcrumb":{"@id":"https:\/\/www.manaus.am.gov.br\/semasc\/prefeitura-de-manaus-da-inicio-a-operacao-cheia-2023\/#breadcrumb"},"inLanguage":"pt-BR","potentialAction":[{"@type":"ReadAction","target":["https:\/\/www.manaus.am.gov.br\/semasc\/prefeitura-de-manaus-da-inicio-a-operacao-cheia-2023\/"]}]},{"@type":"ImageObject","inLanguage":"pt-BR","@id":"https:\/\/www.manaus.am.gov.br\/semasc\/prefeitura-de-manaus-da-inicio-a-operacao-cheia-2023\/#primaryimage","url":"https:\/\/www.manaus.am.gov.br\/semasc\/wp-content\/uploads\/sites\/17\/2023\/05\/52909914785_2d16e2dfd8_c.jpg","contentUrl":"https:\/\/www.manaus.am.gov.br\/semasc\/wp-content\/uploads\/sites\/17\/2023\/05\/52909914785_2d16e2dfd8_c.jpg","width":799,"height":533},{"@type":"BreadcrumbList","@id":"https:\/\/www.manaus.am.gov.br\/semasc\/prefeitura-de-manaus-da-inicio-a-operacao-cheia-2023\/#breadcrumb","itemListElement":[{"@type":"ListItem","position":1,"name":"Home","item":"https:\/\/www.manaus.am.gov.br\/semasc\/"},{"@type":"ListItem","position":2,"name":"Prefeitura de Manaus d\u00e1 in\u00edcio \u00e0 opera\u00e7\u00e3o &#8216;Cheia 2023\u2019"}]},{"@type":"WebSite","@id":"https:\/\/www.manaus.am.gov.br\/semasc\/#website","url":"https:\/\/www.manaus.am.gov.br\/semasc\/","name":"SEMASC","description":"Secretaria Municipal da Mulher, Assist\u00eancia Social e Cidadania.","publisher":{"@id":"https:\/\/www.manaus.am.gov.br\/semasc\/#organization"},"alternateName":"Secretaria Municipal da Mulher, Assist\u00eancia Social e Cidadania","potentialAction":[{"@type":"SearchAction","target":{"@type":"EntryPoint","urlTemplate":"https:\/\/www.manaus.am.gov.br\/semasc\/?s={search_term_string}"},"query-input":"required name=search_term_string"}],"inLanguage":"pt-BR"},{"@type":"Organization","@id":"https:\/\/www.manaus.am.gov.br\/semasc\/#organization","name":"Prefeitura de Manaus","alternateName":"Prefeitura Municipal de Manaus","url":"https:\/\/www.manaus.am.gov.br\/semasc\/","logo":{"@type":"ImageObject","inLanguage":"pt-BR","@id":"https:\/\/www.manaus.am.gov.br\/semasc\/#\/schema\/logo\/image\/","url":"https:\/\/www.manaus.am.gov.br\/semasc\/wp-content\/uploads\/sites\/17\/2024\/07\/favicon.png","contentUrl":"https:\/\/www.manaus.am.gov.br\/semasc\/wp-content\/uploads\/sites\/17\/2024\/07\/favicon.png","width":300,"height":300,"caption":"Prefeitura de Manaus"},"image":{"@id":"https:\/\/www.manaus.am.gov.br\/semasc\/#\/schema\/logo\/image\/"},"sameAs":["https:\/\/www.facebook.com\/semascmanaus","https:\/\/www.instagram.com\/semascmanaus\/"]},{"@type":"Person","@id":"https:\/\/www.manaus.am.gov.br\/semasc\/#\/schema\/person\/4e49f4e267757a06ca072ec61b2b9968","name":"Adriana Costa","image":{"@type":"ImageObject","inLanguage":"pt-BR","@id":"https:\/\/www.manaus.am.gov.br\/semasc\/#\/schema\/person\/image\/","url":"https:\/\/secure.gravatar.com\/avatar\/576258617ef7194f718179e766d57bd4?s=96&d=mm&r=g","contentUrl":"https:\/\/secure.gravatar.com\/avatar\/576258617ef7194f718179e766d57bd4?s=96&d=mm&r=g","caption":"Adriana Costa"}}]}},"_links":{"self":[{"href":"https:\/\/www.manaus.am.gov.br\/semasc\/wp-json\/wp\/v2\/posts\/207609"}],"collection":[{"href":"https:\/\/www.manaus.am.gov.br\/semasc\/wp-json\/wp\/v2\/posts"}],"about":[{"href":"https:\/\/www.manaus.am.gov.br\/semasc\/wp-json\/wp\/v2\/types\/post"}],"author":[{"embeddable":true,"href":"https:\/\/www.manaus.am.gov.br\/semasc\/wp-json\/wp\/v2\/users\/23"}],"replies":[{"embeddable":true,"href":"https:\/\/www.manaus.am.gov.br\/semasc\/wp-json\/wp\/v2\/comments?post=207609"}],"version-history":[{"count":2,"href":"https:\/\/www.manaus.am.gov.br\/semasc\/wp-json\/wp\/v2\/posts\/207609\/revisions"}],"predecessor-version":[{"id":207653,"href":"https:\/\/www.manaus.am.gov.br\/semasc\/wp-json\/wp\/v2\/posts\/207609\/revisions\/207653"}],"wp:featuredmedia":[{"embeddable":true,"href":"https:\/\/www.manaus.am.gov.br\/semasc\/wp-json\/wp\/v2\/media\/207610"}],"wp:attachment":[{"href":"https:\/\/www.manaus.am.gov.br\/semasc\/wp-json\/wp\/v2\/media?parent=207609"}],"wp:term":[{"taxonomy":"category","embeddable":true,"href":"https:\/\/www.manaus.am.gov.br\/semasc\/wp-json\/wp\/v2\/categories?post=207609"},{"taxonomy":"post_tag","embeddable":true,"href":"https:\/\/www.manaus.am.gov.br\/semasc\/wp-json\/wp\/v2\/tags?post=207609"}],"curies":[{"name":"wp","href":"https:\/\/api.w.org\/{rel}","templated":true}]}}