{"id":207604,"date":"2023-05-17T19:51:13","date_gmt":"2023-05-17T23:51:13","guid":{"rendered":"https:\/\/www.manaus.am.gov.br\/semasc\/prefeitura-de-manaus-realiza-feira-de-oportunidades-para-fortalecer-combate-a-lgbtfobia\/"},"modified":"2023-05-17T19:51:14","modified_gmt":"2023-05-17T23:51:14","slug":"prefeitura-de-manaus-realiza-feira-de-oportunidades-para-fortalecer-combate-a-lgbtfobia","status":"publish","type":"post","link":"https:\/\/www.manaus.am.gov.br\/semasc\/prefeitura-de-manaus-realiza-feira-de-oportunidades-para-fortalecer-combate-a-lgbtfobia\/","title":{"rendered":"<strong>Prefeitura de Manaus realiza feira de oportunidades para fortalecer combate \u00e0 LGBTfobia<\/strong>"},"content":{"rendered":"\n<p>Em celebra\u00e7\u00e3o ao Dia Internacional Contra a LGBTfobia, a Prefeitura de Manaus, por meio da Secretaria Municipal da Mulher, Assist\u00eancia Social e Cidadania (Semasc), realizou, nesta quarta-feira, 17\/5, a 1\u00aa Feira de Oportunidades LGBTI+, no Centro Social Urbano (CSU) do Parque 10, no bairro Parque 10 de Novembro, zona Centro-Sul.<\/p>\n\n\n\n<p>A feira contou com comercializa\u00e7\u00e3o de produtos diversos no anfiteatro do centro social, apresenta\u00e7\u00f5es culturais e rodas de conversa, al\u00e9m da realiza\u00e7\u00e3o de um torneio de queimada com a participa\u00e7\u00e3o da Liga Gay de Queimada do Amazonas.<\/p>\n\n\n\n<p>De acordo com a gerente de Promo\u00e7\u00e3o e Defesa dos Direitos Relativos \u00e0 Livre Orienta\u00e7\u00e3o Sexual da Subsecretaria de Pol\u00edticas Afirmativas para Mulheres e Direitos Humanos, Joyce Gomes, o evento marca um momento muito especial para toda a comunidade LGBTI+ manauara, al\u00e9m de destacar o papel da gest\u00e3o municipal na prote\u00e7\u00e3o social desse p\u00fablico.<\/p>\n\n\n\n<p>&#8220;Esse \u00e9 um momento em que a Prefeitura de Manaus reafirma seu compromisso em combater todas e quaisquer formas de viol\u00eancia, pois sabemos que uma das maneiras de se romper com um ciclo de viol\u00eancia \u00e9 justamente dando autonomia a essas pessoas, o que s\u00f3 \u00e9 poss\u00edvel possuindo um trabalho, uma renda pr\u00f3pria. Organizar e participar de um evento como este \u00e9 externar que os membros da comunidade LGBTI+ s\u00e3o muito mais do que estere\u00f3tipos preconceituosos insistem em querer retratar, al\u00e9m de oportunizar uma melhor qualidade de vida a todos&#8221;, explicou.<\/p>\n\n\n\n<p>Rafaela Prata e outras colegas volunt\u00e1rias da Associa\u00e7\u00e3o de Travestis, Transexuais e Transg\u00eaneros do Amazonas (Assotram) participaram do evento vendendo bolos caseiros de diversos sabores a fim de arrecadar fundos para a organiza\u00e7\u00e3o. Para Rafaela, a visibilidade e o acolhimento oferecidos no espa\u00e7o s\u00e3o essenciais na luta por uma sociedade melhor e mais inclusiva.<\/p>\n\n\n\n<p>&#8220;\u00c9 muito importante para n\u00f3s, LGBTs e, principalmente, mulheres transsexuais, essa inser\u00e7\u00e3o no mercado de trabalho e essa visibilidade para os pequenos trabalhos que j\u00e1 fazemos. \u00c9 muito gratificante poder mostrar para a popula\u00e7\u00e3o o que fazemos e mostrar quem somos&#8221;, concluiu.<\/p>\n\n\n\n<p>Al\u00e9m das barracas de com\u00e9rcio, tamb\u00e9m estiveram presentes na feira, tendas do Centro de Refer\u00eancia dos Direitos da Mulher (CRDM), do Fundo de Popula\u00e7\u00e3o das Na\u00e7\u00f5es Unidas (UNFPA) e do Alto Comissariado das Na\u00e7\u00f5es Unidas para Refugiados (Acnur), atuando na distribui\u00e7\u00e3o de material informativo e orienta\u00e7\u00f5es quanto a formas de preven\u00e7\u00e3o e enfrentamento \u00e0 viol\u00eancia baseada em g\u00eanero.<\/p>\n\n\n\n<p>&#8212; &#8212; &#8212;<\/p>\n\n\n\n<p><strong>Texto<\/strong>&nbsp;&#8211; Guilherme Ara\u00fajo Pacheco \/ Semasc<\/p>\n\n\n\n<p><strong>Fotos<\/strong>&nbsp;&#8211; Marcely Gomes \/ Semasc<\/p>\n\n\n\n<p>Dispon\u00edveis em &#8211;&nbsp;<a href=\"https:\/\/we.tl\/t-CAvCIXEW76\" target=\"_blank\" rel=\"noreferrer noopener\">https:\/\/we.tl\/t-CAvCIXEW76<\/a>.<\/p>\n","protected":false},"excerpt":{"rendered":"","protected":false},"author":31,"featured_media":207605,"comment_status":"closed","ping_status":"closed","sticky":false,"template":"","format":"standard","meta":{"footnotes":""},"categories":[20],"tags":[21,22,23],"acf":[],"yoast_head":"<!-- This site is optimized with the Yoast SEO plugin v23.0 - https:\/\/yoast.com\/wordpress\/plugins\/seo\/ -->\n<title>Prefeitura de Manaus realiza feira de oportunidades para fortalecer combate \u00e0 LGBTfobia - SEMASC<\/title>\n<meta name=\"robots\" content=\"noindex, follow\" \/>\n<meta property=\"og:locale\" content=\"pt_BR\" \/>\n<meta property=\"og:type\" content=\"article\" \/>\n<meta property=\"og:title\" content=\"Prefeitura de Manaus realiza feira de oportunidades para fortalecer combate \u00e0 LGBTfobia - SEMASC\" \/>\n<meta property=\"og:url\" content=\"https:\/\/www.manaus.am.gov.br\/semasc\/prefeitura-de-manaus-realiza-feira-de-oportunidades-para-fortalecer-combate-a-lgbtfobia\/\" \/>\n<meta property=\"og:site_name\" content=\"SEMASC\" \/>\n<meta property=\"article:publisher\" content=\"https:\/\/www.facebook.com\/semascmanaus\" \/>\n<meta property=\"article:published_time\" content=\"2023-05-17T23:51:13+00:00\" \/>\n<meta property=\"article:modified_time\" content=\"2023-05-17T23:51:14+00:00\" \/>\n<meta property=\"og:image\" content=\"https:\/\/www.manaus.am.gov.br\/semasc\/wp-content\/uploads\/sites\/17\/2023\/05\/20230517151033_IMG_3525-scaled.jpg\" \/>\n\t<meta property=\"og:image:width\" content=\"2560\" \/>\n\t<meta property=\"og:image:height\" content=\"1707\" \/>\n\t<meta property=\"og:image:type\" content=\"image\/jpeg\" \/>\n<meta name=\"author\" content=\"Renata Felix\" \/>\n<meta name=\"twitter:card\" content=\"summary_large_image\" \/>\n<meta name=\"twitter:label1\" content=\"Written by\" \/>\n\t<meta name=\"twitter:data1\" content=\"Renata Felix\" \/>\n\t<meta name=\"twitter:label2\" content=\"Est. reading time\" \/>\n\t<meta name=\"twitter:data2\" content=\"3 minutos\" \/>\n<script type=\"application\/ld+json\" class=\"yoast-schema-graph\">{\"@context\":\"https:\/\/schema.org\",\"@graph\":[{\"@type\":\"Article\",\"@id\":\"https:\/\/www.manaus.am.gov.br\/semasc\/prefeitura-de-manaus-realiza-feira-de-oportunidades-para-fortalecer-combate-a-lgbtfobia\/#article\",\"isPartOf\":{\"@id\":\"https:\/\/www.manaus.am.gov.br\/semasc\/prefeitura-de-manaus-realiza-feira-de-oportunidades-para-fortalecer-combate-a-lgbtfobia\/\"},\"author\":{\"name\":\"Renata Felix\",\"@id\":\"https:\/\/www.manaus.am.gov.br\/semasc\/#\/schema\/person\/4eea2a8f78dc853097abb026f728aa06\"},\"headline\":\"Prefeitura de Manaus realiza feira de oportunidades para fortalecer combate \u00e0 LGBTfobia\",\"datePublished\":\"2023-05-17T23:51:13+00:00\",\"dateModified\":\"2023-05-17T23:51:14+00:00\",\"mainEntityOfPage\":{\"@id\":\"https:\/\/www.manaus.am.gov.br\/semasc\/prefeitura-de-manaus-realiza-feira-de-oportunidades-para-fortalecer-combate-a-lgbtfobia\/\"},\"wordCount\":453,\"publisher\":{\"@id\":\"https:\/\/www.manaus.am.gov.br\/semasc\/#organization\"},\"image\":{\"@id\":\"https:\/\/www.manaus.am.gov.br\/semasc\/prefeitura-de-manaus-realiza-feira-de-oportunidades-para-fortalecer-combate-a-lgbtfobia\/#primaryimage\"},\"thumbnailUrl\":\"https:\/\/www.manaus.am.gov.br\/semasc\/wp-content\/uploads\/sites\/17\/2023\/05\/20230517151033_IMG_3525-scaled.jpg\",\"keywords\":[\"CSU Parque 10\",\"Dia Internacional Contra a LGBTfobia\",\"feira de oportunidades LGBTI+\"],\"articleSection\":[\"Diversidade\"],\"inLanguage\":\"pt-BR\"},{\"@type\":\"WebPage\",\"@id\":\"https:\/\/www.manaus.am.gov.br\/semasc\/prefeitura-de-manaus-realiza-feira-de-oportunidades-para-fortalecer-combate-a-lgbtfobia\/\",\"url\":\"https:\/\/www.manaus.am.gov.br\/semasc\/prefeitura-de-manaus-realiza-feira-de-oportunidades-para-fortalecer-combate-a-lgbtfobia\/\",\"name\":\"Prefeitura de Manaus realiza feira de oportunidades para fortalecer combate \u00e0 LGBTfobia - SEMASC\",\"isPartOf\":{\"@id\":\"https:\/\/www.manaus.am.gov.br\/semasc\/#website\"},\"primaryImageOfPage\":{\"@id\":\"https:\/\/www.manaus.am.gov.br\/semasc\/prefeitura-de-manaus-realiza-feira-de-oportunidades-para-fortalecer-combate-a-lgbtfobia\/#primaryimage\"},\"image\":{\"@id\":\"https:\/\/www.manaus.am.gov.br\/semasc\/prefeitura-de-manaus-realiza-feira-de-oportunidades-para-fortalecer-combate-a-lgbtfobia\/#primaryimage\"},\"thumbnailUrl\":\"https:\/\/www.manaus.am.gov.br\/semasc\/wp-content\/uploads\/sites\/17\/2023\/05\/20230517151033_IMG_3525-scaled.jpg\",\"datePublished\":\"2023-05-17T23:51:13+00:00\",\"dateModified\":\"2023-05-17T23:51:14+00:00\",\"breadcrumb\":{\"@id\":\"https:\/\/www.manaus.am.gov.br\/semasc\/prefeitura-de-manaus-realiza-feira-de-oportunidades-para-fortalecer-combate-a-lgbtfobia\/#breadcrumb\"},\"inLanguage\":\"pt-BR\",\"potentialAction\":[{\"@type\":\"ReadAction\",\"target\":[\"https:\/\/www.manaus.am.gov.br\/semasc\/prefeitura-de-manaus-realiza-feira-de-oportunidades-para-fortalecer-combate-a-lgbtfobia\/\"]}]},{\"@type\":\"ImageObject\",\"inLanguage\":\"pt-BR\",\"@id\":\"https:\/\/www.manaus.am.gov.br\/semasc\/prefeitura-de-manaus-realiza-feira-de-oportunidades-para-fortalecer-combate-a-lgbtfobia\/#primaryimage\",\"url\":\"https:\/\/www.manaus.am.gov.br\/semasc\/wp-content\/uploads\/sites\/17\/2023\/05\/20230517151033_IMG_3525-scaled.jpg\",\"contentUrl\":\"https:\/\/www.manaus.am.gov.br\/semasc\/wp-content\/uploads\/sites\/17\/2023\/05\/20230517151033_IMG_3525-scaled.jpg\",\"width\":2560,\"height\":1707},{\"@type\":\"BreadcrumbList\",\"@id\":\"https:\/\/www.manaus.am.gov.br\/semasc\/prefeitura-de-manaus-realiza-feira-de-oportunidades-para-fortalecer-combate-a-lgbtfobia\/#breadcrumb\",\"itemListElement\":[{\"@type\":\"ListItem\",\"position\":1,\"name\":\"Home\",\"item\":\"https:\/\/www.manaus.am.gov.br\/semasc\/\"},{\"@type\":\"ListItem\",\"position\":2,\"name\":\"Prefeitura de Manaus realiza feira de oportunidades para fortalecer combate \u00e0 LGBTfobia\"}]},{\"@type\":\"WebSite\",\"@id\":\"https:\/\/www.manaus.am.gov.br\/semasc\/#website\",\"url\":\"https:\/\/www.manaus.am.gov.br\/semasc\/\",\"name\":\"SEMASC\",\"description\":\"Secretaria Municipal da Mulher, Assist\u00eancia Social e Cidadania.\",\"publisher\":{\"@id\":\"https:\/\/www.manaus.am.gov.br\/semasc\/#organization\"},\"alternateName\":\"Secretaria Municipal da Mulher, Assist\u00eancia Social e Cidadania\",\"potentialAction\":[{\"@type\":\"SearchAction\",\"target\":{\"@type\":\"EntryPoint\",\"urlTemplate\":\"https:\/\/www.manaus.am.gov.br\/semasc\/?s={search_term_string}\"},\"query-input\":\"required name=search_term_string\"}],\"inLanguage\":\"pt-BR\"},{\"@type\":\"Organization\",\"@id\":\"https:\/\/www.manaus.am.gov.br\/semasc\/#organization\",\"name\":\"Prefeitura de Manaus\",\"alternateName\":\"Prefeitura Municipal de Manaus\",\"url\":\"https:\/\/www.manaus.am.gov.br\/semasc\/\",\"logo\":{\"@type\":\"ImageObject\",\"inLanguage\":\"pt-BR\",\"@id\":\"https:\/\/www.manaus.am.gov.br\/semasc\/#\/schema\/logo\/image\/\",\"url\":\"https:\/\/www.manaus.am.gov.br\/semasc\/wp-content\/uploads\/sites\/17\/2024\/07\/favicon.png\",\"contentUrl\":\"https:\/\/www.manaus.am.gov.br\/semasc\/wp-content\/uploads\/sites\/17\/2024\/07\/favicon.png\",\"width\":300,\"height\":300,\"caption\":\"Prefeitura de Manaus\"},\"image\":{\"@id\":\"https:\/\/www.manaus.am.gov.br\/semasc\/#\/schema\/logo\/image\/\"},\"sameAs\":[\"https:\/\/www.facebook.com\/semascmanaus\",\"https:\/\/www.instagram.com\/semascmanaus\/\"]},{\"@type\":\"Person\",\"@id\":\"https:\/\/www.manaus.am.gov.br\/semasc\/#\/schema\/person\/4eea2a8f78dc853097abb026f728aa06\",\"name\":\"Renata Felix\",\"image\":{\"@type\":\"ImageObject\",\"inLanguage\":\"pt-BR\",\"@id\":\"https:\/\/www.manaus.am.gov.br\/semasc\/#\/schema\/person\/image\/\",\"url\":\"https:\/\/secure.gravatar.com\/avatar\/3c196cf9d3b837b24c8edb2c50fd8f29?s=96&d=mm&r=g\",\"contentUrl\":\"https:\/\/secure.gravatar.com\/avatar\/3c196cf9d3b837b24c8edb2c50fd8f29?s=96&d=mm&r=g\",\"caption\":\"Renata Felix\"}}]}<\/script>\n<!-- \/ Yoast SEO plugin. -->","yoast_head_json":{"title":"Prefeitura de Manaus realiza feira de oportunidades para fortalecer combate \u00e0 LGBTfobia - SEMASC","robots":{"index":"noindex","follow":"follow"},"og_locale":"pt_BR","og_type":"article","og_title":"Prefeitura de Manaus realiza feira de oportunidades para fortalecer combate \u00e0 LGBTfobia - SEMASC","og_url":"https:\/\/www.manaus.am.gov.br\/semasc\/prefeitura-de-manaus-realiza-feira-de-oportunidades-para-fortalecer-combate-a-lgbtfobia\/","og_site_name":"SEMASC","article_publisher":"https:\/\/www.facebook.com\/semascmanaus","article_published_time":"2023-05-17T23:51:13+00:00","article_modified_time":"2023-05-17T23:51:14+00:00","og_image":[{"width":2560,"height":1707,"url":"https:\/\/www.manaus.am.gov.br\/semasc\/wp-content\/uploads\/sites\/17\/2023\/05\/20230517151033_IMG_3525-scaled.jpg","type":"image\/jpeg"}],"author":"Renata Felix","twitter_card":"summary_large_image","twitter_misc":{"Written by":"Renata Felix","Est. reading time":"3 minutos"},"schema":{"@context":"https:\/\/schema.org","@graph":[{"@type":"Article","@id":"https:\/\/www.manaus.am.gov.br\/semasc\/prefeitura-de-manaus-realiza-feira-de-oportunidades-para-fortalecer-combate-a-lgbtfobia\/#article","isPartOf":{"@id":"https:\/\/www.manaus.am.gov.br\/semasc\/prefeitura-de-manaus-realiza-feira-de-oportunidades-para-fortalecer-combate-a-lgbtfobia\/"},"author":{"name":"Renata Felix","@id":"https:\/\/www.manaus.am.gov.br\/semasc\/#\/schema\/person\/4eea2a8f78dc853097abb026f728aa06"},"headline":"Prefeitura de Manaus realiza feira de oportunidades para fortalecer combate \u00e0 LGBTfobia","datePublished":"2023-05-17T23:51:13+00:00","dateModified":"2023-05-17T23:51:14+00:00","mainEntityOfPage":{"@id":"https:\/\/www.manaus.am.gov.br\/semasc\/prefeitura-de-manaus-realiza-feira-de-oportunidades-para-fortalecer-combate-a-lgbtfobia\/"},"wordCount":453,"publisher":{"@id":"https:\/\/www.manaus.am.gov.br\/semasc\/#organization"},"image":{"@id":"https:\/\/www.manaus.am.gov.br\/semasc\/prefeitura-de-manaus-realiza-feira-de-oportunidades-para-fortalecer-combate-a-lgbtfobia\/#primaryimage"},"thumbnailUrl":"https:\/\/www.manaus.am.gov.br\/semasc\/wp-content\/uploads\/sites\/17\/2023\/05\/20230517151033_IMG_3525-scaled.jpg","keywords":["CSU Parque 10","Dia Internacional Contra a LGBTfobia","feira de oportunidades LGBTI+"],"articleSection":["Diversidade"],"inLanguage":"pt-BR"},{"@type":"WebPage","@id":"https:\/\/www.manaus.am.gov.br\/semasc\/prefeitura-de-manaus-realiza-feira-de-oportunidades-para-fortalecer-combate-a-lgbtfobia\/","url":"https:\/\/www.manaus.am.gov.br\/semasc\/prefeitura-de-manaus-realiza-feira-de-oportunidades-para-fortalecer-combate-a-lgbtfobia\/","name":"Prefeitura de Manaus realiza feira de oportunidades para fortalecer combate \u00e0 LGBTfobia - SEMASC","isPartOf":{"@id":"https:\/\/www.manaus.am.gov.br\/semasc\/#website"},"primaryImageOfPage":{"@id":"https:\/\/www.manaus.am.gov.br\/semasc\/prefeitura-de-manaus-realiza-feira-de-oportunidades-para-fortalecer-combate-a-lgbtfobia\/#primaryimage"},"image":{"@id":"https:\/\/www.manaus.am.gov.br\/semasc\/prefeitura-de-manaus-realiza-feira-de-oportunidades-para-fortalecer-combate-a-lgbtfobia\/#primaryimage"},"thumbnailUrl":"https:\/\/www.manaus.am.gov.br\/semasc\/wp-content\/uploads\/sites\/17\/2023\/05\/20230517151033_IMG_3525-scaled.jpg","datePublished":"2023-05-17T23:51:13+00:00","dateModified":"2023-05-17T23:51:14+00:00","breadcrumb":{"@id":"https:\/\/www.manaus.am.gov.br\/semasc\/prefeitura-de-manaus-realiza-feira-de-oportunidades-para-fortalecer-combate-a-lgbtfobia\/#breadcrumb"},"inLanguage":"pt-BR","potentialAction":[{"@type":"ReadAction","target":["https:\/\/www.manaus.am.gov.br\/semasc\/prefeitura-de-manaus-realiza-feira-de-oportunidades-para-fortalecer-combate-a-lgbtfobia\/"]}]},{"@type":"ImageObject","inLanguage":"pt-BR","@id":"https:\/\/www.manaus.am.gov.br\/semasc\/prefeitura-de-manaus-realiza-feira-de-oportunidades-para-fortalecer-combate-a-lgbtfobia\/#primaryimage","url":"https:\/\/www.manaus.am.gov.br\/semasc\/wp-content\/uploads\/sites\/17\/2023\/05\/20230517151033_IMG_3525-scaled.jpg","contentUrl":"https:\/\/www.manaus.am.gov.br\/semasc\/wp-content\/uploads\/sites\/17\/2023\/05\/20230517151033_IMG_3525-scaled.jpg","width":2560,"height":1707},{"@type":"BreadcrumbList","@id":"https:\/\/www.manaus.am.gov.br\/semasc\/prefeitura-de-manaus-realiza-feira-de-oportunidades-para-fortalecer-combate-a-lgbtfobia\/#breadcrumb","itemListElement":[{"@type":"ListItem","position":1,"name":"Home","item":"https:\/\/www.manaus.am.gov.br\/semasc\/"},{"@type":"ListItem","position":2,"name":"Prefeitura de Manaus realiza feira de oportunidades para fortalecer combate \u00e0 LGBTfobia"}]},{"@type":"WebSite","@id":"https:\/\/www.manaus.am.gov.br\/semasc\/#website","url":"https:\/\/www.manaus.am.gov.br\/semasc\/","name":"SEMASC","description":"Secretaria Municipal da Mulher, Assist\u00eancia Social e Cidadania.","publisher":{"@id":"https:\/\/www.manaus.am.gov.br\/semasc\/#organization"},"alternateName":"Secretaria Municipal da Mulher, Assist\u00eancia Social e Cidadania","potentialAction":[{"@type":"SearchAction","target":{"@type":"EntryPoint","urlTemplate":"https:\/\/www.manaus.am.gov.br\/semasc\/?s={search_term_string}"},"query-input":"required name=search_term_string"}],"inLanguage":"pt-BR"},{"@type":"Organization","@id":"https:\/\/www.manaus.am.gov.br\/semasc\/#organization","name":"Prefeitura de Manaus","alternateName":"Prefeitura Municipal de Manaus","url":"https:\/\/www.manaus.am.gov.br\/semasc\/","logo":{"@type":"ImageObject","inLanguage":"pt-BR","@id":"https:\/\/www.manaus.am.gov.br\/semasc\/#\/schema\/logo\/image\/","url":"https:\/\/www.manaus.am.gov.br\/semasc\/wp-content\/uploads\/sites\/17\/2024\/07\/favicon.png","contentUrl":"https:\/\/www.manaus.am.gov.br\/semasc\/wp-content\/uploads\/sites\/17\/2024\/07\/favicon.png","width":300,"height":300,"caption":"Prefeitura de Manaus"},"image":{"@id":"https:\/\/www.manaus.am.gov.br\/semasc\/#\/schema\/logo\/image\/"},"sameAs":["https:\/\/www.facebook.com\/semascmanaus","https:\/\/www.instagram.com\/semascmanaus\/"]},{"@type":"Person","@id":"https:\/\/www.manaus.am.gov.br\/semasc\/#\/schema\/person\/4eea2a8f78dc853097abb026f728aa06","name":"Renata Felix","image":{"@type":"ImageObject","inLanguage":"pt-BR","@id":"https:\/\/www.manaus.am.gov.br\/semasc\/#\/schema\/person\/image\/","url":"https:\/\/secure.gravatar.com\/avatar\/3c196cf9d3b837b24c8edb2c50fd8f29?s=96&d=mm&r=g","contentUrl":"https:\/\/secure.gravatar.com\/avatar\/3c196cf9d3b837b24c8edb2c50fd8f29?s=96&d=mm&r=g","caption":"Renata Felix"}}]}},"_links":{"self":[{"href":"https:\/\/www.manaus.am.gov.br\/semasc\/wp-json\/wp\/v2\/posts\/207604"}],"collection":[{"href":"https:\/\/www.manaus.am.gov.br\/semasc\/wp-json\/wp\/v2\/posts"}],"about":[{"href":"https:\/\/www.manaus.am.gov.br\/semasc\/wp-json\/wp\/v2\/types\/post"}],"author":[{"embeddable":true,"href":"https:\/\/www.manaus.am.gov.br\/semasc\/wp-json\/wp\/v2\/users\/31"}],"replies":[{"embeddable":true,"href":"https:\/\/www.manaus.am.gov.br\/semasc\/wp-json\/wp\/v2\/comments?post=207604"}],"version-history":[{"count":0,"href":"https:\/\/www.manaus.am.gov.br\/semasc\/wp-json\/wp\/v2\/posts\/207604\/revisions"}],"wp:featuredmedia":[{"embeddable":true,"href":"https:\/\/www.manaus.am.gov.br\/semasc\/wp-json\/wp\/v2\/media\/207605"}],"wp:attachment":[{"href":"https:\/\/www.manaus.am.gov.br\/semasc\/wp-json\/wp\/v2\/media?parent=207604"}],"wp:term":[{"taxonomy":"category","embeddable":true,"href":"https:\/\/www.manaus.am.gov.br\/semasc\/wp-json\/wp\/v2\/categories?post=207604"},{"taxonomy":"post_tag","embeddable":true,"href":"https:\/\/www.manaus.am.gov.br\/semasc\/wp-json\/wp\/v2\/tags?post=207604"}],"curies":[{"name":"wp","href":"https:\/\/api.w.org\/{rel}","templated":true}]}}