{"id":207602,"date":"2023-05-16T18:38:49","date_gmt":"2023-05-16T22:38:49","guid":{"rendered":"https:\/\/www.manaus.am.gov.br\/semasc\/membros-do-comite-de-erradicacao-ao-sub-registro-civil-tomam-posse-nesta-terca-feira\/"},"modified":"2023-05-16T18:38:51","modified_gmt":"2023-05-16T22:38:51","slug":"membros-do-comite-de-erradicacao-ao-sub-registro-civil-tomam-posse-nesta-terca-feira","status":"publish","type":"post","link":"https:\/\/www.manaus.am.gov.br\/semasc\/membros-do-comite-de-erradicacao-ao-sub-registro-civil-tomam-posse-nesta-terca-feira\/","title":{"rendered":"<strong>Membros do comit\u00ea de erradica\u00e7\u00e3o ao sub-registro civil tomam posse nesta ter\u00e7a-feira<\/strong>"},"content":{"rendered":"\n<p>A Prefeitura de Manaus, por meio da Secretaria Municipal da Mulher, Assist\u00eancia Social e Cidadania (Semasc), realizou, nesta ter\u00e7a-feira, 16\/5, a solenidade de posse dos 16 membros do Comit\u00ea Gestor Municipal de Pol\u00edticas de Erradica\u00e7\u00e3o do Sub-Registro Civil de Nascimento e Amplia\u00e7\u00e3o do Acesso \u00e0 Documenta\u00e7\u00e3o B\u00e1sica, no audit\u00f3rio da sede da Defensoria P\u00fablica do Estado do Amazonas (DPE-AM), localizada na avenida Andr\u00e9 Ara\u00fajo, no bairro Aleixo, zona Centro-Sul da capital.<\/p>\n\n\n\n<p>Suspenso desde 2015 e reinstitu\u00eddo em setembro do ano passado, o comit\u00ea tem o objetivo de planejar, implementar, monitorar e avaliar a\u00e7\u00f5es com metas anuais, a fim de erradicar o sub-registro civil de nascimento no munic\u00edpio, fortalecer a orienta\u00e7\u00e3o sobre documenta\u00e7\u00e3o b\u00e1sica e mediar junto aos \u00f3rg\u00e3os respons\u00e1veis o acesso gratuito ao Registro Civil de Nascimento, ao Registro Geral (RG), ao Cadastro de Pessoa F\u00edsica (CPF) e \u00e0 Carteira de Trabalho e Previd\u00eancia Social (CTPS).<\/p>\n\n\n\n<p>&#8220;Nossa principal meta \u00e9 n\u00e3o deixar com que nenhuma crian\u00e7a com menos de um ano de idade deixe de ter ou permane\u00e7a sem registro civil, e para isso n\u00e3o mediremos esfor\u00e7os. \u00c9 justamente ao obter o registro civil em tempo h\u00e1bil, ap\u00f3s o nascimento, \u00e9 que o indiv\u00edduo passa a existir para o estado, passa a ser um cidad\u00e3o pleno, com nome e acesso a pol\u00edticas p\u00fablicas para a garantia de seus direitos&#8221;, explicou Gra\u00e7a Prola, subsecret\u00e1ria de Pol\u00edticas Afirmativas para Mulheres e Direitos Humanos e coordenadora do comit\u00ea.<\/p>\n\n\n\n<p>De car\u00e1ter intersetorial, o comit\u00ea conta com membros das Secretarias Municipais de Sa\u00fade (Semsa); de Educa\u00e7\u00e3o (Semed); do Trabalho, Empreendedorismo e Inova\u00e7\u00e3o (Semtepi); al\u00e9m da Associa\u00e7\u00e3o dos Registradores de Pessoas Naturais do Estado do Amazonas (Arpem); Defensoria P\u00fablica do Estado do Amazonas (DPE-AM); Ordem dos Advogados do Brasil, seccional Amazonas (OAB-AM); Secretaria de Estado de Justi\u00e7a, Direitos Humanos e Cidadania (Sejusc); e do Tribunal de Justi\u00e7a do Estado do Amazonas (TJAM).<\/p>\n\n\n\n<p>Com quase uma d\u00e9cada de carreira e h\u00e1 quatro atuando junto \u00e0 Vara de Registros P\u00fablicos da Comarca de Manaus, a defensora p\u00fablica Rosimeire Barbosa, rec\u00e9m-empossada como membro, destacou a import\u00e2ncia do comit\u00ea para o munic\u00edpio e agradeceu a oportunidade.<\/p>\n\n\n\n<p>&#8220;Poder trabalhar neste comit\u00ea \u00e9 poder buscar uma forma de preven\u00e7\u00e3o, uma forma de combate a esse problema do sub-registro, o que impacta diretamente a vida de milhares de pessoas, o que as formaliza juridicamente perante o mundo e lhes d\u00e1 acesso a seus direitos, uma gama de pol\u00edticas p\u00fablicas e outros benef\u00edcios sociais, ent\u00e3o me sinto muito grata por poder participar disso&#8221;, afirmou.<\/p>\n\n\n\n<p>Respons\u00e1vel T\u00e9cnica pelo Pr\u00e9-Natal na Divis\u00e3o de Aten\u00e7\u00e3o \u00e0 Sa\u00fade da Mulher, a enfermeira Gerda Coelho, empossada como membro suplente e representante da Semsa dentro do comit\u00ea, tamb\u00e9m ressaltou o sentimento de honra por fazer parte do \u00f3rg\u00e3o.<\/p>\n\n\n\n<p>&#8220;\u00c9 uma honra, um privil\u00e9gio e, acima de tudo, uma miss\u00e3o a ser cumprida por todos n\u00f3s, pois sabemos que sem o registro civil \u00e9 imposs\u00edvel um indiv\u00edduo exercer, de fato, a sua cidadania, isto \u00e9, gozar de todos os direitos a ele garantidos na constitui\u00e7\u00e3o. Enxergo na posi\u00e7\u00e3o de membro do Comit\u00ea, portanto, a possibilidade de ajudar aquelas pessoas que hoje se encontram \u00e0 margem da sociedade, alheias a todos os direitos que elas poderiam ter acesso se tivessem em m\u00e3os o seu registro civil&#8221;, concluiu.<\/p>\n\n\n\n<p>&#8212; &#8212; &#8212;<\/p>\n\n\n\n<p><strong>Texto &#8211;<\/strong> Guilherme Ara\u00fajo Pacheco \/ Semasc<\/p>\n\n\n\n<p><strong>Fotos &#8211;<\/strong> Marcely Gomes \/ Semasc<\/p>\n\n\n\n<p><strong>Dispon\u00edveis em &#8211;<\/strong> <a href=\"https:\/\/flic.kr\/s\/aHBqjAE1th\">https:\/\/flic.kr\/s\/aHBqjAE1th<\/a><\/p>\n","protected":false},"excerpt":{"rendered":"","protected":false},"author":39,"featured_media":207603,"comment_status":"closed","ping_status":"closed","sticky":false,"template":"","format":"standard","meta":{"footnotes":""},"categories":[15],"tags":[16,17,7,18,19],"acf":[],"yoast_head":"<!-- This site is optimized with the Yoast SEO plugin v23.0 - https:\/\/yoast.com\/wordpress\/plugins\/seo\/ -->\n<title>Membros do comit\u00ea de erradica\u00e7\u00e3o ao sub-registro civil tomam posse nesta ter\u00e7a-feira<\/title>\n<meta name=\"description\" content=\"A Prefeitura de Manaus, por meio da Semasc, realizou, nesta ter\u00e7a-feira, 16\/5, a solenidade de posse dos 16 membros do Comit\u00ea Gestor Municipal de Pol\u00edticas de Erradica\u00e7\u00e3o do Sub-Registro Civil de Nascimento e Amplia\u00e7\u00e3o do Acesso \u00e0 Documenta\u00e7\u00e3o B\u00e1sica.\" \/>\n<meta name=\"robots\" content=\"noindex, follow\" \/>\n<meta property=\"og:locale\" content=\"pt_BR\" \/>\n<meta property=\"og:type\" content=\"article\" \/>\n<meta property=\"og:title\" content=\"Membros do comit\u00ea de erradica\u00e7\u00e3o ao sub-registro civil tomam posse nesta ter\u00e7a-feira\" \/>\n<meta property=\"og:description\" content=\"A Prefeitura de Manaus, por meio da Semasc, realizou, nesta ter\u00e7a-feira, 16\/5, a solenidade de posse dos 16 membros do Comit\u00ea Gestor Municipal de Pol\u00edticas de Erradica\u00e7\u00e3o do Sub-Registro Civil de Nascimento e Amplia\u00e7\u00e3o do Acesso \u00e0 Documenta\u00e7\u00e3o B\u00e1sica.\" \/>\n<meta property=\"og:url\" content=\"https:\/\/www.manaus.am.gov.br\/semasc\/membros-do-comite-de-erradicacao-ao-sub-registro-civil-tomam-posse-nesta-terca-feira\/\" \/>\n<meta property=\"og:site_name\" content=\"SEMASC\" \/>\n<meta property=\"article:publisher\" content=\"https:\/\/www.facebook.com\/semascmanaus\" \/>\n<meta property=\"article:published_time\" content=\"2023-05-16T22:38:49+00:00\" \/>\n<meta property=\"article:modified_time\" content=\"2023-05-16T22:38:51+00:00\" \/>\n<meta property=\"og:image\" content=\"https:\/\/www.manaus.am.gov.br\/semasc\/wp-content\/uploads\/sites\/17\/2023\/05\/52902852747_8f130c066d_k.jpg\" \/>\n\t<meta property=\"og:image:width\" content=\"2048\" \/>\n\t<meta property=\"og:image:height\" content=\"1365\" \/>\n\t<meta property=\"og:image:type\" content=\"image\/jpeg\" \/>\n<meta name=\"author\" content=\"Bruna Greco\" \/>\n<meta name=\"twitter:card\" content=\"summary_large_image\" \/>\n<meta name=\"twitter:label1\" content=\"Written by\" \/>\n\t<meta name=\"twitter:data1\" content=\"Bruna Greco\" \/>\n\t<meta name=\"twitter:label2\" content=\"Est. reading time\" \/>\n\t<meta name=\"twitter:data2\" content=\"4 minutos\" \/>\n<script type=\"application\/ld+json\" class=\"yoast-schema-graph\">{\"@context\":\"https:\/\/schema.org\",\"@graph\":[{\"@type\":\"Article\",\"@id\":\"https:\/\/www.manaus.am.gov.br\/semasc\/membros-do-comite-de-erradicacao-ao-sub-registro-civil-tomam-posse-nesta-terca-feira\/#article\",\"isPartOf\":{\"@id\":\"https:\/\/www.manaus.am.gov.br\/semasc\/membros-do-comite-de-erradicacao-ao-sub-registro-civil-tomam-posse-nesta-terca-feira\/\"},\"author\":{\"name\":\"Bruna Greco\",\"@id\":\"https:\/\/www.manaus.am.gov.br\/semasc\/#\/schema\/person\/05d223aea2bf115f9883a6ff3683d81b\"},\"headline\":\"Membros do comit\u00ea de erradica\u00e7\u00e3o ao sub-registro civil tomam posse nesta ter\u00e7a-feira\",\"datePublished\":\"2023-05-16T22:38:49+00:00\",\"dateModified\":\"2023-05-16T22:38:51+00:00\",\"mainEntityOfPage\":{\"@id\":\"https:\/\/www.manaus.am.gov.br\/semasc\/membros-do-comite-de-erradicacao-ao-sub-registro-civil-tomam-posse-nesta-terca-feira\/\"},\"wordCount\":629,\"publisher\":{\"@id\":\"https:\/\/www.manaus.am.gov.br\/semasc\/#organization\"},\"image\":{\"@id\":\"https:\/\/www.manaus.am.gov.br\/semasc\/membros-do-comite-de-erradicacao-ao-sub-registro-civil-tomam-posse-nesta-terca-feira\/#primaryimage\"},\"thumbnailUrl\":\"https:\/\/www.manaus.am.gov.br\/semasc\/wp-content\/uploads\/sites\/17\/2023\/05\/52902852747_8f130c066d_k.jpg\",\"keywords\":[\"16 membros\",\"Comit\u00ea Gestor Municipal de Pol\u00edticas de Erradica\u00e7\u00e3o do Sub-Registro Civil de Nascimento e Amplia\u00e7\u00e3o do Acesso \u00e0 Documenta\u00e7\u00e3o B\u00e1sica\",\"prefeitura de manaus\",\"Semasc\",\"solenidade de posse\"],\"articleSection\":[\"Posse\"],\"inLanguage\":\"pt-BR\"},{\"@type\":\"WebPage\",\"@id\":\"https:\/\/www.manaus.am.gov.br\/semasc\/membros-do-comite-de-erradicacao-ao-sub-registro-civil-tomam-posse-nesta-terca-feira\/\",\"url\":\"https:\/\/www.manaus.am.gov.br\/semasc\/membros-do-comite-de-erradicacao-ao-sub-registro-civil-tomam-posse-nesta-terca-feira\/\",\"name\":\"Membros do comit\u00ea de erradica\u00e7\u00e3o ao sub-registro civil tomam posse nesta ter\u00e7a-feira\",\"isPartOf\":{\"@id\":\"https:\/\/www.manaus.am.gov.br\/semasc\/#website\"},\"primaryImageOfPage\":{\"@id\":\"https:\/\/www.manaus.am.gov.br\/semasc\/membros-do-comite-de-erradicacao-ao-sub-registro-civil-tomam-posse-nesta-terca-feira\/#primaryimage\"},\"image\":{\"@id\":\"https:\/\/www.manaus.am.gov.br\/semasc\/membros-do-comite-de-erradicacao-ao-sub-registro-civil-tomam-posse-nesta-terca-feira\/#primaryimage\"},\"thumbnailUrl\":\"https:\/\/www.manaus.am.gov.br\/semasc\/wp-content\/uploads\/sites\/17\/2023\/05\/52902852747_8f130c066d_k.jpg\",\"datePublished\":\"2023-05-16T22:38:49+00:00\",\"dateModified\":\"2023-05-16T22:38:51+00:00\",\"description\":\"A Prefeitura de Manaus, por meio da Semasc, realizou, nesta ter\u00e7a-feira, 16\/5, a solenidade de posse dos 16 membros do Comit\u00ea Gestor Municipal de Pol\u00edticas de Erradica\u00e7\u00e3o do Sub-Registro Civil de Nascimento e Amplia\u00e7\u00e3o do Acesso \u00e0 Documenta\u00e7\u00e3o B\u00e1sica.\",\"breadcrumb\":{\"@id\":\"https:\/\/www.manaus.am.gov.br\/semasc\/membros-do-comite-de-erradicacao-ao-sub-registro-civil-tomam-posse-nesta-terca-feira\/#breadcrumb\"},\"inLanguage\":\"pt-BR\",\"potentialAction\":[{\"@type\":\"ReadAction\",\"target\":[\"https:\/\/www.manaus.am.gov.br\/semasc\/membros-do-comite-de-erradicacao-ao-sub-registro-civil-tomam-posse-nesta-terca-feira\/\"]}]},{\"@type\":\"ImageObject\",\"inLanguage\":\"pt-BR\",\"@id\":\"https:\/\/www.manaus.am.gov.br\/semasc\/membros-do-comite-de-erradicacao-ao-sub-registro-civil-tomam-posse-nesta-terca-feira\/#primaryimage\",\"url\":\"https:\/\/www.manaus.am.gov.br\/semasc\/wp-content\/uploads\/sites\/17\/2023\/05\/52902852747_8f130c066d_k.jpg\",\"contentUrl\":\"https:\/\/www.manaus.am.gov.br\/semasc\/wp-content\/uploads\/sites\/17\/2023\/05\/52902852747_8f130c066d_k.jpg\",\"width\":2048,\"height\":1365},{\"@type\":\"BreadcrumbList\",\"@id\":\"https:\/\/www.manaus.am.gov.br\/semasc\/membros-do-comite-de-erradicacao-ao-sub-registro-civil-tomam-posse-nesta-terca-feira\/#breadcrumb\",\"itemListElement\":[{\"@type\":\"ListItem\",\"position\":1,\"name\":\"Home\",\"item\":\"https:\/\/www.manaus.am.gov.br\/semasc\/\"},{\"@type\":\"ListItem\",\"position\":2,\"name\":\"Membros do comit\u00ea de erradica\u00e7\u00e3o ao sub-registro civil tomam posse nesta ter\u00e7a-feira\"}]},{\"@type\":\"WebSite\",\"@id\":\"https:\/\/www.manaus.am.gov.br\/semasc\/#website\",\"url\":\"https:\/\/www.manaus.am.gov.br\/semasc\/\",\"name\":\"SEMASC\",\"description\":\"Secretaria Municipal da Mulher, Assist\u00eancia Social e Cidadania.\",\"publisher\":{\"@id\":\"https:\/\/www.manaus.am.gov.br\/semasc\/#organization\"},\"alternateName\":\"Secretaria Municipal da Mulher, Assist\u00eancia Social e Cidadania\",\"potentialAction\":[{\"@type\":\"SearchAction\",\"target\":{\"@type\":\"EntryPoint\",\"urlTemplate\":\"https:\/\/www.manaus.am.gov.br\/semasc\/?s={search_term_string}\"},\"query-input\":\"required name=search_term_string\"}],\"inLanguage\":\"pt-BR\"},{\"@type\":\"Organization\",\"@id\":\"https:\/\/www.manaus.am.gov.br\/semasc\/#organization\",\"name\":\"Prefeitura de Manaus\",\"alternateName\":\"Prefeitura Municipal de Manaus\",\"url\":\"https:\/\/www.manaus.am.gov.br\/semasc\/\",\"logo\":{\"@type\":\"ImageObject\",\"inLanguage\":\"pt-BR\",\"@id\":\"https:\/\/www.manaus.am.gov.br\/semasc\/#\/schema\/logo\/image\/\",\"url\":\"https:\/\/www.manaus.am.gov.br\/semasc\/wp-content\/uploads\/sites\/17\/2024\/07\/favicon.png\",\"contentUrl\":\"https:\/\/www.manaus.am.gov.br\/semasc\/wp-content\/uploads\/sites\/17\/2024\/07\/favicon.png\",\"width\":300,\"height\":300,\"caption\":\"Prefeitura de Manaus\"},\"image\":{\"@id\":\"https:\/\/www.manaus.am.gov.br\/semasc\/#\/schema\/logo\/image\/\"},\"sameAs\":[\"https:\/\/www.facebook.com\/semascmanaus\",\"https:\/\/www.instagram.com\/semascmanaus\/\"]},{\"@type\":\"Person\",\"@id\":\"https:\/\/www.manaus.am.gov.br\/semasc\/#\/schema\/person\/05d223aea2bf115f9883a6ff3683d81b\",\"name\":\"Bruna Greco\",\"image\":{\"@type\":\"ImageObject\",\"inLanguage\":\"pt-BR\",\"@id\":\"https:\/\/www.manaus.am.gov.br\/semasc\/#\/schema\/person\/image\/\",\"url\":\"https:\/\/secure.gravatar.com\/avatar\/9c877d1a6adc2a055330e5c09a8653ce?s=96&d=mm&r=g\",\"contentUrl\":\"https:\/\/secure.gravatar.com\/avatar\/9c877d1a6adc2a055330e5c09a8653ce?s=96&d=mm&r=g\",\"caption\":\"Bruna Greco\"}}]}<\/script>\n<!-- \/ Yoast SEO plugin. -->","yoast_head_json":{"title":"Membros do comit\u00ea de erradica\u00e7\u00e3o ao sub-registro civil tomam posse nesta ter\u00e7a-feira","description":"A Prefeitura de Manaus, por meio da Semasc, realizou, nesta ter\u00e7a-feira, 16\/5, a solenidade de posse dos 16 membros do Comit\u00ea Gestor Municipal de Pol\u00edticas de Erradica\u00e7\u00e3o do Sub-Registro Civil de Nascimento e Amplia\u00e7\u00e3o do Acesso \u00e0 Documenta\u00e7\u00e3o B\u00e1sica.","robots":{"index":"noindex","follow":"follow"},"og_locale":"pt_BR","og_type":"article","og_title":"Membros do comit\u00ea de erradica\u00e7\u00e3o ao sub-registro civil tomam posse nesta ter\u00e7a-feira","og_description":"A Prefeitura de Manaus, por meio da Semasc, realizou, nesta ter\u00e7a-feira, 16\/5, a solenidade de posse dos 16 membros do Comit\u00ea Gestor Municipal de Pol\u00edticas de Erradica\u00e7\u00e3o do Sub-Registro Civil de Nascimento e Amplia\u00e7\u00e3o do Acesso \u00e0 Documenta\u00e7\u00e3o B\u00e1sica.","og_url":"https:\/\/www.manaus.am.gov.br\/semasc\/membros-do-comite-de-erradicacao-ao-sub-registro-civil-tomam-posse-nesta-terca-feira\/","og_site_name":"SEMASC","article_publisher":"https:\/\/www.facebook.com\/semascmanaus","article_published_time":"2023-05-16T22:38:49+00:00","article_modified_time":"2023-05-16T22:38:51+00:00","og_image":[{"width":2048,"height":1365,"url":"https:\/\/www.manaus.am.gov.br\/semasc\/wp-content\/uploads\/sites\/17\/2023\/05\/52902852747_8f130c066d_k.jpg","type":"image\/jpeg"}],"author":"Bruna Greco","twitter_card":"summary_large_image","twitter_misc":{"Written by":"Bruna Greco","Est. reading time":"4 minutos"},"schema":{"@context":"https:\/\/schema.org","@graph":[{"@type":"Article","@id":"https:\/\/www.manaus.am.gov.br\/semasc\/membros-do-comite-de-erradicacao-ao-sub-registro-civil-tomam-posse-nesta-terca-feira\/#article","isPartOf":{"@id":"https:\/\/www.manaus.am.gov.br\/semasc\/membros-do-comite-de-erradicacao-ao-sub-registro-civil-tomam-posse-nesta-terca-feira\/"},"author":{"name":"Bruna Greco","@id":"https:\/\/www.manaus.am.gov.br\/semasc\/#\/schema\/person\/05d223aea2bf115f9883a6ff3683d81b"},"headline":"Membros do comit\u00ea de erradica\u00e7\u00e3o ao sub-registro civil tomam posse nesta ter\u00e7a-feira","datePublished":"2023-05-16T22:38:49+00:00","dateModified":"2023-05-16T22:38:51+00:00","mainEntityOfPage":{"@id":"https:\/\/www.manaus.am.gov.br\/semasc\/membros-do-comite-de-erradicacao-ao-sub-registro-civil-tomam-posse-nesta-terca-feira\/"},"wordCount":629,"publisher":{"@id":"https:\/\/www.manaus.am.gov.br\/semasc\/#organization"},"image":{"@id":"https:\/\/www.manaus.am.gov.br\/semasc\/membros-do-comite-de-erradicacao-ao-sub-registro-civil-tomam-posse-nesta-terca-feira\/#primaryimage"},"thumbnailUrl":"https:\/\/www.manaus.am.gov.br\/semasc\/wp-content\/uploads\/sites\/17\/2023\/05\/52902852747_8f130c066d_k.jpg","keywords":["16 membros","Comit\u00ea Gestor Municipal de Pol\u00edticas de Erradica\u00e7\u00e3o do Sub-Registro Civil de Nascimento e Amplia\u00e7\u00e3o do Acesso \u00e0 Documenta\u00e7\u00e3o B\u00e1sica","prefeitura de manaus","Semasc","solenidade de posse"],"articleSection":["Posse"],"inLanguage":"pt-BR"},{"@type":"WebPage","@id":"https:\/\/www.manaus.am.gov.br\/semasc\/membros-do-comite-de-erradicacao-ao-sub-registro-civil-tomam-posse-nesta-terca-feira\/","url":"https:\/\/www.manaus.am.gov.br\/semasc\/membros-do-comite-de-erradicacao-ao-sub-registro-civil-tomam-posse-nesta-terca-feira\/","name":"Membros do comit\u00ea de erradica\u00e7\u00e3o ao sub-registro civil tomam posse nesta ter\u00e7a-feira","isPartOf":{"@id":"https:\/\/www.manaus.am.gov.br\/semasc\/#website"},"primaryImageOfPage":{"@id":"https:\/\/www.manaus.am.gov.br\/semasc\/membros-do-comite-de-erradicacao-ao-sub-registro-civil-tomam-posse-nesta-terca-feira\/#primaryimage"},"image":{"@id":"https:\/\/www.manaus.am.gov.br\/semasc\/membros-do-comite-de-erradicacao-ao-sub-registro-civil-tomam-posse-nesta-terca-feira\/#primaryimage"},"thumbnailUrl":"https:\/\/www.manaus.am.gov.br\/semasc\/wp-content\/uploads\/sites\/17\/2023\/05\/52902852747_8f130c066d_k.jpg","datePublished":"2023-05-16T22:38:49+00:00","dateModified":"2023-05-16T22:38:51+00:00","description":"A Prefeitura de Manaus, por meio da Semasc, realizou, nesta ter\u00e7a-feira, 16\/5, a solenidade de posse dos 16 membros do Comit\u00ea Gestor Municipal de Pol\u00edticas de Erradica\u00e7\u00e3o do Sub-Registro Civil de Nascimento e Amplia\u00e7\u00e3o do Acesso \u00e0 Documenta\u00e7\u00e3o B\u00e1sica.","breadcrumb":{"@id":"https:\/\/www.manaus.am.gov.br\/semasc\/membros-do-comite-de-erradicacao-ao-sub-registro-civil-tomam-posse-nesta-terca-feira\/#breadcrumb"},"inLanguage":"pt-BR","potentialAction":[{"@type":"ReadAction","target":["https:\/\/www.manaus.am.gov.br\/semasc\/membros-do-comite-de-erradicacao-ao-sub-registro-civil-tomam-posse-nesta-terca-feira\/"]}]},{"@type":"ImageObject","inLanguage":"pt-BR","@id":"https:\/\/www.manaus.am.gov.br\/semasc\/membros-do-comite-de-erradicacao-ao-sub-registro-civil-tomam-posse-nesta-terca-feira\/#primaryimage","url":"https:\/\/www.manaus.am.gov.br\/semasc\/wp-content\/uploads\/sites\/17\/2023\/05\/52902852747_8f130c066d_k.jpg","contentUrl":"https:\/\/www.manaus.am.gov.br\/semasc\/wp-content\/uploads\/sites\/17\/2023\/05\/52902852747_8f130c066d_k.jpg","width":2048,"height":1365},{"@type":"BreadcrumbList","@id":"https:\/\/www.manaus.am.gov.br\/semasc\/membros-do-comite-de-erradicacao-ao-sub-registro-civil-tomam-posse-nesta-terca-feira\/#breadcrumb","itemListElement":[{"@type":"ListItem","position":1,"name":"Home","item":"https:\/\/www.manaus.am.gov.br\/semasc\/"},{"@type":"ListItem","position":2,"name":"Membros do comit\u00ea de erradica\u00e7\u00e3o ao sub-registro civil tomam posse nesta ter\u00e7a-feira"}]},{"@type":"WebSite","@id":"https:\/\/www.manaus.am.gov.br\/semasc\/#website","url":"https:\/\/www.manaus.am.gov.br\/semasc\/","name":"SEMASC","description":"Secretaria Municipal da Mulher, Assist\u00eancia Social e Cidadania.","publisher":{"@id":"https:\/\/www.manaus.am.gov.br\/semasc\/#organization"},"alternateName":"Secretaria Municipal da Mulher, Assist\u00eancia Social e Cidadania","potentialAction":[{"@type":"SearchAction","target":{"@type":"EntryPoint","urlTemplate":"https:\/\/www.manaus.am.gov.br\/semasc\/?s={search_term_string}"},"query-input":"required name=search_term_string"}],"inLanguage":"pt-BR"},{"@type":"Organization","@id":"https:\/\/www.manaus.am.gov.br\/semasc\/#organization","name":"Prefeitura de Manaus","alternateName":"Prefeitura Municipal de Manaus","url":"https:\/\/www.manaus.am.gov.br\/semasc\/","logo":{"@type":"ImageObject","inLanguage":"pt-BR","@id":"https:\/\/www.manaus.am.gov.br\/semasc\/#\/schema\/logo\/image\/","url":"https:\/\/www.manaus.am.gov.br\/semasc\/wp-content\/uploads\/sites\/17\/2024\/07\/favicon.png","contentUrl":"https:\/\/www.manaus.am.gov.br\/semasc\/wp-content\/uploads\/sites\/17\/2024\/07\/favicon.png","width":300,"height":300,"caption":"Prefeitura de Manaus"},"image":{"@id":"https:\/\/www.manaus.am.gov.br\/semasc\/#\/schema\/logo\/image\/"},"sameAs":["https:\/\/www.facebook.com\/semascmanaus","https:\/\/www.instagram.com\/semascmanaus\/"]},{"@type":"Person","@id":"https:\/\/www.manaus.am.gov.br\/semasc\/#\/schema\/person\/05d223aea2bf115f9883a6ff3683d81b","name":"Bruna Greco","image":{"@type":"ImageObject","inLanguage":"pt-BR","@id":"https:\/\/www.manaus.am.gov.br\/semasc\/#\/schema\/person\/image\/","url":"https:\/\/secure.gravatar.com\/avatar\/9c877d1a6adc2a055330e5c09a8653ce?s=96&d=mm&r=g","contentUrl":"https:\/\/secure.gravatar.com\/avatar\/9c877d1a6adc2a055330e5c09a8653ce?s=96&d=mm&r=g","caption":"Bruna Greco"}}]}},"_links":{"self":[{"href":"https:\/\/www.manaus.am.gov.br\/semasc\/wp-json\/wp\/v2\/posts\/207602"}],"collection":[{"href":"https:\/\/www.manaus.am.gov.br\/semasc\/wp-json\/wp\/v2\/posts"}],"about":[{"href":"https:\/\/www.manaus.am.gov.br\/semasc\/wp-json\/wp\/v2\/types\/post"}],"author":[{"embeddable":true,"href":"https:\/\/www.manaus.am.gov.br\/semasc\/wp-json\/wp\/v2\/users\/39"}],"replies":[{"embeddable":true,"href":"https:\/\/www.manaus.am.gov.br\/semasc\/wp-json\/wp\/v2\/comments?post=207602"}],"version-history":[{"count":0,"href":"https:\/\/www.manaus.am.gov.br\/semasc\/wp-json\/wp\/v2\/posts\/207602\/revisions"}],"wp:featuredmedia":[{"embeddable":true,"href":"https:\/\/www.manaus.am.gov.br\/semasc\/wp-json\/wp\/v2\/media\/207603"}],"wp:attachment":[{"href":"https:\/\/www.manaus.am.gov.br\/semasc\/wp-json\/wp\/v2\/media?parent=207602"}],"wp:term":[{"taxonomy":"category","embeddable":true,"href":"https:\/\/www.manaus.am.gov.br\/semasc\/wp-json\/wp\/v2\/categories?post=207602"},{"taxonomy":"post_tag","embeddable":true,"href":"https:\/\/www.manaus.am.gov.br\/semasc\/wp-json\/wp\/v2\/tags?post=207602"}],"curies":[{"name":"wp","href":"https:\/\/api.w.org\/{rel}","templated":true}]}}