{"id":207600,"date":"2023-05-15T17:52:25","date_gmt":"2023-05-15T21:52:25","guid":{"rendered":"https:\/\/www.manaus.am.gov.br\/semasc\/prefeitura-de-manaus-homenageia-servidores-no-dia-do-assistente-social\/"},"modified":"2023-05-15T17:52:27","modified_gmt":"2023-05-15T21:52:27","slug":"prefeitura-de-manaus-homenageia-servidores-no-dia-do-assistente-social","status":"publish","type":"post","link":"https:\/\/www.manaus.am.gov.br\/semasc\/prefeitura-de-manaus-homenageia-servidores-no-dia-do-assistente-social\/","title":{"rendered":"<strong>Prefeitura de Manaus homenageia servidores no Dia do Assistente Social<\/strong>"},"content":{"rendered":"\n<p>Em celebra\u00e7\u00e3o ao Dia do Assistente Social, a Prefeitura de Manaus, por meio da Secretaria Municipal da Mulher, Assist\u00eancia Social e Cidadania (Semasc), realizou, nesta segunda-feira, 15\/5, uma programa\u00e7\u00e3o em homenagem aos profissionais da assist\u00eancia social que atuam no \u00f3rg\u00e3o.&nbsp;&nbsp;<\/p>\n\n\n\n<p>Com o tema &#8220;Assistentes Sociais de Luta! 82 anos de Hist\u00f3ria!&#8221;, em alus\u00e3o as mais de oito d\u00e9cadas desde a funda\u00e7\u00e3o da primeira Escola de Servi\u00e7o Social do munic\u00edpio de Manaus, o evento foi realizado no audit\u00f3rio da Secretaria Municipal de Educa\u00e7\u00e3o (Semed), no bairro Parque 10 de Novembro, zona Centro-Sul da cidade.&nbsp;<\/p>\n\n\n\n<p>&#8220;\u00c9 uma justa e merecida homenagem aos valorosos e \u00e0s valorosas profissionais que s\u00e3o os assistentes sociais. \u00c9 por meio deles que nossa secretaria trabalha todos os dias no atendimento a pessoas que se encontram em estado de vulnerabilidade ou risco social e que tiveram ou t\u00eam seus direitos violados cotidianamente, ent\u00e3o s\u00e3o profissionais important\u00edssimos na vida do povo manauara e que devem ser reconhecidos por isso&#8221;, afirmou o secret\u00e1rio Eduardo Lucas, titular da Semasc.&nbsp;<\/p>\n\n\n\n<p>A homenagem contou com o pronunciamento de autoridades locais e estaduais da \u00e1rea da assist\u00eancia social, um breve debate acerca do panorama atual e das lutas enfrentadas pelos assistentes sociais em n\u00edvel nacional, apresenta\u00e7\u00f5es musicais e entrega de certificados aos servidores homenageados.&nbsp;<\/p>\n\n\n\n<p>Presidente do Conselho Municipal de Assist\u00eancia Social (CMAS), o conselheiro Paulo Lamego pontuou a import\u00e2ncia da atua\u00e7\u00e3o da figura do assistente social no cen\u00e1rio atual e a necessidade da classe de se lutar por melhores condi\u00e7\u00f5es de trabalho no munic\u00edpio, no estado e em todo o pa\u00eds.&nbsp;<\/p>\n\n\n\n<p>&#8220;\u00c9 uma profiss\u00e3o muito maior e mais importante do que as pessoas imaginam, s\u00e3o profissionais que, assim como m\u00e9dicos, advogados ou engenheiros, s\u00e3o indispens\u00e1veis na vida moderna. N\u00e3o h\u00e1 como fazer funcionar uma pol\u00edtica de assist\u00eancia social sem a presen\u00e7a do assistente social, por isso \u00e9 necess\u00e1rio que se entenda a import\u00e2ncia desses profissionais para o desenvolvimento social do munic\u00edpio e que se entenda que precisam ser valorizados com um piso salarial que atenda as suas necessidades, por exemplo&#8221;, concluiu.&nbsp;<\/p>\n\n\n\n<p>De acordo com a diretora de \u00c1rea de Gest\u00e3o do Sistema \u00danico de Assist\u00eancia Social, Lorena Barreto, pelo fato de existirem in\u00fameros desafios ao atuar na assist\u00eancia social manauara como um assistente social, um momento de celebra\u00e7\u00e3o e reconhecimento acaba se tornando extremamente importante para que os servidores n\u00e3o se esque\u00e7am da import\u00e2ncia de sua luta di\u00e1ria pela garantia de direitos das popula\u00e7\u00f5es em estado de vulnerabilidade social da cidade.&nbsp;<\/p>\n\n\n\n<p>&#8220;Fazemos a diferen\u00e7a dentro da nossa \u00e1rea de atua\u00e7\u00e3o e em conjunto com outros profissionais de outras pol\u00edticas p\u00fablicas, trabalhamos todos os dias para a garantia e a defesa dos direitos de milhares de fam\u00edlias em situa\u00e7\u00f5es de risco social, por isso um dia como este \u00e9 t\u00e3o importante. \u00c9 um dia memor\u00e1vel, um dia de reflex\u00e3o, sim, mas tamb\u00e9m um dia de celebra\u00e7\u00e3o e alegria ao reconhecer o trabalho dos nossos servidores&#8221;, destacou Lorena.<\/p>\n\n\n\n<p>Uma das servidoras homenageadas foi a assistente social e coordenadora do Centro de Refer\u00eancia de Assist\u00eancia Social (Cras) S\u00e3o Jos\u00e9 IV Adriana Gomes, que, assim como as autoridades presentes, tamb\u00e9m prop\u00f4s uma reflex\u00e3o aos colegas assistentes sociais.&nbsp;<\/p>\n\n\n\n<p>&#8220;N\u00f3s, enquanto profissionais, neste 15 de maio, devemos refletir profundamente em todos os desafios que enfrentamos no dia a dia, em todos os desafios que superamos nesse mesmo dia a dia e refletir, ao menos com um pouco de carinho, sobre os profissionais resilientes que todos aqui somos&#8221;, salientou.&nbsp;<\/p>\n\n\n\n<p>&#8212; &#8212; &#8212;<\/p>\n\n\n\n<p><strong>Texto<\/strong>&nbsp;&#8211; Guilherme Ara\u00fajo Pacheco \/ Semasc&nbsp;<\/p>\n\n\n\n<p><strong>Fotos<\/strong>&nbsp;&#8211; Marcely Gomes \/ Semasc&nbsp;<\/p>\n\n\n\n<p>Dispon\u00edveis em &#8211;&nbsp;<a href=\"https:\/\/flic.kr\/s\/aHBqjADS9M\">https:\/\/flic.kr\/s\/aHBqjADS9M<\/a><\/p>\n","protected":false},"excerpt":{"rendered":"","protected":false},"author":31,"featured_media":207601,"comment_status":"closed","ping_status":"closed","sticky":false,"template":"","format":"standard","meta":{"footnotes":""},"categories":[11],"tags":[12,13,14],"acf":[],"yoast_head":"<!-- This site is optimized with the Yoast SEO plugin v23.0 - https:\/\/yoast.com\/wordpress\/plugins\/seo\/ -->\n<title>Prefeitura de Manaus homenageia servidores no Dia do Assistente Social - SEMASC<\/title>\n<meta name=\"robots\" content=\"noindex, follow\" \/>\n<meta property=\"og:locale\" content=\"pt_BR\" \/>\n<meta property=\"og:type\" content=\"article\" \/>\n<meta property=\"og:title\" content=\"Prefeitura de Manaus homenageia servidores no Dia do Assistente Social - SEMASC\" \/>\n<meta property=\"og:url\" content=\"https:\/\/www.manaus.am.gov.br\/semasc\/prefeitura-de-manaus-homenageia-servidores-no-dia-do-assistente-social\/\" \/>\n<meta property=\"og:site_name\" content=\"SEMASC\" \/>\n<meta property=\"article:publisher\" content=\"https:\/\/www.facebook.com\/semascmanaus\" \/>\n<meta property=\"article:published_time\" content=\"2023-05-15T21:52:25+00:00\" \/>\n<meta property=\"article:modified_time\" content=\"2023-05-15T21:52:27+00:00\" \/>\n<meta property=\"og:image\" content=\"https:\/\/www.manaus.am.gov.br\/semasc\/wp-content\/uploads\/sites\/17\/2023\/05\/20230515120031_IMG_3158-scaled.jpg\" \/>\n\t<meta property=\"og:image:width\" content=\"2560\" \/>\n\t<meta property=\"og:image:height\" content=\"1707\" \/>\n\t<meta property=\"og:image:type\" content=\"image\/jpeg\" \/>\n<meta name=\"author\" content=\"Renata Felix\" \/>\n<meta name=\"twitter:card\" content=\"summary_large_image\" \/>\n<meta name=\"twitter:label1\" content=\"Written by\" \/>\n\t<meta name=\"twitter:data1\" content=\"Renata Felix\" \/>\n\t<meta name=\"twitter:label2\" content=\"Est. reading time\" \/>\n\t<meta name=\"twitter:data2\" content=\"4 minutos\" \/>\n<script type=\"application\/ld+json\" class=\"yoast-schema-graph\">{\"@context\":\"https:\/\/schema.org\",\"@graph\":[{\"@type\":\"Article\",\"@id\":\"https:\/\/www.manaus.am.gov.br\/semasc\/prefeitura-de-manaus-homenageia-servidores-no-dia-do-assistente-social\/#article\",\"isPartOf\":{\"@id\":\"https:\/\/www.manaus.am.gov.br\/semasc\/prefeitura-de-manaus-homenageia-servidores-no-dia-do-assistente-social\/\"},\"author\":{\"name\":\"Renata Felix\",\"@id\":\"https:\/\/www.manaus.am.gov.br\/semasc\/#\/schema\/person\/4eea2a8f78dc853097abb026f728aa06\"},\"headline\":\"Prefeitura de Manaus homenageia servidores no Dia do Assistente Social\",\"datePublished\":\"2023-05-15T21:52:25+00:00\",\"dateModified\":\"2023-05-15T21:52:27+00:00\",\"mainEntityOfPage\":{\"@id\":\"https:\/\/www.manaus.am.gov.br\/semasc\/prefeitura-de-manaus-homenageia-servidores-no-dia-do-assistente-social\/\"},\"wordCount\":677,\"publisher\":{\"@id\":\"https:\/\/www.manaus.am.gov.br\/semasc\/#organization\"},\"image\":{\"@id\":\"https:\/\/www.manaus.am.gov.br\/semasc\/prefeitura-de-manaus-homenageia-servidores-no-dia-do-assistente-social\/#primaryimage\"},\"thumbnailUrl\":\"https:\/\/www.manaus.am.gov.br\/semasc\/wp-content\/uploads\/sites\/17\/2023\/05\/20230515120031_IMG_3158-scaled.jpg\",\"keywords\":[\"82 anos de hist\u00f3ria\",\"Dia do Assistente Social\",\"homenagem\"],\"articleSection\":[\"Reconhecimento\"],\"inLanguage\":\"pt-BR\"},{\"@type\":\"WebPage\",\"@id\":\"https:\/\/www.manaus.am.gov.br\/semasc\/prefeitura-de-manaus-homenageia-servidores-no-dia-do-assistente-social\/\",\"url\":\"https:\/\/www.manaus.am.gov.br\/semasc\/prefeitura-de-manaus-homenageia-servidores-no-dia-do-assistente-social\/\",\"name\":\"Prefeitura de Manaus homenageia servidores no Dia do Assistente Social - SEMASC\",\"isPartOf\":{\"@id\":\"https:\/\/www.manaus.am.gov.br\/semasc\/#website\"},\"primaryImageOfPage\":{\"@id\":\"https:\/\/www.manaus.am.gov.br\/semasc\/prefeitura-de-manaus-homenageia-servidores-no-dia-do-assistente-social\/#primaryimage\"},\"image\":{\"@id\":\"https:\/\/www.manaus.am.gov.br\/semasc\/prefeitura-de-manaus-homenageia-servidores-no-dia-do-assistente-social\/#primaryimage\"},\"thumbnailUrl\":\"https:\/\/www.manaus.am.gov.br\/semasc\/wp-content\/uploads\/sites\/17\/2023\/05\/20230515120031_IMG_3158-scaled.jpg\",\"datePublished\":\"2023-05-15T21:52:25+00:00\",\"dateModified\":\"2023-05-15T21:52:27+00:00\",\"breadcrumb\":{\"@id\":\"https:\/\/www.manaus.am.gov.br\/semasc\/prefeitura-de-manaus-homenageia-servidores-no-dia-do-assistente-social\/#breadcrumb\"},\"inLanguage\":\"pt-BR\",\"potentialAction\":[{\"@type\":\"ReadAction\",\"target\":[\"https:\/\/www.manaus.am.gov.br\/semasc\/prefeitura-de-manaus-homenageia-servidores-no-dia-do-assistente-social\/\"]}]},{\"@type\":\"ImageObject\",\"inLanguage\":\"pt-BR\",\"@id\":\"https:\/\/www.manaus.am.gov.br\/semasc\/prefeitura-de-manaus-homenageia-servidores-no-dia-do-assistente-social\/#primaryimage\",\"url\":\"https:\/\/www.manaus.am.gov.br\/semasc\/wp-content\/uploads\/sites\/17\/2023\/05\/20230515120031_IMG_3158-scaled.jpg\",\"contentUrl\":\"https:\/\/www.manaus.am.gov.br\/semasc\/wp-content\/uploads\/sites\/17\/2023\/05\/20230515120031_IMG_3158-scaled.jpg\",\"width\":2560,\"height\":1707},{\"@type\":\"BreadcrumbList\",\"@id\":\"https:\/\/www.manaus.am.gov.br\/semasc\/prefeitura-de-manaus-homenageia-servidores-no-dia-do-assistente-social\/#breadcrumb\",\"itemListElement\":[{\"@type\":\"ListItem\",\"position\":1,\"name\":\"Home\",\"item\":\"https:\/\/www.manaus.am.gov.br\/semasc\/\"},{\"@type\":\"ListItem\",\"position\":2,\"name\":\"Prefeitura de Manaus homenageia servidores no Dia do Assistente Social\"}]},{\"@type\":\"WebSite\",\"@id\":\"https:\/\/www.manaus.am.gov.br\/semasc\/#website\",\"url\":\"https:\/\/www.manaus.am.gov.br\/semasc\/\",\"name\":\"SEMASC\",\"description\":\"Secretaria Municipal da Mulher, Assist\u00eancia Social e Cidadania.\",\"publisher\":{\"@id\":\"https:\/\/www.manaus.am.gov.br\/semasc\/#organization\"},\"alternateName\":\"Secretaria Municipal da Mulher, Assist\u00eancia Social e Cidadania\",\"potentialAction\":[{\"@type\":\"SearchAction\",\"target\":{\"@type\":\"EntryPoint\",\"urlTemplate\":\"https:\/\/www.manaus.am.gov.br\/semasc\/?s={search_term_string}\"},\"query-input\":\"required name=search_term_string\"}],\"inLanguage\":\"pt-BR\"},{\"@type\":\"Organization\",\"@id\":\"https:\/\/www.manaus.am.gov.br\/semasc\/#organization\",\"name\":\"Prefeitura de Manaus\",\"alternateName\":\"Prefeitura Municipal de Manaus\",\"url\":\"https:\/\/www.manaus.am.gov.br\/semasc\/\",\"logo\":{\"@type\":\"ImageObject\",\"inLanguage\":\"pt-BR\",\"@id\":\"https:\/\/www.manaus.am.gov.br\/semasc\/#\/schema\/logo\/image\/\",\"url\":\"https:\/\/www.manaus.am.gov.br\/semasc\/wp-content\/uploads\/sites\/17\/2024\/07\/favicon.png\",\"contentUrl\":\"https:\/\/www.manaus.am.gov.br\/semasc\/wp-content\/uploads\/sites\/17\/2024\/07\/favicon.png\",\"width\":300,\"height\":300,\"caption\":\"Prefeitura de Manaus\"},\"image\":{\"@id\":\"https:\/\/www.manaus.am.gov.br\/semasc\/#\/schema\/logo\/image\/\"},\"sameAs\":[\"https:\/\/www.facebook.com\/semascmanaus\",\"https:\/\/www.instagram.com\/semascmanaus\/\"]},{\"@type\":\"Person\",\"@id\":\"https:\/\/www.manaus.am.gov.br\/semasc\/#\/schema\/person\/4eea2a8f78dc853097abb026f728aa06\",\"name\":\"Renata Felix\",\"image\":{\"@type\":\"ImageObject\",\"inLanguage\":\"pt-BR\",\"@id\":\"https:\/\/www.manaus.am.gov.br\/semasc\/#\/schema\/person\/image\/\",\"url\":\"https:\/\/secure.gravatar.com\/avatar\/3c196cf9d3b837b24c8edb2c50fd8f29?s=96&d=mm&r=g\",\"contentUrl\":\"https:\/\/secure.gravatar.com\/avatar\/3c196cf9d3b837b24c8edb2c50fd8f29?s=96&d=mm&r=g\",\"caption\":\"Renata Felix\"}}]}<\/script>\n<!-- \/ Yoast SEO plugin. -->","yoast_head_json":{"title":"Prefeitura de Manaus homenageia servidores no Dia do Assistente Social - SEMASC","robots":{"index":"noindex","follow":"follow"},"og_locale":"pt_BR","og_type":"article","og_title":"Prefeitura de Manaus homenageia servidores no Dia do Assistente Social - SEMASC","og_url":"https:\/\/www.manaus.am.gov.br\/semasc\/prefeitura-de-manaus-homenageia-servidores-no-dia-do-assistente-social\/","og_site_name":"SEMASC","article_publisher":"https:\/\/www.facebook.com\/semascmanaus","article_published_time":"2023-05-15T21:52:25+00:00","article_modified_time":"2023-05-15T21:52:27+00:00","og_image":[{"width":2560,"height":1707,"url":"https:\/\/www.manaus.am.gov.br\/semasc\/wp-content\/uploads\/sites\/17\/2023\/05\/20230515120031_IMG_3158-scaled.jpg","type":"image\/jpeg"}],"author":"Renata Felix","twitter_card":"summary_large_image","twitter_misc":{"Written by":"Renata Felix","Est. reading time":"4 minutos"},"schema":{"@context":"https:\/\/schema.org","@graph":[{"@type":"Article","@id":"https:\/\/www.manaus.am.gov.br\/semasc\/prefeitura-de-manaus-homenageia-servidores-no-dia-do-assistente-social\/#article","isPartOf":{"@id":"https:\/\/www.manaus.am.gov.br\/semasc\/prefeitura-de-manaus-homenageia-servidores-no-dia-do-assistente-social\/"},"author":{"name":"Renata Felix","@id":"https:\/\/www.manaus.am.gov.br\/semasc\/#\/schema\/person\/4eea2a8f78dc853097abb026f728aa06"},"headline":"Prefeitura de Manaus homenageia servidores no Dia do Assistente Social","datePublished":"2023-05-15T21:52:25+00:00","dateModified":"2023-05-15T21:52:27+00:00","mainEntityOfPage":{"@id":"https:\/\/www.manaus.am.gov.br\/semasc\/prefeitura-de-manaus-homenageia-servidores-no-dia-do-assistente-social\/"},"wordCount":677,"publisher":{"@id":"https:\/\/www.manaus.am.gov.br\/semasc\/#organization"},"image":{"@id":"https:\/\/www.manaus.am.gov.br\/semasc\/prefeitura-de-manaus-homenageia-servidores-no-dia-do-assistente-social\/#primaryimage"},"thumbnailUrl":"https:\/\/www.manaus.am.gov.br\/semasc\/wp-content\/uploads\/sites\/17\/2023\/05\/20230515120031_IMG_3158-scaled.jpg","keywords":["82 anos de hist\u00f3ria","Dia do Assistente Social","homenagem"],"articleSection":["Reconhecimento"],"inLanguage":"pt-BR"},{"@type":"WebPage","@id":"https:\/\/www.manaus.am.gov.br\/semasc\/prefeitura-de-manaus-homenageia-servidores-no-dia-do-assistente-social\/","url":"https:\/\/www.manaus.am.gov.br\/semasc\/prefeitura-de-manaus-homenageia-servidores-no-dia-do-assistente-social\/","name":"Prefeitura de Manaus homenageia servidores no Dia do Assistente Social - SEMASC","isPartOf":{"@id":"https:\/\/www.manaus.am.gov.br\/semasc\/#website"},"primaryImageOfPage":{"@id":"https:\/\/www.manaus.am.gov.br\/semasc\/prefeitura-de-manaus-homenageia-servidores-no-dia-do-assistente-social\/#primaryimage"},"image":{"@id":"https:\/\/www.manaus.am.gov.br\/semasc\/prefeitura-de-manaus-homenageia-servidores-no-dia-do-assistente-social\/#primaryimage"},"thumbnailUrl":"https:\/\/www.manaus.am.gov.br\/semasc\/wp-content\/uploads\/sites\/17\/2023\/05\/20230515120031_IMG_3158-scaled.jpg","datePublished":"2023-05-15T21:52:25+00:00","dateModified":"2023-05-15T21:52:27+00:00","breadcrumb":{"@id":"https:\/\/www.manaus.am.gov.br\/semasc\/prefeitura-de-manaus-homenageia-servidores-no-dia-do-assistente-social\/#breadcrumb"},"inLanguage":"pt-BR","potentialAction":[{"@type":"ReadAction","target":["https:\/\/www.manaus.am.gov.br\/semasc\/prefeitura-de-manaus-homenageia-servidores-no-dia-do-assistente-social\/"]}]},{"@type":"ImageObject","inLanguage":"pt-BR","@id":"https:\/\/www.manaus.am.gov.br\/semasc\/prefeitura-de-manaus-homenageia-servidores-no-dia-do-assistente-social\/#primaryimage","url":"https:\/\/www.manaus.am.gov.br\/semasc\/wp-content\/uploads\/sites\/17\/2023\/05\/20230515120031_IMG_3158-scaled.jpg","contentUrl":"https:\/\/www.manaus.am.gov.br\/semasc\/wp-content\/uploads\/sites\/17\/2023\/05\/20230515120031_IMG_3158-scaled.jpg","width":2560,"height":1707},{"@type":"BreadcrumbList","@id":"https:\/\/www.manaus.am.gov.br\/semasc\/prefeitura-de-manaus-homenageia-servidores-no-dia-do-assistente-social\/#breadcrumb","itemListElement":[{"@type":"ListItem","position":1,"name":"Home","item":"https:\/\/www.manaus.am.gov.br\/semasc\/"},{"@type":"ListItem","position":2,"name":"Prefeitura de Manaus homenageia servidores no Dia do Assistente Social"}]},{"@type":"WebSite","@id":"https:\/\/www.manaus.am.gov.br\/semasc\/#website","url":"https:\/\/www.manaus.am.gov.br\/semasc\/","name":"SEMASC","description":"Secretaria Municipal da Mulher, Assist\u00eancia Social e Cidadania.","publisher":{"@id":"https:\/\/www.manaus.am.gov.br\/semasc\/#organization"},"alternateName":"Secretaria Municipal da Mulher, Assist\u00eancia Social e Cidadania","potentialAction":[{"@type":"SearchAction","target":{"@type":"EntryPoint","urlTemplate":"https:\/\/www.manaus.am.gov.br\/semasc\/?s={search_term_string}"},"query-input":"required name=search_term_string"}],"inLanguage":"pt-BR"},{"@type":"Organization","@id":"https:\/\/www.manaus.am.gov.br\/semasc\/#organization","name":"Prefeitura de Manaus","alternateName":"Prefeitura Municipal de Manaus","url":"https:\/\/www.manaus.am.gov.br\/semasc\/","logo":{"@type":"ImageObject","inLanguage":"pt-BR","@id":"https:\/\/www.manaus.am.gov.br\/semasc\/#\/schema\/logo\/image\/","url":"https:\/\/www.manaus.am.gov.br\/semasc\/wp-content\/uploads\/sites\/17\/2024\/07\/favicon.png","contentUrl":"https:\/\/www.manaus.am.gov.br\/semasc\/wp-content\/uploads\/sites\/17\/2024\/07\/favicon.png","width":300,"height":300,"caption":"Prefeitura de Manaus"},"image":{"@id":"https:\/\/www.manaus.am.gov.br\/semasc\/#\/schema\/logo\/image\/"},"sameAs":["https:\/\/www.facebook.com\/semascmanaus","https:\/\/www.instagram.com\/semascmanaus\/"]},{"@type":"Person","@id":"https:\/\/www.manaus.am.gov.br\/semasc\/#\/schema\/person\/4eea2a8f78dc853097abb026f728aa06","name":"Renata Felix","image":{"@type":"ImageObject","inLanguage":"pt-BR","@id":"https:\/\/www.manaus.am.gov.br\/semasc\/#\/schema\/person\/image\/","url":"https:\/\/secure.gravatar.com\/avatar\/3c196cf9d3b837b24c8edb2c50fd8f29?s=96&d=mm&r=g","contentUrl":"https:\/\/secure.gravatar.com\/avatar\/3c196cf9d3b837b24c8edb2c50fd8f29?s=96&d=mm&r=g","caption":"Renata Felix"}}]}},"_links":{"self":[{"href":"https:\/\/www.manaus.am.gov.br\/semasc\/wp-json\/wp\/v2\/posts\/207600"}],"collection":[{"href":"https:\/\/www.manaus.am.gov.br\/semasc\/wp-json\/wp\/v2\/posts"}],"about":[{"href":"https:\/\/www.manaus.am.gov.br\/semasc\/wp-json\/wp\/v2\/types\/post"}],"author":[{"embeddable":true,"href":"https:\/\/www.manaus.am.gov.br\/semasc\/wp-json\/wp\/v2\/users\/31"}],"replies":[{"embeddable":true,"href":"https:\/\/www.manaus.am.gov.br\/semasc\/wp-json\/wp\/v2\/comments?post=207600"}],"version-history":[{"count":0,"href":"https:\/\/www.manaus.am.gov.br\/semasc\/wp-json\/wp\/v2\/posts\/207600\/revisions"}],"wp:featuredmedia":[{"embeddable":true,"href":"https:\/\/www.manaus.am.gov.br\/semasc\/wp-json\/wp\/v2\/media\/207601"}],"wp:attachment":[{"href":"https:\/\/www.manaus.am.gov.br\/semasc\/wp-json\/wp\/v2\/media?parent=207600"}],"wp:term":[{"taxonomy":"category","embeddable":true,"href":"https:\/\/www.manaus.am.gov.br\/semasc\/wp-json\/wp\/v2\/categories?post=207600"},{"taxonomy":"post_tag","embeddable":true,"href":"https:\/\/www.manaus.am.gov.br\/semasc\/wp-json\/wp\/v2\/tags?post=207600"}],"curies":[{"name":"wp","href":"https:\/\/api.w.org\/{rel}","templated":true}]}}