{"id":207569,"date":"2023-02-08T09:17:46","date_gmt":"2023-02-08T13:17:46","guid":{"rendered":"https:\/\/www.manaus.am.gov.br\/semasc\/prefeitura-de-manaus-prepara-operacao-cheia-2023\/"},"modified":"2023-02-08T09:33:52","modified_gmt":"2023-02-08T13:33:52","slug":"prefeitura-de-manaus-prepara-operacao-cheia-2023","status":"publish","type":"post","link":"https:\/\/www.manaus.am.gov.br\/semasc\/prefeitura-de-manaus-prepara-operacao-cheia-2023\/","title":{"rendered":"Prefeitura de Manaus prepara opera\u00e7\u00e3o \u2018Cheia 2023\u2019"},"content":{"rendered":"\n<p>A Prefeitura de Manaus, por meio da Secretaria Municipal de Seguran\u00e7a P\u00fablica e Defesa Social (Semseg), reuniu, nesta ter\u00e7a-feira, 7\/2, representantes de secretarias do munic\u00edpio para discutir o protocolo da \u201cCheia de 2023\u201d. A reuni\u00e3o aconteceu na sede do Centro de Coopera\u00e7\u00e3o da Cidade (CCC), onde \u00e9 realizado o monitoramento em tempo real da cidade.<\/p>\n\n\n\n<p>O encontro teve como objetivo apresentar um Plano de Trabalho que indique as etapas da cheia, os n\u00edveis de \u00e1gua e as atividades a serem realizadas em cada fase. O planejamento foi constru\u00eddo em conjunto com outros servi\u00e7os do munic\u00edpio que atuar\u00e3o durante a subida do rio que, no momento, ainda n\u00e3o apresenta sinais de severidade.<\/p>\n\n\n\n<p>&#8220;Hoje, o rio Negro est\u00e1 com mais de 22 metros. Ainda n\u00e3o representa uma enchente de severidade, mas, por conta de eventos passados, n\u00f3s j\u00e1 fazemos o monitoramento hidrol\u00f3gico, juntamente com o governo federal. Essa reuni\u00e3o \u00e9 uma prepara\u00e7\u00e3o para que as secretarias municipais possam ter um norte e, no caso de uma enchente severa, n\u00f3s possamos fazer um plano de trabalho voltado para assistir todas as fam\u00edlias que poder\u00e3o ser afetadas com as enchentes dos rios&#8221;, explicou o secret\u00e1rio-executivo de Prote\u00e7\u00e3o e Defesa Civil, Fernando J\u00fanior.<\/p>\n\n\n\n<p>A diretora do departamento de Prote\u00e7\u00e3o Social Especial da Secretaria Municipal de Assist\u00eancia Social e Cidadania (Semasc), Nelia Sardinha, destacou as fun\u00e7\u00f5es da secretaria dentro do Plano de Trabalho. &#8220;\u00c9 de responsabilidade da Semasc cadastrar as fam\u00edlias atingidas pela cheia e, depois, dispensar benef\u00edcios eventuais e fazer pagamento do Aux\u00edlio Aluguel, que \u00e9 por dois meses&#8221;, mencionou.<\/p>\n\n\n\n<p><strong>Alerta de Cheia<\/strong><\/p>\n\n\n\n<p>O primeiro alerta para a cheia pelo Servi\u00e7o Geol\u00f3gico do Brasil (CPRM) deve acontecer em mar\u00e7o, de acordo com o secret\u00e1rio-executivo Fernando J\u00fanior. Enquanto isso, a Semseg j\u00e1 se prepara com a aquisi\u00e7\u00e3o de madeira para a constru\u00e7\u00e3o de pontes, por exemplo.<\/p>\n\n\n\n<p>&#8220;O trabalho da Defesa Civil nesse primeiro momento \u00e9 cumprir o calend\u00e1rio com rela\u00e7\u00e3o aos desastres de enchente para 2023, acompanhando juntamente com o sistema dos governos federal e do Estado o monitoramento hidrol\u00f3gico do rio Negro, onde j\u00e1 apresenta na situa\u00e7\u00e3o de enchente&#8221;, complementou o secret\u00e1rio-executivo.<\/p>\n\n\n\n<p>Em 2022, a cota da \u00e1gua ultrapassou 29 metros, que \u00e9 a marca de inunda\u00e7\u00e3o severa.<\/p>\n\n\n\n<p>&#8212; &#8212; &#8212;<\/p>\n\n\n\n<p><strong>Texto e fotos<\/strong> \u2013 Divulga\u00e7\u00e3o\/Semseg<\/p>\n","protected":false},"excerpt":{"rendered":"","protected":false},"author":23,"featured_media":207570,"comment_status":"closed","ping_status":"closed","sticky":false,"template":"","format":"standard","meta":{"footnotes":""},"categories":[4],"tags":[5,6,7,8,9],"acf":[],"yoast_head":"<!-- This site is optimized with the Yoast SEO plugin v23.0 - https:\/\/yoast.com\/wordpress\/plugins\/seo\/ -->\n<title>Prefeitura de Manaus prepara opera\u00e7\u00e3o \u2018Cheia 2023\u2019<\/title>\n<meta name=\"description\" content=\"A Prefeitura de Manaus reuniu, nesta ter\u00e7a-feira, 7\/2, representantes de secretarias do munic\u00edpio para discutir o protocolo da Cheia de 2023.\" \/>\n<meta name=\"robots\" content=\"noindex, follow\" \/>\n<meta property=\"og:locale\" content=\"pt_BR\" \/>\n<meta property=\"og:type\" content=\"article\" \/>\n<meta property=\"og:title\" content=\"Prefeitura de Manaus prepara opera\u00e7\u00e3o \u2018Cheia 2023\u2019\" \/>\n<meta property=\"og:description\" content=\"A Prefeitura de Manaus reuniu, nesta ter\u00e7a-feira, 7\/2, representantes de secretarias do munic\u00edpio para discutir o protocolo da Cheia de 2023.\" \/>\n<meta property=\"og:url\" content=\"https:\/\/www.manaus.am.gov.br\/semasc\/prefeitura-de-manaus-prepara-operacao-cheia-2023\/\" \/>\n<meta property=\"og:site_name\" content=\"SEMASC\" \/>\n<meta property=\"article:publisher\" content=\"https:\/\/www.facebook.com\/semascmanaus\" \/>\n<meta property=\"article:published_time\" content=\"2023-02-08T13:17:46+00:00\" \/>\n<meta property=\"article:modified_time\" content=\"2023-02-08T13:33:52+00:00\" \/>\n<meta property=\"og:image\" content=\"https:\/\/www.manaus.am.gov.br\/semasc\/wp-content\/uploads\/sites\/17\/2023\/02\/IMG_20230207_195726_820.jpg\" \/>\n\t<meta property=\"og:image:width\" content=\"1280\" \/>\n\t<meta property=\"og:image:height\" content=\"853\" \/>\n\t<meta property=\"og:image:type\" content=\"image\/jpeg\" \/>\n<meta name=\"author\" content=\"Adriana Costa\" \/>\n<meta name=\"twitter:card\" content=\"summary_large_image\" \/>\n<meta name=\"twitter:label1\" content=\"Written by\" \/>\n\t<meta name=\"twitter:data1\" content=\"Adriana Costa\" \/>\n\t<meta name=\"twitter:label2\" content=\"Est. reading time\" \/>\n\t<meta name=\"twitter:data2\" content=\"3 minutos\" \/>\n<script type=\"application\/ld+json\" class=\"yoast-schema-graph\">{\"@context\":\"https:\/\/schema.org\",\"@graph\":[{\"@type\":\"Article\",\"@id\":\"https:\/\/www.manaus.am.gov.br\/semasc\/prefeitura-de-manaus-prepara-operacao-cheia-2023\/#article\",\"isPartOf\":{\"@id\":\"https:\/\/www.manaus.am.gov.br\/semasc\/prefeitura-de-manaus-prepara-operacao-cheia-2023\/\"},\"author\":{\"name\":\"Adriana Costa\",\"@id\":\"https:\/\/www.manaus.am.gov.br\/semasc\/#\/schema\/person\/4e49f4e267757a06ca072ec61b2b9968\"},\"headline\":\"Prefeitura de Manaus prepara opera\u00e7\u00e3o \u2018Cheia 2023\u2019\",\"datePublished\":\"2023-02-08T13:17:46+00:00\",\"dateModified\":\"2023-02-08T13:33:52+00:00\",\"mainEntityOfPage\":{\"@id\":\"https:\/\/www.manaus.am.gov.br\/semasc\/prefeitura-de-manaus-prepara-operacao-cheia-2023\/\"},\"wordCount\":409,\"publisher\":{\"@id\":\"https:\/\/www.manaus.am.gov.br\/semasc\/#organization\"},\"image\":{\"@id\":\"https:\/\/www.manaus.am.gov.br\/semasc\/prefeitura-de-manaus-prepara-operacao-cheia-2023\/#primaryimage\"},\"thumbnailUrl\":\"https:\/\/www.manaus.am.gov.br\/semasc\/wp-content\/uploads\/sites\/17\/2023\/02\/IMG_20230207_195726_820.jpg\",\"keywords\":[\"Cheia 2023\",\"opera\u00e7\u00e3o\",\"prefeitura de manaus\",\"reuni\u00e3o\",\"Semseg\"],\"articleSection\":[\"Preven\u00e7\u00e3o\"],\"inLanguage\":\"pt-BR\"},{\"@type\":\"WebPage\",\"@id\":\"https:\/\/www.manaus.am.gov.br\/semasc\/prefeitura-de-manaus-prepara-operacao-cheia-2023\/\",\"url\":\"https:\/\/www.manaus.am.gov.br\/semasc\/prefeitura-de-manaus-prepara-operacao-cheia-2023\/\",\"name\":\"Prefeitura de Manaus prepara opera\u00e7\u00e3o \u2018Cheia 2023\u2019\",\"isPartOf\":{\"@id\":\"https:\/\/www.manaus.am.gov.br\/semasc\/#website\"},\"primaryImageOfPage\":{\"@id\":\"https:\/\/www.manaus.am.gov.br\/semasc\/prefeitura-de-manaus-prepara-operacao-cheia-2023\/#primaryimage\"},\"image\":{\"@id\":\"https:\/\/www.manaus.am.gov.br\/semasc\/prefeitura-de-manaus-prepara-operacao-cheia-2023\/#primaryimage\"},\"thumbnailUrl\":\"https:\/\/www.manaus.am.gov.br\/semasc\/wp-content\/uploads\/sites\/17\/2023\/02\/IMG_20230207_195726_820.jpg\",\"datePublished\":\"2023-02-08T13:17:46+00:00\",\"dateModified\":\"2023-02-08T13:33:52+00:00\",\"description\":\"A Prefeitura de Manaus reuniu, nesta ter\u00e7a-feira, 7\/2, representantes de secretarias do munic\u00edpio para discutir o protocolo da Cheia de 2023.\",\"breadcrumb\":{\"@id\":\"https:\/\/www.manaus.am.gov.br\/semasc\/prefeitura-de-manaus-prepara-operacao-cheia-2023\/#breadcrumb\"},\"inLanguage\":\"pt-BR\",\"potentialAction\":[{\"@type\":\"ReadAction\",\"target\":[\"https:\/\/www.manaus.am.gov.br\/semasc\/prefeitura-de-manaus-prepara-operacao-cheia-2023\/\"]}]},{\"@type\":\"ImageObject\",\"inLanguage\":\"pt-BR\",\"@id\":\"https:\/\/www.manaus.am.gov.br\/semasc\/prefeitura-de-manaus-prepara-operacao-cheia-2023\/#primaryimage\",\"url\":\"https:\/\/www.manaus.am.gov.br\/semasc\/wp-content\/uploads\/sites\/17\/2023\/02\/IMG_20230207_195726_820.jpg\",\"contentUrl\":\"https:\/\/www.manaus.am.gov.br\/semasc\/wp-content\/uploads\/sites\/17\/2023\/02\/IMG_20230207_195726_820.jpg\",\"width\":1280,\"height\":853},{\"@type\":\"BreadcrumbList\",\"@id\":\"https:\/\/www.manaus.am.gov.br\/semasc\/prefeitura-de-manaus-prepara-operacao-cheia-2023\/#breadcrumb\",\"itemListElement\":[{\"@type\":\"ListItem\",\"position\":1,\"name\":\"Home\",\"item\":\"https:\/\/www.manaus.am.gov.br\/semasc\/\"},{\"@type\":\"ListItem\",\"position\":2,\"name\":\"Prefeitura de Manaus prepara opera\u00e7\u00e3o \u2018Cheia 2023\u2019\"}]},{\"@type\":\"WebSite\",\"@id\":\"https:\/\/www.manaus.am.gov.br\/semasc\/#website\",\"url\":\"https:\/\/www.manaus.am.gov.br\/semasc\/\",\"name\":\"SEMASC\",\"description\":\"Secretaria Municipal da Mulher, Assist\u00eancia Social e Cidadania.\",\"publisher\":{\"@id\":\"https:\/\/www.manaus.am.gov.br\/semasc\/#organization\"},\"alternateName\":\"Secretaria Municipal da Mulher, Assist\u00eancia Social e Cidadania\",\"potentialAction\":[{\"@type\":\"SearchAction\",\"target\":{\"@type\":\"EntryPoint\",\"urlTemplate\":\"https:\/\/www.manaus.am.gov.br\/semasc\/?s={search_term_string}\"},\"query-input\":\"required name=search_term_string\"}],\"inLanguage\":\"pt-BR\"},{\"@type\":\"Organization\",\"@id\":\"https:\/\/www.manaus.am.gov.br\/semasc\/#organization\",\"name\":\"Prefeitura de Manaus\",\"alternateName\":\"Prefeitura Municipal de Manaus\",\"url\":\"https:\/\/www.manaus.am.gov.br\/semasc\/\",\"logo\":{\"@type\":\"ImageObject\",\"inLanguage\":\"pt-BR\",\"@id\":\"https:\/\/www.manaus.am.gov.br\/semasc\/#\/schema\/logo\/image\/\",\"url\":\"https:\/\/www.manaus.am.gov.br\/semasc\/wp-content\/uploads\/sites\/17\/2024\/07\/favicon.png\",\"contentUrl\":\"https:\/\/www.manaus.am.gov.br\/semasc\/wp-content\/uploads\/sites\/17\/2024\/07\/favicon.png\",\"width\":300,\"height\":300,\"caption\":\"Prefeitura de Manaus\"},\"image\":{\"@id\":\"https:\/\/www.manaus.am.gov.br\/semasc\/#\/schema\/logo\/image\/\"},\"sameAs\":[\"https:\/\/www.facebook.com\/semascmanaus\",\"https:\/\/www.instagram.com\/semascmanaus\/\"]},{\"@type\":\"Person\",\"@id\":\"https:\/\/www.manaus.am.gov.br\/semasc\/#\/schema\/person\/4e49f4e267757a06ca072ec61b2b9968\",\"name\":\"Adriana Costa\",\"image\":{\"@type\":\"ImageObject\",\"inLanguage\":\"pt-BR\",\"@id\":\"https:\/\/www.manaus.am.gov.br\/semasc\/#\/schema\/person\/image\/\",\"url\":\"https:\/\/secure.gravatar.com\/avatar\/576258617ef7194f718179e766d57bd4?s=96&d=mm&r=g\",\"contentUrl\":\"https:\/\/secure.gravatar.com\/avatar\/576258617ef7194f718179e766d57bd4?s=96&d=mm&r=g\",\"caption\":\"Adriana Costa\"}}]}<\/script>\n<!-- \/ Yoast SEO plugin. -->","yoast_head_json":{"title":"Prefeitura de Manaus prepara opera\u00e7\u00e3o \u2018Cheia 2023\u2019","description":"A Prefeitura de Manaus reuniu, nesta ter\u00e7a-feira, 7\/2, representantes de secretarias do munic\u00edpio para discutir o protocolo da Cheia de 2023.","robots":{"index":"noindex","follow":"follow"},"og_locale":"pt_BR","og_type":"article","og_title":"Prefeitura de Manaus prepara opera\u00e7\u00e3o \u2018Cheia 2023\u2019","og_description":"A Prefeitura de Manaus reuniu, nesta ter\u00e7a-feira, 7\/2, representantes de secretarias do munic\u00edpio para discutir o protocolo da Cheia de 2023.","og_url":"https:\/\/www.manaus.am.gov.br\/semasc\/prefeitura-de-manaus-prepara-operacao-cheia-2023\/","og_site_name":"SEMASC","article_publisher":"https:\/\/www.facebook.com\/semascmanaus","article_published_time":"2023-02-08T13:17:46+00:00","article_modified_time":"2023-02-08T13:33:52+00:00","og_image":[{"width":1280,"height":853,"url":"https:\/\/www.manaus.am.gov.br\/semasc\/wp-content\/uploads\/sites\/17\/2023\/02\/IMG_20230207_195726_820.jpg","type":"image\/jpeg"}],"author":"Adriana Costa","twitter_card":"summary_large_image","twitter_misc":{"Written by":"Adriana Costa","Est. reading time":"3 minutos"},"schema":{"@context":"https:\/\/schema.org","@graph":[{"@type":"Article","@id":"https:\/\/www.manaus.am.gov.br\/semasc\/prefeitura-de-manaus-prepara-operacao-cheia-2023\/#article","isPartOf":{"@id":"https:\/\/www.manaus.am.gov.br\/semasc\/prefeitura-de-manaus-prepara-operacao-cheia-2023\/"},"author":{"name":"Adriana Costa","@id":"https:\/\/www.manaus.am.gov.br\/semasc\/#\/schema\/person\/4e49f4e267757a06ca072ec61b2b9968"},"headline":"Prefeitura de Manaus prepara opera\u00e7\u00e3o \u2018Cheia 2023\u2019","datePublished":"2023-02-08T13:17:46+00:00","dateModified":"2023-02-08T13:33:52+00:00","mainEntityOfPage":{"@id":"https:\/\/www.manaus.am.gov.br\/semasc\/prefeitura-de-manaus-prepara-operacao-cheia-2023\/"},"wordCount":409,"publisher":{"@id":"https:\/\/www.manaus.am.gov.br\/semasc\/#organization"},"image":{"@id":"https:\/\/www.manaus.am.gov.br\/semasc\/prefeitura-de-manaus-prepara-operacao-cheia-2023\/#primaryimage"},"thumbnailUrl":"https:\/\/www.manaus.am.gov.br\/semasc\/wp-content\/uploads\/sites\/17\/2023\/02\/IMG_20230207_195726_820.jpg","keywords":["Cheia 2023","opera\u00e7\u00e3o","prefeitura de manaus","reuni\u00e3o","Semseg"],"articleSection":["Preven\u00e7\u00e3o"],"inLanguage":"pt-BR"},{"@type":"WebPage","@id":"https:\/\/www.manaus.am.gov.br\/semasc\/prefeitura-de-manaus-prepara-operacao-cheia-2023\/","url":"https:\/\/www.manaus.am.gov.br\/semasc\/prefeitura-de-manaus-prepara-operacao-cheia-2023\/","name":"Prefeitura de Manaus prepara opera\u00e7\u00e3o \u2018Cheia 2023\u2019","isPartOf":{"@id":"https:\/\/www.manaus.am.gov.br\/semasc\/#website"},"primaryImageOfPage":{"@id":"https:\/\/www.manaus.am.gov.br\/semasc\/prefeitura-de-manaus-prepara-operacao-cheia-2023\/#primaryimage"},"image":{"@id":"https:\/\/www.manaus.am.gov.br\/semasc\/prefeitura-de-manaus-prepara-operacao-cheia-2023\/#primaryimage"},"thumbnailUrl":"https:\/\/www.manaus.am.gov.br\/semasc\/wp-content\/uploads\/sites\/17\/2023\/02\/IMG_20230207_195726_820.jpg","datePublished":"2023-02-08T13:17:46+00:00","dateModified":"2023-02-08T13:33:52+00:00","description":"A Prefeitura de Manaus reuniu, nesta ter\u00e7a-feira, 7\/2, representantes de secretarias do munic\u00edpio para discutir o protocolo da Cheia de 2023.","breadcrumb":{"@id":"https:\/\/www.manaus.am.gov.br\/semasc\/prefeitura-de-manaus-prepara-operacao-cheia-2023\/#breadcrumb"},"inLanguage":"pt-BR","potentialAction":[{"@type":"ReadAction","target":["https:\/\/www.manaus.am.gov.br\/semasc\/prefeitura-de-manaus-prepara-operacao-cheia-2023\/"]}]},{"@type":"ImageObject","inLanguage":"pt-BR","@id":"https:\/\/www.manaus.am.gov.br\/semasc\/prefeitura-de-manaus-prepara-operacao-cheia-2023\/#primaryimage","url":"https:\/\/www.manaus.am.gov.br\/semasc\/wp-content\/uploads\/sites\/17\/2023\/02\/IMG_20230207_195726_820.jpg","contentUrl":"https:\/\/www.manaus.am.gov.br\/semasc\/wp-content\/uploads\/sites\/17\/2023\/02\/IMG_20230207_195726_820.jpg","width":1280,"height":853},{"@type":"BreadcrumbList","@id":"https:\/\/www.manaus.am.gov.br\/semasc\/prefeitura-de-manaus-prepara-operacao-cheia-2023\/#breadcrumb","itemListElement":[{"@type":"ListItem","position":1,"name":"Home","item":"https:\/\/www.manaus.am.gov.br\/semasc\/"},{"@type":"ListItem","position":2,"name":"Prefeitura de Manaus prepara opera\u00e7\u00e3o \u2018Cheia 2023\u2019"}]},{"@type":"WebSite","@id":"https:\/\/www.manaus.am.gov.br\/semasc\/#website","url":"https:\/\/www.manaus.am.gov.br\/semasc\/","name":"SEMASC","description":"Secretaria Municipal da Mulher, Assist\u00eancia Social e Cidadania.","publisher":{"@id":"https:\/\/www.manaus.am.gov.br\/semasc\/#organization"},"alternateName":"Secretaria Municipal da Mulher, Assist\u00eancia Social e Cidadania","potentialAction":[{"@type":"SearchAction","target":{"@type":"EntryPoint","urlTemplate":"https:\/\/www.manaus.am.gov.br\/semasc\/?s={search_term_string}"},"query-input":"required name=search_term_string"}],"inLanguage":"pt-BR"},{"@type":"Organization","@id":"https:\/\/www.manaus.am.gov.br\/semasc\/#organization","name":"Prefeitura de Manaus","alternateName":"Prefeitura Municipal de Manaus","url":"https:\/\/www.manaus.am.gov.br\/semasc\/","logo":{"@type":"ImageObject","inLanguage":"pt-BR","@id":"https:\/\/www.manaus.am.gov.br\/semasc\/#\/schema\/logo\/image\/","url":"https:\/\/www.manaus.am.gov.br\/semasc\/wp-content\/uploads\/sites\/17\/2024\/07\/favicon.png","contentUrl":"https:\/\/www.manaus.am.gov.br\/semasc\/wp-content\/uploads\/sites\/17\/2024\/07\/favicon.png","width":300,"height":300,"caption":"Prefeitura de Manaus"},"image":{"@id":"https:\/\/www.manaus.am.gov.br\/semasc\/#\/schema\/logo\/image\/"},"sameAs":["https:\/\/www.facebook.com\/semascmanaus","https:\/\/www.instagram.com\/semascmanaus\/"]},{"@type":"Person","@id":"https:\/\/www.manaus.am.gov.br\/semasc\/#\/schema\/person\/4e49f4e267757a06ca072ec61b2b9968","name":"Adriana Costa","image":{"@type":"ImageObject","inLanguage":"pt-BR","@id":"https:\/\/www.manaus.am.gov.br\/semasc\/#\/schema\/person\/image\/","url":"https:\/\/secure.gravatar.com\/avatar\/576258617ef7194f718179e766d57bd4?s=96&d=mm&r=g","contentUrl":"https:\/\/secure.gravatar.com\/avatar\/576258617ef7194f718179e766d57bd4?s=96&d=mm&r=g","caption":"Adriana Costa"}}]}},"_links":{"self":[{"href":"https:\/\/www.manaus.am.gov.br\/semasc\/wp-json\/wp\/v2\/posts\/207569"}],"collection":[{"href":"https:\/\/www.manaus.am.gov.br\/semasc\/wp-json\/wp\/v2\/posts"}],"about":[{"href":"https:\/\/www.manaus.am.gov.br\/semasc\/wp-json\/wp\/v2\/types\/post"}],"author":[{"embeddable":true,"href":"https:\/\/www.manaus.am.gov.br\/semasc\/wp-json\/wp\/v2\/users\/23"}],"replies":[{"embeddable":true,"href":"https:\/\/www.manaus.am.gov.br\/semasc\/wp-json\/wp\/v2\/comments?post=207569"}],"version-history":[{"count":0,"href":"https:\/\/www.manaus.am.gov.br\/semasc\/wp-json\/wp\/v2\/posts\/207569\/revisions"}],"wp:featuredmedia":[{"embeddable":true,"href":"https:\/\/www.manaus.am.gov.br\/semasc\/wp-json\/wp\/v2\/media\/207570"}],"wp:attachment":[{"href":"https:\/\/www.manaus.am.gov.br\/semasc\/wp-json\/wp\/v2\/media?parent=207569"}],"wp:term":[{"taxonomy":"category","embeddable":true,"href":"https:\/\/www.manaus.am.gov.br\/semasc\/wp-json\/wp\/v2\/categories?post=207569"},{"taxonomy":"post_tag","embeddable":true,"href":"https:\/\/www.manaus.am.gov.br\/semasc\/wp-json\/wp\/v2\/tags?post=207569"}],"curies":[{"name":"wp","href":"https:\/\/api.w.org\/{rel}","templated":true}]}}