{"id":3049,"date":"2026-08-25T15:55:24","date_gmt":"2026-08-25T19:55:24","guid":{"rendered":"https:\/\/www.manaus.am.gov.br\/semad\/sem-categoria\/credenciamento-para-instrutores-da-espi-semad\/"},"modified":"2026-08-25T20:13:00","modified_gmt":"2026-08-26T00:13:00","slug":"credenciamento-para-instrutores-da-espi-semad","status":"publish","type":"post","link":"https:\/\/www.manaus.am.gov.br\/semad\/capacitacao\/credenciamento-para-instrutores-da-espi-semad\/","title":{"rendered":"Prefeitura de Manaus reabre credenciamento para instrutores da Espi\/Semad com novo portal"},"content":{"rendered":"\n<p>A <a href=\"https:\/\/www.manaus.am.gov.br\/\">Prefeitura de Manaus<\/a>, por meio da Escola de Servi\u00e7o P\u00fablico Municipal e Inclus\u00e3o Socioeducacional (Espi), vinculada \u00e0<a href=\"https:\/\/www.instagram.com\/semadmanaus\/\"> Secretaria Municipal de Administra\u00e7\u00e3o e Gest\u00e3o<\/a> (Semad), abriu novo credenciamento para profissionais interessados em atuar nas a\u00e7\u00f5es de capacita\u00e7\u00e3o do munic\u00edpio. O Edital de Credenciamento n\u00ba 001\/2026 \u2013 Espi\/Semad, publicado na edi\u00e7\u00e3o n\u00ba 6.380, de 24\/08\/2026, do Di\u00e1rio Oficial do Munic\u00edpio (DOM), contempla instrutores, palestrantes, tutores e produtores e tem como objetivo ampliar o banco de profissionais da Escola.<\/p>\n\n\n\n<p>Os profissionais interessados podem consultar o edital, conferir os requisitos e realizar o credenciamento diretamente pelo endere\u00e7o eletr\u00f4nico: <a href=\"https:\/\/credenciamento-espi.manaus.am.gov.br\/\">https:\/\/credenciamento-espi.manaus.am.gov.br\/<\/a>.&nbsp;<\/p>\n\n\n\n<p>Para o secret\u00e1rio da Semad, Heliatan Botelho, a iniciativa representa um marco importante para a gest\u00e3o p\u00fablica municipal, aliando inova\u00e7\u00e3o tecnol\u00f3gica e valoriza\u00e7\u00e3o funcional. \u201cSeguindo as determina\u00e7\u00f5es do prefeito Renato Junior, temos avan\u00e7ado na pol\u00edtica de reconhecimento e capacita\u00e7\u00e3o dos nossos servidores. Esse credenciamento amplia as possibilidades de acesso a profissionais qualificados e, com o novo portal, moderniza uma etapa importante desse processo, al\u00e9m de contribuir diretamente para a qualidade dos servi\u00e7os prestados \u00e0 popula\u00e7\u00e3o\u201d, destacou Botelho.<\/p>\n\n\n\n<p>As capacita\u00e7\u00f5es s\u00e3o planejadas a partir do Levantamento de Necessidades de Capacita\u00e7\u00e3o (LNC), instrumento que permite identificar as principais demandas de desenvolvimento dos servidores e orientar a programa\u00e7\u00e3o da Espi. Atualmente, s\u00e3o contemplados 15 eixos de capacita\u00e7\u00e3o: aten\u00e7\u00e3o \u00e0 sa\u00fade; aten\u00e7\u00e3o ao idoso; auditoria e controladoria; compras e contratos; comunica\u00e7\u00e3o e linguagem; desenvolvimento econ\u00f4mico; gest\u00e3o de documentos; gest\u00e3o de pessoas; jur\u00eddica; meio ambiente e sustentabilidade; qualidade de vida e aposentadoria; qualidade e efici\u00eancia na gest\u00e3o p\u00fablica; seguran\u00e7a e tecnologia.<\/p>\n\n\n\n<p>Segundo a diretora-geral da Espi, Carol Passos, a iniciativa est\u00e1 ancorada no aperfei\u00e7oamento dos servidores. \u201cTemos trabalhado para fortalecer cada vez mais a capacita\u00e7\u00e3o e a valoriza\u00e7\u00e3o dos servidores p\u00fablicos. Ao estruturar essa ponte com especialistas de refer\u00eancia, impulsionamos o desenvolvimento do time e elevamos a efici\u00eancia no atendimento aos cidad\u00e3os, o que se reflete de forma direta em entregas melhores para a sociedade\u201d, pontuou Passos.&nbsp;<\/p>\n\n\n\n<p><strong>Facilita\u00e7\u00e3o no cadastro de novos instrutores<\/strong><\/p>\n\n\n\n<p>O novo portal de credenciamento, desenvolvido para centralizar as etapas de participa\u00e7\u00e3o dos profissionais, permite realizar a inscri\u00e7\u00e3o, enviar a documenta\u00e7\u00e3o e acompanhar as informa\u00e7\u00f5es referentes ao processo de forma on-line.<\/p>\n\n\n\n<p>Para Reniere Braga, chefe da Divis\u00e3o de Sistemas (DSIS), o sistema foi estruturado para automatizar e organizar o fluxo de credenciamento. \u201cCriamos uma arquitetura focada em desburocratizar a rotina operacional. Ao eliminar a verifica\u00e7\u00e3o manual de pap\u00e9is, o software garante auditabilidade completa, diminui o tempo de resposta e entrega total controle aos gestores em cada fase do procedimento. Isso otimiza o trabalho da equipe interna e assegura que a checagem dos inscritos ocorra de forma simples, fluida e totalmente audit\u00e1vel\u201d, explicou.<\/p>\n\n\n\n<p>O credenciamento \u00e9 gratuito e cont\u00ednuo. A habilita\u00e7\u00e3o n\u00e3o garante contrata\u00e7\u00e3o imediata, que ocorre conforme a demanda e as necessidades das a\u00e7\u00f5es formativas.<\/p>\n\n\n\n<p>\u2014 \u2014 \u2014<br><strong>Texto \u2013<\/strong> Vit\u00f3ria Viegas e Sidney William \/ Semad<br><strong>Fotos \u2013<\/strong> Sidney William \/ Semad<br><\/p>\n","protected":false},"excerpt":{"rendered":"","protected":false},"author":68,"featured_media":3050,"comment_status":"closed","ping_status":"closed","sticky":false,"template":"","format":"standard","meta":{"footnotes":""},"categories":[52],"tags":[627,9],"acf":[],"yoast_head":"<!-- This site is optimized with the Yoast SEO plugin v23.0 - https:\/\/yoast.com\/wordpress\/plugins\/seo\/ -->\n<title>Prefeitura de Manaus reabre credenciamento para instrutores da Espi\/Semad com novo portal<\/title>\n<meta name=\"description\" content=\"A Prefeitura de Manaus, abriu novo credenciamento para profissionais interessados em atuar nas a\u00e7\u00f5es de capacita\u00e7\u00e3o do munic\u00edpio.\" \/>\n<meta name=\"robots\" content=\"noindex, follow\" \/>\n<meta property=\"og:locale\" content=\"pt_BR\" \/>\n<meta property=\"og:type\" content=\"article\" \/>\n<meta property=\"og:title\" content=\"Prefeitura de Manaus reabre credenciamento para instrutores da Espi\/Semad com novo portal\" \/>\n<meta property=\"og:description\" content=\"A Prefeitura de Manaus, abriu novo credenciamento para profissionais interessados em atuar nas a\u00e7\u00f5es de capacita\u00e7\u00e3o do munic\u00edpio.\" \/>\n<meta property=\"og:url\" content=\"https:\/\/www.manaus.am.gov.br\/semad\/capacitacao\/credenciamento-para-instrutores-da-espi-semad\/\" \/>\n<meta property=\"og:site_name\" content=\"SEMAD\" \/>\n<meta property=\"article:published_time\" content=\"2026-08-25T19:55:24+00:00\" \/>\n<meta property=\"article:modified_time\" content=\"2026-08-26T00:13:00+00:00\" \/>\n<meta property=\"og:image\" content=\"https:\/\/www.manaus.am.gov.br\/semad\/wp-content\/uploads\/sites\/21\/2026\/08\/IMG_0989-1024x768.jpg\" \/>\n\t<meta property=\"og:image:width\" content=\"1024\" \/>\n\t<meta property=\"og:image:height\" content=\"768\" \/>\n\t<meta property=\"og:image:type\" content=\"image\/jpeg\" \/>\n<meta name=\"author\" content=\"bvalente\" \/>\n<meta name=\"twitter:card\" content=\"summary_large_image\" \/>\n<meta name=\"twitter:label1\" content=\"Written by\" \/>\n\t<meta name=\"twitter:data1\" content=\"bvalente\" \/>\n\t<meta name=\"twitter:label2\" content=\"Est. reading time\" \/>\n\t<meta name=\"twitter:data2\" content=\"3 minutos\" \/>\n<script type=\"application\/ld+json\" class=\"yoast-schema-graph\">{\"@context\":\"https:\/\/schema.org\",\"@graph\":[{\"@type\":\"Article\",\"@id\":\"https:\/\/www.manaus.am.gov.br\/semad\/capacitacao\/credenciamento-para-instrutores-da-espi-semad\/#article\",\"isPartOf\":{\"@id\":\"https:\/\/www.manaus.am.gov.br\/semad\/capacitacao\/credenciamento-para-instrutores-da-espi-semad\/\"},\"author\":{\"name\":\"bvalente\",\"@id\":\"https:\/\/www.manaus.am.gov.br\/semad\/#\/schema\/person\/466a0e03ae4b6062809046bd560ac955\"},\"headline\":\"Prefeitura de Manaus reabre credenciamento para instrutores da Espi\/Semad com novo portal\",\"datePublished\":\"2026-08-25T19:55:24+00:00\",\"dateModified\":\"2026-08-26T00:13:00+00:00\",\"mainEntityOfPage\":{\"@id\":\"https:\/\/www.manaus.am.gov.br\/semad\/capacitacao\/credenciamento-para-instrutores-da-espi-semad\/\"},\"wordCount\":548,\"publisher\":{\"@id\":\"https:\/\/www.manaus.am.gov.br\/semad\/#organization\"},\"image\":{\"@id\":\"https:\/\/www.manaus.am.gov.br\/semad\/capacitacao\/credenciamento-para-instrutores-da-espi-semad\/#primaryimage\"},\"thumbnailUrl\":\"https:\/\/www.manaus.am.gov.br\/semad\/wp-content\/uploads\/sites\/21\/2026\/08\/IMG_0989.jpg\",\"keywords\":[\"credenciamento para instrutores da Espi\/Semad\",\"prefeitura de manaus\"],\"articleSection\":[\"Capacita\u00e7\u00e3o\"],\"inLanguage\":\"pt-BR\"},{\"@type\":\"WebPage\",\"@id\":\"https:\/\/www.manaus.am.gov.br\/semad\/capacitacao\/credenciamento-para-instrutores-da-espi-semad\/\",\"url\":\"https:\/\/www.manaus.am.gov.br\/semad\/capacitacao\/credenciamento-para-instrutores-da-espi-semad\/\",\"name\":\"Prefeitura de Manaus reabre credenciamento para instrutores da Espi\/Semad com novo portal\",\"isPartOf\":{\"@id\":\"https:\/\/www.manaus.am.gov.br\/semad\/#website\"},\"primaryImageOfPage\":{\"@id\":\"https:\/\/www.manaus.am.gov.br\/semad\/capacitacao\/credenciamento-para-instrutores-da-espi-semad\/#primaryimage\"},\"image\":{\"@id\":\"https:\/\/www.manaus.am.gov.br\/semad\/capacitacao\/credenciamento-para-instrutores-da-espi-semad\/#primaryimage\"},\"thumbnailUrl\":\"https:\/\/www.manaus.am.gov.br\/semad\/wp-content\/uploads\/sites\/21\/2026\/08\/IMG_0989.jpg\",\"datePublished\":\"2026-08-25T19:55:24+00:00\",\"dateModified\":\"2026-08-26T00:13:00+00:00\",\"description\":\"A Prefeitura de Manaus, abriu novo credenciamento para profissionais interessados em atuar nas a\u00e7\u00f5es de capacita\u00e7\u00e3o do munic\u00edpio.\",\"breadcrumb\":{\"@id\":\"https:\/\/www.manaus.am.gov.br\/semad\/capacitacao\/credenciamento-para-instrutores-da-espi-semad\/#breadcrumb\"},\"inLanguage\":\"pt-BR\",\"potentialAction\":[{\"@type\":\"ReadAction\",\"target\":[\"https:\/\/www.manaus.am.gov.br\/semad\/capacitacao\/credenciamento-para-instrutores-da-espi-semad\/\"]}]},{\"@type\":\"ImageObject\",\"inLanguage\":\"pt-BR\",\"@id\":\"https:\/\/www.manaus.am.gov.br\/semad\/capacitacao\/credenciamento-para-instrutores-da-espi-semad\/#primaryimage\",\"url\":\"https:\/\/www.manaus.am.gov.br\/semad\/wp-content\/uploads\/sites\/21\/2026\/08\/IMG_0989.jpg\",\"contentUrl\":\"https:\/\/www.manaus.am.gov.br\/semad\/wp-content\/uploads\/sites\/21\/2026\/08\/IMG_0989.jpg\",\"width\":5712,\"height\":4284,\"caption\":\"#paratodosverem - Usu\u00e1rio acessando p\u00e1gina no portal da Espi\/Semad\"},{\"@type\":\"BreadcrumbList\",\"@id\":\"https:\/\/www.manaus.am.gov.br\/semad\/capacitacao\/credenciamento-para-instrutores-da-espi-semad\/#breadcrumb\",\"itemListElement\":[{\"@type\":\"ListItem\",\"position\":1,\"name\":\"Home\",\"item\":\"https:\/\/www.manaus.am.gov.br\/semad\/\"},{\"@type\":\"ListItem\",\"position\":2,\"name\":\"Prefeitura de Manaus reabre credenciamento para instrutores da Espi\/Semad com novo portal\"}]},{\"@type\":\"WebSite\",\"@id\":\"https:\/\/www.manaus.am.gov.br\/semad\/#website\",\"url\":\"https:\/\/www.manaus.am.gov.br\/semad\/\",\"name\":\"SEMAD\",\"description\":\"Prefeitura de Manaus\",\"publisher\":{\"@id\":\"https:\/\/www.manaus.am.gov.br\/semad\/#organization\"},\"alternateName\":\"Secretaria Municipal de Administra\u00e7\u00e3o, Planejamento e Gest\u00e3o\",\"potentialAction\":[{\"@type\":\"SearchAction\",\"target\":{\"@type\":\"EntryPoint\",\"urlTemplate\":\"https:\/\/www.manaus.am.gov.br\/semad\/?s={search_term_string}\"},\"query-input\":\"required name=search_term_string\"}],\"inLanguage\":\"pt-BR\"},{\"@type\":\"Organization\",\"@id\":\"https:\/\/www.manaus.am.gov.br\/semad\/#organization\",\"name\":\"Prefeitura Municipal de Manaus\",\"alternateName\":\"Prefeitura de Manaus\",\"url\":\"https:\/\/www.manaus.am.gov.br\/semad\/\",\"logo\":{\"@type\":\"ImageObject\",\"inLanguage\":\"pt-BR\",\"@id\":\"https:\/\/www.manaus.am.gov.br\/semad\/#\/schema\/logo\/image\/\",\"url\":\"https:\/\/www.manaus.am.gov.br\/semad\/wp-content\/uploads\/sites\/21\/2024\/07\/favicon.png\",\"contentUrl\":\"https:\/\/www.manaus.am.gov.br\/semad\/wp-content\/uploads\/sites\/21\/2024\/07\/favicon.png\",\"width\":300,\"height\":300,\"caption\":\"Prefeitura Municipal de Manaus\"},\"image\":{\"@id\":\"https:\/\/www.manaus.am.gov.br\/semad\/#\/schema\/logo\/image\/\"}},{\"@type\":\"Person\",\"@id\":\"https:\/\/www.manaus.am.gov.br\/semad\/#\/schema\/person\/466a0e03ae4b6062809046bd560ac955\",\"name\":\"bvalente\",\"image\":{\"@type\":\"ImageObject\",\"inLanguage\":\"pt-BR\",\"@id\":\"https:\/\/www.manaus.am.gov.br\/semad\/#\/schema\/person\/image\/\",\"url\":\"https:\/\/secure.gravatar.com\/avatar\/3e69bc2b014bdad41adfec3a39de07d2?s=96&d=mm&r=g\",\"contentUrl\":\"https:\/\/secure.gravatar.com\/avatar\/3e69bc2b014bdad41adfec3a39de07d2?s=96&d=mm&r=g\",\"caption\":\"bvalente\"}}]}<\/script>\n<!-- \/ Yoast SEO plugin. -->","yoast_head_json":{"title":"Prefeitura de Manaus reabre credenciamento para instrutores da Espi\/Semad com novo portal","description":"A Prefeitura de Manaus, abriu novo credenciamento para profissionais interessados em atuar nas a\u00e7\u00f5es de capacita\u00e7\u00e3o do munic\u00edpio.","robots":{"index":"noindex","follow":"follow"},"og_locale":"pt_BR","og_type":"article","og_title":"Prefeitura de Manaus reabre credenciamento para instrutores da Espi\/Semad com novo portal","og_description":"A Prefeitura de Manaus, abriu novo credenciamento para profissionais interessados em atuar nas a\u00e7\u00f5es de capacita\u00e7\u00e3o do munic\u00edpio.","og_url":"https:\/\/www.manaus.am.gov.br\/semad\/capacitacao\/credenciamento-para-instrutores-da-espi-semad\/","og_site_name":"SEMAD","article_published_time":"2026-08-25T19:55:24+00:00","article_modified_time":"2026-08-26T00:13:00+00:00","og_image":[{"width":1024,"height":768,"url":"https:\/\/www.manaus.am.gov.br\/semad\/wp-content\/uploads\/sites\/21\/2026\/08\/IMG_0989-1024x768.jpg","type":"image\/jpeg"}],"author":"bvalente","twitter_card":"summary_large_image","twitter_misc":{"Written by":"bvalente","Est. reading time":"3 minutos"},"schema":{"@context":"https:\/\/schema.org","@graph":[{"@type":"Article","@id":"https:\/\/www.manaus.am.gov.br\/semad\/capacitacao\/credenciamento-para-instrutores-da-espi-semad\/#article","isPartOf":{"@id":"https:\/\/www.manaus.am.gov.br\/semad\/capacitacao\/credenciamento-para-instrutores-da-espi-semad\/"},"author":{"name":"bvalente","@id":"https:\/\/www.manaus.am.gov.br\/semad\/#\/schema\/person\/466a0e03ae4b6062809046bd560ac955"},"headline":"Prefeitura de Manaus reabre credenciamento para instrutores da Espi\/Semad com novo portal","datePublished":"2026-08-25T19:55:24+00:00","dateModified":"2026-08-26T00:13:00+00:00","mainEntityOfPage":{"@id":"https:\/\/www.manaus.am.gov.br\/semad\/capacitacao\/credenciamento-para-instrutores-da-espi-semad\/"},"wordCount":548,"publisher":{"@id":"https:\/\/www.manaus.am.gov.br\/semad\/#organization"},"image":{"@id":"https:\/\/www.manaus.am.gov.br\/semad\/capacitacao\/credenciamento-para-instrutores-da-espi-semad\/#primaryimage"},"thumbnailUrl":"https:\/\/www.manaus.am.gov.br\/semad\/wp-content\/uploads\/sites\/21\/2026\/08\/IMG_0989.jpg","keywords":["credenciamento para instrutores da Espi\/Semad","prefeitura de manaus"],"articleSection":["Capacita\u00e7\u00e3o"],"inLanguage":"pt-BR"},{"@type":"WebPage","@id":"https:\/\/www.manaus.am.gov.br\/semad\/capacitacao\/credenciamento-para-instrutores-da-espi-semad\/","url":"https:\/\/www.manaus.am.gov.br\/semad\/capacitacao\/credenciamento-para-instrutores-da-espi-semad\/","name":"Prefeitura de Manaus reabre credenciamento para instrutores da Espi\/Semad com novo portal","isPartOf":{"@id":"https:\/\/www.manaus.am.gov.br\/semad\/#website"},"primaryImageOfPage":{"@id":"https:\/\/www.manaus.am.gov.br\/semad\/capacitacao\/credenciamento-para-instrutores-da-espi-semad\/#primaryimage"},"image":{"@id":"https:\/\/www.manaus.am.gov.br\/semad\/capacitacao\/credenciamento-para-instrutores-da-espi-semad\/#primaryimage"},"thumbnailUrl":"https:\/\/www.manaus.am.gov.br\/semad\/wp-content\/uploads\/sites\/21\/2026\/08\/IMG_0989.jpg","datePublished":"2026-08-25T19:55:24+00:00","dateModified":"2026-08-26T00:13:00+00:00","description":"A Prefeitura de Manaus, abriu novo credenciamento para profissionais interessados em atuar nas a\u00e7\u00f5es de capacita\u00e7\u00e3o do munic\u00edpio.","breadcrumb":{"@id":"https:\/\/www.manaus.am.gov.br\/semad\/capacitacao\/credenciamento-para-instrutores-da-espi-semad\/#breadcrumb"},"inLanguage":"pt-BR","potentialAction":[{"@type":"ReadAction","target":["https:\/\/www.manaus.am.gov.br\/semad\/capacitacao\/credenciamento-para-instrutores-da-espi-semad\/"]}]},{"@type":"ImageObject","inLanguage":"pt-BR","@id":"https:\/\/www.manaus.am.gov.br\/semad\/capacitacao\/credenciamento-para-instrutores-da-espi-semad\/#primaryimage","url":"https:\/\/www.manaus.am.gov.br\/semad\/wp-content\/uploads\/sites\/21\/2026\/08\/IMG_0989.jpg","contentUrl":"https:\/\/www.manaus.am.gov.br\/semad\/wp-content\/uploads\/sites\/21\/2026\/08\/IMG_0989.jpg","width":5712,"height":4284,"caption":"#paratodosverem - Usu\u00e1rio acessando p\u00e1gina no portal da Espi\/Semad"},{"@type":"BreadcrumbList","@id":"https:\/\/www.manaus.am.gov.br\/semad\/capacitacao\/credenciamento-para-instrutores-da-espi-semad\/#breadcrumb","itemListElement":[{"@type":"ListItem","position":1,"name":"Home","item":"https:\/\/www.manaus.am.gov.br\/semad\/"},{"@type":"ListItem","position":2,"name":"Prefeitura de Manaus reabre credenciamento para instrutores da Espi\/Semad com novo portal"}]},{"@type":"WebSite","@id":"https:\/\/www.manaus.am.gov.br\/semad\/#website","url":"https:\/\/www.manaus.am.gov.br\/semad\/","name":"SEMAD","description":"Prefeitura de Manaus","publisher":{"@id":"https:\/\/www.manaus.am.gov.br\/semad\/#organization"},"alternateName":"Secretaria Municipal de Administra\u00e7\u00e3o, Planejamento e Gest\u00e3o","potentialAction":[{"@type":"SearchAction","target":{"@type":"EntryPoint","urlTemplate":"https:\/\/www.manaus.am.gov.br\/semad\/?s={search_term_string}"},"query-input":"required name=search_term_string"}],"inLanguage":"pt-BR"},{"@type":"Organization","@id":"https:\/\/www.manaus.am.gov.br\/semad\/#organization","name":"Prefeitura Municipal de Manaus","alternateName":"Prefeitura de Manaus","url":"https:\/\/www.manaus.am.gov.br\/semad\/","logo":{"@type":"ImageObject","inLanguage":"pt-BR","@id":"https:\/\/www.manaus.am.gov.br\/semad\/#\/schema\/logo\/image\/","url":"https:\/\/www.manaus.am.gov.br\/semad\/wp-content\/uploads\/sites\/21\/2024\/07\/favicon.png","contentUrl":"https:\/\/www.manaus.am.gov.br\/semad\/wp-content\/uploads\/sites\/21\/2024\/07\/favicon.png","width":300,"height":300,"caption":"Prefeitura Municipal de Manaus"},"image":{"@id":"https:\/\/www.manaus.am.gov.br\/semad\/#\/schema\/logo\/image\/"}},{"@type":"Person","@id":"https:\/\/www.manaus.am.gov.br\/semad\/#\/schema\/person\/466a0e03ae4b6062809046bd560ac955","name":"bvalente","image":{"@type":"ImageObject","inLanguage":"pt-BR","@id":"https:\/\/www.manaus.am.gov.br\/semad\/#\/schema\/person\/image\/","url":"https:\/\/secure.gravatar.com\/avatar\/3e69bc2b014bdad41adfec3a39de07d2?s=96&d=mm&r=g","contentUrl":"https:\/\/secure.gravatar.com\/avatar\/3e69bc2b014bdad41adfec3a39de07d2?s=96&d=mm&r=g","caption":"bvalente"}}]}},"_links":{"self":[{"href":"https:\/\/www.manaus.am.gov.br\/semad\/wp-json\/wp\/v2\/posts\/3049"}],"collection":[{"href":"https:\/\/www.manaus.am.gov.br\/semad\/wp-json\/wp\/v2\/posts"}],"about":[{"href":"https:\/\/www.manaus.am.gov.br\/semad\/wp-json\/wp\/v2\/types\/post"}],"author":[{"embeddable":true,"href":"https:\/\/www.manaus.am.gov.br\/semad\/wp-json\/wp\/v2\/users\/68"}],"replies":[{"embeddable":true,"href":"https:\/\/www.manaus.am.gov.br\/semad\/wp-json\/wp\/v2\/comments?post=3049"}],"version-history":[{"count":2,"href":"https:\/\/www.manaus.am.gov.br\/semad\/wp-json\/wp\/v2\/posts\/3049\/revisions"}],"predecessor-version":[{"id":3052,"href":"https:\/\/www.manaus.am.gov.br\/semad\/wp-json\/wp\/v2\/posts\/3049\/revisions\/3052"}],"wp:featuredmedia":[{"embeddable":true,"href":"https:\/\/www.manaus.am.gov.br\/semad\/wp-json\/wp\/v2\/media\/3050"}],"wp:attachment":[{"href":"https:\/\/www.manaus.am.gov.br\/semad\/wp-json\/wp\/v2\/media?parent=3049"}],"wp:term":[{"taxonomy":"category","embeddable":true,"href":"https:\/\/www.manaus.am.gov.br\/semad\/wp-json\/wp\/v2\/categories?post=3049"},{"taxonomy":"post_tag","embeddable":true,"href":"https:\/\/www.manaus.am.gov.br\/semad\/wp-json\/wp\/v2\/tags?post=3049"}],"curies":[{"name":"wp","href":"https:\/\/api.w.org\/{rel}","templated":true}]}}