{"id":2166,"date":"2025-11-13T12:07:05","date_gmt":"2025-11-13T16:07:05","guid":{"rendered":"https:\/\/www.manaus.am.gov.br\/semad\/sem-categoria\/prefeitura-semad-resultadopbu2026\/"},"modified":"2025-12-15T13:06:54","modified_gmt":"2025-12-15T17:06:54","slug":"prefeitura-semad-programa-bolsa-universidade-2026","status":"publish","type":"post","link":"https:\/\/www.manaus.am.gov.br\/semad\/nota\/prefeitura-semad-programa-bolsa-universidade-2026\/","title":{"rendered":"Prefeitura de Manaus anuncia resultado do Programa Bolsa Universidade 2026"},"content":{"rendered":"\n<p>A <a href=\"https:\/\/www.manaus.am.gov.br\">Prefeitura de Manaus<\/a>, por meio da Escola de Servi\u00e7o P\u00fablico Municipal e Inclus\u00e3o Socioeducacional (Espi), \u00f3rg\u00e3o vinculado \u00e0 Secretaria Municipal de Administra\u00e7\u00e3o e Gest\u00e3o (Semad), informa que a publica\u00e7\u00e3o do resultado da primeira chamada do Programa Bolsa Universidade 2026 j\u00e1 est\u00e1 dispon\u00edvel para consulta no portal do candidato <a href=\"https:\/\/sgbu.manaus.am.gov.br\/inscricao\" target=\"_blank\" rel=\"noreferrer noopener\">(https:\/\/sgbu.manaus.am.gov.br\/inscricao<\/a>). A publica\u00e7\u00e3o oficial no Di\u00e1rio Oficial do Munic\u00edpio (DOM) ser\u00e1 feita na noite desta quinta-feira, 13\/11.<\/p>\n\n\n\n<p>No Programa Bolsa Universidade 2026 as bolsas foram distribu\u00eddas em tr\u00eas modalidades: 100%&nbsp;(integrais), 75% e 50%, nas modalidades de compensa\u00e7\u00e3o tribut\u00e1ria e volunt\u00e1ria. Do total, de 43.727, para ampla concorr\u00eancia foram destinadas 40.388; 2.286 para Pessoas com Defici\u00eancia (PcDs); e 1.053 para pessoas acima de 60 anos que desejam iniciar uma gradua\u00e7\u00e3o.<\/p>\n\n\n\n<p>O PBU integra o conjunto de pol\u00edticas de inclus\u00e3o socioeducacional da prefeitura, que tamb\u00e9m contempla o Bolsa P\u00f3s-Gradua\u00e7\u00e3o (PBPG) e o Bolsa Idiomas (PBI), ampliando a forma\u00e7\u00e3o acad\u00eamica e profissional dos manauaras.<\/p>\n\n\n\n<p>&#8212; &#8212; &#8212;<\/p>\n\n\n\n<p>Texto&nbsp;\u2013 Divulga\u00e7\u00e3o \/ Semad-Espi<\/p>\n","protected":false},"excerpt":{"rendered":"","protected":false},"author":23,"featured_media":2167,"comment_status":"closed","ping_status":"closed","sticky":false,"template":"","format":"standard","meta":{"footnotes":""},"categories":[26],"tags":[28,9,541,397],"acf":[],"yoast_head":"<!-- This site is optimized with the Yoast SEO plugin v23.0 - https:\/\/yoast.com\/wordpress\/plugins\/seo\/ -->\n<title>Bolsa Universidade 2026: PMM anuncia resultado<\/title>\n<meta name=\"description\" content=\"A PMM, por meio da ESPI, \u00f3rg\u00e3o vinculado \u00e0 SEMAD, informa que o resultado do Programa Bolsa Universidade 2026 j\u00e1 est\u00e1 dispon\u00edvel\" \/>\n<meta name=\"robots\" content=\"noindex, follow\" \/>\n<meta property=\"og:locale\" content=\"pt_BR\" \/>\n<meta property=\"og:type\" content=\"article\" \/>\n<meta property=\"og:title\" content=\"Bolsa Universidade 2026: PMM anuncia resultado\" \/>\n<meta property=\"og:description\" content=\"A PMM, por meio da ESPI, \u00f3rg\u00e3o vinculado \u00e0 SEMAD, informa que o resultado do Programa Bolsa Universidade 2026 j\u00e1 est\u00e1 dispon\u00edvel\" \/>\n<meta property=\"og:url\" content=\"https:\/\/www.manaus.am.gov.br\/semad\/nota\/prefeitura-semad-programa-bolsa-universidade-2026\/\" \/>\n<meta property=\"og:site_name\" content=\"SEMAD\" \/>\n<meta property=\"article:published_time\" content=\"2025-11-13T16:07:05+00:00\" \/>\n<meta property=\"article:modified_time\" content=\"2025-12-15T17:06:54+00:00\" \/>\n<meta property=\"og:image\" content=\"https:\/\/www.manaus.am.gov.br\/semad\/wp-content\/uploads\/sites\/21\/2025\/11\/BANNER-NOTA-1.png\" \/>\n\t<meta property=\"og:image:width\" content=\"900\" \/>\n\t<meta property=\"og:image:height\" content=\"509\" \/>\n\t<meta property=\"og:image:type\" content=\"image\/png\" \/>\n<meta name=\"author\" content=\"Adriana Costa\" \/>\n<meta name=\"twitter:card\" content=\"summary_large_image\" \/>\n<meta name=\"twitter:label1\" content=\"Written by\" \/>\n\t<meta name=\"twitter:data1\" content=\"Adriana Costa\" \/>\n\t<meta name=\"twitter:label2\" content=\"Est. reading time\" \/>\n\t<meta name=\"twitter:data2\" content=\"2 minutos\" \/>\n<script type=\"application\/ld+json\" class=\"yoast-schema-graph\">{\"@context\":\"https:\/\/schema.org\",\"@graph\":[{\"@type\":\"Article\",\"@id\":\"https:\/\/www.manaus.am.gov.br\/semad\/nota\/prefeitura-semad-programa-bolsa-universidade-2026\/#article\",\"isPartOf\":{\"@id\":\"https:\/\/www.manaus.am.gov.br\/semad\/nota\/prefeitura-semad-programa-bolsa-universidade-2026\/\"},\"author\":{\"name\":\"Adriana Costa\",\"@id\":\"https:\/\/www.manaus.am.gov.br\/semad\/#\/schema\/person\/4e49f4e267757a06ca072ec61b2b9968\"},\"headline\":\"Prefeitura de Manaus anuncia resultado do Programa Bolsa Universidade 2026\",\"datePublished\":\"2025-11-13T16:07:05+00:00\",\"dateModified\":\"2025-12-15T17:06:54+00:00\",\"mainEntityOfPage\":{\"@id\":\"https:\/\/www.manaus.am.gov.br\/semad\/nota\/prefeitura-semad-programa-bolsa-universidade-2026\/\"},\"wordCount\":189,\"publisher\":{\"@id\":\"https:\/\/www.manaus.am.gov.br\/semad\/#organization\"},\"image\":{\"@id\":\"https:\/\/www.manaus.am.gov.br\/semad\/nota\/prefeitura-semad-programa-bolsa-universidade-2026\/#primaryimage\"},\"thumbnailUrl\":\"https:\/\/www.manaus.am.gov.br\/semad\/wp-content\/uploads\/sites\/21\/2025\/11\/BANNER-NOTA-1.png\",\"keywords\":[\"espi\",\"prefeitura de manaus\",\"Programa Bolsa Universidade 2026\",\"resultado\"],\"articleSection\":[\"Nota\"],\"inLanguage\":\"pt-BR\"},{\"@type\":\"WebPage\",\"@id\":\"https:\/\/www.manaus.am.gov.br\/semad\/nota\/prefeitura-semad-programa-bolsa-universidade-2026\/\",\"url\":\"https:\/\/www.manaus.am.gov.br\/semad\/nota\/prefeitura-semad-programa-bolsa-universidade-2026\/\",\"name\":\"Bolsa Universidade 2026: PMM anuncia resultado\",\"isPartOf\":{\"@id\":\"https:\/\/www.manaus.am.gov.br\/semad\/#website\"},\"primaryImageOfPage\":{\"@id\":\"https:\/\/www.manaus.am.gov.br\/semad\/nota\/prefeitura-semad-programa-bolsa-universidade-2026\/#primaryimage\"},\"image\":{\"@id\":\"https:\/\/www.manaus.am.gov.br\/semad\/nota\/prefeitura-semad-programa-bolsa-universidade-2026\/#primaryimage\"},\"thumbnailUrl\":\"https:\/\/www.manaus.am.gov.br\/semad\/wp-content\/uploads\/sites\/21\/2025\/11\/BANNER-NOTA-1.png\",\"datePublished\":\"2025-11-13T16:07:05+00:00\",\"dateModified\":\"2025-12-15T17:06:54+00:00\",\"description\":\"A PMM, por meio da ESPI, \u00f3rg\u00e3o vinculado \u00e0 SEMAD, informa que o resultado do Programa Bolsa Universidade 2026 j\u00e1 est\u00e1 dispon\u00edvel\",\"breadcrumb\":{\"@id\":\"https:\/\/www.manaus.am.gov.br\/semad\/nota\/prefeitura-semad-programa-bolsa-universidade-2026\/#breadcrumb\"},\"inLanguage\":\"pt-BR\",\"potentialAction\":[{\"@type\":\"ReadAction\",\"target\":[\"https:\/\/www.manaus.am.gov.br\/semad\/nota\/prefeitura-semad-programa-bolsa-universidade-2026\/\"]}]},{\"@type\":\"ImageObject\",\"inLanguage\":\"pt-BR\",\"@id\":\"https:\/\/www.manaus.am.gov.br\/semad\/nota\/prefeitura-semad-programa-bolsa-universidade-2026\/#primaryimage\",\"url\":\"https:\/\/www.manaus.am.gov.br\/semad\/wp-content\/uploads\/sites\/21\/2025\/11\/BANNER-NOTA-1.png\",\"contentUrl\":\"https:\/\/www.manaus.am.gov.br\/semad\/wp-content\/uploads\/sites\/21\/2025\/11\/BANNER-NOTA-1.png\",\"width\":900,\"height\":509,\"caption\":\"Bolsa Universidade 2026\"},{\"@type\":\"BreadcrumbList\",\"@id\":\"https:\/\/www.manaus.am.gov.br\/semad\/nota\/prefeitura-semad-programa-bolsa-universidade-2026\/#breadcrumb\",\"itemListElement\":[{\"@type\":\"ListItem\",\"position\":1,\"name\":\"Home\",\"item\":\"https:\/\/www.manaus.am.gov.br\/semad\/\"},{\"@type\":\"ListItem\",\"position\":2,\"name\":\"Prefeitura de Manaus anuncia resultado do Programa Bolsa Universidade 2026\"}]},{\"@type\":\"WebSite\",\"@id\":\"https:\/\/www.manaus.am.gov.br\/semad\/#website\",\"url\":\"https:\/\/www.manaus.am.gov.br\/semad\/\",\"name\":\"SEMAD\",\"description\":\"Prefeitura de Manaus\",\"publisher\":{\"@id\":\"https:\/\/www.manaus.am.gov.br\/semad\/#organization\"},\"alternateName\":\"Secretaria Municipal de Administra\u00e7\u00e3o, Planejamento e Gest\u00e3o\",\"potentialAction\":[{\"@type\":\"SearchAction\",\"target\":{\"@type\":\"EntryPoint\",\"urlTemplate\":\"https:\/\/www.manaus.am.gov.br\/semad\/?s={search_term_string}\"},\"query-input\":\"required name=search_term_string\"}],\"inLanguage\":\"pt-BR\"},{\"@type\":\"Organization\",\"@id\":\"https:\/\/www.manaus.am.gov.br\/semad\/#organization\",\"name\":\"Prefeitura Municipal de Manaus\",\"alternateName\":\"Prefeitura de Manaus\",\"url\":\"https:\/\/www.manaus.am.gov.br\/semad\/\",\"logo\":{\"@type\":\"ImageObject\",\"inLanguage\":\"pt-BR\",\"@id\":\"https:\/\/www.manaus.am.gov.br\/semad\/#\/schema\/logo\/image\/\",\"url\":\"https:\/\/www.manaus.am.gov.br\/semad\/wp-content\/uploads\/sites\/21\/2024\/07\/favicon.png\",\"contentUrl\":\"https:\/\/www.manaus.am.gov.br\/semad\/wp-content\/uploads\/sites\/21\/2024\/07\/favicon.png\",\"width\":300,\"height\":300,\"caption\":\"Prefeitura Municipal de Manaus\"},\"image\":{\"@id\":\"https:\/\/www.manaus.am.gov.br\/semad\/#\/schema\/logo\/image\/\"}},{\"@type\":\"Person\",\"@id\":\"https:\/\/www.manaus.am.gov.br\/semad\/#\/schema\/person\/4e49f4e267757a06ca072ec61b2b9968\",\"name\":\"Adriana Costa\",\"image\":{\"@type\":\"ImageObject\",\"inLanguage\":\"pt-BR\",\"@id\":\"https:\/\/www.manaus.am.gov.br\/semad\/#\/schema\/person\/image\/\",\"url\":\"https:\/\/secure.gravatar.com\/avatar\/576258617ef7194f718179e766d57bd4?s=96&d=mm&r=g\",\"contentUrl\":\"https:\/\/secure.gravatar.com\/avatar\/576258617ef7194f718179e766d57bd4?s=96&d=mm&r=g\",\"caption\":\"Adriana Costa\"}}]}<\/script>\n<!-- \/ Yoast SEO plugin. -->","yoast_head_json":{"title":"Bolsa Universidade 2026: PMM anuncia resultado","description":"A PMM, por meio da ESPI, \u00f3rg\u00e3o vinculado \u00e0 SEMAD, informa que o resultado do Programa Bolsa Universidade 2026 j\u00e1 est\u00e1 dispon\u00edvel","robots":{"index":"noindex","follow":"follow"},"og_locale":"pt_BR","og_type":"article","og_title":"Bolsa Universidade 2026: PMM anuncia resultado","og_description":"A PMM, por meio da ESPI, \u00f3rg\u00e3o vinculado \u00e0 SEMAD, informa que o resultado do Programa Bolsa Universidade 2026 j\u00e1 est\u00e1 dispon\u00edvel","og_url":"https:\/\/www.manaus.am.gov.br\/semad\/nota\/prefeitura-semad-programa-bolsa-universidade-2026\/","og_site_name":"SEMAD","article_published_time":"2025-11-13T16:07:05+00:00","article_modified_time":"2025-12-15T17:06:54+00:00","og_image":[{"width":900,"height":509,"url":"https:\/\/www.manaus.am.gov.br\/semad\/wp-content\/uploads\/sites\/21\/2025\/11\/BANNER-NOTA-1.png","type":"image\/png"}],"author":"Adriana Costa","twitter_card":"summary_large_image","twitter_misc":{"Written by":"Adriana Costa","Est. reading time":"2 minutos"},"schema":{"@context":"https:\/\/schema.org","@graph":[{"@type":"Article","@id":"https:\/\/www.manaus.am.gov.br\/semad\/nota\/prefeitura-semad-programa-bolsa-universidade-2026\/#article","isPartOf":{"@id":"https:\/\/www.manaus.am.gov.br\/semad\/nota\/prefeitura-semad-programa-bolsa-universidade-2026\/"},"author":{"name":"Adriana Costa","@id":"https:\/\/www.manaus.am.gov.br\/semad\/#\/schema\/person\/4e49f4e267757a06ca072ec61b2b9968"},"headline":"Prefeitura de Manaus anuncia resultado do Programa Bolsa Universidade 2026","datePublished":"2025-11-13T16:07:05+00:00","dateModified":"2025-12-15T17:06:54+00:00","mainEntityOfPage":{"@id":"https:\/\/www.manaus.am.gov.br\/semad\/nota\/prefeitura-semad-programa-bolsa-universidade-2026\/"},"wordCount":189,"publisher":{"@id":"https:\/\/www.manaus.am.gov.br\/semad\/#organization"},"image":{"@id":"https:\/\/www.manaus.am.gov.br\/semad\/nota\/prefeitura-semad-programa-bolsa-universidade-2026\/#primaryimage"},"thumbnailUrl":"https:\/\/www.manaus.am.gov.br\/semad\/wp-content\/uploads\/sites\/21\/2025\/11\/BANNER-NOTA-1.png","keywords":["espi","prefeitura de manaus","Programa Bolsa Universidade 2026","resultado"],"articleSection":["Nota"],"inLanguage":"pt-BR"},{"@type":"WebPage","@id":"https:\/\/www.manaus.am.gov.br\/semad\/nota\/prefeitura-semad-programa-bolsa-universidade-2026\/","url":"https:\/\/www.manaus.am.gov.br\/semad\/nota\/prefeitura-semad-programa-bolsa-universidade-2026\/","name":"Bolsa Universidade 2026: PMM anuncia resultado","isPartOf":{"@id":"https:\/\/www.manaus.am.gov.br\/semad\/#website"},"primaryImageOfPage":{"@id":"https:\/\/www.manaus.am.gov.br\/semad\/nota\/prefeitura-semad-programa-bolsa-universidade-2026\/#primaryimage"},"image":{"@id":"https:\/\/www.manaus.am.gov.br\/semad\/nota\/prefeitura-semad-programa-bolsa-universidade-2026\/#primaryimage"},"thumbnailUrl":"https:\/\/www.manaus.am.gov.br\/semad\/wp-content\/uploads\/sites\/21\/2025\/11\/BANNER-NOTA-1.png","datePublished":"2025-11-13T16:07:05+00:00","dateModified":"2025-12-15T17:06:54+00:00","description":"A PMM, por meio da ESPI, \u00f3rg\u00e3o vinculado \u00e0 SEMAD, informa que o resultado do Programa Bolsa Universidade 2026 j\u00e1 est\u00e1 dispon\u00edvel","breadcrumb":{"@id":"https:\/\/www.manaus.am.gov.br\/semad\/nota\/prefeitura-semad-programa-bolsa-universidade-2026\/#breadcrumb"},"inLanguage":"pt-BR","potentialAction":[{"@type":"ReadAction","target":["https:\/\/www.manaus.am.gov.br\/semad\/nota\/prefeitura-semad-programa-bolsa-universidade-2026\/"]}]},{"@type":"ImageObject","inLanguage":"pt-BR","@id":"https:\/\/www.manaus.am.gov.br\/semad\/nota\/prefeitura-semad-programa-bolsa-universidade-2026\/#primaryimage","url":"https:\/\/www.manaus.am.gov.br\/semad\/wp-content\/uploads\/sites\/21\/2025\/11\/BANNER-NOTA-1.png","contentUrl":"https:\/\/www.manaus.am.gov.br\/semad\/wp-content\/uploads\/sites\/21\/2025\/11\/BANNER-NOTA-1.png","width":900,"height":509,"caption":"Bolsa Universidade 2026"},{"@type":"BreadcrumbList","@id":"https:\/\/www.manaus.am.gov.br\/semad\/nota\/prefeitura-semad-programa-bolsa-universidade-2026\/#breadcrumb","itemListElement":[{"@type":"ListItem","position":1,"name":"Home","item":"https:\/\/www.manaus.am.gov.br\/semad\/"},{"@type":"ListItem","position":2,"name":"Prefeitura de Manaus anuncia resultado do Programa Bolsa Universidade 2026"}]},{"@type":"WebSite","@id":"https:\/\/www.manaus.am.gov.br\/semad\/#website","url":"https:\/\/www.manaus.am.gov.br\/semad\/","name":"SEMAD","description":"Prefeitura de Manaus","publisher":{"@id":"https:\/\/www.manaus.am.gov.br\/semad\/#organization"},"alternateName":"Secretaria Municipal de Administra\u00e7\u00e3o, Planejamento e Gest\u00e3o","potentialAction":[{"@type":"SearchAction","target":{"@type":"EntryPoint","urlTemplate":"https:\/\/www.manaus.am.gov.br\/semad\/?s={search_term_string}"},"query-input":"required name=search_term_string"}],"inLanguage":"pt-BR"},{"@type":"Organization","@id":"https:\/\/www.manaus.am.gov.br\/semad\/#organization","name":"Prefeitura Municipal de Manaus","alternateName":"Prefeitura de Manaus","url":"https:\/\/www.manaus.am.gov.br\/semad\/","logo":{"@type":"ImageObject","inLanguage":"pt-BR","@id":"https:\/\/www.manaus.am.gov.br\/semad\/#\/schema\/logo\/image\/","url":"https:\/\/www.manaus.am.gov.br\/semad\/wp-content\/uploads\/sites\/21\/2024\/07\/favicon.png","contentUrl":"https:\/\/www.manaus.am.gov.br\/semad\/wp-content\/uploads\/sites\/21\/2024\/07\/favicon.png","width":300,"height":300,"caption":"Prefeitura Municipal de Manaus"},"image":{"@id":"https:\/\/www.manaus.am.gov.br\/semad\/#\/schema\/logo\/image\/"}},{"@type":"Person","@id":"https:\/\/www.manaus.am.gov.br\/semad\/#\/schema\/person\/4e49f4e267757a06ca072ec61b2b9968","name":"Adriana Costa","image":{"@type":"ImageObject","inLanguage":"pt-BR","@id":"https:\/\/www.manaus.am.gov.br\/semad\/#\/schema\/person\/image\/","url":"https:\/\/secure.gravatar.com\/avatar\/576258617ef7194f718179e766d57bd4?s=96&d=mm&r=g","contentUrl":"https:\/\/secure.gravatar.com\/avatar\/576258617ef7194f718179e766d57bd4?s=96&d=mm&r=g","caption":"Adriana Costa"}}]}},"_links":{"self":[{"href":"https:\/\/www.manaus.am.gov.br\/semad\/wp-json\/wp\/v2\/posts\/2166"}],"collection":[{"href":"https:\/\/www.manaus.am.gov.br\/semad\/wp-json\/wp\/v2\/posts"}],"about":[{"href":"https:\/\/www.manaus.am.gov.br\/semad\/wp-json\/wp\/v2\/types\/post"}],"author":[{"embeddable":true,"href":"https:\/\/www.manaus.am.gov.br\/semad\/wp-json\/wp\/v2\/users\/23"}],"replies":[{"embeddable":true,"href":"https:\/\/www.manaus.am.gov.br\/semad\/wp-json\/wp\/v2\/comments?post=2166"}],"version-history":[{"count":2,"href":"https:\/\/www.manaus.am.gov.br\/semad\/wp-json\/wp\/v2\/posts\/2166\/revisions"}],"predecessor-version":[{"id":2599,"href":"https:\/\/www.manaus.am.gov.br\/semad\/wp-json\/wp\/v2\/posts\/2166\/revisions\/2599"}],"wp:featuredmedia":[{"embeddable":true,"href":"https:\/\/www.manaus.am.gov.br\/semad\/wp-json\/wp\/v2\/media\/2167"}],"wp:attachment":[{"href":"https:\/\/www.manaus.am.gov.br\/semad\/wp-json\/wp\/v2\/media?parent=2166"}],"wp:term":[{"taxonomy":"category","embeddable":true,"href":"https:\/\/www.manaus.am.gov.br\/semad\/wp-json\/wp\/v2\/categories?post=2166"},{"taxonomy":"post_tag","embeddable":true,"href":"https:\/\/www.manaus.am.gov.br\/semad\/wp-json\/wp\/v2\/tags?post=2166"}],"curies":[{"name":"wp","href":"https:\/\/api.w.org\/{rel}","templated":true}]}}