{"id":2160,"date":"2025-11-05T12:36:07","date_gmt":"2025-11-05T16:36:07","guid":{"rendered":"https:\/\/www.manaus.am.gov.br\/semad\/sem-categoria\/prorrogacao-inscricoes-concurso-semed\/"},"modified":"2025-12-11T13:38:08","modified_gmt":"2025-12-11T17:38:08","slug":"prorrogacao-inscricoes-concurso-semed","status":"publish","type":"post","link":"https:\/\/www.manaus.am.gov.br\/semad\/nota\/prorrogacao-inscricoes-concurso-semed\/","title":{"rendered":"Prefeitura de Manaus prorroga prazo de inscri\u00e7\u00f5es para o concurso da Semed"},"content":{"rendered":"\n<p>A <a href=\"http:\/\/manaus.am.gov.br\">Prefeitura de Manaus<\/a> prorrogou, at\u00e9 as 15h desta quinta-feira, 6\/11, o prazo de inscri\u00e7\u00f5es para o concurso da Secretaria Municipal de Educa\u00e7\u00e3o (Semed). Os candidatos devem observar o hor\u00e1rio oficial de Manaus\/AM. O link para acessar o Formul\u00e1rio de Solicita\u00e7\u00e3o de Inscri\u00e7\u00e3o \u00e9\u00a0<a href=\"http:\/\/www.institutoconsulplan.org.br\/\" target=\"_blank\" rel=\"noreferrer noopener\">www.institutoconsulplan.org.br<\/a>. O prazo para pagamento do boleto banc\u00e1rio permanece inalterado, devendo ser impresso at\u00e9 as 19h do dia 6\/11, devendo o pagamento ser efetuado na mesma data, impreterivelmente.<\/p>\n\n\n\n<p>Publicado na edi\u00e7\u00e3o n\u00ba 6.168, do Di\u00e1rio Oficial do Munic\u00edpio (DOM), no dia 3\/10, o edital visa ao provimento de mil vagas e \u00e0 forma\u00e7\u00e3o de cadastro de reserva com 500 vagas em cargos de n\u00edvel m\u00e9dio e superior. A previs\u00e3o de realiza\u00e7\u00e3o das provas \u00e9 dia 7\/12 (domingo).<\/p>\n\n\n\n<p>Para o n\u00edvel superior, h\u00e1 vagas para analista municipal nas \u00e1reas de administra\u00e7\u00e3o, direito, servi\u00e7o social, biblioteconomia, contabilidade, economia, engenharia civil, engenharia el\u00e9trica, estat\u00edstica, fisioterapia, fonoaudiologia, nutri\u00e7\u00e3o, psicologia, programa\u00e7\u00e3o de computador e an\u00e1lise de sistemas.<\/p>\n\n\n\n<p>Para profissionais do magist\u00e9rio, as vagas s\u00e3o para os cargos de pedagogo e professor n\u00edvel superior nas disciplinas de 1\u00ba ao 5\u00ba ano, educa\u00e7\u00e3o infantil, artes, ci\u00eancias, hist\u00f3ria, geografia, educa\u00e7\u00e3o f\u00edsica, ensino religioso, l\u00edngua inglesa, matem\u00e1tica e libras.<\/p>\n\n\n\n<p>No caso do n\u00edvel m\u00e9dio, para t\u00e9cnico municipal nas \u00e1reas de assistente de administra\u00e7\u00e3o, geoprocessamento e hardware\/redes.<\/p>\n\n\n\n<p><strong>Alerta<\/strong><\/p>\n\n\n\n<p>O Grupo de Trabalho Intersecretarial (Gtic), criado para a elabora\u00e7\u00e3o do edital para o Concurso Semed 2025, e o Instituto Consulplan orientam os interessados em participar do certame que observem o endere\u00e7o eletr\u00f4nico oficial para as inscri\u00e7\u00f5es (<a href=\"http:\/\/www.institutoconsulplan.org.br\/\" target=\"_blank\" rel=\"noreferrer noopener\">www.institutoconsulplan.org.br<\/a>). Quaisquer outros links que n\u00e3o esse, s\u00e3o fraudulentos, e n\u00e3o devem ser considerados para a realiza\u00e7\u00e3o da inscri\u00e7\u00e3o, nem para o pagamento da taxa correspondente ao cargo almejado.<\/p>\n\n\n\n<p>&#8212; &#8212; &#8212;<\/p>\n\n\n\n<p><strong>Texto<\/strong>&nbsp;\u2013 Sandra Monteiro\/Semad<\/p>\n","protected":false},"excerpt":{"rendered":"","protected":false},"author":39,"featured_media":1984,"comment_status":"closed","ping_status":"closed","sticky":false,"template":"","format":"standard","meta":{"footnotes":""},"categories":[26],"tags":[538,539,9,187,11],"acf":[],"yoast_head":"<!-- This site is optimized with the Yoast SEO plugin v23.0 - https:\/\/yoast.com\/wordpress\/plugins\/seo\/ -->\n<title>Concurso da Semed: Prefeitura prorroga prazo de inscri\u00e7\u00f5es<\/title>\n<meta name=\"description\" content=\"Prefeitura de Manaus prorroga prazo de inscri\u00e7\u00f5es para o concurso da Semed at\u00e9 as 15h desta quinta-feira, 6\/11.\" \/>\n<meta name=\"robots\" content=\"noindex, follow\" \/>\n<meta property=\"og:locale\" content=\"pt_BR\" \/>\n<meta property=\"og:type\" content=\"article\" \/>\n<meta property=\"og:title\" content=\"Concurso da Semed: Prefeitura prorroga prazo de inscri\u00e7\u00f5es\" \/>\n<meta property=\"og:description\" content=\"Prefeitura de Manaus prorroga prazo de inscri\u00e7\u00f5es para o concurso da Semed at\u00e9 as 15h desta quinta-feira, 6\/11.\" \/>\n<meta property=\"og:url\" content=\"https:\/\/www.manaus.am.gov.br\/semad\/nota\/prorrogacao-inscricoes-concurso-semed\/\" \/>\n<meta property=\"og:site_name\" content=\"SEMAD\" \/>\n<meta property=\"article:published_time\" content=\"2025-11-05T16:36:07+00:00\" \/>\n<meta property=\"article:modified_time\" content=\"2025-12-11T17:38:08+00:00\" \/>\n<meta property=\"og:image\" content=\"https:\/\/www.manaus.am.gov.br\/semad\/wp-content\/uploads\/sites\/21\/2025\/07\/BANNER-NOTA.png\" \/>\n\t<meta property=\"og:image:width\" content=\"900\" \/>\n\t<meta property=\"og:image:height\" content=\"509\" \/>\n\t<meta property=\"og:image:type\" content=\"image\/png\" \/>\n<meta name=\"author\" content=\"Bruna Greco\" \/>\n<meta name=\"twitter:card\" content=\"summary_large_image\" \/>\n<meta name=\"twitter:label1\" content=\"Written by\" \/>\n\t<meta name=\"twitter:data1\" content=\"Bruna Greco\" \/>\n\t<meta name=\"twitter:label2\" content=\"Est. reading time\" \/>\n\t<meta name=\"twitter:data2\" content=\"2 minutos\" \/>\n<script type=\"application\/ld+json\" class=\"yoast-schema-graph\">{\"@context\":\"https:\/\/schema.org\",\"@graph\":[{\"@type\":\"Article\",\"@id\":\"https:\/\/www.manaus.am.gov.br\/semad\/nota\/prorrogacao-inscricoes-concurso-semed\/#article\",\"isPartOf\":{\"@id\":\"https:\/\/www.manaus.am.gov.br\/semad\/nota\/prorrogacao-inscricoes-concurso-semed\/\"},\"author\":{\"name\":\"Bruna Greco\",\"@id\":\"https:\/\/www.manaus.am.gov.br\/semad\/#\/schema\/person\/05d223aea2bf115f9883a6ff3683d81b\"},\"headline\":\"Prefeitura de Manaus prorroga prazo de inscri\u00e7\u00f5es para o concurso da Semed\",\"datePublished\":\"2025-11-05T16:36:07+00:00\",\"dateModified\":\"2025-12-11T17:38:08+00:00\",\"mainEntityOfPage\":{\"@id\":\"https:\/\/www.manaus.am.gov.br\/semad\/nota\/prorrogacao-inscricoes-concurso-semed\/\"},\"wordCount\":341,\"publisher\":{\"@id\":\"https:\/\/www.manaus.am.gov.br\/semad\/#organization\"},\"image\":{\"@id\":\"https:\/\/www.manaus.am.gov.br\/semad\/nota\/prorrogacao-inscricoes-concurso-semed\/#primaryimage\"},\"thumbnailUrl\":\"https:\/\/www.manaus.am.gov.br\/semad\/wp-content\/uploads\/sites\/21\/2025\/07\/BANNER-NOTA.png\",\"keywords\":[\"concurso da Semed\",\"prazo de inscri\u00e7\u00f5es\",\"prefeitura de manaus\",\"prorroga\u00e7\u00e3o\",\"Semad\"],\"articleSection\":[\"Nota\"],\"inLanguage\":\"pt-BR\"},{\"@type\":\"WebPage\",\"@id\":\"https:\/\/www.manaus.am.gov.br\/semad\/nota\/prorrogacao-inscricoes-concurso-semed\/\",\"url\":\"https:\/\/www.manaus.am.gov.br\/semad\/nota\/prorrogacao-inscricoes-concurso-semed\/\",\"name\":\"Concurso da Semed: Prefeitura prorroga prazo de inscri\u00e7\u00f5es\",\"isPartOf\":{\"@id\":\"https:\/\/www.manaus.am.gov.br\/semad\/#website\"},\"primaryImageOfPage\":{\"@id\":\"https:\/\/www.manaus.am.gov.br\/semad\/nota\/prorrogacao-inscricoes-concurso-semed\/#primaryimage\"},\"image\":{\"@id\":\"https:\/\/www.manaus.am.gov.br\/semad\/nota\/prorrogacao-inscricoes-concurso-semed\/#primaryimage\"},\"thumbnailUrl\":\"https:\/\/www.manaus.am.gov.br\/semad\/wp-content\/uploads\/sites\/21\/2025\/07\/BANNER-NOTA.png\",\"datePublished\":\"2025-11-05T16:36:07+00:00\",\"dateModified\":\"2025-12-11T17:38:08+00:00\",\"description\":\"Prefeitura de Manaus prorroga prazo de inscri\u00e7\u00f5es para o concurso da Semed at\u00e9 as 15h desta quinta-feira, 6\/11.\",\"breadcrumb\":{\"@id\":\"https:\/\/www.manaus.am.gov.br\/semad\/nota\/prorrogacao-inscricoes-concurso-semed\/#breadcrumb\"},\"inLanguage\":\"pt-BR\",\"potentialAction\":[{\"@type\":\"ReadAction\",\"target\":[\"https:\/\/www.manaus.am.gov.br\/semad\/nota\/prorrogacao-inscricoes-concurso-semed\/\"]}]},{\"@type\":\"ImageObject\",\"inLanguage\":\"pt-BR\",\"@id\":\"https:\/\/www.manaus.am.gov.br\/semad\/nota\/prorrogacao-inscricoes-concurso-semed\/#primaryimage\",\"url\":\"https:\/\/www.manaus.am.gov.br\/semad\/wp-content\/uploads\/sites\/21\/2025\/07\/BANNER-NOTA.png\",\"contentUrl\":\"https:\/\/www.manaus.am.gov.br\/semad\/wp-content\/uploads\/sites\/21\/2025\/07\/BANNER-NOTA.png\",\"width\":900,\"height\":509,\"caption\":\"Concurso da Guarda Municipal\"},{\"@type\":\"BreadcrumbList\",\"@id\":\"https:\/\/www.manaus.am.gov.br\/semad\/nota\/prorrogacao-inscricoes-concurso-semed\/#breadcrumb\",\"itemListElement\":[{\"@type\":\"ListItem\",\"position\":1,\"name\":\"Home\",\"item\":\"https:\/\/www.manaus.am.gov.br\/semad\/\"},{\"@type\":\"ListItem\",\"position\":2,\"name\":\"Prefeitura de Manaus prorroga prazo de inscri\u00e7\u00f5es para o concurso da Semed\"}]},{\"@type\":\"WebSite\",\"@id\":\"https:\/\/www.manaus.am.gov.br\/semad\/#website\",\"url\":\"https:\/\/www.manaus.am.gov.br\/semad\/\",\"name\":\"SEMAD\",\"description\":\"Prefeitura de Manaus\",\"publisher\":{\"@id\":\"https:\/\/www.manaus.am.gov.br\/semad\/#organization\"},\"alternateName\":\"Secretaria Municipal de Administra\u00e7\u00e3o, Planejamento e Gest\u00e3o\",\"potentialAction\":[{\"@type\":\"SearchAction\",\"target\":{\"@type\":\"EntryPoint\",\"urlTemplate\":\"https:\/\/www.manaus.am.gov.br\/semad\/?s={search_term_string}\"},\"query-input\":\"required name=search_term_string\"}],\"inLanguage\":\"pt-BR\"},{\"@type\":\"Organization\",\"@id\":\"https:\/\/www.manaus.am.gov.br\/semad\/#organization\",\"name\":\"Prefeitura Municipal de Manaus\",\"alternateName\":\"Prefeitura de Manaus\",\"url\":\"https:\/\/www.manaus.am.gov.br\/semad\/\",\"logo\":{\"@type\":\"ImageObject\",\"inLanguage\":\"pt-BR\",\"@id\":\"https:\/\/www.manaus.am.gov.br\/semad\/#\/schema\/logo\/image\/\",\"url\":\"https:\/\/www.manaus.am.gov.br\/semad\/wp-content\/uploads\/sites\/21\/2024\/07\/favicon.png\",\"contentUrl\":\"https:\/\/www.manaus.am.gov.br\/semad\/wp-content\/uploads\/sites\/21\/2024\/07\/favicon.png\",\"width\":300,\"height\":300,\"caption\":\"Prefeitura Municipal de Manaus\"},\"image\":{\"@id\":\"https:\/\/www.manaus.am.gov.br\/semad\/#\/schema\/logo\/image\/\"}},{\"@type\":\"Person\",\"@id\":\"https:\/\/www.manaus.am.gov.br\/semad\/#\/schema\/person\/05d223aea2bf115f9883a6ff3683d81b\",\"name\":\"Bruna Greco\",\"image\":{\"@type\":\"ImageObject\",\"inLanguage\":\"pt-BR\",\"@id\":\"https:\/\/www.manaus.am.gov.br\/semad\/#\/schema\/person\/image\/\",\"url\":\"https:\/\/secure.gravatar.com\/avatar\/9c877d1a6adc2a055330e5c09a8653ce?s=96&d=mm&r=g\",\"contentUrl\":\"https:\/\/secure.gravatar.com\/avatar\/9c877d1a6adc2a055330e5c09a8653ce?s=96&d=mm&r=g\",\"caption\":\"Bruna Greco\"}}]}<\/script>\n<!-- \/ Yoast SEO plugin. -->","yoast_head_json":{"title":"Concurso da Semed: Prefeitura prorroga prazo de inscri\u00e7\u00f5es","description":"Prefeitura de Manaus prorroga prazo de inscri\u00e7\u00f5es para o concurso da Semed at\u00e9 as 15h desta quinta-feira, 6\/11.","robots":{"index":"noindex","follow":"follow"},"og_locale":"pt_BR","og_type":"article","og_title":"Concurso da Semed: Prefeitura prorroga prazo de inscri\u00e7\u00f5es","og_description":"Prefeitura de Manaus prorroga prazo de inscri\u00e7\u00f5es para o concurso da Semed at\u00e9 as 15h desta quinta-feira, 6\/11.","og_url":"https:\/\/www.manaus.am.gov.br\/semad\/nota\/prorrogacao-inscricoes-concurso-semed\/","og_site_name":"SEMAD","article_published_time":"2025-11-05T16:36:07+00:00","article_modified_time":"2025-12-11T17:38:08+00:00","og_image":[{"width":900,"height":509,"url":"https:\/\/www.manaus.am.gov.br\/semad\/wp-content\/uploads\/sites\/21\/2025\/07\/BANNER-NOTA.png","type":"image\/png"}],"author":"Bruna Greco","twitter_card":"summary_large_image","twitter_misc":{"Written by":"Bruna Greco","Est. reading time":"2 minutos"},"schema":{"@context":"https:\/\/schema.org","@graph":[{"@type":"Article","@id":"https:\/\/www.manaus.am.gov.br\/semad\/nota\/prorrogacao-inscricoes-concurso-semed\/#article","isPartOf":{"@id":"https:\/\/www.manaus.am.gov.br\/semad\/nota\/prorrogacao-inscricoes-concurso-semed\/"},"author":{"name":"Bruna Greco","@id":"https:\/\/www.manaus.am.gov.br\/semad\/#\/schema\/person\/05d223aea2bf115f9883a6ff3683d81b"},"headline":"Prefeitura de Manaus prorroga prazo de inscri\u00e7\u00f5es para o concurso da Semed","datePublished":"2025-11-05T16:36:07+00:00","dateModified":"2025-12-11T17:38:08+00:00","mainEntityOfPage":{"@id":"https:\/\/www.manaus.am.gov.br\/semad\/nota\/prorrogacao-inscricoes-concurso-semed\/"},"wordCount":341,"publisher":{"@id":"https:\/\/www.manaus.am.gov.br\/semad\/#organization"},"image":{"@id":"https:\/\/www.manaus.am.gov.br\/semad\/nota\/prorrogacao-inscricoes-concurso-semed\/#primaryimage"},"thumbnailUrl":"https:\/\/www.manaus.am.gov.br\/semad\/wp-content\/uploads\/sites\/21\/2025\/07\/BANNER-NOTA.png","keywords":["concurso da Semed","prazo de inscri\u00e7\u00f5es","prefeitura de manaus","prorroga\u00e7\u00e3o","Semad"],"articleSection":["Nota"],"inLanguage":"pt-BR"},{"@type":"WebPage","@id":"https:\/\/www.manaus.am.gov.br\/semad\/nota\/prorrogacao-inscricoes-concurso-semed\/","url":"https:\/\/www.manaus.am.gov.br\/semad\/nota\/prorrogacao-inscricoes-concurso-semed\/","name":"Concurso da Semed: Prefeitura prorroga prazo de inscri\u00e7\u00f5es","isPartOf":{"@id":"https:\/\/www.manaus.am.gov.br\/semad\/#website"},"primaryImageOfPage":{"@id":"https:\/\/www.manaus.am.gov.br\/semad\/nota\/prorrogacao-inscricoes-concurso-semed\/#primaryimage"},"image":{"@id":"https:\/\/www.manaus.am.gov.br\/semad\/nota\/prorrogacao-inscricoes-concurso-semed\/#primaryimage"},"thumbnailUrl":"https:\/\/www.manaus.am.gov.br\/semad\/wp-content\/uploads\/sites\/21\/2025\/07\/BANNER-NOTA.png","datePublished":"2025-11-05T16:36:07+00:00","dateModified":"2025-12-11T17:38:08+00:00","description":"Prefeitura de Manaus prorroga prazo de inscri\u00e7\u00f5es para o concurso da Semed at\u00e9 as 15h desta quinta-feira, 6\/11.","breadcrumb":{"@id":"https:\/\/www.manaus.am.gov.br\/semad\/nota\/prorrogacao-inscricoes-concurso-semed\/#breadcrumb"},"inLanguage":"pt-BR","potentialAction":[{"@type":"ReadAction","target":["https:\/\/www.manaus.am.gov.br\/semad\/nota\/prorrogacao-inscricoes-concurso-semed\/"]}]},{"@type":"ImageObject","inLanguage":"pt-BR","@id":"https:\/\/www.manaus.am.gov.br\/semad\/nota\/prorrogacao-inscricoes-concurso-semed\/#primaryimage","url":"https:\/\/www.manaus.am.gov.br\/semad\/wp-content\/uploads\/sites\/21\/2025\/07\/BANNER-NOTA.png","contentUrl":"https:\/\/www.manaus.am.gov.br\/semad\/wp-content\/uploads\/sites\/21\/2025\/07\/BANNER-NOTA.png","width":900,"height":509,"caption":"Concurso da Guarda Municipal"},{"@type":"BreadcrumbList","@id":"https:\/\/www.manaus.am.gov.br\/semad\/nota\/prorrogacao-inscricoes-concurso-semed\/#breadcrumb","itemListElement":[{"@type":"ListItem","position":1,"name":"Home","item":"https:\/\/www.manaus.am.gov.br\/semad\/"},{"@type":"ListItem","position":2,"name":"Prefeitura de Manaus prorroga prazo de inscri\u00e7\u00f5es para o concurso da Semed"}]},{"@type":"WebSite","@id":"https:\/\/www.manaus.am.gov.br\/semad\/#website","url":"https:\/\/www.manaus.am.gov.br\/semad\/","name":"SEMAD","description":"Prefeitura de Manaus","publisher":{"@id":"https:\/\/www.manaus.am.gov.br\/semad\/#organization"},"alternateName":"Secretaria Municipal de Administra\u00e7\u00e3o, Planejamento e Gest\u00e3o","potentialAction":[{"@type":"SearchAction","target":{"@type":"EntryPoint","urlTemplate":"https:\/\/www.manaus.am.gov.br\/semad\/?s={search_term_string}"},"query-input":"required name=search_term_string"}],"inLanguage":"pt-BR"},{"@type":"Organization","@id":"https:\/\/www.manaus.am.gov.br\/semad\/#organization","name":"Prefeitura Municipal de Manaus","alternateName":"Prefeitura de Manaus","url":"https:\/\/www.manaus.am.gov.br\/semad\/","logo":{"@type":"ImageObject","inLanguage":"pt-BR","@id":"https:\/\/www.manaus.am.gov.br\/semad\/#\/schema\/logo\/image\/","url":"https:\/\/www.manaus.am.gov.br\/semad\/wp-content\/uploads\/sites\/21\/2024\/07\/favicon.png","contentUrl":"https:\/\/www.manaus.am.gov.br\/semad\/wp-content\/uploads\/sites\/21\/2024\/07\/favicon.png","width":300,"height":300,"caption":"Prefeitura Municipal de Manaus"},"image":{"@id":"https:\/\/www.manaus.am.gov.br\/semad\/#\/schema\/logo\/image\/"}},{"@type":"Person","@id":"https:\/\/www.manaus.am.gov.br\/semad\/#\/schema\/person\/05d223aea2bf115f9883a6ff3683d81b","name":"Bruna Greco","image":{"@type":"ImageObject","inLanguage":"pt-BR","@id":"https:\/\/www.manaus.am.gov.br\/semad\/#\/schema\/person\/image\/","url":"https:\/\/secure.gravatar.com\/avatar\/9c877d1a6adc2a055330e5c09a8653ce?s=96&d=mm&r=g","contentUrl":"https:\/\/secure.gravatar.com\/avatar\/9c877d1a6adc2a055330e5c09a8653ce?s=96&d=mm&r=g","caption":"Bruna Greco"}}]}},"_links":{"self":[{"href":"https:\/\/www.manaus.am.gov.br\/semad\/wp-json\/wp\/v2\/posts\/2160"}],"collection":[{"href":"https:\/\/www.manaus.am.gov.br\/semad\/wp-json\/wp\/v2\/posts"}],"about":[{"href":"https:\/\/www.manaus.am.gov.br\/semad\/wp-json\/wp\/v2\/types\/post"}],"author":[{"embeddable":true,"href":"https:\/\/www.manaus.am.gov.br\/semad\/wp-json\/wp\/v2\/users\/39"}],"replies":[{"embeddable":true,"href":"https:\/\/www.manaus.am.gov.br\/semad\/wp-json\/wp\/v2\/comments?post=2160"}],"version-history":[{"count":1,"href":"https:\/\/www.manaus.am.gov.br\/semad\/wp-json\/wp\/v2\/posts\/2160\/revisions"}],"predecessor-version":[{"id":2578,"href":"https:\/\/www.manaus.am.gov.br\/semad\/wp-json\/wp\/v2\/posts\/2160\/revisions\/2578"}],"wp:featuredmedia":[{"embeddable":true,"href":"https:\/\/www.manaus.am.gov.br\/semad\/wp-json\/wp\/v2\/media\/1984"}],"wp:attachment":[{"href":"https:\/\/www.manaus.am.gov.br\/semad\/wp-json\/wp\/v2\/media?parent=2160"}],"wp:term":[{"taxonomy":"category","embeddable":true,"href":"https:\/\/www.manaus.am.gov.br\/semad\/wp-json\/wp\/v2\/categories?post=2160"},{"taxonomy":"post_tag","embeddable":true,"href":"https:\/\/www.manaus.am.gov.br\/semad\/wp-json\/wp\/v2\/tags?post=2160"}],"curies":[{"name":"wp","href":"https:\/\/api.w.org\/{rel}","templated":true}]}}