{"id":1983,"date":"2025-07-06T14:45:54","date_gmt":"2025-07-06T18:45:54","guid":{"rendered":"https:\/\/www.manaus.am.gov.br\/semad\/sem-categoria\/remanejamento-bolsa-idioma-pos-graduacao\/"},"modified":"2025-12-11T14:15:57","modified_gmt":"2025-12-11T18:15:57","slug":"remanejamento-bolsa-idioma-pos-graduacao","status":"publish","type":"post","link":"https:\/\/www.manaus.am.gov.br\/semad\/nota\/remanejamento-bolsa-idioma-pos-graduacao\/","title":{"rendered":"Prefeitura de Manaus abre remanejamento de vagas para os programas Bolsa Idiomas e P\u00f3s-Gradua\u00e7\u00e3o, nesta segunda-feira, 7\/7"},"content":{"rendered":"\n<p>A <a href=\"http:\/\/manaus.am.gov.br\">Prefeitura de Manaus<\/a>, por meio da Secretaria Municipal de Administra\u00e7\u00e3o, Planejamento e Gest\u00e3o (Semad), pasta respons\u00e1vel pela Escola de Servi\u00e7o P\u00fablico Municipal e Inclus\u00e3o Socioeducacional (Espi), abre, \u00e0s 10h desta segunda-feira, 7\/7, o prazo para o remanejamento, ou segunda chamada, de vagas para os candidatos que n\u00e3o foram classificados, nem eliminados, na primeira chamada dos programas Bolsa P\u00f3s-Gradua\u00e7\u00e3o (PBPG) e Bolsa Idiomas (PBI).<\/p>\n\n\n\n<p>Nesta etapa, eles poder\u00e3o optar por bolsa de 50% para outros cursos, que n\u00e3o tenham sido preenchidos. Para participar do processo o interessado ter\u00e1 at\u00e9 \u00e0s 14h do dia 11 de julho, acessando o link http:\/\/sgbp.manaus.am.gov.br\/inscricao, para as bolsas de P\u00f3s-Gradua\u00e7\u00e3o, ou https:\/\/sgbi.manaus.am.gov.br\/inscricao, para os cursos de l\u00edngua estrangeira.<\/p>\n\n\n\n<p>A Espi ofertou, na edi\u00e7\u00e3o de 2025 do Programa P\u00f3s-Gradua\u00e7\u00e3o, 60.320 bolsas para 185 cursos de especializa\u00e7\u00e3o lato sensu, na modalidade de ensino presencial. O PBPG \u00e9 destinado a pessoas que, comprovadamente, n\u00e3o tenham condi\u00e7\u00f5es de custear seus estudos em Institui\u00e7\u00f5es de Ensino Superior (IES) privadas e estabelecidas na cidade de Manaus.<\/p>\n\n\n\n<p>O edital do PBI (idiomas) ofereceu 36.021 bolsas para cursos b\u00e1sicos de sete idiomas: ingl\u00eas, espanhol, alem\u00e3o, franc\u00eas, italiano, japon\u00eas e mandarim, em 17 Institui\u00e7\u00f5es de Ensino de L\u00edngua Estrangeira (Iele) da rede particular.<\/p>\n\n\n\n<p>\u2014 \u2014 \u2014<\/p>\n\n\n\n<p><strong>Texto<\/strong> \u2013 Sandra Monteiro \/ Semad<\/p>\n","protected":false},"excerpt":{"rendered":"","protected":false},"author":25,"featured_media":1984,"comment_status":"closed","ping_status":"closed","sticky":false,"template":"","format":"standard","meta":{"footnotes":""},"categories":[26],"tags":[27,183,28],"acf":[],"yoast_head":"<!-- This site is optimized with the Yoast SEO plugin v23.0 - https:\/\/yoast.com\/wordpress\/plugins\/seo\/ -->\n<title>Bolsa Idiomas e P\u00f3s-Gradua\u00e7\u00e3o: Remanejamento de Vagas<\/title>\n<meta name=\"description\" content=\"A Prefeitura de Manaus, abre o prazo para o remanejamento, ou segunda chamada, de vagas para bolsa idiomas e p\u00f3s-gradua\u00e7\u00e3o\" \/>\n<meta name=\"robots\" content=\"noindex, follow\" \/>\n<meta property=\"og:locale\" content=\"pt_BR\" \/>\n<meta property=\"og:type\" content=\"article\" \/>\n<meta property=\"og:title\" content=\"Bolsa Idiomas e P\u00f3s-Gradua\u00e7\u00e3o: Remanejamento de Vagas\" \/>\n<meta property=\"og:description\" content=\"A Prefeitura de Manaus, abre o prazo para o remanejamento, ou segunda chamada, de vagas para bolsa idiomas e p\u00f3s-gradua\u00e7\u00e3o\" \/>\n<meta property=\"og:url\" content=\"https:\/\/www.manaus.am.gov.br\/semad\/nota\/remanejamento-bolsa-idioma-pos-graduacao\/\" \/>\n<meta property=\"og:site_name\" content=\"SEMAD\" \/>\n<meta property=\"article:published_time\" content=\"2025-07-06T18:45:54+00:00\" \/>\n<meta property=\"article:modified_time\" content=\"2025-12-11T18:15:57+00:00\" \/>\n<meta property=\"og:image\" content=\"https:\/\/www.manaus.am.gov.br\/semad\/wp-content\/uploads\/sites\/21\/2025\/07\/BANNER-NOTA.png\" \/>\n\t<meta property=\"og:image:width\" content=\"900\" \/>\n\t<meta property=\"og:image:height\" content=\"509\" \/>\n\t<meta property=\"og:image:type\" content=\"image\/png\" \/>\n<meta name=\"author\" content=\"Maur\u00edcio Freire\" \/>\n<meta name=\"twitter:card\" content=\"summary_large_image\" \/>\n<meta name=\"twitter:label1\" content=\"Written by\" \/>\n\t<meta name=\"twitter:data1\" content=\"Maur\u00edcio Freire\" \/>\n\t<meta name=\"twitter:label2\" content=\"Est. reading time\" \/>\n\t<meta name=\"twitter:data2\" content=\"2 minutos\" \/>\n<script type=\"application\/ld+json\" class=\"yoast-schema-graph\">{\"@context\":\"https:\/\/schema.org\",\"@graph\":[{\"@type\":\"Article\",\"@id\":\"https:\/\/www.manaus.am.gov.br\/semad\/nota\/remanejamento-bolsa-idioma-pos-graduacao\/#article\",\"isPartOf\":{\"@id\":\"https:\/\/www.manaus.am.gov.br\/semad\/nota\/remanejamento-bolsa-idioma-pos-graduacao\/\"},\"author\":{\"name\":\"Maur\u00edcio Freire\",\"@id\":\"https:\/\/www.manaus.am.gov.br\/semad\/#\/schema\/person\/587989a23a463cde5618e6a028977a9a\"},\"headline\":\"Prefeitura de Manaus abre remanejamento de vagas para os programas Bolsa Idiomas e P\u00f3s-Gradua\u00e7\u00e3o, nesta segunda-feira, 7\/7\",\"datePublished\":\"2025-07-06T18:45:54+00:00\",\"dateModified\":\"2025-12-11T18:15:57+00:00\",\"mainEntityOfPage\":{\"@id\":\"https:\/\/www.manaus.am.gov.br\/semad\/nota\/remanejamento-bolsa-idioma-pos-graduacao\/\"},\"wordCount\":252,\"publisher\":{\"@id\":\"https:\/\/www.manaus.am.gov.br\/semad\/#organization\"},\"image\":{\"@id\":\"https:\/\/www.manaus.am.gov.br\/semad\/nota\/remanejamento-bolsa-idioma-pos-graduacao\/#primaryimage\"},\"thumbnailUrl\":\"https:\/\/www.manaus.am.gov.br\/semad\/wp-content\/uploads\/sites\/21\/2025\/07\/BANNER-NOTA.png\",\"keywords\":[\"bolsa idiomas\",\"Bolsa P\u00f3s-Gradua\u00e7\u00e3o\",\"espi\"],\"articleSection\":[\"Nota\"],\"inLanguage\":\"pt-BR\"},{\"@type\":\"WebPage\",\"@id\":\"https:\/\/www.manaus.am.gov.br\/semad\/nota\/remanejamento-bolsa-idioma-pos-graduacao\/\",\"url\":\"https:\/\/www.manaus.am.gov.br\/semad\/nota\/remanejamento-bolsa-idioma-pos-graduacao\/\",\"name\":\"Bolsa Idiomas e P\u00f3s-Gradua\u00e7\u00e3o: Remanejamento de Vagas\",\"isPartOf\":{\"@id\":\"https:\/\/www.manaus.am.gov.br\/semad\/#website\"},\"primaryImageOfPage\":{\"@id\":\"https:\/\/www.manaus.am.gov.br\/semad\/nota\/remanejamento-bolsa-idioma-pos-graduacao\/#primaryimage\"},\"image\":{\"@id\":\"https:\/\/www.manaus.am.gov.br\/semad\/nota\/remanejamento-bolsa-idioma-pos-graduacao\/#primaryimage\"},\"thumbnailUrl\":\"https:\/\/www.manaus.am.gov.br\/semad\/wp-content\/uploads\/sites\/21\/2025\/07\/BANNER-NOTA.png\",\"datePublished\":\"2025-07-06T18:45:54+00:00\",\"dateModified\":\"2025-12-11T18:15:57+00:00\",\"description\":\"A Prefeitura de Manaus, abre o prazo para o remanejamento, ou segunda chamada, de vagas para bolsa idiomas e p\u00f3s-gradua\u00e7\u00e3o\",\"breadcrumb\":{\"@id\":\"https:\/\/www.manaus.am.gov.br\/semad\/nota\/remanejamento-bolsa-idioma-pos-graduacao\/#breadcrumb\"},\"inLanguage\":\"pt-BR\",\"potentialAction\":[{\"@type\":\"ReadAction\",\"target\":[\"https:\/\/www.manaus.am.gov.br\/semad\/nota\/remanejamento-bolsa-idioma-pos-graduacao\/\"]}]},{\"@type\":\"ImageObject\",\"inLanguage\":\"pt-BR\",\"@id\":\"https:\/\/www.manaus.am.gov.br\/semad\/nota\/remanejamento-bolsa-idioma-pos-graduacao\/#primaryimage\",\"url\":\"https:\/\/www.manaus.am.gov.br\/semad\/wp-content\/uploads\/sites\/21\/2025\/07\/BANNER-NOTA.png\",\"contentUrl\":\"https:\/\/www.manaus.am.gov.br\/semad\/wp-content\/uploads\/sites\/21\/2025\/07\/BANNER-NOTA.png\",\"width\":900,\"height\":509,\"caption\":\"Concurso da Guarda Municipal\"},{\"@type\":\"BreadcrumbList\",\"@id\":\"https:\/\/www.manaus.am.gov.br\/semad\/nota\/remanejamento-bolsa-idioma-pos-graduacao\/#breadcrumb\",\"itemListElement\":[{\"@type\":\"ListItem\",\"position\":1,\"name\":\"Home\",\"item\":\"https:\/\/www.manaus.am.gov.br\/semad\/\"},{\"@type\":\"ListItem\",\"position\":2,\"name\":\"Prefeitura de Manaus abre remanejamento de vagas para os programas Bolsa Idiomas e P\u00f3s-Gradua\u00e7\u00e3o, nesta segunda-feira, 7\/7\"}]},{\"@type\":\"WebSite\",\"@id\":\"https:\/\/www.manaus.am.gov.br\/semad\/#website\",\"url\":\"https:\/\/www.manaus.am.gov.br\/semad\/\",\"name\":\"SEMAD\",\"description\":\"Prefeitura de Manaus\",\"publisher\":{\"@id\":\"https:\/\/www.manaus.am.gov.br\/semad\/#organization\"},\"alternateName\":\"Secretaria Municipal de Administra\u00e7\u00e3o, Planejamento e Gest\u00e3o\",\"potentialAction\":[{\"@type\":\"SearchAction\",\"target\":{\"@type\":\"EntryPoint\",\"urlTemplate\":\"https:\/\/www.manaus.am.gov.br\/semad\/?s={search_term_string}\"},\"query-input\":\"required name=search_term_string\"}],\"inLanguage\":\"pt-BR\"},{\"@type\":\"Organization\",\"@id\":\"https:\/\/www.manaus.am.gov.br\/semad\/#organization\",\"name\":\"Prefeitura Municipal de Manaus\",\"alternateName\":\"Prefeitura de Manaus\",\"url\":\"https:\/\/www.manaus.am.gov.br\/semad\/\",\"logo\":{\"@type\":\"ImageObject\",\"inLanguage\":\"pt-BR\",\"@id\":\"https:\/\/www.manaus.am.gov.br\/semad\/#\/schema\/logo\/image\/\",\"url\":\"https:\/\/www.manaus.am.gov.br\/semad\/wp-content\/uploads\/sites\/21\/2024\/07\/favicon.png\",\"contentUrl\":\"https:\/\/www.manaus.am.gov.br\/semad\/wp-content\/uploads\/sites\/21\/2024\/07\/favicon.png\",\"width\":300,\"height\":300,\"caption\":\"Prefeitura Municipal de Manaus\"},\"image\":{\"@id\":\"https:\/\/www.manaus.am.gov.br\/semad\/#\/schema\/logo\/image\/\"}},{\"@type\":\"Person\",\"@id\":\"https:\/\/www.manaus.am.gov.br\/semad\/#\/schema\/person\/587989a23a463cde5618e6a028977a9a\",\"name\":\"Maur\u00edcio Freire\",\"image\":{\"@type\":\"ImageObject\",\"inLanguage\":\"pt-BR\",\"@id\":\"https:\/\/www.manaus.am.gov.br\/semad\/#\/schema\/person\/image\/\",\"url\":\"https:\/\/secure.gravatar.com\/avatar\/dc1481799a1f75c733ac3b2634cd6749?s=96&d=mm&r=g\",\"contentUrl\":\"https:\/\/secure.gravatar.com\/avatar\/dc1481799a1f75c733ac3b2634cd6749?s=96&d=mm&r=g\",\"caption\":\"Maur\u00edcio Freire\"}}]}<\/script>\n<!-- \/ Yoast SEO plugin. -->","yoast_head_json":{"title":"Bolsa Idiomas e P\u00f3s-Gradua\u00e7\u00e3o: Remanejamento de Vagas","description":"A Prefeitura de Manaus, abre o prazo para o remanejamento, ou segunda chamada, de vagas para bolsa idiomas e p\u00f3s-gradua\u00e7\u00e3o","robots":{"index":"noindex","follow":"follow"},"og_locale":"pt_BR","og_type":"article","og_title":"Bolsa Idiomas e P\u00f3s-Gradua\u00e7\u00e3o: Remanejamento de Vagas","og_description":"A Prefeitura de Manaus, abre o prazo para o remanejamento, ou segunda chamada, de vagas para bolsa idiomas e p\u00f3s-gradua\u00e7\u00e3o","og_url":"https:\/\/www.manaus.am.gov.br\/semad\/nota\/remanejamento-bolsa-idioma-pos-graduacao\/","og_site_name":"SEMAD","article_published_time":"2025-07-06T18:45:54+00:00","article_modified_time":"2025-12-11T18:15:57+00:00","og_image":[{"width":900,"height":509,"url":"https:\/\/www.manaus.am.gov.br\/semad\/wp-content\/uploads\/sites\/21\/2025\/07\/BANNER-NOTA.png","type":"image\/png"}],"author":"Maur\u00edcio Freire","twitter_card":"summary_large_image","twitter_misc":{"Written by":"Maur\u00edcio Freire","Est. reading time":"2 minutos"},"schema":{"@context":"https:\/\/schema.org","@graph":[{"@type":"Article","@id":"https:\/\/www.manaus.am.gov.br\/semad\/nota\/remanejamento-bolsa-idioma-pos-graduacao\/#article","isPartOf":{"@id":"https:\/\/www.manaus.am.gov.br\/semad\/nota\/remanejamento-bolsa-idioma-pos-graduacao\/"},"author":{"name":"Maur\u00edcio Freire","@id":"https:\/\/www.manaus.am.gov.br\/semad\/#\/schema\/person\/587989a23a463cde5618e6a028977a9a"},"headline":"Prefeitura de Manaus abre remanejamento de vagas para os programas Bolsa Idiomas e P\u00f3s-Gradua\u00e7\u00e3o, nesta segunda-feira, 7\/7","datePublished":"2025-07-06T18:45:54+00:00","dateModified":"2025-12-11T18:15:57+00:00","mainEntityOfPage":{"@id":"https:\/\/www.manaus.am.gov.br\/semad\/nota\/remanejamento-bolsa-idioma-pos-graduacao\/"},"wordCount":252,"publisher":{"@id":"https:\/\/www.manaus.am.gov.br\/semad\/#organization"},"image":{"@id":"https:\/\/www.manaus.am.gov.br\/semad\/nota\/remanejamento-bolsa-idioma-pos-graduacao\/#primaryimage"},"thumbnailUrl":"https:\/\/www.manaus.am.gov.br\/semad\/wp-content\/uploads\/sites\/21\/2025\/07\/BANNER-NOTA.png","keywords":["bolsa idiomas","Bolsa P\u00f3s-Gradua\u00e7\u00e3o","espi"],"articleSection":["Nota"],"inLanguage":"pt-BR"},{"@type":"WebPage","@id":"https:\/\/www.manaus.am.gov.br\/semad\/nota\/remanejamento-bolsa-idioma-pos-graduacao\/","url":"https:\/\/www.manaus.am.gov.br\/semad\/nota\/remanejamento-bolsa-idioma-pos-graduacao\/","name":"Bolsa Idiomas e P\u00f3s-Gradua\u00e7\u00e3o: Remanejamento de Vagas","isPartOf":{"@id":"https:\/\/www.manaus.am.gov.br\/semad\/#website"},"primaryImageOfPage":{"@id":"https:\/\/www.manaus.am.gov.br\/semad\/nota\/remanejamento-bolsa-idioma-pos-graduacao\/#primaryimage"},"image":{"@id":"https:\/\/www.manaus.am.gov.br\/semad\/nota\/remanejamento-bolsa-idioma-pos-graduacao\/#primaryimage"},"thumbnailUrl":"https:\/\/www.manaus.am.gov.br\/semad\/wp-content\/uploads\/sites\/21\/2025\/07\/BANNER-NOTA.png","datePublished":"2025-07-06T18:45:54+00:00","dateModified":"2025-12-11T18:15:57+00:00","description":"A Prefeitura de Manaus, abre o prazo para o remanejamento, ou segunda chamada, de vagas para bolsa idiomas e p\u00f3s-gradua\u00e7\u00e3o","breadcrumb":{"@id":"https:\/\/www.manaus.am.gov.br\/semad\/nota\/remanejamento-bolsa-idioma-pos-graduacao\/#breadcrumb"},"inLanguage":"pt-BR","potentialAction":[{"@type":"ReadAction","target":["https:\/\/www.manaus.am.gov.br\/semad\/nota\/remanejamento-bolsa-idioma-pos-graduacao\/"]}]},{"@type":"ImageObject","inLanguage":"pt-BR","@id":"https:\/\/www.manaus.am.gov.br\/semad\/nota\/remanejamento-bolsa-idioma-pos-graduacao\/#primaryimage","url":"https:\/\/www.manaus.am.gov.br\/semad\/wp-content\/uploads\/sites\/21\/2025\/07\/BANNER-NOTA.png","contentUrl":"https:\/\/www.manaus.am.gov.br\/semad\/wp-content\/uploads\/sites\/21\/2025\/07\/BANNER-NOTA.png","width":900,"height":509,"caption":"Concurso da Guarda Municipal"},{"@type":"BreadcrumbList","@id":"https:\/\/www.manaus.am.gov.br\/semad\/nota\/remanejamento-bolsa-idioma-pos-graduacao\/#breadcrumb","itemListElement":[{"@type":"ListItem","position":1,"name":"Home","item":"https:\/\/www.manaus.am.gov.br\/semad\/"},{"@type":"ListItem","position":2,"name":"Prefeitura de Manaus abre remanejamento de vagas para os programas Bolsa Idiomas e P\u00f3s-Gradua\u00e7\u00e3o, nesta segunda-feira, 7\/7"}]},{"@type":"WebSite","@id":"https:\/\/www.manaus.am.gov.br\/semad\/#website","url":"https:\/\/www.manaus.am.gov.br\/semad\/","name":"SEMAD","description":"Prefeitura de Manaus","publisher":{"@id":"https:\/\/www.manaus.am.gov.br\/semad\/#organization"},"alternateName":"Secretaria Municipal de Administra\u00e7\u00e3o, Planejamento e Gest\u00e3o","potentialAction":[{"@type":"SearchAction","target":{"@type":"EntryPoint","urlTemplate":"https:\/\/www.manaus.am.gov.br\/semad\/?s={search_term_string}"},"query-input":"required name=search_term_string"}],"inLanguage":"pt-BR"},{"@type":"Organization","@id":"https:\/\/www.manaus.am.gov.br\/semad\/#organization","name":"Prefeitura Municipal de Manaus","alternateName":"Prefeitura de Manaus","url":"https:\/\/www.manaus.am.gov.br\/semad\/","logo":{"@type":"ImageObject","inLanguage":"pt-BR","@id":"https:\/\/www.manaus.am.gov.br\/semad\/#\/schema\/logo\/image\/","url":"https:\/\/www.manaus.am.gov.br\/semad\/wp-content\/uploads\/sites\/21\/2024\/07\/favicon.png","contentUrl":"https:\/\/www.manaus.am.gov.br\/semad\/wp-content\/uploads\/sites\/21\/2024\/07\/favicon.png","width":300,"height":300,"caption":"Prefeitura Municipal de Manaus"},"image":{"@id":"https:\/\/www.manaus.am.gov.br\/semad\/#\/schema\/logo\/image\/"}},{"@type":"Person","@id":"https:\/\/www.manaus.am.gov.br\/semad\/#\/schema\/person\/587989a23a463cde5618e6a028977a9a","name":"Maur\u00edcio Freire","image":{"@type":"ImageObject","inLanguage":"pt-BR","@id":"https:\/\/www.manaus.am.gov.br\/semad\/#\/schema\/person\/image\/","url":"https:\/\/secure.gravatar.com\/avatar\/dc1481799a1f75c733ac3b2634cd6749?s=96&d=mm&r=g","contentUrl":"https:\/\/secure.gravatar.com\/avatar\/dc1481799a1f75c733ac3b2634cd6749?s=96&d=mm&r=g","caption":"Maur\u00edcio Freire"}}]}},"_links":{"self":[{"href":"https:\/\/www.manaus.am.gov.br\/semad\/wp-json\/wp\/v2\/posts\/1983"}],"collection":[{"href":"https:\/\/www.manaus.am.gov.br\/semad\/wp-json\/wp\/v2\/posts"}],"about":[{"href":"https:\/\/www.manaus.am.gov.br\/semad\/wp-json\/wp\/v2\/types\/post"}],"author":[{"embeddable":true,"href":"https:\/\/www.manaus.am.gov.br\/semad\/wp-json\/wp\/v2\/users\/25"}],"replies":[{"embeddable":true,"href":"https:\/\/www.manaus.am.gov.br\/semad\/wp-json\/wp\/v2\/comments?post=1983"}],"version-history":[{"count":1,"href":"https:\/\/www.manaus.am.gov.br\/semad\/wp-json\/wp\/v2\/posts\/1983\/revisions"}],"predecessor-version":[{"id":2584,"href":"https:\/\/www.manaus.am.gov.br\/semad\/wp-json\/wp\/v2\/posts\/1983\/revisions\/2584"}],"wp:featuredmedia":[{"embeddable":true,"href":"https:\/\/www.manaus.am.gov.br\/semad\/wp-json\/wp\/v2\/media\/1984"}],"wp:attachment":[{"href":"https:\/\/www.manaus.am.gov.br\/semad\/wp-json\/wp\/v2\/media?parent=1983"}],"wp:term":[{"taxonomy":"category","embeddable":true,"href":"https:\/\/www.manaus.am.gov.br\/semad\/wp-json\/wp\/v2\/categories?post=1983"},{"taxonomy":"post_tag","embeddable":true,"href":"https:\/\/www.manaus.am.gov.br\/semad\/wp-json\/wp\/v2\/tags?post=1983"}],"curies":[{"name":"wp","href":"https:\/\/api.w.org\/{rel}","templated":true}]}}