{"id":1935,"date":"2025-05-29T14:40:14","date_gmt":"2025-05-29T18:40:14","guid":{"rendered":"https:\/\/www.manaus.am.gov.br\/semad\/sem-categoria\/resultados-pbi-pbpg-3-6\/"},"modified":"2025-05-29T14:42:12","modified_gmt":"2025-05-29T18:42:12","slug":"resultados-pbi-pbpg-3-6","status":"publish","type":"post","link":"https:\/\/www.manaus.am.gov.br\/semad\/socioinclusao\/resultados-pbi-pbpg-3-6\/","title":{"rendered":"Prefeitura de Manaus divulga resultados dos programas Bolsa Idiomas e P\u00f3s-Gradua\u00e7\u00e3o no dia 3 de junho"},"content":{"rendered":"\n<p>A Prefeitura de Manaus, por meio da Escola de Servi\u00e7o P\u00fablico Municipal e Inclus\u00e3o Socioeducacional (Espi), divulga, na pr\u00f3xima ter\u00e7a-feira, 3\/6, os resultados das sele\u00e7\u00f5es dos programas Bolsa Idiomas (PBI) e Bolsa P\u00f3s-Gradua\u00e7\u00e3o (PBPG). Juntos, os dois programas ofertaram 96.341 oportunidades de acesso a cursos em institui\u00e7\u00f5es particulares de ensino. Os classificados na primeira chamada do PBPG dever\u00e3o apresentar a documenta\u00e7\u00e3o no per\u00edodo de 16 a 18\/6, das 8h \u00e0s 15h. J\u00e1 os selecionados para o PBI far\u00e3o a entrega no per\u00edodo de 30\/6 a 2\/7, tamb\u00e9m das 8h \u00e0s 15h.<\/p>\n\n\n\n<p>Na manh\u00e3 desta quinta-feira, 29\/5, no laborat\u00f3rio da Espi, localizado na sede da Secretaria Municipal de Administra\u00e7\u00e3o, Planejamento e Gest\u00e3o (Semad), \u00f3rg\u00e3o ao qual a escola \u00e9 vinculada, foi realizado o treinamento dos representantes das sete Institui\u00e7\u00f5es de Ensino Superior (IES) que ficar\u00e3o encarregados do recebimento da documenta\u00e7\u00e3o que comprova os dados inseridos no sistema no momento da inscri\u00e7\u00e3o.<\/p>\n\n\n\n<p>Durante a abertura do treinamento, o diretor-geral da Espi, Aurilex Moreira, refor\u00e7ou a import\u00e2ncia dessa etapa para que n\u00e3o haja intercorr\u00eancias no processo. \u201cA prepara\u00e7\u00e3o de voc\u00eas agiliza bastante, tanto o nosso trabalho quanto o de voc\u00eas nas institui\u00e7\u00f5es. \u00c9 fundamental que voc\u00eas se apropriem de tudo o que for explicado aqui, conhe\u00e7am o edital, tirem suas d\u00favidas, os cuidados que precisam ter no atendimento aos candidatos. O treinamento \u00e9 exatamente para isso\u201d, explicou.<\/p>\n\n\n\n<p>A edi\u00e7\u00e3o deste ano do Programa Bolsa P\u00f3s-Gradua\u00e7\u00e3o disponibilizou bolsas de estudos com descontos de 50%, 75% e integrais para 185 cursos de especializa\u00e7\u00e3o.<\/p>\n\n\n\n<p>Nesta sexta-feira, 30\/5, ser\u00e3o treinados os representantes das 17 institui\u00e7\u00f5es de ensino de l\u00edngua estrangeira, do Programa Bolsa Idiomas, tamb\u00e9m para o recebimento da documenta\u00e7\u00e3o dos classificados em primeira chamada.<\/p>\n\n\n\n<figure class=\"wp-block-image size-large\"><img loading=\"lazy\" decoding=\"async\" width=\"1024\" height=\"803\" src=\"https:\/\/www.manaus.am.gov.br\/semad\/wp-content\/uploads\/sites\/21\/2025\/05\/Treinamento-PBPG-Espi-Foto-Divulgacao-Semad-Espi-1-1024x803.jpg\" alt=\"\" class=\"wp-image-1937\" srcset=\"https:\/\/www.manaus.am.gov.br\/semad\/wp-content\/uploads\/sites\/21\/2025\/05\/Treinamento-PBPG-Espi-Foto-Divulgacao-Semad-Espi-1-1024x803.jpg 1024w, https:\/\/www.manaus.am.gov.br\/semad\/wp-content\/uploads\/sites\/21\/2025\/05\/Treinamento-PBPG-Espi-Foto-Divulgacao-Semad-Espi-1-300x235.jpg 300w, https:\/\/www.manaus.am.gov.br\/semad\/wp-content\/uploads\/sites\/21\/2025\/05\/Treinamento-PBPG-Espi-Foto-Divulgacao-Semad-Espi-1-768x602.jpg 768w, https:\/\/www.manaus.am.gov.br\/semad\/wp-content\/uploads\/sites\/21\/2025\/05\/Treinamento-PBPG-Espi-Foto-Divulgacao-Semad-Espi-1-1536x1205.jpg 1536w, https:\/\/www.manaus.am.gov.br\/semad\/wp-content\/uploads\/sites\/21\/2025\/05\/Treinamento-PBPG-Espi-Foto-Divulgacao-Semad-Espi-1-2048x1606.jpg 2048w\" sizes=\"(max-width: 1024px) 100vw, 1024px\" \/><\/figure>\n\n\n\n<p>&#8212; &#8212; &#8212;<\/p>\n\n\n\n<p><strong>Texto<\/strong>\u00a0\u2013 Sandra Monteiro\/Semad-Espi<\/p>\n\n\n\n<p><strong>Fotos<\/strong>\u00a0\u2013 Divulga\u00e7\u00e3o\/Semad-Espi<\/p>\n","protected":false},"excerpt":{"rendered":"","protected":false},"author":39,"featured_media":1936,"comment_status":"closed","ping_status":"closed","sticky":false,"template":"","format":"standard","meta":{"footnotes":""},"categories":[177],"tags":[503,9,504,11,505],"acf":[],"yoast_head":"<!-- This site is optimized with the Yoast SEO plugin v23.0 - https:\/\/yoast.com\/wordpress\/plugins\/seo\/ -->\n<title>Prefeitura divulga resultados dos PBI e PBPG no dia 3 de junho<\/title>\n<meta name=\"description\" content=\"Prefeitura de Manaus, por meio da Semad, divulga resultados dos programas Bolsa Idiomas e P\u00f3s-Gradua\u00e7\u00e3o no dia 3 de junho.\" \/>\n<meta name=\"robots\" content=\"noindex, follow\" \/>\n<meta property=\"og:locale\" content=\"pt_BR\" \/>\n<meta property=\"og:type\" content=\"article\" \/>\n<meta property=\"og:title\" content=\"Prefeitura divulga resultados dos PBI e PBPG no dia 3 de junho\" \/>\n<meta property=\"og:description\" content=\"Prefeitura de Manaus, por meio da Semad, divulga resultados dos programas Bolsa Idiomas e P\u00f3s-Gradua\u00e7\u00e3o no dia 3 de junho.\" \/>\n<meta property=\"og:url\" content=\"https:\/\/www.manaus.am.gov.br\/semad\/socioinclusao\/resultados-pbi-pbpg-3-6\/\" \/>\n<meta property=\"og:site_name\" content=\"SEMAD\" \/>\n<meta property=\"article:published_time\" content=\"2025-05-29T18:40:14+00:00\" \/>\n<meta property=\"article:modified_time\" content=\"2025-05-29T18:42:12+00:00\" \/>\n<meta property=\"og:image\" content=\"https:\/\/www.manaus.am.gov.br\/semad\/wp-content\/uploads\/sites\/21\/2025\/05\/Treinamento-PBPG-Espi-Foto-Divulgacao-Semad-Espi-2-1024x768.jpg\" \/>\n\t<meta property=\"og:image:width\" content=\"1024\" \/>\n\t<meta property=\"og:image:height\" content=\"768\" \/>\n\t<meta property=\"og:image:type\" content=\"image\/jpeg\" \/>\n<meta name=\"author\" content=\"Bruna Greco\" \/>\n<meta name=\"twitter:card\" content=\"summary_large_image\" \/>\n<meta name=\"twitter:label1\" content=\"Written by\" \/>\n\t<meta name=\"twitter:data1\" content=\"Bruna Greco\" \/>\n\t<meta name=\"twitter:label2\" content=\"Est. reading time\" \/>\n\t<meta name=\"twitter:data2\" content=\"2 minutos\" \/>\n<script type=\"application\/ld+json\" class=\"yoast-schema-graph\">{\"@context\":\"https:\/\/schema.org\",\"@graph\":[{\"@type\":\"Article\",\"@id\":\"https:\/\/www.manaus.am.gov.br\/semad\/socioinclusao\/resultados-pbi-pbpg-3-6\/#article\",\"isPartOf\":{\"@id\":\"https:\/\/www.manaus.am.gov.br\/semad\/socioinclusao\/resultados-pbi-pbpg-3-6\/\"},\"author\":{\"name\":\"Bruna Greco\",\"@id\":\"https:\/\/www.manaus.am.gov.br\/semad\/#\/schema\/person\/05d223aea2bf115f9883a6ff3683d81b\"},\"headline\":\"Prefeitura de Manaus divulga resultados dos programas Bolsa Idiomas e P\u00f3s-Gradua\u00e7\u00e3o no dia 3 de junho\",\"datePublished\":\"2025-05-29T18:40:14+00:00\",\"dateModified\":\"2025-05-29T18:42:12+00:00\",\"mainEntityOfPage\":{\"@id\":\"https:\/\/www.manaus.am.gov.br\/semad\/socioinclusao\/resultados-pbi-pbpg-3-6\/\"},\"wordCount\":334,\"publisher\":{\"@id\":\"https:\/\/www.manaus.am.gov.br\/semad\/#organization\"},\"image\":{\"@id\":\"https:\/\/www.manaus.am.gov.br\/semad\/socioinclusao\/resultados-pbi-pbpg-3-6\/#primaryimage\"},\"thumbnailUrl\":\"https:\/\/www.manaus.am.gov.br\/semad\/wp-content\/uploads\/sites\/21\/2025\/05\/Treinamento-PBPG-Espi-Foto-Divulgacao-Semad-Espi-2.jpg\",\"keywords\":[\"3\/6\",\"prefeitura de manaus\",\"resultados dos programas Bolsa Idiomas e P\u00f3s-Gradua\u00e7\u00e3o\",\"Semad\",\"treinamento\"],\"articleSection\":[\"Socioinclus\u00e3o\"],\"inLanguage\":\"pt-BR\"},{\"@type\":\"WebPage\",\"@id\":\"https:\/\/www.manaus.am.gov.br\/semad\/socioinclusao\/resultados-pbi-pbpg-3-6\/\",\"url\":\"https:\/\/www.manaus.am.gov.br\/semad\/socioinclusao\/resultados-pbi-pbpg-3-6\/\",\"name\":\"Prefeitura divulga resultados dos PBI e PBPG no dia 3 de junho\",\"isPartOf\":{\"@id\":\"https:\/\/www.manaus.am.gov.br\/semad\/#website\"},\"primaryImageOfPage\":{\"@id\":\"https:\/\/www.manaus.am.gov.br\/semad\/socioinclusao\/resultados-pbi-pbpg-3-6\/#primaryimage\"},\"image\":{\"@id\":\"https:\/\/www.manaus.am.gov.br\/semad\/socioinclusao\/resultados-pbi-pbpg-3-6\/#primaryimage\"},\"thumbnailUrl\":\"https:\/\/www.manaus.am.gov.br\/semad\/wp-content\/uploads\/sites\/21\/2025\/05\/Treinamento-PBPG-Espi-Foto-Divulgacao-Semad-Espi-2.jpg\",\"datePublished\":\"2025-05-29T18:40:14+00:00\",\"dateModified\":\"2025-05-29T18:42:12+00:00\",\"description\":\"Prefeitura de Manaus, por meio da Semad, divulga resultados dos programas Bolsa Idiomas e P\u00f3s-Gradua\u00e7\u00e3o no dia 3 de junho.\",\"breadcrumb\":{\"@id\":\"https:\/\/www.manaus.am.gov.br\/semad\/socioinclusao\/resultados-pbi-pbpg-3-6\/#breadcrumb\"},\"inLanguage\":\"pt-BR\",\"potentialAction\":[{\"@type\":\"ReadAction\",\"target\":[\"https:\/\/www.manaus.am.gov.br\/semad\/socioinclusao\/resultados-pbi-pbpg-3-6\/\"]}]},{\"@type\":\"ImageObject\",\"inLanguage\":\"pt-BR\",\"@id\":\"https:\/\/www.manaus.am.gov.br\/semad\/socioinclusao\/resultados-pbi-pbpg-3-6\/#primaryimage\",\"url\":\"https:\/\/www.manaus.am.gov.br\/semad\/wp-content\/uploads\/sites\/21\/2025\/05\/Treinamento-PBPG-Espi-Foto-Divulgacao-Semad-Espi-2.jpg\",\"contentUrl\":\"https:\/\/www.manaus.am.gov.br\/semad\/wp-content\/uploads\/sites\/21\/2025\/05\/Treinamento-PBPG-Espi-Foto-Divulgacao-Semad-Espi-2.jpg\",\"width\":7216,\"height\":5412,\"caption\":\"#paratodosverem - Diretor-geral da Espi, Aurilex Moreira, realizando treinamento dos representantes das sete Institui\u00e7\u00f5es de Ensino Superior (IES)\"},{\"@type\":\"BreadcrumbList\",\"@id\":\"https:\/\/www.manaus.am.gov.br\/semad\/socioinclusao\/resultados-pbi-pbpg-3-6\/#breadcrumb\",\"itemListElement\":[{\"@type\":\"ListItem\",\"position\":1,\"name\":\"Home\",\"item\":\"https:\/\/www.manaus.am.gov.br\/semad\/\"},{\"@type\":\"ListItem\",\"position\":2,\"name\":\"Prefeitura de Manaus divulga resultados dos programas Bolsa Idiomas e P\u00f3s-Gradua\u00e7\u00e3o no dia 3 de junho\"}]},{\"@type\":\"WebSite\",\"@id\":\"https:\/\/www.manaus.am.gov.br\/semad\/#website\",\"url\":\"https:\/\/www.manaus.am.gov.br\/semad\/\",\"name\":\"SEMAD\",\"description\":\"Prefeitura de Manaus\",\"publisher\":{\"@id\":\"https:\/\/www.manaus.am.gov.br\/semad\/#organization\"},\"alternateName\":\"Secretaria Municipal de Administra\u00e7\u00e3o, Planejamento e Gest\u00e3o\",\"potentialAction\":[{\"@type\":\"SearchAction\",\"target\":{\"@type\":\"EntryPoint\",\"urlTemplate\":\"https:\/\/www.manaus.am.gov.br\/semad\/?s={search_term_string}\"},\"query-input\":\"required name=search_term_string\"}],\"inLanguage\":\"pt-BR\"},{\"@type\":\"Organization\",\"@id\":\"https:\/\/www.manaus.am.gov.br\/semad\/#organization\",\"name\":\"Prefeitura Municipal de Manaus\",\"alternateName\":\"Prefeitura de Manaus\",\"url\":\"https:\/\/www.manaus.am.gov.br\/semad\/\",\"logo\":{\"@type\":\"ImageObject\",\"inLanguage\":\"pt-BR\",\"@id\":\"https:\/\/www.manaus.am.gov.br\/semad\/#\/schema\/logo\/image\/\",\"url\":\"https:\/\/www.manaus.am.gov.br\/semad\/wp-content\/uploads\/sites\/21\/2024\/07\/favicon.png\",\"contentUrl\":\"https:\/\/www.manaus.am.gov.br\/semad\/wp-content\/uploads\/sites\/21\/2024\/07\/favicon.png\",\"width\":300,\"height\":300,\"caption\":\"Prefeitura Municipal de Manaus\"},\"image\":{\"@id\":\"https:\/\/www.manaus.am.gov.br\/semad\/#\/schema\/logo\/image\/\"}},{\"@type\":\"Person\",\"@id\":\"https:\/\/www.manaus.am.gov.br\/semad\/#\/schema\/person\/05d223aea2bf115f9883a6ff3683d81b\",\"name\":\"Bruna Greco\",\"image\":{\"@type\":\"ImageObject\",\"inLanguage\":\"pt-BR\",\"@id\":\"https:\/\/www.manaus.am.gov.br\/semad\/#\/schema\/person\/image\/\",\"url\":\"https:\/\/secure.gravatar.com\/avatar\/9c877d1a6adc2a055330e5c09a8653ce?s=96&d=mm&r=g\",\"contentUrl\":\"https:\/\/secure.gravatar.com\/avatar\/9c877d1a6adc2a055330e5c09a8653ce?s=96&d=mm&r=g\",\"caption\":\"Bruna Greco\"}}]}<\/script>\n<!-- \/ Yoast SEO plugin. -->","yoast_head_json":{"title":"Prefeitura divulga resultados dos PBI e PBPG no dia 3 de junho","description":"Prefeitura de Manaus, por meio da Semad, divulga resultados dos programas Bolsa Idiomas e P\u00f3s-Gradua\u00e7\u00e3o no dia 3 de junho.","robots":{"index":"noindex","follow":"follow"},"og_locale":"pt_BR","og_type":"article","og_title":"Prefeitura divulga resultados dos PBI e PBPG no dia 3 de junho","og_description":"Prefeitura de Manaus, por meio da Semad, divulga resultados dos programas Bolsa Idiomas e P\u00f3s-Gradua\u00e7\u00e3o no dia 3 de junho.","og_url":"https:\/\/www.manaus.am.gov.br\/semad\/socioinclusao\/resultados-pbi-pbpg-3-6\/","og_site_name":"SEMAD","article_published_time":"2025-05-29T18:40:14+00:00","article_modified_time":"2025-05-29T18:42:12+00:00","og_image":[{"width":1024,"height":768,"url":"https:\/\/www.manaus.am.gov.br\/semad\/wp-content\/uploads\/sites\/21\/2025\/05\/Treinamento-PBPG-Espi-Foto-Divulgacao-Semad-Espi-2-1024x768.jpg","type":"image\/jpeg"}],"author":"Bruna Greco","twitter_card":"summary_large_image","twitter_misc":{"Written by":"Bruna Greco","Est. reading time":"2 minutos"},"schema":{"@context":"https:\/\/schema.org","@graph":[{"@type":"Article","@id":"https:\/\/www.manaus.am.gov.br\/semad\/socioinclusao\/resultados-pbi-pbpg-3-6\/#article","isPartOf":{"@id":"https:\/\/www.manaus.am.gov.br\/semad\/socioinclusao\/resultados-pbi-pbpg-3-6\/"},"author":{"name":"Bruna Greco","@id":"https:\/\/www.manaus.am.gov.br\/semad\/#\/schema\/person\/05d223aea2bf115f9883a6ff3683d81b"},"headline":"Prefeitura de Manaus divulga resultados dos programas Bolsa Idiomas e P\u00f3s-Gradua\u00e7\u00e3o no dia 3 de junho","datePublished":"2025-05-29T18:40:14+00:00","dateModified":"2025-05-29T18:42:12+00:00","mainEntityOfPage":{"@id":"https:\/\/www.manaus.am.gov.br\/semad\/socioinclusao\/resultados-pbi-pbpg-3-6\/"},"wordCount":334,"publisher":{"@id":"https:\/\/www.manaus.am.gov.br\/semad\/#organization"},"image":{"@id":"https:\/\/www.manaus.am.gov.br\/semad\/socioinclusao\/resultados-pbi-pbpg-3-6\/#primaryimage"},"thumbnailUrl":"https:\/\/www.manaus.am.gov.br\/semad\/wp-content\/uploads\/sites\/21\/2025\/05\/Treinamento-PBPG-Espi-Foto-Divulgacao-Semad-Espi-2.jpg","keywords":["3\/6","prefeitura de manaus","resultados dos programas Bolsa Idiomas e P\u00f3s-Gradua\u00e7\u00e3o","Semad","treinamento"],"articleSection":["Socioinclus\u00e3o"],"inLanguage":"pt-BR"},{"@type":"WebPage","@id":"https:\/\/www.manaus.am.gov.br\/semad\/socioinclusao\/resultados-pbi-pbpg-3-6\/","url":"https:\/\/www.manaus.am.gov.br\/semad\/socioinclusao\/resultados-pbi-pbpg-3-6\/","name":"Prefeitura divulga resultados dos PBI e PBPG no dia 3 de junho","isPartOf":{"@id":"https:\/\/www.manaus.am.gov.br\/semad\/#website"},"primaryImageOfPage":{"@id":"https:\/\/www.manaus.am.gov.br\/semad\/socioinclusao\/resultados-pbi-pbpg-3-6\/#primaryimage"},"image":{"@id":"https:\/\/www.manaus.am.gov.br\/semad\/socioinclusao\/resultados-pbi-pbpg-3-6\/#primaryimage"},"thumbnailUrl":"https:\/\/www.manaus.am.gov.br\/semad\/wp-content\/uploads\/sites\/21\/2025\/05\/Treinamento-PBPG-Espi-Foto-Divulgacao-Semad-Espi-2.jpg","datePublished":"2025-05-29T18:40:14+00:00","dateModified":"2025-05-29T18:42:12+00:00","description":"Prefeitura de Manaus, por meio da Semad, divulga resultados dos programas Bolsa Idiomas e P\u00f3s-Gradua\u00e7\u00e3o no dia 3 de junho.","breadcrumb":{"@id":"https:\/\/www.manaus.am.gov.br\/semad\/socioinclusao\/resultados-pbi-pbpg-3-6\/#breadcrumb"},"inLanguage":"pt-BR","potentialAction":[{"@type":"ReadAction","target":["https:\/\/www.manaus.am.gov.br\/semad\/socioinclusao\/resultados-pbi-pbpg-3-6\/"]}]},{"@type":"ImageObject","inLanguage":"pt-BR","@id":"https:\/\/www.manaus.am.gov.br\/semad\/socioinclusao\/resultados-pbi-pbpg-3-6\/#primaryimage","url":"https:\/\/www.manaus.am.gov.br\/semad\/wp-content\/uploads\/sites\/21\/2025\/05\/Treinamento-PBPG-Espi-Foto-Divulgacao-Semad-Espi-2.jpg","contentUrl":"https:\/\/www.manaus.am.gov.br\/semad\/wp-content\/uploads\/sites\/21\/2025\/05\/Treinamento-PBPG-Espi-Foto-Divulgacao-Semad-Espi-2.jpg","width":7216,"height":5412,"caption":"#paratodosverem - Diretor-geral da Espi, Aurilex Moreira, realizando treinamento dos representantes das sete Institui\u00e7\u00f5es de Ensino Superior (IES)"},{"@type":"BreadcrumbList","@id":"https:\/\/www.manaus.am.gov.br\/semad\/socioinclusao\/resultados-pbi-pbpg-3-6\/#breadcrumb","itemListElement":[{"@type":"ListItem","position":1,"name":"Home","item":"https:\/\/www.manaus.am.gov.br\/semad\/"},{"@type":"ListItem","position":2,"name":"Prefeitura de Manaus divulga resultados dos programas Bolsa Idiomas e P\u00f3s-Gradua\u00e7\u00e3o no dia 3 de junho"}]},{"@type":"WebSite","@id":"https:\/\/www.manaus.am.gov.br\/semad\/#website","url":"https:\/\/www.manaus.am.gov.br\/semad\/","name":"SEMAD","description":"Prefeitura de Manaus","publisher":{"@id":"https:\/\/www.manaus.am.gov.br\/semad\/#organization"},"alternateName":"Secretaria Municipal de Administra\u00e7\u00e3o, Planejamento e Gest\u00e3o","potentialAction":[{"@type":"SearchAction","target":{"@type":"EntryPoint","urlTemplate":"https:\/\/www.manaus.am.gov.br\/semad\/?s={search_term_string}"},"query-input":"required name=search_term_string"}],"inLanguage":"pt-BR"},{"@type":"Organization","@id":"https:\/\/www.manaus.am.gov.br\/semad\/#organization","name":"Prefeitura Municipal de Manaus","alternateName":"Prefeitura de Manaus","url":"https:\/\/www.manaus.am.gov.br\/semad\/","logo":{"@type":"ImageObject","inLanguage":"pt-BR","@id":"https:\/\/www.manaus.am.gov.br\/semad\/#\/schema\/logo\/image\/","url":"https:\/\/www.manaus.am.gov.br\/semad\/wp-content\/uploads\/sites\/21\/2024\/07\/favicon.png","contentUrl":"https:\/\/www.manaus.am.gov.br\/semad\/wp-content\/uploads\/sites\/21\/2024\/07\/favicon.png","width":300,"height":300,"caption":"Prefeitura Municipal de Manaus"},"image":{"@id":"https:\/\/www.manaus.am.gov.br\/semad\/#\/schema\/logo\/image\/"}},{"@type":"Person","@id":"https:\/\/www.manaus.am.gov.br\/semad\/#\/schema\/person\/05d223aea2bf115f9883a6ff3683d81b","name":"Bruna Greco","image":{"@type":"ImageObject","inLanguage":"pt-BR","@id":"https:\/\/www.manaus.am.gov.br\/semad\/#\/schema\/person\/image\/","url":"https:\/\/secure.gravatar.com\/avatar\/9c877d1a6adc2a055330e5c09a8653ce?s=96&d=mm&r=g","contentUrl":"https:\/\/secure.gravatar.com\/avatar\/9c877d1a6adc2a055330e5c09a8653ce?s=96&d=mm&r=g","caption":"Bruna Greco"}}]}},"_links":{"self":[{"href":"https:\/\/www.manaus.am.gov.br\/semad\/wp-json\/wp\/v2\/posts\/1935"}],"collection":[{"href":"https:\/\/www.manaus.am.gov.br\/semad\/wp-json\/wp\/v2\/posts"}],"about":[{"href":"https:\/\/www.manaus.am.gov.br\/semad\/wp-json\/wp\/v2\/types\/post"}],"author":[{"embeddable":true,"href":"https:\/\/www.manaus.am.gov.br\/semad\/wp-json\/wp\/v2\/users\/39"}],"replies":[{"embeddable":true,"href":"https:\/\/www.manaus.am.gov.br\/semad\/wp-json\/wp\/v2\/comments?post=1935"}],"version-history":[{"count":3,"href":"https:\/\/www.manaus.am.gov.br\/semad\/wp-json\/wp\/v2\/posts\/1935\/revisions"}],"predecessor-version":[{"id":1940,"href":"https:\/\/www.manaus.am.gov.br\/semad\/wp-json\/wp\/v2\/posts\/1935\/revisions\/1940"}],"wp:featuredmedia":[{"embeddable":true,"href":"https:\/\/www.manaus.am.gov.br\/semad\/wp-json\/wp\/v2\/media\/1936"}],"wp:attachment":[{"href":"https:\/\/www.manaus.am.gov.br\/semad\/wp-json\/wp\/v2\/media?parent=1935"}],"wp:term":[{"taxonomy":"category","embeddable":true,"href":"https:\/\/www.manaus.am.gov.br\/semad\/wp-json\/wp\/v2\/categories?post=1935"},{"taxonomy":"post_tag","embeddable":true,"href":"https:\/\/www.manaus.am.gov.br\/semad\/wp-json\/wp\/v2\/tags?post=1935"}],"curies":[{"name":"wp","href":"https:\/\/api.w.org\/{rel}","templated":true}]}}