{"id":1867,"date":"2025-05-15T11:12:27","date_gmt":"2025-05-15T15:12:27","guid":{"rendered":"https:\/\/www.manaus.am.gov.br\/semad\/sem-categoria\/prefeitura-semad-espi-inscricao-bolsas\/"},"modified":"2025-05-15T11:12:28","modified_gmt":"2025-05-15T15:12:28","slug":"prefeitura-semad-espi-inscricao-bolsas","status":"publish","type":"post","link":"https:\/\/www.manaus.am.gov.br\/semad\/socioinclusao\/prefeitura-semad-espi-inscricao-bolsas\/","title":{"rendered":"Prefeitura orienta candidatos para preenchimento correto do formul\u00e1rio de inscri\u00e7\u00e3o para programas Bolsa Idiomas e P\u00f3s-Gradua\u00e7\u00e3o"},"content":{"rendered":"\n<p>A Prefeitura de Manaus, por meio da Escola de Servi\u00e7o P\u00fablico Municipal e Inclus\u00e3o Socioeducacional (Espi), vinculada \u00e0 Secretaria Municipal de Administra\u00e7\u00e3o, Planejamento e Gest\u00e3o (Semad), abriu, nesta quinta-feira, 15\/5, as inscri\u00e7\u00f5es para as 36.021 oportunidades em cursos b\u00e1sicos de l\u00edngua estrangeira na rede privada, disponibilizadas pelo Programa Bolsa Idiomas (PBI). Os interessados ter\u00e3o at\u00e9 as 14h, do dia 21\/5, para preencher o formul\u00e1rio, por meio do link&nbsp;<a href=\"https:\/\/sgbi.manaus.am.gov.br\/inscricao\" target=\"_blank\" rel=\"noreferrer noopener\">https:\/\/sgbi.manaus.am.gov.br\/inscricao<\/a>.<\/p>\n\n\n\n<p>Desde o \u00faltimo dia 8, a Espi est\u00e1 recebendo inscri\u00e7\u00f5es para outro programa de inclus\u00e3o socioeducacional da prefeitura, o Bolsa P\u00f3s-Gradua\u00e7\u00e3o (PBPG), cujas inscri\u00e7\u00f5es foram estendidas at\u00e9 as 14h desta sexta-feira, 16\/5, e podem ser feitas acessando o endere\u00e7o eletr\u00f4nico&nbsp;<a href=\"http:\/\/sgbp.manaus.am.gov.br\/inscricao\" target=\"_blank\" rel=\"noreferrer noopener\">http:\/\/sgbp.manaus.am.gov.br\/inscricao<\/a>.<\/p>\n\n\n\n<p>O diretor-geral da escola, Aurilex Moreira, orienta os candidatos que observem atentamente quais informa\u00e7\u00f5es s\u00e3o solicitadas no formul\u00e1rio para que o preenchimento seja feito de forma correta, com dados reais.<\/p>\n\n\n\n<p>\u201cO preenchimento correto do formul\u00e1rio de inscri\u00e7\u00e3o \u00e9 muito importante. Se houver inconsist\u00eancias, o candidato corre o risco de n\u00e3o conseguir concorrer. O mesmo se aplica \u00e0 veracidade das informa\u00e7\u00f5es. N\u00e3o h\u00e1 como burlar o sistema com dados falsos, at\u00e9 porque ser\u00e1 necess\u00e1ria a comprova\u00e7\u00e3o de tudo o que for declarado\u201d, alerta Aurilex.<\/p>\n\n\n\n<p>O diretor-geral explica, ainda, que se algum candidato encontrar problemas no preenchimento de algum campo, como o de telefone, deve se certificar de estar colocando a quantidade certa de algarismos. Caso o problema persista, a sugest\u00e3o \u00e9 acessar por outro dispositivo, de prefer\u00eancia um computador ou notebook.<\/p>\n\n\n\n<p>Aurilex destaca, tamb\u00e9m, a indica\u00e7\u00e3o de informa\u00e7\u00e3o profissional. \u201cSe a pessoa n\u00e3o encontrar sua profiss\u00e3o exata no campo de atividades profissionais, basta selecionar uma op\u00e7\u00e3o mais pr\u00f3xima. Por exemplo, se voc\u00ea \u00e9 vendedor, pode escolher o item \u2018promotor de vendas\u2019, que \u00e9 semelhante\u201d, sugere.<\/p>\n\n\n\n<p><strong>Socioinclus\u00e3o educacional<\/strong><\/p>\n\n\n\n<p>Os programas Bolsa P\u00f3s-Gradua\u00e7\u00e3o, Bolsa Idiomas e Bolsa Universidade s\u00e3o os pilares do Programa de Inclus\u00e3o Socioeducacional da Prefeitura de Manaus, coordenado pela Espi\/Semad.<\/p>\n\n\n\n<p>Para 2025, os tr\u00eas ofereceram 144.021 oportunidades de acesso a ensino em institui\u00e7\u00f5es particulares de ensino situadas em Manaus.<\/p>\n\n\n\n<p>A iniciativa contempla pessoas de fam\u00edlias de baixa renda que se enquadrem nos crit\u00e9rios de cada um dos programas.<\/p>\n\n\n\n<p>No caso do PBI, podem participar estudantes a partir dos 10 anos de idade, cuja renda familiar n\u00e3o exceda a 2,5 sal\u00e1rios m\u00ednimos, o equivalente a R$ 3.795, com base no valor em vigor. Para 2025, est\u00e3o sendo oferecidas 36.021 bolsas para cursos b\u00e1sicos de sete idiomas: ingl\u00eas, espanhol, alem\u00e3o, franc\u00eas, italiano, japon\u00eas e mandarim, em 17 Institui\u00e7\u00f5es de Ensino de L\u00edngua Estrangeira.<\/p>\n\n\n\n<p>O p\u00fablico-alvo do Bolsa P\u00f3s-Gradua\u00e7\u00e3o s\u00e3o pessoas que, comprovadamente, n\u00e3o t\u00eam condi\u00e7\u00f5es de custear seus estudos em Institui\u00e7\u00f5es de Ensino Superior (IES) privadas de Manaus. A renda per capita familiar dos candidatos n\u00e3o pode ser superior a 3,5 sal\u00e1rios m\u00ednimos, o que corresponde a R$ 5.313.&nbsp;<\/p>\n\n\n\n<p>O edital do Bolsa Universidade foi lan\u00e7ado no final do ano passado, com a oferta de 47.680 vagas. O processo foi conclu\u00eddo e os contemplados j\u00e1 come\u00e7aram a cursar a gradua\u00e7\u00e3o escolhida.<\/p>\n\n\n\n<p>&#8212; &#8212; &#8212;<\/p>\n\n\n\n<p><strong>Texto\u00a0<\/strong>\u2013 Sandra Monteiro \/ Semad-Espi<\/p>\n\n\n\n<p><strong>Foto<\/strong>\u00a0\u2013 Sidney William \/ Semad-Espi \u00a0\u00a0<\/p>\n","protected":false},"excerpt":{"rendered":"","protected":false},"author":23,"featured_media":1868,"comment_status":"closed","ping_status":"closed","sticky":false,"template":"","format":"standard","meta":{"footnotes":""},"categories":[177],"tags":[27,183,9,443],"acf":[],"yoast_head":"<!-- This site is optimized with the Yoast SEO plugin v23.0 - https:\/\/yoast.com\/wordpress\/plugins\/seo\/ -->\n<title>Prefeitura orienta candidatos para preenchimento correto do formul\u00e1rio de inscri\u00e7\u00e3o para programas Bolsa Idiomas e P\u00f3s-Gradua\u00e7\u00e3o<\/title>\n<meta name=\"description\" content=\"A Prefeitura de Manaus, por meio da Escola de Servi\u00e7o P\u00fablico Municipal e Inclus\u00e3o Socioeducacional (Espi), vinculada \u00e0 Secretaria Municipal de Administra\u00e7\u00e3o, Planejamento e Gest\u00e3o (Semad), abriu, nesta quinta-feira, 15\/5, as inscri\u00e7\u00f5es para as 36.021 oportunidades em cursos b\u00e1sicos de l\u00edngua estrangeira na rede privada, disponibilizadas pelo Programa Bolsa Idiomas (PBI).\" \/>\n<meta name=\"robots\" content=\"noindex, follow\" \/>\n<meta property=\"og:locale\" content=\"pt_BR\" \/>\n<meta property=\"og:type\" content=\"article\" \/>\n<meta property=\"og:title\" content=\"Prefeitura orienta candidatos para preenchimento correto do formul\u00e1rio de inscri\u00e7\u00e3o para programas Bolsa Idiomas e P\u00f3s-Gradua\u00e7\u00e3o\" \/>\n<meta property=\"og:description\" content=\"A Prefeitura de Manaus, por meio da Escola de Servi\u00e7o P\u00fablico Municipal e Inclus\u00e3o Socioeducacional (Espi), vinculada \u00e0 Secretaria Municipal de Administra\u00e7\u00e3o, Planejamento e Gest\u00e3o (Semad), abriu, nesta quinta-feira, 15\/5, as inscri\u00e7\u00f5es para as 36.021 oportunidades em cursos b\u00e1sicos de l\u00edngua estrangeira na rede privada, disponibilizadas pelo Programa Bolsa Idiomas (PBI).\" \/>\n<meta property=\"og:url\" content=\"https:\/\/www.manaus.am.gov.br\/semad\/socioinclusao\/prefeitura-semad-espi-inscricao-bolsas\/\" \/>\n<meta property=\"og:site_name\" content=\"SEMAD\" \/>\n<meta property=\"article:published_time\" content=\"2025-05-15T15:12:27+00:00\" \/>\n<meta property=\"article:modified_time\" content=\"2025-05-15T15:12:28+00:00\" \/>\n<meta property=\"og:image\" content=\"https:\/\/www.manaus.am.gov.br\/semad\/wp-content\/uploads\/sites\/21\/2025\/05\/Inscricoes-PBI-Foto-Sidney-William-Semad-Espi-1.jpg\" \/>\n\t<meta property=\"og:image:width\" content=\"3094\" \/>\n\t<meta property=\"og:image:height\" content=\"1868\" \/>\n\t<meta property=\"og:image:type\" content=\"image\/jpeg\" \/>\n<meta name=\"author\" content=\"Adriana Costa\" \/>\n<meta name=\"twitter:card\" content=\"summary_large_image\" \/>\n<meta name=\"twitter:label1\" content=\"Written by\" \/>\n\t<meta name=\"twitter:data1\" content=\"Adriana Costa\" \/>\n\t<meta name=\"twitter:label2\" content=\"Est. reading time\" \/>\n\t<meta name=\"twitter:data2\" content=\"3 minutos\" \/>\n<script type=\"application\/ld+json\" class=\"yoast-schema-graph\">{\"@context\":\"https:\/\/schema.org\",\"@graph\":[{\"@type\":\"Article\",\"@id\":\"https:\/\/www.manaus.am.gov.br\/semad\/socioinclusao\/prefeitura-semad-espi-inscricao-bolsas\/#article\",\"isPartOf\":{\"@id\":\"https:\/\/www.manaus.am.gov.br\/semad\/socioinclusao\/prefeitura-semad-espi-inscricao-bolsas\/\"},\"author\":{\"name\":\"Adriana Costa\",\"@id\":\"https:\/\/www.manaus.am.gov.br\/semad\/#\/schema\/person\/4e49f4e267757a06ca072ec61b2b9968\"},\"headline\":\"Prefeitura orienta candidatos para preenchimento correto do formul\u00e1rio de inscri\u00e7\u00e3o para programas Bolsa Idiomas e P\u00f3s-Gradua\u00e7\u00e3o\",\"datePublished\":\"2025-05-15T15:12:27+00:00\",\"dateModified\":\"2025-05-15T15:12:28+00:00\",\"mainEntityOfPage\":{\"@id\":\"https:\/\/www.manaus.am.gov.br\/semad\/socioinclusao\/prefeitura-semad-espi-inscricao-bolsas\/\"},\"wordCount\":586,\"publisher\":{\"@id\":\"https:\/\/www.manaus.am.gov.br\/semad\/#organization\"},\"image\":{\"@id\":\"https:\/\/www.manaus.am.gov.br\/semad\/socioinclusao\/prefeitura-semad-espi-inscricao-bolsas\/#primaryimage\"},\"thumbnailUrl\":\"https:\/\/www.manaus.am.gov.br\/semad\/wp-content\/uploads\/sites\/21\/2025\/05\/Inscricoes-PBI-Foto-Sidney-William-Semad-Espi-1.jpg\",\"keywords\":[\"bolsa idiomas\",\"Bolsa P\u00f3s-Gradua\u00e7\u00e3o\",\"prefeitura de manaus\",\"socioinclus\u00e3o\"],\"articleSection\":[\"Socioinclus\u00e3o\"],\"inLanguage\":\"pt-BR\"},{\"@type\":\"WebPage\",\"@id\":\"https:\/\/www.manaus.am.gov.br\/semad\/socioinclusao\/prefeitura-semad-espi-inscricao-bolsas\/\",\"url\":\"https:\/\/www.manaus.am.gov.br\/semad\/socioinclusao\/prefeitura-semad-espi-inscricao-bolsas\/\",\"name\":\"Prefeitura orienta candidatos para preenchimento correto do formul\u00e1rio de inscri\u00e7\u00e3o para programas Bolsa Idiomas e P\u00f3s-Gradua\u00e7\u00e3o\",\"isPartOf\":{\"@id\":\"https:\/\/www.manaus.am.gov.br\/semad\/#website\"},\"primaryImageOfPage\":{\"@id\":\"https:\/\/www.manaus.am.gov.br\/semad\/socioinclusao\/prefeitura-semad-espi-inscricao-bolsas\/#primaryimage\"},\"image\":{\"@id\":\"https:\/\/www.manaus.am.gov.br\/semad\/socioinclusao\/prefeitura-semad-espi-inscricao-bolsas\/#primaryimage\"},\"thumbnailUrl\":\"https:\/\/www.manaus.am.gov.br\/semad\/wp-content\/uploads\/sites\/21\/2025\/05\/Inscricoes-PBI-Foto-Sidney-William-Semad-Espi-1.jpg\",\"datePublished\":\"2025-05-15T15:12:27+00:00\",\"dateModified\":\"2025-05-15T15:12:28+00:00\",\"description\":\"A Prefeitura de Manaus, por meio da Escola de Servi\u00e7o P\u00fablico Municipal e Inclus\u00e3o Socioeducacional (Espi), vinculada \u00e0 Secretaria Municipal de Administra\u00e7\u00e3o, Planejamento e Gest\u00e3o (Semad), abriu, nesta quinta-feira, 15\/5, as inscri\u00e7\u00f5es para as 36.021 oportunidades em cursos b\u00e1sicos de l\u00edngua estrangeira na rede privada, disponibilizadas pelo Programa Bolsa Idiomas (PBI).\",\"breadcrumb\":{\"@id\":\"https:\/\/www.manaus.am.gov.br\/semad\/socioinclusao\/prefeitura-semad-espi-inscricao-bolsas\/#breadcrumb\"},\"inLanguage\":\"pt-BR\",\"potentialAction\":[{\"@type\":\"ReadAction\",\"target\":[\"https:\/\/www.manaus.am.gov.br\/semad\/socioinclusao\/prefeitura-semad-espi-inscricao-bolsas\/\"]}]},{\"@type\":\"ImageObject\",\"inLanguage\":\"pt-BR\",\"@id\":\"https:\/\/www.manaus.am.gov.br\/semad\/socioinclusao\/prefeitura-semad-espi-inscricao-bolsas\/#primaryimage\",\"url\":\"https:\/\/www.manaus.am.gov.br\/semad\/wp-content\/uploads\/sites\/21\/2025\/05\/Inscricoes-PBI-Foto-Sidney-William-Semad-Espi-1.jpg\",\"contentUrl\":\"https:\/\/www.manaus.am.gov.br\/semad\/wp-content\/uploads\/sites\/21\/2025\/05\/Inscricoes-PBI-Foto-Sidney-William-Semad-Espi-1.jpg\",\"width\":3094,\"height\":1868},{\"@type\":\"BreadcrumbList\",\"@id\":\"https:\/\/www.manaus.am.gov.br\/semad\/socioinclusao\/prefeitura-semad-espi-inscricao-bolsas\/#breadcrumb\",\"itemListElement\":[{\"@type\":\"ListItem\",\"position\":1,\"name\":\"Home\",\"item\":\"https:\/\/www.manaus.am.gov.br\/semad\/\"},{\"@type\":\"ListItem\",\"position\":2,\"name\":\"Prefeitura orienta candidatos para preenchimento correto do formul\u00e1rio de inscri\u00e7\u00e3o para programas Bolsa Idiomas e P\u00f3s-Gradua\u00e7\u00e3o\"}]},{\"@type\":\"WebSite\",\"@id\":\"https:\/\/www.manaus.am.gov.br\/semad\/#website\",\"url\":\"https:\/\/www.manaus.am.gov.br\/semad\/\",\"name\":\"SEMAD\",\"description\":\"Prefeitura de Manaus\",\"publisher\":{\"@id\":\"https:\/\/www.manaus.am.gov.br\/semad\/#organization\"},\"alternateName\":\"Secretaria Municipal de Administra\u00e7\u00e3o, Planejamento e Gest\u00e3o\",\"potentialAction\":[{\"@type\":\"SearchAction\",\"target\":{\"@type\":\"EntryPoint\",\"urlTemplate\":\"https:\/\/www.manaus.am.gov.br\/semad\/?s={search_term_string}\"},\"query-input\":\"required name=search_term_string\"}],\"inLanguage\":\"pt-BR\"},{\"@type\":\"Organization\",\"@id\":\"https:\/\/www.manaus.am.gov.br\/semad\/#organization\",\"name\":\"Prefeitura Municipal de Manaus\",\"alternateName\":\"Prefeitura de Manaus\",\"url\":\"https:\/\/www.manaus.am.gov.br\/semad\/\",\"logo\":{\"@type\":\"ImageObject\",\"inLanguage\":\"pt-BR\",\"@id\":\"https:\/\/www.manaus.am.gov.br\/semad\/#\/schema\/logo\/image\/\",\"url\":\"https:\/\/www.manaus.am.gov.br\/semad\/wp-content\/uploads\/sites\/21\/2024\/07\/favicon.png\",\"contentUrl\":\"https:\/\/www.manaus.am.gov.br\/semad\/wp-content\/uploads\/sites\/21\/2024\/07\/favicon.png\",\"width\":300,\"height\":300,\"caption\":\"Prefeitura Municipal de Manaus\"},\"image\":{\"@id\":\"https:\/\/www.manaus.am.gov.br\/semad\/#\/schema\/logo\/image\/\"}},{\"@type\":\"Person\",\"@id\":\"https:\/\/www.manaus.am.gov.br\/semad\/#\/schema\/person\/4e49f4e267757a06ca072ec61b2b9968\",\"name\":\"Adriana Costa\",\"image\":{\"@type\":\"ImageObject\",\"inLanguage\":\"pt-BR\",\"@id\":\"https:\/\/www.manaus.am.gov.br\/semad\/#\/schema\/person\/image\/\",\"url\":\"https:\/\/secure.gravatar.com\/avatar\/576258617ef7194f718179e766d57bd4?s=96&d=mm&r=g\",\"contentUrl\":\"https:\/\/secure.gravatar.com\/avatar\/576258617ef7194f718179e766d57bd4?s=96&d=mm&r=g\",\"caption\":\"Adriana Costa\"}}]}<\/script>\n<!-- \/ Yoast SEO plugin. -->","yoast_head_json":{"title":"Prefeitura orienta candidatos para preenchimento correto do formul\u00e1rio de inscri\u00e7\u00e3o para programas Bolsa Idiomas e P\u00f3s-Gradua\u00e7\u00e3o","description":"A Prefeitura de Manaus, por meio da Escola de Servi\u00e7o P\u00fablico Municipal e Inclus\u00e3o Socioeducacional (Espi), vinculada \u00e0 Secretaria Municipal de Administra\u00e7\u00e3o, Planejamento e Gest\u00e3o (Semad), abriu, nesta quinta-feira, 15\/5, as inscri\u00e7\u00f5es para as 36.021 oportunidades em cursos b\u00e1sicos de l\u00edngua estrangeira na rede privada, disponibilizadas pelo Programa Bolsa Idiomas (PBI).","robots":{"index":"noindex","follow":"follow"},"og_locale":"pt_BR","og_type":"article","og_title":"Prefeitura orienta candidatos para preenchimento correto do formul\u00e1rio de inscri\u00e7\u00e3o para programas Bolsa Idiomas e P\u00f3s-Gradua\u00e7\u00e3o","og_description":"A Prefeitura de Manaus, por meio da Escola de Servi\u00e7o P\u00fablico Municipal e Inclus\u00e3o Socioeducacional (Espi), vinculada \u00e0 Secretaria Municipal de Administra\u00e7\u00e3o, Planejamento e Gest\u00e3o (Semad), abriu, nesta quinta-feira, 15\/5, as inscri\u00e7\u00f5es para as 36.021 oportunidades em cursos b\u00e1sicos de l\u00edngua estrangeira na rede privada, disponibilizadas pelo Programa Bolsa Idiomas (PBI).","og_url":"https:\/\/www.manaus.am.gov.br\/semad\/socioinclusao\/prefeitura-semad-espi-inscricao-bolsas\/","og_site_name":"SEMAD","article_published_time":"2025-05-15T15:12:27+00:00","article_modified_time":"2025-05-15T15:12:28+00:00","og_image":[{"width":3094,"height":1868,"url":"https:\/\/www.manaus.am.gov.br\/semad\/wp-content\/uploads\/sites\/21\/2025\/05\/Inscricoes-PBI-Foto-Sidney-William-Semad-Espi-1.jpg","type":"image\/jpeg"}],"author":"Adriana Costa","twitter_card":"summary_large_image","twitter_misc":{"Written by":"Adriana Costa","Est. reading time":"3 minutos"},"schema":{"@context":"https:\/\/schema.org","@graph":[{"@type":"Article","@id":"https:\/\/www.manaus.am.gov.br\/semad\/socioinclusao\/prefeitura-semad-espi-inscricao-bolsas\/#article","isPartOf":{"@id":"https:\/\/www.manaus.am.gov.br\/semad\/socioinclusao\/prefeitura-semad-espi-inscricao-bolsas\/"},"author":{"name":"Adriana Costa","@id":"https:\/\/www.manaus.am.gov.br\/semad\/#\/schema\/person\/4e49f4e267757a06ca072ec61b2b9968"},"headline":"Prefeitura orienta candidatos para preenchimento correto do formul\u00e1rio de inscri\u00e7\u00e3o para programas Bolsa Idiomas e P\u00f3s-Gradua\u00e7\u00e3o","datePublished":"2025-05-15T15:12:27+00:00","dateModified":"2025-05-15T15:12:28+00:00","mainEntityOfPage":{"@id":"https:\/\/www.manaus.am.gov.br\/semad\/socioinclusao\/prefeitura-semad-espi-inscricao-bolsas\/"},"wordCount":586,"publisher":{"@id":"https:\/\/www.manaus.am.gov.br\/semad\/#organization"},"image":{"@id":"https:\/\/www.manaus.am.gov.br\/semad\/socioinclusao\/prefeitura-semad-espi-inscricao-bolsas\/#primaryimage"},"thumbnailUrl":"https:\/\/www.manaus.am.gov.br\/semad\/wp-content\/uploads\/sites\/21\/2025\/05\/Inscricoes-PBI-Foto-Sidney-William-Semad-Espi-1.jpg","keywords":["bolsa idiomas","Bolsa P\u00f3s-Gradua\u00e7\u00e3o","prefeitura de manaus","socioinclus\u00e3o"],"articleSection":["Socioinclus\u00e3o"],"inLanguage":"pt-BR"},{"@type":"WebPage","@id":"https:\/\/www.manaus.am.gov.br\/semad\/socioinclusao\/prefeitura-semad-espi-inscricao-bolsas\/","url":"https:\/\/www.manaus.am.gov.br\/semad\/socioinclusao\/prefeitura-semad-espi-inscricao-bolsas\/","name":"Prefeitura orienta candidatos para preenchimento correto do formul\u00e1rio de inscri\u00e7\u00e3o para programas Bolsa Idiomas e P\u00f3s-Gradua\u00e7\u00e3o","isPartOf":{"@id":"https:\/\/www.manaus.am.gov.br\/semad\/#website"},"primaryImageOfPage":{"@id":"https:\/\/www.manaus.am.gov.br\/semad\/socioinclusao\/prefeitura-semad-espi-inscricao-bolsas\/#primaryimage"},"image":{"@id":"https:\/\/www.manaus.am.gov.br\/semad\/socioinclusao\/prefeitura-semad-espi-inscricao-bolsas\/#primaryimage"},"thumbnailUrl":"https:\/\/www.manaus.am.gov.br\/semad\/wp-content\/uploads\/sites\/21\/2025\/05\/Inscricoes-PBI-Foto-Sidney-William-Semad-Espi-1.jpg","datePublished":"2025-05-15T15:12:27+00:00","dateModified":"2025-05-15T15:12:28+00:00","description":"A Prefeitura de Manaus, por meio da Escola de Servi\u00e7o P\u00fablico Municipal e Inclus\u00e3o Socioeducacional (Espi), vinculada \u00e0 Secretaria Municipal de Administra\u00e7\u00e3o, Planejamento e Gest\u00e3o (Semad), abriu, nesta quinta-feira, 15\/5, as inscri\u00e7\u00f5es para as 36.021 oportunidades em cursos b\u00e1sicos de l\u00edngua estrangeira na rede privada, disponibilizadas pelo Programa Bolsa Idiomas (PBI).","breadcrumb":{"@id":"https:\/\/www.manaus.am.gov.br\/semad\/socioinclusao\/prefeitura-semad-espi-inscricao-bolsas\/#breadcrumb"},"inLanguage":"pt-BR","potentialAction":[{"@type":"ReadAction","target":["https:\/\/www.manaus.am.gov.br\/semad\/socioinclusao\/prefeitura-semad-espi-inscricao-bolsas\/"]}]},{"@type":"ImageObject","inLanguage":"pt-BR","@id":"https:\/\/www.manaus.am.gov.br\/semad\/socioinclusao\/prefeitura-semad-espi-inscricao-bolsas\/#primaryimage","url":"https:\/\/www.manaus.am.gov.br\/semad\/wp-content\/uploads\/sites\/21\/2025\/05\/Inscricoes-PBI-Foto-Sidney-William-Semad-Espi-1.jpg","contentUrl":"https:\/\/www.manaus.am.gov.br\/semad\/wp-content\/uploads\/sites\/21\/2025\/05\/Inscricoes-PBI-Foto-Sidney-William-Semad-Espi-1.jpg","width":3094,"height":1868},{"@type":"BreadcrumbList","@id":"https:\/\/www.manaus.am.gov.br\/semad\/socioinclusao\/prefeitura-semad-espi-inscricao-bolsas\/#breadcrumb","itemListElement":[{"@type":"ListItem","position":1,"name":"Home","item":"https:\/\/www.manaus.am.gov.br\/semad\/"},{"@type":"ListItem","position":2,"name":"Prefeitura orienta candidatos para preenchimento correto do formul\u00e1rio de inscri\u00e7\u00e3o para programas Bolsa Idiomas e P\u00f3s-Gradua\u00e7\u00e3o"}]},{"@type":"WebSite","@id":"https:\/\/www.manaus.am.gov.br\/semad\/#website","url":"https:\/\/www.manaus.am.gov.br\/semad\/","name":"SEMAD","description":"Prefeitura de Manaus","publisher":{"@id":"https:\/\/www.manaus.am.gov.br\/semad\/#organization"},"alternateName":"Secretaria Municipal de Administra\u00e7\u00e3o, Planejamento e Gest\u00e3o","potentialAction":[{"@type":"SearchAction","target":{"@type":"EntryPoint","urlTemplate":"https:\/\/www.manaus.am.gov.br\/semad\/?s={search_term_string}"},"query-input":"required name=search_term_string"}],"inLanguage":"pt-BR"},{"@type":"Organization","@id":"https:\/\/www.manaus.am.gov.br\/semad\/#organization","name":"Prefeitura Municipal de Manaus","alternateName":"Prefeitura de Manaus","url":"https:\/\/www.manaus.am.gov.br\/semad\/","logo":{"@type":"ImageObject","inLanguage":"pt-BR","@id":"https:\/\/www.manaus.am.gov.br\/semad\/#\/schema\/logo\/image\/","url":"https:\/\/www.manaus.am.gov.br\/semad\/wp-content\/uploads\/sites\/21\/2024\/07\/favicon.png","contentUrl":"https:\/\/www.manaus.am.gov.br\/semad\/wp-content\/uploads\/sites\/21\/2024\/07\/favicon.png","width":300,"height":300,"caption":"Prefeitura Municipal de Manaus"},"image":{"@id":"https:\/\/www.manaus.am.gov.br\/semad\/#\/schema\/logo\/image\/"}},{"@type":"Person","@id":"https:\/\/www.manaus.am.gov.br\/semad\/#\/schema\/person\/4e49f4e267757a06ca072ec61b2b9968","name":"Adriana Costa","image":{"@type":"ImageObject","inLanguage":"pt-BR","@id":"https:\/\/www.manaus.am.gov.br\/semad\/#\/schema\/person\/image\/","url":"https:\/\/secure.gravatar.com\/avatar\/576258617ef7194f718179e766d57bd4?s=96&d=mm&r=g","contentUrl":"https:\/\/secure.gravatar.com\/avatar\/576258617ef7194f718179e766d57bd4?s=96&d=mm&r=g","caption":"Adriana Costa"}}]}},"_links":{"self":[{"href":"https:\/\/www.manaus.am.gov.br\/semad\/wp-json\/wp\/v2\/posts\/1867"}],"collection":[{"href":"https:\/\/www.manaus.am.gov.br\/semad\/wp-json\/wp\/v2\/posts"}],"about":[{"href":"https:\/\/www.manaus.am.gov.br\/semad\/wp-json\/wp\/v2\/types\/post"}],"author":[{"embeddable":true,"href":"https:\/\/www.manaus.am.gov.br\/semad\/wp-json\/wp\/v2\/users\/23"}],"replies":[{"embeddable":true,"href":"https:\/\/www.manaus.am.gov.br\/semad\/wp-json\/wp\/v2\/comments?post=1867"}],"version-history":[{"count":0,"href":"https:\/\/www.manaus.am.gov.br\/semad\/wp-json\/wp\/v2\/posts\/1867\/revisions"}],"wp:featuredmedia":[{"embeddable":true,"href":"https:\/\/www.manaus.am.gov.br\/semad\/wp-json\/wp\/v2\/media\/1868"}],"wp:attachment":[{"href":"https:\/\/www.manaus.am.gov.br\/semad\/wp-json\/wp\/v2\/media?parent=1867"}],"wp:term":[{"taxonomy":"category","embeddable":true,"href":"https:\/\/www.manaus.am.gov.br\/semad\/wp-json\/wp\/v2\/categories?post=1867"},{"taxonomy":"post_tag","embeddable":true,"href":"https:\/\/www.manaus.am.gov.br\/semad\/wp-json\/wp\/v2\/tags?post=1867"}],"curies":[{"name":"wp","href":"https:\/\/api.w.org\/{rel}","templated":true}]}}