{"id":1855,"date":"2025-05-07T14:17:28","date_gmt":"2025-05-07T18:17:28","guid":{"rendered":"https:\/\/www.manaus.am.gov.br\/semad\/sem-categoria\/lancamento-bolsas-pbi-e-pbpg\/"},"modified":"2025-05-07T14:17:28","modified_gmt":"2025-05-07T18:17:28","slug":"lancamento-bolsas-pbi-e-pbpg","status":"publish","type":"post","link":"https:\/\/www.manaus.am.gov.br\/semad\/socioinclusao\/lancamento-bolsas-pbi-e-pbpg\/","title":{"rendered":"Prefeito David Almeida lan\u00e7a mais de 96 mil bolsas de estudo em idiomas e p\u00f3s-gradua\u00e7\u00e3o e destaca compromisso com a justi\u00e7a social e forma\u00e7\u00e3o cidad\u00e3"},"content":{"rendered":"\n<p>O prefeito de Manaus, David Almeida, lan\u00e7ou, nesta quarta-feira, 7\/5, os editais dos programas Bolsa Idiomas (PBI) e Bolsa P\u00f3s-Gradua\u00e7\u00e3o (PBPG), que juntos somam 96.341 oportunidades de acesso gratuito ou com descontos significativos \u00e0 educa\u00e7\u00e3o de qualidade em institui\u00e7\u00f5es privadas da capital. A cerim\u00f4nia, realizada no audit\u00f3rio da Casa Militar, na zona Oeste, marcou mais um cap\u00edtulo no fortalecimento das pol\u00edticas p\u00fablicas de inclus\u00e3o socioeducacional da cidade.<\/p>\n\n\n\n<p>Durante o evento, David Almeida reafirmou o compromisso de sua gest\u00e3o com a democratiza\u00e7\u00e3o do acesso ao ensino e o desenvolvimento humano. \u201cEste \u00e9 mais do que um lan\u00e7amento de editais. \u00c9 um marco civilizat\u00f3rio em prol da educa\u00e7\u00e3o superior no nosso munic\u00edpio. Trata-se de garantir oportunidades reais a quem mais precisa e construir, por meio da educa\u00e7\u00e3o, uma cidade mais justa, inclusiva e preparada para o futuro\u201d, declarou.<\/p>\n\n\n\n<p>O prefeito tamb\u00e9m fez quest\u00e3o de resgatar a trajet\u00f3ria hist\u00f3rica do programa de inclus\u00e3o socioeducacional da prefeitura, que tem como base o pioneiro Bolsa Universidade. \u201cO programa nasceu sob a vis\u00e3o estrat\u00e9gica de governos anteriores e continua a crescer. O que estamos fazendo \u00e9 potencializar essa iniciativa, agora com um volume recorde de vagas e com parcerias cada vez mais s\u00f3lidas com as institui\u00e7\u00f5es de ensino\u201d, afirmou.<\/p>\n\n\n\n<p>O subsecret\u00e1rio de Gest\u00e3o de Processos da Secretaria Municipal de Administra\u00e7\u00e3o, Planejamento e Gest\u00e3o (Semad), Alexandre Santos do Carmo, enfatizou o esfor\u00e7o log\u00edstico e a responsabilidade da gest\u00e3o em ampliar o alcance dos programas. \u201cA estrutura\u00e7\u00e3o desses editais representa um compromisso t\u00e9cnico e humano. Trabalhamos para que cada vaga chegue a quem realmente precisa, com transpar\u00eancia, agilidade e respeito ao cidad\u00e3o\u201d, pontuou.<\/p>\n\n\n\n<p>J\u00e1 o diretor-geral da Escola de Servi\u00e7o P\u00fablico Municipal e Inclus\u00e3o Socioeducacional (Espi), Aurilex Moreira, salientou o papel da Espi como articuladora dessa transforma\u00e7\u00e3o. \u201cEstamos falando de pol\u00edticas p\u00fablicas que mudam trajet\u00f3rias. A Espi tem orgulho de coordenar esse processo que abre portas, constr\u00f3i pontes e reafirma que a educa\u00e7\u00e3o \u00e9 o caminho mais s\u00f3lido para o desenvolvimento pessoal e coletivo\u201d, disse.<\/p>\n\n\n\n<p>Os programas, coordenados pela Espi e vinculados \u00e0 Semad, oferecem bolsas de 50%, 75% e 100% para pessoas de baixa renda. O PBPG, voltado \u00e0 especializa\u00e7\u00e3o&nbsp;<em>lato sensu<\/em>, ofertar\u00e1 60.320 bolsas para 185 cursos em sete Institui\u00e7\u00f5es de Ensino Superior (IES), enquanto o PBI trar\u00e1 36.021 vagas em sete idiomas, distribu\u00eddas entre 17 escolas de l\u00ednguas.<\/p>\n\n\n\n<p>A reitora do Centro Universit\u00e1rio Ciesa, Solange Almeida Holanda, evidenciou o papel das institui\u00e7\u00f5es parceiras como agentes de transforma\u00e7\u00e3o social. \u201cEstamos aqui n\u00e3o s\u00f3 como ofertantes de bolsas, mas como institui\u00e7\u00f5es comprometidas com a forma\u00e7\u00e3o acad\u00eamica s\u00f3lida e \u00e9tica. Este programa \u00e9 uma alian\u00e7a em torno da justi\u00e7a social e do desenvolvimento humano\u201d, garantiu.<\/p>\n\n\n\n<p>O gestor educacional do Instituto Cultural Brasil Estados Unidos (Icbeu), Mauro Vieira, tamb\u00e9m frisou o impacto do Bolsa Idiomas. \u201cCompletamos 10 anos de parceria com a prefeitura e centenas de alunos j\u00e1 transformaram suas vidas com o aprendizado de uma nova l\u00edngua e de uma nova vis\u00e3o de mundo. A l\u00edngua vem acompanhada de um ecossistema cultural que abre portas e amplia horizontes\u201d, concluiu.<\/p>\n\n\n\n<p>Com as bolsas do programa Bolsa Universidade lan\u00e7adas ainda em dezembro de 2024, a Prefeitura de Manaus atinge a marca hist\u00f3rica de 144.021 oportunidades de forma\u00e7\u00e3o para este ano, reafirmando o protagonismo da capital amazonense no combate \u00e0s desigualdades por meio da educa\u00e7\u00e3o.<\/p>\n\n\n\n<p>As inscri\u00e7\u00f5es para o PBPG estar\u00e3o abertas de 8 a 14\/5, e para o PBI, de 15 a 21\/5, exclusivamente pelo site:\u00a0<a href=\"http:\/\/sgbp.manaus.am.gov.br\/inscricao\" target=\"_blank\" rel=\"noreferrer noopener\">http:\/\/sgbp.manaus.am.gov.br\/inscricao<\/a>.<\/p>\n\n\n\n<figure class=\"wp-block-image size-large\"><img loading=\"lazy\" decoding=\"async\" width=\"1024\" height=\"683\" src=\"https:\/\/www.manaus.am.gov.br\/semad\/wp-content\/uploads\/sites\/21\/2025\/05\/54503703224_fdbfca808d_k-1024x683.jpg\" alt=\"\" class=\"wp-image-1856\" srcset=\"https:\/\/www.manaus.am.gov.br\/semad\/wp-content\/uploads\/sites\/21\/2025\/05\/54503703224_fdbfca808d_k-1024x683.jpg 1024w, https:\/\/www.manaus.am.gov.br\/semad\/wp-content\/uploads\/sites\/21\/2025\/05\/54503703224_fdbfca808d_k-300x200.jpg 300w, https:\/\/www.manaus.am.gov.br\/semad\/wp-content\/uploads\/sites\/21\/2025\/05\/54503703224_fdbfca808d_k-768x512.jpg 768w, https:\/\/www.manaus.am.gov.br\/semad\/wp-content\/uploads\/sites\/21\/2025\/05\/54503703224_fdbfca808d_k-1536x1024.jpg 1536w, https:\/\/www.manaus.am.gov.br\/semad\/wp-content\/uploads\/sites\/21\/2025\/05\/54503703224_fdbfca808d_k.jpg 2048w\" sizes=\"(max-width: 1024px) 100vw, 1024px\" \/><\/figure>\n\n\n\n<p>&#8212; &#8212; &#8212;<\/p>\n\n\n\n<p><strong>Texto &#8211;&nbsp;<\/strong>Emanuelle Baires\/Semcom<\/p>\n\n\n\n<p><strong>Fotos \u2013<\/strong>&nbsp;Cl\u00f3vis Miranda e Dhyeizo Lemos\/Semcom<\/p>\n\n\n\n<p><strong>Dispon\u00edveis em &#8211;&nbsp;<\/strong><a href=\"https:\/\/flic.kr\/s\/aHBqjCdoxL\" target=\"_blank\" rel=\"noreferrer noopener\">https:\/\/flic.kr\/s\/aHBqjCdoxL<\/a><strong><\/strong><\/p>\n","protected":false},"excerpt":{"rendered":"","protected":false},"author":39,"featured_media":1857,"comment_status":"closed","ping_status":"closed","sticky":false,"template":"","format":"standard","meta":{"footnotes":""},"categories":[177],"tags":[495,141,28,496,497,9],"acf":[],"yoast_head":"<!-- This site is optimized with the Yoast SEO plugin v23.0 - https:\/\/yoast.com\/wordpress\/plugins\/seo\/ -->\n<title>Prefeito David Almeida lan\u00e7a mais de 96 mil bolsas de estudos<\/title>\n<meta name=\"description\" content=\"Prefeito David Almeida lan\u00e7a mais de 96 mil bolsas do PBI e PBPG e destaca compromisso com a justi\u00e7a social e forma\u00e7\u00e3o cidad\u00e3.\" \/>\n<meta name=\"robots\" content=\"noindex, follow\" \/>\n<meta property=\"og:locale\" content=\"pt_BR\" \/>\n<meta property=\"og:type\" content=\"article\" \/>\n<meta property=\"og:title\" content=\"Prefeito David Almeida lan\u00e7a mais de 96 mil bolsas de estudos\" \/>\n<meta property=\"og:description\" content=\"Prefeito David Almeida lan\u00e7a mais de 96 mil bolsas do PBI e PBPG e destaca compromisso com a justi\u00e7a social e forma\u00e7\u00e3o cidad\u00e3.\" \/>\n<meta property=\"og:url\" content=\"https:\/\/www.manaus.am.gov.br\/semad\/socioinclusao\/lancamento-bolsas-pbi-e-pbpg\/\" \/>\n<meta property=\"og:site_name\" content=\"SEMAD\" \/>\n<meta property=\"article:published_time\" content=\"2025-05-07T18:17:28+00:00\" \/>\n<meta property=\"og:image\" content=\"https:\/\/www.manaus.am.gov.br\/semad\/wp-content\/uploads\/sites\/21\/2025\/05\/54503780883_73bc72ab48_k.jpg\" \/>\n\t<meta property=\"og:image:width\" content=\"2048\" \/>\n\t<meta property=\"og:image:height\" content=\"1365\" \/>\n\t<meta property=\"og:image:type\" content=\"image\/jpeg\" \/>\n<meta name=\"author\" content=\"Bruna Greco\" \/>\n<meta name=\"twitter:card\" content=\"summary_large_image\" \/>\n<meta name=\"twitter:label1\" content=\"Written by\" \/>\n\t<meta name=\"twitter:data1\" content=\"Bruna Greco\" \/>\n\t<meta name=\"twitter:label2\" content=\"Est. reading time\" \/>\n\t<meta name=\"twitter:data2\" content=\"4 minutos\" \/>\n<script type=\"application\/ld+json\" class=\"yoast-schema-graph\">{\"@context\":\"https:\/\/schema.org\",\"@graph\":[{\"@type\":\"Article\",\"@id\":\"https:\/\/www.manaus.am.gov.br\/semad\/socioinclusao\/lancamento-bolsas-pbi-e-pbpg\/#article\",\"isPartOf\":{\"@id\":\"https:\/\/www.manaus.am.gov.br\/semad\/socioinclusao\/lancamento-bolsas-pbi-e-pbpg\/\"},\"author\":{\"name\":\"Bruna Greco\",\"@id\":\"https:\/\/www.manaus.am.gov.br\/semad\/#\/schema\/person\/05d223aea2bf115f9883a6ff3683d81b\"},\"headline\":\"Prefeito David Almeida lan\u00e7a mais de 96 mil bolsas de estudo em idiomas e p\u00f3s-gradua\u00e7\u00e3o e destaca compromisso com a justi\u00e7a social e forma\u00e7\u00e3o cidad\u00e3\",\"datePublished\":\"2025-05-07T18:17:28+00:00\",\"dateModified\":\"2025-05-07T18:17:28+00:00\",\"mainEntityOfPage\":{\"@id\":\"https:\/\/www.manaus.am.gov.br\/semad\/socioinclusao\/lancamento-bolsas-pbi-e-pbpg\/\"},\"wordCount\":679,\"publisher\":{\"@id\":\"https:\/\/www.manaus.am.gov.br\/semad\/#organization\"},\"image\":{\"@id\":\"https:\/\/www.manaus.am.gov.br\/semad\/socioinclusao\/lancamento-bolsas-pbi-e-pbpg\/#primaryimage\"},\"thumbnailUrl\":\"https:\/\/www.manaus.am.gov.br\/semad\/wp-content\/uploads\/sites\/21\/2025\/05\/54503780883_73bc72ab48_k.jpg\",\"keywords\":[\"96.341 bolsas de estudo\",\"David Almeida\",\"espi\",\"lan\u00e7a\",\"lan\u00e7amento\",\"prefeitura de manaus\"],\"articleSection\":[\"Socioinclus\u00e3o\"],\"inLanguage\":\"pt-BR\"},{\"@type\":\"WebPage\",\"@id\":\"https:\/\/www.manaus.am.gov.br\/semad\/socioinclusao\/lancamento-bolsas-pbi-e-pbpg\/\",\"url\":\"https:\/\/www.manaus.am.gov.br\/semad\/socioinclusao\/lancamento-bolsas-pbi-e-pbpg\/\",\"name\":\"Prefeito David Almeida lan\u00e7a mais de 96 mil bolsas de estudos\",\"isPartOf\":{\"@id\":\"https:\/\/www.manaus.am.gov.br\/semad\/#website\"},\"primaryImageOfPage\":{\"@id\":\"https:\/\/www.manaus.am.gov.br\/semad\/socioinclusao\/lancamento-bolsas-pbi-e-pbpg\/#primaryimage\"},\"image\":{\"@id\":\"https:\/\/www.manaus.am.gov.br\/semad\/socioinclusao\/lancamento-bolsas-pbi-e-pbpg\/#primaryimage\"},\"thumbnailUrl\":\"https:\/\/www.manaus.am.gov.br\/semad\/wp-content\/uploads\/sites\/21\/2025\/05\/54503780883_73bc72ab48_k.jpg\",\"datePublished\":\"2025-05-07T18:17:28+00:00\",\"dateModified\":\"2025-05-07T18:17:28+00:00\",\"description\":\"Prefeito David Almeida lan\u00e7a mais de 96 mil bolsas do PBI e PBPG e destaca compromisso com a justi\u00e7a social e forma\u00e7\u00e3o cidad\u00e3.\",\"breadcrumb\":{\"@id\":\"https:\/\/www.manaus.am.gov.br\/semad\/socioinclusao\/lancamento-bolsas-pbi-e-pbpg\/#breadcrumb\"},\"inLanguage\":\"pt-BR\",\"potentialAction\":[{\"@type\":\"ReadAction\",\"target\":[\"https:\/\/www.manaus.am.gov.br\/semad\/socioinclusao\/lancamento-bolsas-pbi-e-pbpg\/\"]}]},{\"@type\":\"ImageObject\",\"inLanguage\":\"pt-BR\",\"@id\":\"https:\/\/www.manaus.am.gov.br\/semad\/socioinclusao\/lancamento-bolsas-pbi-e-pbpg\/#primaryimage\",\"url\":\"https:\/\/www.manaus.am.gov.br\/semad\/wp-content\/uploads\/sites\/21\/2025\/05\/54503780883_73bc72ab48_k.jpg\",\"contentUrl\":\"https:\/\/www.manaus.am.gov.br\/semad\/wp-content\/uploads\/sites\/21\/2025\/05\/54503780883_73bc72ab48_k.jpg\",\"width\":2048,\"height\":1365,\"caption\":\"#paratodosverem - Prefeito de Manaus, David Almeida, discursando durante o lan\u00e7amento das bolsas de estudo dos programas Bolsa Idiomas e Bolsa P\u00f3s-Gradua\u00e7\u00e3o\"},{\"@type\":\"BreadcrumbList\",\"@id\":\"https:\/\/www.manaus.am.gov.br\/semad\/socioinclusao\/lancamento-bolsas-pbi-e-pbpg\/#breadcrumb\",\"itemListElement\":[{\"@type\":\"ListItem\",\"position\":1,\"name\":\"Home\",\"item\":\"https:\/\/www.manaus.am.gov.br\/semad\/\"},{\"@type\":\"ListItem\",\"position\":2,\"name\":\"Prefeito David Almeida lan\u00e7a mais de 96 mil bolsas de estudo em idiomas e p\u00f3s-gradua\u00e7\u00e3o e destaca compromisso com a justi\u00e7a social e forma\u00e7\u00e3o cidad\u00e3\"}]},{\"@type\":\"WebSite\",\"@id\":\"https:\/\/www.manaus.am.gov.br\/semad\/#website\",\"url\":\"https:\/\/www.manaus.am.gov.br\/semad\/\",\"name\":\"SEMAD\",\"description\":\"Prefeitura de Manaus\",\"publisher\":{\"@id\":\"https:\/\/www.manaus.am.gov.br\/semad\/#organization\"},\"alternateName\":\"Secretaria Municipal de Administra\u00e7\u00e3o, Planejamento e Gest\u00e3o\",\"potentialAction\":[{\"@type\":\"SearchAction\",\"target\":{\"@type\":\"EntryPoint\",\"urlTemplate\":\"https:\/\/www.manaus.am.gov.br\/semad\/?s={search_term_string}\"},\"query-input\":\"required name=search_term_string\"}],\"inLanguage\":\"pt-BR\"},{\"@type\":\"Organization\",\"@id\":\"https:\/\/www.manaus.am.gov.br\/semad\/#organization\",\"name\":\"Prefeitura Municipal de Manaus\",\"alternateName\":\"Prefeitura de Manaus\",\"url\":\"https:\/\/www.manaus.am.gov.br\/semad\/\",\"logo\":{\"@type\":\"ImageObject\",\"inLanguage\":\"pt-BR\",\"@id\":\"https:\/\/www.manaus.am.gov.br\/semad\/#\/schema\/logo\/image\/\",\"url\":\"https:\/\/www.manaus.am.gov.br\/semad\/wp-content\/uploads\/sites\/21\/2024\/07\/favicon.png\",\"contentUrl\":\"https:\/\/www.manaus.am.gov.br\/semad\/wp-content\/uploads\/sites\/21\/2024\/07\/favicon.png\",\"width\":300,\"height\":300,\"caption\":\"Prefeitura Municipal de Manaus\"},\"image\":{\"@id\":\"https:\/\/www.manaus.am.gov.br\/semad\/#\/schema\/logo\/image\/\"}},{\"@type\":\"Person\",\"@id\":\"https:\/\/www.manaus.am.gov.br\/semad\/#\/schema\/person\/05d223aea2bf115f9883a6ff3683d81b\",\"name\":\"Bruna Greco\",\"image\":{\"@type\":\"ImageObject\",\"inLanguage\":\"pt-BR\",\"@id\":\"https:\/\/www.manaus.am.gov.br\/semad\/#\/schema\/person\/image\/\",\"url\":\"https:\/\/secure.gravatar.com\/avatar\/9c877d1a6adc2a055330e5c09a8653ce?s=96&d=mm&r=g\",\"contentUrl\":\"https:\/\/secure.gravatar.com\/avatar\/9c877d1a6adc2a055330e5c09a8653ce?s=96&d=mm&r=g\",\"caption\":\"Bruna Greco\"}}]}<\/script>\n<!-- \/ Yoast SEO plugin. -->","yoast_head_json":{"title":"Prefeito David Almeida lan\u00e7a mais de 96 mil bolsas de estudos","description":"Prefeito David Almeida lan\u00e7a mais de 96 mil bolsas do PBI e PBPG e destaca compromisso com a justi\u00e7a social e forma\u00e7\u00e3o cidad\u00e3.","robots":{"index":"noindex","follow":"follow"},"og_locale":"pt_BR","og_type":"article","og_title":"Prefeito David Almeida lan\u00e7a mais de 96 mil bolsas de estudos","og_description":"Prefeito David Almeida lan\u00e7a mais de 96 mil bolsas do PBI e PBPG e destaca compromisso com a justi\u00e7a social e forma\u00e7\u00e3o cidad\u00e3.","og_url":"https:\/\/www.manaus.am.gov.br\/semad\/socioinclusao\/lancamento-bolsas-pbi-e-pbpg\/","og_site_name":"SEMAD","article_published_time":"2025-05-07T18:17:28+00:00","og_image":[{"width":2048,"height":1365,"url":"https:\/\/www.manaus.am.gov.br\/semad\/wp-content\/uploads\/sites\/21\/2025\/05\/54503780883_73bc72ab48_k.jpg","type":"image\/jpeg"}],"author":"Bruna Greco","twitter_card":"summary_large_image","twitter_misc":{"Written by":"Bruna Greco","Est. reading time":"4 minutos"},"schema":{"@context":"https:\/\/schema.org","@graph":[{"@type":"Article","@id":"https:\/\/www.manaus.am.gov.br\/semad\/socioinclusao\/lancamento-bolsas-pbi-e-pbpg\/#article","isPartOf":{"@id":"https:\/\/www.manaus.am.gov.br\/semad\/socioinclusao\/lancamento-bolsas-pbi-e-pbpg\/"},"author":{"name":"Bruna Greco","@id":"https:\/\/www.manaus.am.gov.br\/semad\/#\/schema\/person\/05d223aea2bf115f9883a6ff3683d81b"},"headline":"Prefeito David Almeida lan\u00e7a mais de 96 mil bolsas de estudo em idiomas e p\u00f3s-gradua\u00e7\u00e3o e destaca compromisso com a justi\u00e7a social e forma\u00e7\u00e3o cidad\u00e3","datePublished":"2025-05-07T18:17:28+00:00","dateModified":"2025-05-07T18:17:28+00:00","mainEntityOfPage":{"@id":"https:\/\/www.manaus.am.gov.br\/semad\/socioinclusao\/lancamento-bolsas-pbi-e-pbpg\/"},"wordCount":679,"publisher":{"@id":"https:\/\/www.manaus.am.gov.br\/semad\/#organization"},"image":{"@id":"https:\/\/www.manaus.am.gov.br\/semad\/socioinclusao\/lancamento-bolsas-pbi-e-pbpg\/#primaryimage"},"thumbnailUrl":"https:\/\/www.manaus.am.gov.br\/semad\/wp-content\/uploads\/sites\/21\/2025\/05\/54503780883_73bc72ab48_k.jpg","keywords":["96.341 bolsas de estudo","David Almeida","espi","lan\u00e7a","lan\u00e7amento","prefeitura de manaus"],"articleSection":["Socioinclus\u00e3o"],"inLanguage":"pt-BR"},{"@type":"WebPage","@id":"https:\/\/www.manaus.am.gov.br\/semad\/socioinclusao\/lancamento-bolsas-pbi-e-pbpg\/","url":"https:\/\/www.manaus.am.gov.br\/semad\/socioinclusao\/lancamento-bolsas-pbi-e-pbpg\/","name":"Prefeito David Almeida lan\u00e7a mais de 96 mil bolsas de estudos","isPartOf":{"@id":"https:\/\/www.manaus.am.gov.br\/semad\/#website"},"primaryImageOfPage":{"@id":"https:\/\/www.manaus.am.gov.br\/semad\/socioinclusao\/lancamento-bolsas-pbi-e-pbpg\/#primaryimage"},"image":{"@id":"https:\/\/www.manaus.am.gov.br\/semad\/socioinclusao\/lancamento-bolsas-pbi-e-pbpg\/#primaryimage"},"thumbnailUrl":"https:\/\/www.manaus.am.gov.br\/semad\/wp-content\/uploads\/sites\/21\/2025\/05\/54503780883_73bc72ab48_k.jpg","datePublished":"2025-05-07T18:17:28+00:00","dateModified":"2025-05-07T18:17:28+00:00","description":"Prefeito David Almeida lan\u00e7a mais de 96 mil bolsas do PBI e PBPG e destaca compromisso com a justi\u00e7a social e forma\u00e7\u00e3o cidad\u00e3.","breadcrumb":{"@id":"https:\/\/www.manaus.am.gov.br\/semad\/socioinclusao\/lancamento-bolsas-pbi-e-pbpg\/#breadcrumb"},"inLanguage":"pt-BR","potentialAction":[{"@type":"ReadAction","target":["https:\/\/www.manaus.am.gov.br\/semad\/socioinclusao\/lancamento-bolsas-pbi-e-pbpg\/"]}]},{"@type":"ImageObject","inLanguage":"pt-BR","@id":"https:\/\/www.manaus.am.gov.br\/semad\/socioinclusao\/lancamento-bolsas-pbi-e-pbpg\/#primaryimage","url":"https:\/\/www.manaus.am.gov.br\/semad\/wp-content\/uploads\/sites\/21\/2025\/05\/54503780883_73bc72ab48_k.jpg","contentUrl":"https:\/\/www.manaus.am.gov.br\/semad\/wp-content\/uploads\/sites\/21\/2025\/05\/54503780883_73bc72ab48_k.jpg","width":2048,"height":1365,"caption":"#paratodosverem - Prefeito de Manaus, David Almeida, discursando durante o lan\u00e7amento das bolsas de estudo dos programas Bolsa Idiomas e Bolsa P\u00f3s-Gradua\u00e7\u00e3o"},{"@type":"BreadcrumbList","@id":"https:\/\/www.manaus.am.gov.br\/semad\/socioinclusao\/lancamento-bolsas-pbi-e-pbpg\/#breadcrumb","itemListElement":[{"@type":"ListItem","position":1,"name":"Home","item":"https:\/\/www.manaus.am.gov.br\/semad\/"},{"@type":"ListItem","position":2,"name":"Prefeito David Almeida lan\u00e7a mais de 96 mil bolsas de estudo em idiomas e p\u00f3s-gradua\u00e7\u00e3o e destaca compromisso com a justi\u00e7a social e forma\u00e7\u00e3o cidad\u00e3"}]},{"@type":"WebSite","@id":"https:\/\/www.manaus.am.gov.br\/semad\/#website","url":"https:\/\/www.manaus.am.gov.br\/semad\/","name":"SEMAD","description":"Prefeitura de Manaus","publisher":{"@id":"https:\/\/www.manaus.am.gov.br\/semad\/#organization"},"alternateName":"Secretaria Municipal de Administra\u00e7\u00e3o, Planejamento e Gest\u00e3o","potentialAction":[{"@type":"SearchAction","target":{"@type":"EntryPoint","urlTemplate":"https:\/\/www.manaus.am.gov.br\/semad\/?s={search_term_string}"},"query-input":"required name=search_term_string"}],"inLanguage":"pt-BR"},{"@type":"Organization","@id":"https:\/\/www.manaus.am.gov.br\/semad\/#organization","name":"Prefeitura Municipal de Manaus","alternateName":"Prefeitura de Manaus","url":"https:\/\/www.manaus.am.gov.br\/semad\/","logo":{"@type":"ImageObject","inLanguage":"pt-BR","@id":"https:\/\/www.manaus.am.gov.br\/semad\/#\/schema\/logo\/image\/","url":"https:\/\/www.manaus.am.gov.br\/semad\/wp-content\/uploads\/sites\/21\/2024\/07\/favicon.png","contentUrl":"https:\/\/www.manaus.am.gov.br\/semad\/wp-content\/uploads\/sites\/21\/2024\/07\/favicon.png","width":300,"height":300,"caption":"Prefeitura Municipal de Manaus"},"image":{"@id":"https:\/\/www.manaus.am.gov.br\/semad\/#\/schema\/logo\/image\/"}},{"@type":"Person","@id":"https:\/\/www.manaus.am.gov.br\/semad\/#\/schema\/person\/05d223aea2bf115f9883a6ff3683d81b","name":"Bruna Greco","image":{"@type":"ImageObject","inLanguage":"pt-BR","@id":"https:\/\/www.manaus.am.gov.br\/semad\/#\/schema\/person\/image\/","url":"https:\/\/secure.gravatar.com\/avatar\/9c877d1a6adc2a055330e5c09a8653ce?s=96&d=mm&r=g","contentUrl":"https:\/\/secure.gravatar.com\/avatar\/9c877d1a6adc2a055330e5c09a8653ce?s=96&d=mm&r=g","caption":"Bruna Greco"}}]}},"_links":{"self":[{"href":"https:\/\/www.manaus.am.gov.br\/semad\/wp-json\/wp\/v2\/posts\/1855"}],"collection":[{"href":"https:\/\/www.manaus.am.gov.br\/semad\/wp-json\/wp\/v2\/posts"}],"about":[{"href":"https:\/\/www.manaus.am.gov.br\/semad\/wp-json\/wp\/v2\/types\/post"}],"author":[{"embeddable":true,"href":"https:\/\/www.manaus.am.gov.br\/semad\/wp-json\/wp\/v2\/users\/39"}],"replies":[{"embeddable":true,"href":"https:\/\/www.manaus.am.gov.br\/semad\/wp-json\/wp\/v2\/comments?post=1855"}],"version-history":[{"count":1,"href":"https:\/\/www.manaus.am.gov.br\/semad\/wp-json\/wp\/v2\/posts\/1855\/revisions"}],"predecessor-version":[{"id":1858,"href":"https:\/\/www.manaus.am.gov.br\/semad\/wp-json\/wp\/v2\/posts\/1855\/revisions\/1858"}],"wp:featuredmedia":[{"embeddable":true,"href":"https:\/\/www.manaus.am.gov.br\/semad\/wp-json\/wp\/v2\/media\/1857"}],"wp:attachment":[{"href":"https:\/\/www.manaus.am.gov.br\/semad\/wp-json\/wp\/v2\/media?parent=1855"}],"wp:term":[{"taxonomy":"category","embeddable":true,"href":"https:\/\/www.manaus.am.gov.br\/semad\/wp-json\/wp\/v2\/categories?post=1855"},{"taxonomy":"post_tag","embeddable":true,"href":"https:\/\/www.manaus.am.gov.br\/semad\/wp-json\/wp\/v2\/tags?post=1855"}],"curies":[{"name":"wp","href":"https:\/\/api.w.org\/{rel}","templated":true}]}}