{"id":1795,"date":"2025-03-19T14:33:39","date_gmt":"2025-03-19T18:33:39","guid":{"rendered":"https:\/\/www.manaus.am.gov.br\/semad\/sem-categoria\/prefeitura-semad-credenciamento-bolsas\/"},"modified":"2025-03-19T14:33:41","modified_gmt":"2025-03-19T18:33:41","slug":"prefeitura-semad-credenciamento-bolsas","status":"publish","type":"post","link":"https:\/\/www.manaus.am.gov.br\/semad\/socioinclusao\/prefeitura-semad-credenciamento-bolsas\/","title":{"rendered":"Prefeitura de Manaus abre credenciamento de institui\u00e7\u00f5es para processos seletivos dos programas Bolsa Idiomas e P\u00f3s-Gradua\u00e7\u00e3o"},"content":{"rendered":"\n<p>As Institui\u00e7\u00f5es de Ensino Superior (IES) e as de Ensino em L\u00edngua Estrangeira (IELE), interessadas em participar dos programas Bolsa Idiomas (PBI) e Bolsa P\u00f3s-Gradua\u00e7\u00e3o (PBPG), da Prefeitura de Manaus, podem se credenciar junto \u00e0 Escola de Servi\u00e7o P\u00fablico Municipal e Inclus\u00e3o Socioeducacional (Espi), na avenida Compensa, n\u00ba 770, Vila da Prata, zona Oeste, entre os dias 24 e 26 de mar\u00e7o, no hor\u00e1rio de 8h \u00e0s 14h, para a assinatura dos termos de ades\u00e3o ao programa. Os editais de chamamento p\u00fablico foram publicados no&nbsp;<a href=\"http:\/\/dom.manaus.am.gov.br\/\" target=\"_blank\" rel=\"noreferrer noopener\">Di\u00e1rio Oficial do Munic\u00edpio<\/a>&nbsp;(DOM) de ter\u00e7a-feira, 18\/3.<\/p>\n\n\n\n<p>As IES e escolas de idiomas que j\u00e1 aderiram ao programa, ou que firmar\u00e3o o termo nesse chamamento, poder\u00e3o ofertar cursos e turnos, a serem utilizados no processo seletivo para o ano letivo de 2025.<\/p>\n\n\n\n<p>Na manh\u00e3 desta quarta-feira, 19\/3, representantes das institui\u00e7\u00f5es participaram de reuni\u00e3o na sede da Secretaria Municipal de Administra\u00e7\u00e3o, Planejamento e Gest\u00e3o (Semad), \u00f3rg\u00e3o ao qual a Espi \u00e9 vinculada, com a finalidade de alinhar os detalhes para o lan\u00e7amento dos editais do PBPG e PBI no m\u00eas de abril.<\/p>\n\n\n\n<p>O titular da Semad, C\u00e9lio Guedes, destacou a import\u00e2ncia da parceria das institui\u00e7\u00f5es, para que os programas de inclus\u00e3o socioeducacional da prefeitura alcancem a parcela da sociedade que realmente necessita.<\/p>\n\n\n\n<p>\u201cVoc\u00eas s\u00e3o aqueles que nos d\u00e3o apoio para levar \u00e0 sociedade oportunidades de qualifica\u00e7\u00e3o para as pessoas que est\u00e3o buscando, cada vez mais, a excel\u00eancia em seus postos de trabalho ou onde estejam exercendo suas atividades. Nos colocamos \u00e0 disposi\u00e7\u00e3o e asseguro que todos sempre ser\u00e3o muito bem-vindos na gest\u00e3o do prefeito David Almeida\u201d, destacou C\u00e9lio Guedes.<\/p>\n\n\n\n<p>O subsecret\u00e1rio de Gest\u00e3o de Processos da Semad, Alexandre Santos do Carmo, lembrou que, nos \u00faltimos quatro anos, a prefeitura realizou dois processos seletivos para o PBPG, ofertando um total de 75.232 oportunidades de acesso a cursos de especializa\u00e7\u00e3o, por meio de bolsas de estudos, com descontos de 50%, 75% e 100%. Para o PBI, foram cinco sele\u00e7\u00f5es, totalizando 149.611 bolsas disponibilizadas com os descontos definidos pelo programa.<\/p>\n\n\n\n<p>\u201cAgradecemos a parceria das institui\u00e7\u00f5es e espero que possamos continuar com esse objetivo, porque, hoje, em n\u00edvel de reinclus\u00e3o socioeducativa, ter uma especializa\u00e7\u00e3o, como possibilita o Bolsa P\u00f3s-Gradua\u00e7\u00e3o, faz uma enorme diferen\u00e7a. O mesmo com rela\u00e7\u00e3o ao ensino de l\u00edngua estrangeira, raz\u00e3o pela qual o prefeito David Almeida reduziu a idade para ingresso no programa, por enxergar para onde a cidade de Manaus est\u00e1 indo, em termos de desenvolvimento\u201d, disse Alexandre. &nbsp;&nbsp;<\/p>\n\n\n\n<p>Segundo o diretor-geral da Espi, J\u00fanior Nunes, a estimativa \u00e9 de que ambos os editais sejam lan\u00e7ados, simultaneamente, na segunda quinzena de abril.<\/p>\n\n\n\n<p>\u201cEssa \u00e9 uma etapa muito importante em nosso processo. Os programas de inclus\u00e3o socioeducacionais, a cada ano, se mostram exitosos. No ano passado, o Bolsa Idiomas registrou n\u00e3o s\u00f3 o maior n\u00famero de inscritos, como tamb\u00e9m o de estudantes matriculados. E, para este ano, estamos buscando fazer melhor ainda\u201d, afirmou o diretor.<\/p>\n\n\n\n<p>&#8212; &#8212; &#8212;<\/p>\n\n\n\n<p><strong>Texto\u00a0<\/strong>\u2013 Sandra Monteiro \/ Semad-Espi<\/p>\n\n\n\n<p><strong>Fotos\u00a0<\/strong>\u2013 Sidney William \/ Semad-Espi<\/p>\n","protected":false},"excerpt":{"rendered":"","protected":false},"author":23,"featured_media":1796,"comment_status":"closed","ping_status":"closed","sticky":false,"template":"","format":"standard","meta":{"footnotes":""},"categories":[177],"tags":[27,164,485,486,487,9,11],"acf":[],"yoast_head":"<!-- This site is optimized with the Yoast SEO plugin v23.0 - https:\/\/yoast.com\/wordpress\/plugins\/seo\/ -->\n<title>Prefeitura de Manaus abre credenciamento de institui\u00e7\u00f5es para processos seletivos dos programas Bolsa Idiomas e P\u00f3s-Gradua\u00e7\u00e3o<\/title>\n<meta name=\"description\" content=\"As Institui\u00e7\u00f5es de Ensino Superior (IES) e as de Ensino em L\u00edngua Estrangeira (IELE), interessadas em participar dos programas Bolsa Idiomas (PBI) e Bolsa P\u00f3s-Gradua\u00e7\u00e3o (PBPG), da Prefeitura de Manaus, podem se credenciar junto \u00e0 Escola de Servi\u00e7o P\u00fablico Municipal e Inclus\u00e3o Socioeducacional (Espi)\" \/>\n<meta name=\"robots\" content=\"noindex, follow\" \/>\n<meta property=\"og:locale\" content=\"pt_BR\" \/>\n<meta property=\"og:type\" content=\"article\" \/>\n<meta property=\"og:title\" content=\"Prefeitura de Manaus abre credenciamento de institui\u00e7\u00f5es para processos seletivos dos programas Bolsa Idiomas e P\u00f3s-Gradua\u00e7\u00e3o\" \/>\n<meta property=\"og:description\" content=\"As Institui\u00e7\u00f5es de Ensino Superior (IES) e as de Ensino em L\u00edngua Estrangeira (IELE), interessadas em participar dos programas Bolsa Idiomas (PBI) e Bolsa P\u00f3s-Gradua\u00e7\u00e3o (PBPG), da Prefeitura de Manaus, podem se credenciar junto \u00e0 Escola de Servi\u00e7o P\u00fablico Municipal e Inclus\u00e3o Socioeducacional (Espi)\" \/>\n<meta property=\"og:url\" content=\"https:\/\/www.manaus.am.gov.br\/semad\/socioinclusao\/prefeitura-semad-credenciamento-bolsas\/\" \/>\n<meta property=\"og:site_name\" content=\"SEMAD\" \/>\n<meta property=\"article:published_time\" content=\"2025-03-19T18:33:39+00:00\" \/>\n<meta property=\"article:modified_time\" content=\"2025-03-19T18:33:41+00:00\" \/>\n<meta property=\"og:image\" content=\"https:\/\/www.manaus.am.gov.br\/semad\/wp-content\/uploads\/sites\/21\/2025\/03\/Reuniao-Semad-Espi-Foto-Sidney-William-2.jpeg\" \/>\n\t<meta property=\"og:image:width\" content=\"4000\" \/>\n\t<meta property=\"og:image:height\" content=\"2252\" \/>\n\t<meta property=\"og:image:type\" content=\"image\/jpeg\" \/>\n<meta name=\"author\" content=\"Adriana Costa\" \/>\n<meta name=\"twitter:card\" content=\"summary_large_image\" \/>\n<meta name=\"twitter:label1\" content=\"Written by\" \/>\n\t<meta name=\"twitter:data1\" content=\"Adriana Costa\" \/>\n\t<meta name=\"twitter:label2\" content=\"Est. reading time\" \/>\n\t<meta name=\"twitter:data2\" content=\"3 minutos\" \/>\n<script type=\"application\/ld+json\" class=\"yoast-schema-graph\">{\"@context\":\"https:\/\/schema.org\",\"@graph\":[{\"@type\":\"Article\",\"@id\":\"https:\/\/www.manaus.am.gov.br\/semad\/socioinclusao\/prefeitura-semad-credenciamento-bolsas\/#article\",\"isPartOf\":{\"@id\":\"https:\/\/www.manaus.am.gov.br\/semad\/socioinclusao\/prefeitura-semad-credenciamento-bolsas\/\"},\"author\":{\"name\":\"Adriana Costa\",\"@id\":\"https:\/\/www.manaus.am.gov.br\/semad\/#\/schema\/person\/4e49f4e267757a06ca072ec61b2b9968\"},\"headline\":\"Prefeitura de Manaus abre credenciamento de institui\u00e7\u00f5es para processos seletivos dos programas Bolsa Idiomas e P\u00f3s-Gradua\u00e7\u00e3o\",\"datePublished\":\"2025-03-19T18:33:39+00:00\",\"dateModified\":\"2025-03-19T18:33:41+00:00\",\"mainEntityOfPage\":{\"@id\":\"https:\/\/www.manaus.am.gov.br\/semad\/socioinclusao\/prefeitura-semad-credenciamento-bolsas\/\"},\"wordCount\":552,\"publisher\":{\"@id\":\"https:\/\/www.manaus.am.gov.br\/semad\/#organization\"},\"image\":{\"@id\":\"https:\/\/www.manaus.am.gov.br\/semad\/socioinclusao\/prefeitura-semad-credenciamento-bolsas\/#primaryimage\"},\"thumbnailUrl\":\"https:\/\/www.manaus.am.gov.br\/semad\/wp-content\/uploads\/sites\/21\/2025\/03\/Reuniao-Semad-Espi-Foto-Sidney-William-2.jpeg\",\"keywords\":[\"bolsa idiomas\",\"credenciamento\",\"institui\u00e7\u00f5es de ensino superior\",\"l\u00edngua estrangeira\",\"p\u00f3s-gradua\u00e7\u00e3o\",\"prefeitura de manaus\",\"Semad\"],\"articleSection\":[\"Socioinclus\u00e3o\"],\"inLanguage\":\"pt-BR\"},{\"@type\":\"WebPage\",\"@id\":\"https:\/\/www.manaus.am.gov.br\/semad\/socioinclusao\/prefeitura-semad-credenciamento-bolsas\/\",\"url\":\"https:\/\/www.manaus.am.gov.br\/semad\/socioinclusao\/prefeitura-semad-credenciamento-bolsas\/\",\"name\":\"Prefeitura de Manaus abre credenciamento de institui\u00e7\u00f5es para processos seletivos dos programas Bolsa Idiomas e P\u00f3s-Gradua\u00e7\u00e3o\",\"isPartOf\":{\"@id\":\"https:\/\/www.manaus.am.gov.br\/semad\/#website\"},\"primaryImageOfPage\":{\"@id\":\"https:\/\/www.manaus.am.gov.br\/semad\/socioinclusao\/prefeitura-semad-credenciamento-bolsas\/#primaryimage\"},\"image\":{\"@id\":\"https:\/\/www.manaus.am.gov.br\/semad\/socioinclusao\/prefeitura-semad-credenciamento-bolsas\/#primaryimage\"},\"thumbnailUrl\":\"https:\/\/www.manaus.am.gov.br\/semad\/wp-content\/uploads\/sites\/21\/2025\/03\/Reuniao-Semad-Espi-Foto-Sidney-William-2.jpeg\",\"datePublished\":\"2025-03-19T18:33:39+00:00\",\"dateModified\":\"2025-03-19T18:33:41+00:00\",\"description\":\"As Institui\u00e7\u00f5es de Ensino Superior (IES) e as de Ensino em L\u00edngua Estrangeira (IELE), interessadas em participar dos programas Bolsa Idiomas (PBI) e Bolsa P\u00f3s-Gradua\u00e7\u00e3o (PBPG), da Prefeitura de Manaus, podem se credenciar junto \u00e0 Escola de Servi\u00e7o P\u00fablico Municipal e Inclus\u00e3o Socioeducacional (Espi)\",\"breadcrumb\":{\"@id\":\"https:\/\/www.manaus.am.gov.br\/semad\/socioinclusao\/prefeitura-semad-credenciamento-bolsas\/#breadcrumb\"},\"inLanguage\":\"pt-BR\",\"potentialAction\":[{\"@type\":\"ReadAction\",\"target\":[\"https:\/\/www.manaus.am.gov.br\/semad\/socioinclusao\/prefeitura-semad-credenciamento-bolsas\/\"]}]},{\"@type\":\"ImageObject\",\"inLanguage\":\"pt-BR\",\"@id\":\"https:\/\/www.manaus.am.gov.br\/semad\/socioinclusao\/prefeitura-semad-credenciamento-bolsas\/#primaryimage\",\"url\":\"https:\/\/www.manaus.am.gov.br\/semad\/wp-content\/uploads\/sites\/21\/2025\/03\/Reuniao-Semad-Espi-Foto-Sidney-William-2.jpeg\",\"contentUrl\":\"https:\/\/www.manaus.am.gov.br\/semad\/wp-content\/uploads\/sites\/21\/2025\/03\/Reuniao-Semad-Espi-Foto-Sidney-William-2.jpeg\",\"width\":4000,\"height\":2252},{\"@type\":\"BreadcrumbList\",\"@id\":\"https:\/\/www.manaus.am.gov.br\/semad\/socioinclusao\/prefeitura-semad-credenciamento-bolsas\/#breadcrumb\",\"itemListElement\":[{\"@type\":\"ListItem\",\"position\":1,\"name\":\"Home\",\"item\":\"https:\/\/www.manaus.am.gov.br\/semad\/\"},{\"@type\":\"ListItem\",\"position\":2,\"name\":\"Prefeitura de Manaus abre credenciamento de institui\u00e7\u00f5es para processos seletivos dos programas Bolsa Idiomas e P\u00f3s-Gradua\u00e7\u00e3o\"}]},{\"@type\":\"WebSite\",\"@id\":\"https:\/\/www.manaus.am.gov.br\/semad\/#website\",\"url\":\"https:\/\/www.manaus.am.gov.br\/semad\/\",\"name\":\"SEMAD\",\"description\":\"Prefeitura de Manaus\",\"publisher\":{\"@id\":\"https:\/\/www.manaus.am.gov.br\/semad\/#organization\"},\"alternateName\":\"Secretaria Municipal de Administra\u00e7\u00e3o, Planejamento e Gest\u00e3o\",\"potentialAction\":[{\"@type\":\"SearchAction\",\"target\":{\"@type\":\"EntryPoint\",\"urlTemplate\":\"https:\/\/www.manaus.am.gov.br\/semad\/?s={search_term_string}\"},\"query-input\":\"required name=search_term_string\"}],\"inLanguage\":\"pt-BR\"},{\"@type\":\"Organization\",\"@id\":\"https:\/\/www.manaus.am.gov.br\/semad\/#organization\",\"name\":\"Prefeitura Municipal de Manaus\",\"alternateName\":\"Prefeitura de Manaus\",\"url\":\"https:\/\/www.manaus.am.gov.br\/semad\/\",\"logo\":{\"@type\":\"ImageObject\",\"inLanguage\":\"pt-BR\",\"@id\":\"https:\/\/www.manaus.am.gov.br\/semad\/#\/schema\/logo\/image\/\",\"url\":\"https:\/\/www.manaus.am.gov.br\/semad\/wp-content\/uploads\/sites\/21\/2024\/07\/favicon.png\",\"contentUrl\":\"https:\/\/www.manaus.am.gov.br\/semad\/wp-content\/uploads\/sites\/21\/2024\/07\/favicon.png\",\"width\":300,\"height\":300,\"caption\":\"Prefeitura Municipal de Manaus\"},\"image\":{\"@id\":\"https:\/\/www.manaus.am.gov.br\/semad\/#\/schema\/logo\/image\/\"}},{\"@type\":\"Person\",\"@id\":\"https:\/\/www.manaus.am.gov.br\/semad\/#\/schema\/person\/4e49f4e267757a06ca072ec61b2b9968\",\"name\":\"Adriana Costa\",\"image\":{\"@type\":\"ImageObject\",\"inLanguage\":\"pt-BR\",\"@id\":\"https:\/\/www.manaus.am.gov.br\/semad\/#\/schema\/person\/image\/\",\"url\":\"https:\/\/secure.gravatar.com\/avatar\/576258617ef7194f718179e766d57bd4?s=96&d=mm&r=g\",\"contentUrl\":\"https:\/\/secure.gravatar.com\/avatar\/576258617ef7194f718179e766d57bd4?s=96&d=mm&r=g\",\"caption\":\"Adriana Costa\"}}]}<\/script>\n<!-- \/ Yoast SEO plugin. -->","yoast_head_json":{"title":"Prefeitura de Manaus abre credenciamento de institui\u00e7\u00f5es para processos seletivos dos programas Bolsa Idiomas e P\u00f3s-Gradua\u00e7\u00e3o","description":"As Institui\u00e7\u00f5es de Ensino Superior (IES) e as de Ensino em L\u00edngua Estrangeira (IELE), interessadas em participar dos programas Bolsa Idiomas (PBI) e Bolsa P\u00f3s-Gradua\u00e7\u00e3o (PBPG), da Prefeitura de Manaus, podem se credenciar junto \u00e0 Escola de Servi\u00e7o P\u00fablico Municipal e Inclus\u00e3o Socioeducacional (Espi)","robots":{"index":"noindex","follow":"follow"},"og_locale":"pt_BR","og_type":"article","og_title":"Prefeitura de Manaus abre credenciamento de institui\u00e7\u00f5es para processos seletivos dos programas Bolsa Idiomas e P\u00f3s-Gradua\u00e7\u00e3o","og_description":"As Institui\u00e7\u00f5es de Ensino Superior (IES) e as de Ensino em L\u00edngua Estrangeira (IELE), interessadas em participar dos programas Bolsa Idiomas (PBI) e Bolsa P\u00f3s-Gradua\u00e7\u00e3o (PBPG), da Prefeitura de Manaus, podem se credenciar junto \u00e0 Escola de Servi\u00e7o P\u00fablico Municipal e Inclus\u00e3o Socioeducacional (Espi)","og_url":"https:\/\/www.manaus.am.gov.br\/semad\/socioinclusao\/prefeitura-semad-credenciamento-bolsas\/","og_site_name":"SEMAD","article_published_time":"2025-03-19T18:33:39+00:00","article_modified_time":"2025-03-19T18:33:41+00:00","og_image":[{"width":4000,"height":2252,"url":"https:\/\/www.manaus.am.gov.br\/semad\/wp-content\/uploads\/sites\/21\/2025\/03\/Reuniao-Semad-Espi-Foto-Sidney-William-2.jpeg","type":"image\/jpeg"}],"author":"Adriana Costa","twitter_card":"summary_large_image","twitter_misc":{"Written by":"Adriana Costa","Est. reading time":"3 minutos"},"schema":{"@context":"https:\/\/schema.org","@graph":[{"@type":"Article","@id":"https:\/\/www.manaus.am.gov.br\/semad\/socioinclusao\/prefeitura-semad-credenciamento-bolsas\/#article","isPartOf":{"@id":"https:\/\/www.manaus.am.gov.br\/semad\/socioinclusao\/prefeitura-semad-credenciamento-bolsas\/"},"author":{"name":"Adriana Costa","@id":"https:\/\/www.manaus.am.gov.br\/semad\/#\/schema\/person\/4e49f4e267757a06ca072ec61b2b9968"},"headline":"Prefeitura de Manaus abre credenciamento de institui\u00e7\u00f5es para processos seletivos dos programas Bolsa Idiomas e P\u00f3s-Gradua\u00e7\u00e3o","datePublished":"2025-03-19T18:33:39+00:00","dateModified":"2025-03-19T18:33:41+00:00","mainEntityOfPage":{"@id":"https:\/\/www.manaus.am.gov.br\/semad\/socioinclusao\/prefeitura-semad-credenciamento-bolsas\/"},"wordCount":552,"publisher":{"@id":"https:\/\/www.manaus.am.gov.br\/semad\/#organization"},"image":{"@id":"https:\/\/www.manaus.am.gov.br\/semad\/socioinclusao\/prefeitura-semad-credenciamento-bolsas\/#primaryimage"},"thumbnailUrl":"https:\/\/www.manaus.am.gov.br\/semad\/wp-content\/uploads\/sites\/21\/2025\/03\/Reuniao-Semad-Espi-Foto-Sidney-William-2.jpeg","keywords":["bolsa idiomas","credenciamento","institui\u00e7\u00f5es de ensino superior","l\u00edngua estrangeira","p\u00f3s-gradua\u00e7\u00e3o","prefeitura de manaus","Semad"],"articleSection":["Socioinclus\u00e3o"],"inLanguage":"pt-BR"},{"@type":"WebPage","@id":"https:\/\/www.manaus.am.gov.br\/semad\/socioinclusao\/prefeitura-semad-credenciamento-bolsas\/","url":"https:\/\/www.manaus.am.gov.br\/semad\/socioinclusao\/prefeitura-semad-credenciamento-bolsas\/","name":"Prefeitura de Manaus abre credenciamento de institui\u00e7\u00f5es para processos seletivos dos programas Bolsa Idiomas e P\u00f3s-Gradua\u00e7\u00e3o","isPartOf":{"@id":"https:\/\/www.manaus.am.gov.br\/semad\/#website"},"primaryImageOfPage":{"@id":"https:\/\/www.manaus.am.gov.br\/semad\/socioinclusao\/prefeitura-semad-credenciamento-bolsas\/#primaryimage"},"image":{"@id":"https:\/\/www.manaus.am.gov.br\/semad\/socioinclusao\/prefeitura-semad-credenciamento-bolsas\/#primaryimage"},"thumbnailUrl":"https:\/\/www.manaus.am.gov.br\/semad\/wp-content\/uploads\/sites\/21\/2025\/03\/Reuniao-Semad-Espi-Foto-Sidney-William-2.jpeg","datePublished":"2025-03-19T18:33:39+00:00","dateModified":"2025-03-19T18:33:41+00:00","description":"As Institui\u00e7\u00f5es de Ensino Superior (IES) e as de Ensino em L\u00edngua Estrangeira (IELE), interessadas em participar dos programas Bolsa Idiomas (PBI) e Bolsa P\u00f3s-Gradua\u00e7\u00e3o (PBPG), da Prefeitura de Manaus, podem se credenciar junto \u00e0 Escola de Servi\u00e7o P\u00fablico Municipal e Inclus\u00e3o Socioeducacional (Espi)","breadcrumb":{"@id":"https:\/\/www.manaus.am.gov.br\/semad\/socioinclusao\/prefeitura-semad-credenciamento-bolsas\/#breadcrumb"},"inLanguage":"pt-BR","potentialAction":[{"@type":"ReadAction","target":["https:\/\/www.manaus.am.gov.br\/semad\/socioinclusao\/prefeitura-semad-credenciamento-bolsas\/"]}]},{"@type":"ImageObject","inLanguage":"pt-BR","@id":"https:\/\/www.manaus.am.gov.br\/semad\/socioinclusao\/prefeitura-semad-credenciamento-bolsas\/#primaryimage","url":"https:\/\/www.manaus.am.gov.br\/semad\/wp-content\/uploads\/sites\/21\/2025\/03\/Reuniao-Semad-Espi-Foto-Sidney-William-2.jpeg","contentUrl":"https:\/\/www.manaus.am.gov.br\/semad\/wp-content\/uploads\/sites\/21\/2025\/03\/Reuniao-Semad-Espi-Foto-Sidney-William-2.jpeg","width":4000,"height":2252},{"@type":"BreadcrumbList","@id":"https:\/\/www.manaus.am.gov.br\/semad\/socioinclusao\/prefeitura-semad-credenciamento-bolsas\/#breadcrumb","itemListElement":[{"@type":"ListItem","position":1,"name":"Home","item":"https:\/\/www.manaus.am.gov.br\/semad\/"},{"@type":"ListItem","position":2,"name":"Prefeitura de Manaus abre credenciamento de institui\u00e7\u00f5es para processos seletivos dos programas Bolsa Idiomas e P\u00f3s-Gradua\u00e7\u00e3o"}]},{"@type":"WebSite","@id":"https:\/\/www.manaus.am.gov.br\/semad\/#website","url":"https:\/\/www.manaus.am.gov.br\/semad\/","name":"SEMAD","description":"Prefeitura de Manaus","publisher":{"@id":"https:\/\/www.manaus.am.gov.br\/semad\/#organization"},"alternateName":"Secretaria Municipal de Administra\u00e7\u00e3o, Planejamento e Gest\u00e3o","potentialAction":[{"@type":"SearchAction","target":{"@type":"EntryPoint","urlTemplate":"https:\/\/www.manaus.am.gov.br\/semad\/?s={search_term_string}"},"query-input":"required name=search_term_string"}],"inLanguage":"pt-BR"},{"@type":"Organization","@id":"https:\/\/www.manaus.am.gov.br\/semad\/#organization","name":"Prefeitura Municipal de Manaus","alternateName":"Prefeitura de Manaus","url":"https:\/\/www.manaus.am.gov.br\/semad\/","logo":{"@type":"ImageObject","inLanguage":"pt-BR","@id":"https:\/\/www.manaus.am.gov.br\/semad\/#\/schema\/logo\/image\/","url":"https:\/\/www.manaus.am.gov.br\/semad\/wp-content\/uploads\/sites\/21\/2024\/07\/favicon.png","contentUrl":"https:\/\/www.manaus.am.gov.br\/semad\/wp-content\/uploads\/sites\/21\/2024\/07\/favicon.png","width":300,"height":300,"caption":"Prefeitura Municipal de Manaus"},"image":{"@id":"https:\/\/www.manaus.am.gov.br\/semad\/#\/schema\/logo\/image\/"}},{"@type":"Person","@id":"https:\/\/www.manaus.am.gov.br\/semad\/#\/schema\/person\/4e49f4e267757a06ca072ec61b2b9968","name":"Adriana Costa","image":{"@type":"ImageObject","inLanguage":"pt-BR","@id":"https:\/\/www.manaus.am.gov.br\/semad\/#\/schema\/person\/image\/","url":"https:\/\/secure.gravatar.com\/avatar\/576258617ef7194f718179e766d57bd4?s=96&d=mm&r=g","contentUrl":"https:\/\/secure.gravatar.com\/avatar\/576258617ef7194f718179e766d57bd4?s=96&d=mm&r=g","caption":"Adriana Costa"}}]}},"_links":{"self":[{"href":"https:\/\/www.manaus.am.gov.br\/semad\/wp-json\/wp\/v2\/posts\/1795"}],"collection":[{"href":"https:\/\/www.manaus.am.gov.br\/semad\/wp-json\/wp\/v2\/posts"}],"about":[{"href":"https:\/\/www.manaus.am.gov.br\/semad\/wp-json\/wp\/v2\/types\/post"}],"author":[{"embeddable":true,"href":"https:\/\/www.manaus.am.gov.br\/semad\/wp-json\/wp\/v2\/users\/23"}],"replies":[{"embeddable":true,"href":"https:\/\/www.manaus.am.gov.br\/semad\/wp-json\/wp\/v2\/comments?post=1795"}],"version-history":[{"count":0,"href":"https:\/\/www.manaus.am.gov.br\/semad\/wp-json\/wp\/v2\/posts\/1795\/revisions"}],"wp:featuredmedia":[{"embeddable":true,"href":"https:\/\/www.manaus.am.gov.br\/semad\/wp-json\/wp\/v2\/media\/1796"}],"wp:attachment":[{"href":"https:\/\/www.manaus.am.gov.br\/semad\/wp-json\/wp\/v2\/media?parent=1795"}],"wp:term":[{"taxonomy":"category","embeddable":true,"href":"https:\/\/www.manaus.am.gov.br\/semad\/wp-json\/wp\/v2\/categories?post=1795"},{"taxonomy":"post_tag","embeddable":true,"href":"https:\/\/www.manaus.am.gov.br\/semad\/wp-json\/wp\/v2\/tags?post=1795"}],"curies":[{"name":"wp","href":"https:\/\/api.w.org\/{rel}","templated":true}]}}