{"id":1706,"date":"2025-01-15T10:55:34","date_gmt":"2025-01-15T14:55:34","guid":{"rendered":"https:\/\/www.manaus.am.gov.br\/semad\/sem-categoria\/bolsa-universidade-2025\/"},"modified":"2025-01-15T10:57:35","modified_gmt":"2025-01-15T14:57:35","slug":"bolsa-universidade-2025","status":"publish","type":"post","link":"https:\/\/www.manaus.am.gov.br\/semad\/nota\/bolsa-universidade-2025\/","title":{"rendered":"Prefeitura de Manaus abre per\u00edodo de remanejamento do Programa Bolsa Universidade 2025"},"content":{"rendered":"\n<p>A <a href=\"https:\/\/www.manaus.am.gov.br\/semad\/\">Escola de Servi\u00e7o P\u00fablico Municipal e Inclus\u00e3o Socioeducacional <\/a>(Espi), da Prefeitura de Manaus, informa que o prazo para o remanejamento de vagas para os candidatos que n\u00e3o foram classificados, nem eliminados, na primeira chamada do Programa Bolsa Universidade 2025 come\u00e7ou nesta quarta-feira, 15\/1, e se estender\u00e1 at\u00e9 o dia 22\/1 (quarta-feira).<\/p>\n\n\n\n<p>Nesta etapa, eles poder\u00e3o optar por bolsa de 50% para outros cursos, que n\u00e3o tenham sido preenchidas. Para participar do processo do Bolsa Universidade 2025, o candidato deve acessar o link\u00a0<a href=\"https:\/\/sgbu.manaus.am.gov.br\/inscricao\" target=\"_blank\" rel=\"noreferrer noopener\">https:\/\/sgbu.manaus.am.gov.br\/inscricao<\/a>.<\/p>\n\n\n\n<p>Com o Bolsa Universidade 2025, a Espi, \u00f3rg\u00e3o vinculado \u00e0 Secretaria Municipal de Administra\u00e7\u00e3o, Planejamento e Gest\u00e3o (<a href=\"https:\/\/www.instagram.com\/semadmanaus\/\">Semad<\/a>), disponibilizou um quantitativo recorde, em edital \u00fanico, de oportunidades de acesso ao ensino superior em institui\u00e7\u00f5es particulares com 47.377 vagas.<\/p>\n\n\n\n<p>Mais de 45 mil pessoas se inscreveram noBolsa Universidade 2025 para concorrer \u00e0s bolsas que oferecem tr\u00eas n\u00edveis de descontos, sendo de 100% (integrais), 75% e 50% do valor da mensalidade do curso escolhido, com compensa\u00e7\u00e3o tribut\u00e1ria e bolsas volunt\u00e1rias. Deste total, 18.787 candidatos foram classificados e 20.982 ficaram no cadastro reserva e poder\u00e3o ter nova chance no per\u00edodo de remanejamento para as vagas remanescentes.<\/p>\n\n\n\n<p><strong>&#8212; &#8212; &#8212;<\/strong><\/p>\n\n\n\n<p><strong>Texto &#8211;<\/strong>&nbsp;Sandra Monteiro \/ Semad-Espi<\/p>\n","protected":false},"excerpt":{"rendered":"","protected":false},"author":57,"featured_media":1487,"comment_status":"closed","ping_status":"closed","sticky":false,"template":"","format":"standard","meta":{"footnotes":""},"categories":[26],"tags":[197,28,9,11],"acf":[],"yoast_head":"<!-- This site is optimized with the Yoast SEO plugin v23.0 - https:\/\/yoast.com\/wordpress\/plugins\/seo\/ -->\n<title>Abre per\u00edodo de remanejamento do Bolsa Universidade 2025<\/title>\n<meta name=\"description\" content=\"A PMM informa que o prazo para o remanejamento de vagas para Programa Bolsa Universidade (PBU) 2025 come\u00e7ou nesta quarta-feira, 15\/1.\" \/>\n<meta name=\"robots\" content=\"noindex, follow\" \/>\n<meta property=\"og:locale\" content=\"pt_BR\" \/>\n<meta property=\"og:type\" content=\"article\" \/>\n<meta property=\"og:title\" content=\"Abre per\u00edodo de remanejamento do Bolsa Universidade 2025\" \/>\n<meta property=\"og:description\" content=\"A PMM informa que o prazo para o remanejamento de vagas para Programa Bolsa Universidade (PBU) 2025 come\u00e7ou nesta quarta-feira, 15\/1.\" \/>\n<meta property=\"og:url\" content=\"https:\/\/www.manaus.am.gov.br\/semad\/nota\/bolsa-universidade-2025\/\" \/>\n<meta property=\"og:site_name\" content=\"SEMAD\" \/>\n<meta property=\"article:published_time\" content=\"2025-01-15T14:55:34+00:00\" \/>\n<meta property=\"article:modified_time\" content=\"2025-01-15T14:57:35+00:00\" \/>\n<meta property=\"og:image\" content=\"https:\/\/www.manaus.am.gov.br\/semad\/wp-content\/uploads\/sites\/21\/2024\/07\/BANNER-NOTA.png\" \/>\n\t<meta property=\"og:image:width\" content=\"900\" \/>\n\t<meta property=\"og:image:height\" content=\"509\" \/>\n\t<meta property=\"og:image:type\" content=\"image\/png\" \/>\n<meta name=\"author\" content=\"Thiago Fernando\" \/>\n<meta name=\"twitter:card\" content=\"summary_large_image\" \/>\n<meta name=\"twitter:label1\" content=\"Written by\" \/>\n\t<meta name=\"twitter:data1\" content=\"Thiago Fernando\" \/>\n\t<meta name=\"twitter:label2\" content=\"Est. reading time\" \/>\n\t<meta name=\"twitter:data2\" content=\"2 minutos\" \/>\n<script type=\"application\/ld+json\" class=\"yoast-schema-graph\">{\"@context\":\"https:\/\/schema.org\",\"@graph\":[{\"@type\":\"Article\",\"@id\":\"https:\/\/www.manaus.am.gov.br\/semad\/nota\/bolsa-universidade-2025\/#article\",\"isPartOf\":{\"@id\":\"https:\/\/www.manaus.am.gov.br\/semad\/nota\/bolsa-universidade-2025\/\"},\"author\":{\"name\":\"Thiago Fernando\",\"@id\":\"https:\/\/www.manaus.am.gov.br\/semad\/#\/schema\/person\/a5ee5376db6e21af026374b369f30882\"},\"headline\":\"Prefeitura de Manaus abre per\u00edodo de remanejamento do Programa Bolsa Universidade 2025\",\"datePublished\":\"2025-01-15T14:55:34+00:00\",\"dateModified\":\"2025-01-15T14:57:35+00:00\",\"mainEntityOfPage\":{\"@id\":\"https:\/\/www.manaus.am.gov.br\/semad\/nota\/bolsa-universidade-2025\/\"},\"wordCount\":217,\"publisher\":{\"@id\":\"https:\/\/www.manaus.am.gov.br\/semad\/#organization\"},\"image\":{\"@id\":\"https:\/\/www.manaus.am.gov.br\/semad\/nota\/bolsa-universidade-2025\/#primaryimage\"},\"thumbnailUrl\":\"https:\/\/www.manaus.am.gov.br\/semad\/wp-content\/uploads\/sites\/21\/2024\/07\/BANNER-NOTA.png\",\"keywords\":[\"bolsa universidade\",\"espi\",\"prefeitura de manaus\",\"Semad\"],\"articleSection\":[\"Nota\"],\"inLanguage\":\"pt-BR\"},{\"@type\":\"WebPage\",\"@id\":\"https:\/\/www.manaus.am.gov.br\/semad\/nota\/bolsa-universidade-2025\/\",\"url\":\"https:\/\/www.manaus.am.gov.br\/semad\/nota\/bolsa-universidade-2025\/\",\"name\":\"Abre per\u00edodo de remanejamento do Bolsa Universidade 2025\",\"isPartOf\":{\"@id\":\"https:\/\/www.manaus.am.gov.br\/semad\/#website\"},\"primaryImageOfPage\":{\"@id\":\"https:\/\/www.manaus.am.gov.br\/semad\/nota\/bolsa-universidade-2025\/#primaryimage\"},\"image\":{\"@id\":\"https:\/\/www.manaus.am.gov.br\/semad\/nota\/bolsa-universidade-2025\/#primaryimage\"},\"thumbnailUrl\":\"https:\/\/www.manaus.am.gov.br\/semad\/wp-content\/uploads\/sites\/21\/2024\/07\/BANNER-NOTA.png\",\"datePublished\":\"2025-01-15T14:55:34+00:00\",\"dateModified\":\"2025-01-15T14:57:35+00:00\",\"description\":\"A PMM informa que o prazo para o remanejamento de vagas para Programa Bolsa Universidade (PBU) 2025 come\u00e7ou nesta quarta-feira, 15\/1.\",\"breadcrumb\":{\"@id\":\"https:\/\/www.manaus.am.gov.br\/semad\/nota\/bolsa-universidade-2025\/#breadcrumb\"},\"inLanguage\":\"pt-BR\",\"potentialAction\":[{\"@type\":\"ReadAction\",\"target\":[\"https:\/\/www.manaus.am.gov.br\/semad\/nota\/bolsa-universidade-2025\/\"]}]},{\"@type\":\"ImageObject\",\"inLanguage\":\"pt-BR\",\"@id\":\"https:\/\/www.manaus.am.gov.br\/semad\/nota\/bolsa-universidade-2025\/#primaryimage\",\"url\":\"https:\/\/www.manaus.am.gov.br\/semad\/wp-content\/uploads\/sites\/21\/2024\/07\/BANNER-NOTA.png\",\"contentUrl\":\"https:\/\/www.manaus.am.gov.br\/semad\/wp-content\/uploads\/sites\/21\/2024\/07\/BANNER-NOTA.png\",\"width\":900,\"height\":509},{\"@type\":\"BreadcrumbList\",\"@id\":\"https:\/\/www.manaus.am.gov.br\/semad\/nota\/bolsa-universidade-2025\/#breadcrumb\",\"itemListElement\":[{\"@type\":\"ListItem\",\"position\":1,\"name\":\"Home\",\"item\":\"https:\/\/www.manaus.am.gov.br\/semad\/\"},{\"@type\":\"ListItem\",\"position\":2,\"name\":\"Prefeitura de Manaus abre per\u00edodo de remanejamento do Programa Bolsa Universidade 2025\"}]},{\"@type\":\"WebSite\",\"@id\":\"https:\/\/www.manaus.am.gov.br\/semad\/#website\",\"url\":\"https:\/\/www.manaus.am.gov.br\/semad\/\",\"name\":\"SEMAD\",\"description\":\"Prefeitura de Manaus\",\"publisher\":{\"@id\":\"https:\/\/www.manaus.am.gov.br\/semad\/#organization\"},\"alternateName\":\"Secretaria Municipal de Administra\u00e7\u00e3o, Planejamento e Gest\u00e3o\",\"potentialAction\":[{\"@type\":\"SearchAction\",\"target\":{\"@type\":\"EntryPoint\",\"urlTemplate\":\"https:\/\/www.manaus.am.gov.br\/semad\/?s={search_term_string}\"},\"query-input\":\"required name=search_term_string\"}],\"inLanguage\":\"pt-BR\"},{\"@type\":\"Organization\",\"@id\":\"https:\/\/www.manaus.am.gov.br\/semad\/#organization\",\"name\":\"Prefeitura Municipal de Manaus\",\"alternateName\":\"Prefeitura de Manaus\",\"url\":\"https:\/\/www.manaus.am.gov.br\/semad\/\",\"logo\":{\"@type\":\"ImageObject\",\"inLanguage\":\"pt-BR\",\"@id\":\"https:\/\/www.manaus.am.gov.br\/semad\/#\/schema\/logo\/image\/\",\"url\":\"https:\/\/www.manaus.am.gov.br\/semad\/wp-content\/uploads\/sites\/21\/2024\/07\/favicon.png\",\"contentUrl\":\"https:\/\/www.manaus.am.gov.br\/semad\/wp-content\/uploads\/sites\/21\/2024\/07\/favicon.png\",\"width\":300,\"height\":300,\"caption\":\"Prefeitura Municipal de Manaus\"},\"image\":{\"@id\":\"https:\/\/www.manaus.am.gov.br\/semad\/#\/schema\/logo\/image\/\"}},{\"@type\":\"Person\",\"@id\":\"https:\/\/www.manaus.am.gov.br\/semad\/#\/schema\/person\/a5ee5376db6e21af026374b369f30882\",\"name\":\"Thiago Fernando\",\"image\":{\"@type\":\"ImageObject\",\"inLanguage\":\"pt-BR\",\"@id\":\"https:\/\/www.manaus.am.gov.br\/semad\/#\/schema\/person\/image\/\",\"url\":\"https:\/\/secure.gravatar.com\/avatar\/f5aab8722444041451501c077052ac07?s=96&d=mm&r=g\",\"contentUrl\":\"https:\/\/secure.gravatar.com\/avatar\/f5aab8722444041451501c077052ac07?s=96&d=mm&r=g\",\"caption\":\"Thiago Fernando\"}}]}<\/script>\n<!-- \/ Yoast SEO plugin. -->","yoast_head_json":{"title":"Abre per\u00edodo de remanejamento do Bolsa Universidade 2025","description":"A PMM informa que o prazo para o remanejamento de vagas para Programa Bolsa Universidade (PBU) 2025 come\u00e7ou nesta quarta-feira, 15\/1.","robots":{"index":"noindex","follow":"follow"},"og_locale":"pt_BR","og_type":"article","og_title":"Abre per\u00edodo de remanejamento do Bolsa Universidade 2025","og_description":"A PMM informa que o prazo para o remanejamento de vagas para Programa Bolsa Universidade (PBU) 2025 come\u00e7ou nesta quarta-feira, 15\/1.","og_url":"https:\/\/www.manaus.am.gov.br\/semad\/nota\/bolsa-universidade-2025\/","og_site_name":"SEMAD","article_published_time":"2025-01-15T14:55:34+00:00","article_modified_time":"2025-01-15T14:57:35+00:00","og_image":[{"width":900,"height":509,"url":"https:\/\/www.manaus.am.gov.br\/semad\/wp-content\/uploads\/sites\/21\/2024\/07\/BANNER-NOTA.png","type":"image\/png"}],"author":"Thiago Fernando","twitter_card":"summary_large_image","twitter_misc":{"Written by":"Thiago Fernando","Est. reading time":"2 minutos"},"schema":{"@context":"https:\/\/schema.org","@graph":[{"@type":"Article","@id":"https:\/\/www.manaus.am.gov.br\/semad\/nota\/bolsa-universidade-2025\/#article","isPartOf":{"@id":"https:\/\/www.manaus.am.gov.br\/semad\/nota\/bolsa-universidade-2025\/"},"author":{"name":"Thiago Fernando","@id":"https:\/\/www.manaus.am.gov.br\/semad\/#\/schema\/person\/a5ee5376db6e21af026374b369f30882"},"headline":"Prefeitura de Manaus abre per\u00edodo de remanejamento do Programa Bolsa Universidade 2025","datePublished":"2025-01-15T14:55:34+00:00","dateModified":"2025-01-15T14:57:35+00:00","mainEntityOfPage":{"@id":"https:\/\/www.manaus.am.gov.br\/semad\/nota\/bolsa-universidade-2025\/"},"wordCount":217,"publisher":{"@id":"https:\/\/www.manaus.am.gov.br\/semad\/#organization"},"image":{"@id":"https:\/\/www.manaus.am.gov.br\/semad\/nota\/bolsa-universidade-2025\/#primaryimage"},"thumbnailUrl":"https:\/\/www.manaus.am.gov.br\/semad\/wp-content\/uploads\/sites\/21\/2024\/07\/BANNER-NOTA.png","keywords":["bolsa universidade","espi","prefeitura de manaus","Semad"],"articleSection":["Nota"],"inLanguage":"pt-BR"},{"@type":"WebPage","@id":"https:\/\/www.manaus.am.gov.br\/semad\/nota\/bolsa-universidade-2025\/","url":"https:\/\/www.manaus.am.gov.br\/semad\/nota\/bolsa-universidade-2025\/","name":"Abre per\u00edodo de remanejamento do Bolsa Universidade 2025","isPartOf":{"@id":"https:\/\/www.manaus.am.gov.br\/semad\/#website"},"primaryImageOfPage":{"@id":"https:\/\/www.manaus.am.gov.br\/semad\/nota\/bolsa-universidade-2025\/#primaryimage"},"image":{"@id":"https:\/\/www.manaus.am.gov.br\/semad\/nota\/bolsa-universidade-2025\/#primaryimage"},"thumbnailUrl":"https:\/\/www.manaus.am.gov.br\/semad\/wp-content\/uploads\/sites\/21\/2024\/07\/BANNER-NOTA.png","datePublished":"2025-01-15T14:55:34+00:00","dateModified":"2025-01-15T14:57:35+00:00","description":"A PMM informa que o prazo para o remanejamento de vagas para Programa Bolsa Universidade (PBU) 2025 come\u00e7ou nesta quarta-feira, 15\/1.","breadcrumb":{"@id":"https:\/\/www.manaus.am.gov.br\/semad\/nota\/bolsa-universidade-2025\/#breadcrumb"},"inLanguage":"pt-BR","potentialAction":[{"@type":"ReadAction","target":["https:\/\/www.manaus.am.gov.br\/semad\/nota\/bolsa-universidade-2025\/"]}]},{"@type":"ImageObject","inLanguage":"pt-BR","@id":"https:\/\/www.manaus.am.gov.br\/semad\/nota\/bolsa-universidade-2025\/#primaryimage","url":"https:\/\/www.manaus.am.gov.br\/semad\/wp-content\/uploads\/sites\/21\/2024\/07\/BANNER-NOTA.png","contentUrl":"https:\/\/www.manaus.am.gov.br\/semad\/wp-content\/uploads\/sites\/21\/2024\/07\/BANNER-NOTA.png","width":900,"height":509},{"@type":"BreadcrumbList","@id":"https:\/\/www.manaus.am.gov.br\/semad\/nota\/bolsa-universidade-2025\/#breadcrumb","itemListElement":[{"@type":"ListItem","position":1,"name":"Home","item":"https:\/\/www.manaus.am.gov.br\/semad\/"},{"@type":"ListItem","position":2,"name":"Prefeitura de Manaus abre per\u00edodo de remanejamento do Programa Bolsa Universidade 2025"}]},{"@type":"WebSite","@id":"https:\/\/www.manaus.am.gov.br\/semad\/#website","url":"https:\/\/www.manaus.am.gov.br\/semad\/","name":"SEMAD","description":"Prefeitura de Manaus","publisher":{"@id":"https:\/\/www.manaus.am.gov.br\/semad\/#organization"},"alternateName":"Secretaria Municipal de Administra\u00e7\u00e3o, Planejamento e Gest\u00e3o","potentialAction":[{"@type":"SearchAction","target":{"@type":"EntryPoint","urlTemplate":"https:\/\/www.manaus.am.gov.br\/semad\/?s={search_term_string}"},"query-input":"required name=search_term_string"}],"inLanguage":"pt-BR"},{"@type":"Organization","@id":"https:\/\/www.manaus.am.gov.br\/semad\/#organization","name":"Prefeitura Municipal de Manaus","alternateName":"Prefeitura de Manaus","url":"https:\/\/www.manaus.am.gov.br\/semad\/","logo":{"@type":"ImageObject","inLanguage":"pt-BR","@id":"https:\/\/www.manaus.am.gov.br\/semad\/#\/schema\/logo\/image\/","url":"https:\/\/www.manaus.am.gov.br\/semad\/wp-content\/uploads\/sites\/21\/2024\/07\/favicon.png","contentUrl":"https:\/\/www.manaus.am.gov.br\/semad\/wp-content\/uploads\/sites\/21\/2024\/07\/favicon.png","width":300,"height":300,"caption":"Prefeitura Municipal de Manaus"},"image":{"@id":"https:\/\/www.manaus.am.gov.br\/semad\/#\/schema\/logo\/image\/"}},{"@type":"Person","@id":"https:\/\/www.manaus.am.gov.br\/semad\/#\/schema\/person\/a5ee5376db6e21af026374b369f30882","name":"Thiago Fernando","image":{"@type":"ImageObject","inLanguage":"pt-BR","@id":"https:\/\/www.manaus.am.gov.br\/semad\/#\/schema\/person\/image\/","url":"https:\/\/secure.gravatar.com\/avatar\/f5aab8722444041451501c077052ac07?s=96&d=mm&r=g","contentUrl":"https:\/\/secure.gravatar.com\/avatar\/f5aab8722444041451501c077052ac07?s=96&d=mm&r=g","caption":"Thiago Fernando"}}]}},"_links":{"self":[{"href":"https:\/\/www.manaus.am.gov.br\/semad\/wp-json\/wp\/v2\/posts\/1706"}],"collection":[{"href":"https:\/\/www.manaus.am.gov.br\/semad\/wp-json\/wp\/v2\/posts"}],"about":[{"href":"https:\/\/www.manaus.am.gov.br\/semad\/wp-json\/wp\/v2\/types\/post"}],"author":[{"embeddable":true,"href":"https:\/\/www.manaus.am.gov.br\/semad\/wp-json\/wp\/v2\/users\/57"}],"replies":[{"embeddable":true,"href":"https:\/\/www.manaus.am.gov.br\/semad\/wp-json\/wp\/v2\/comments?post=1706"}],"version-history":[{"count":1,"href":"https:\/\/www.manaus.am.gov.br\/semad\/wp-json\/wp\/v2\/posts\/1706\/revisions"}],"predecessor-version":[{"id":1707,"href":"https:\/\/www.manaus.am.gov.br\/semad\/wp-json\/wp\/v2\/posts\/1706\/revisions\/1707"}],"wp:featuredmedia":[{"embeddable":true,"href":"https:\/\/www.manaus.am.gov.br\/semad\/wp-json\/wp\/v2\/media\/1487"}],"wp:attachment":[{"href":"https:\/\/www.manaus.am.gov.br\/semad\/wp-json\/wp\/v2\/media?parent=1706"}],"wp:term":[{"taxonomy":"category","embeddable":true,"href":"https:\/\/www.manaus.am.gov.br\/semad\/wp-json\/wp\/v2\/categories?post=1706"},{"taxonomy":"post_tag","embeddable":true,"href":"https:\/\/www.manaus.am.gov.br\/semad\/wp-json\/wp\/v2\/tags?post=1706"}],"curies":[{"name":"wp","href":"https:\/\/api.w.org\/{rel}","templated":true}]}}