{"id":1696,"date":"2025-01-05T13:26:55","date_gmt":"2025-01-05T17:26:55","guid":{"rendered":"https:\/\/www.manaus.am.gov.br\/semad\/sem-categoria\/prazo-entrega-documentos\/"},"modified":"2025-01-05T13:26:55","modified_gmt":"2025-01-05T17:26:55","slug":"prazo-entrega-documentos","status":"publish","type":"post","link":"https:\/\/www.manaus.am.gov.br\/semad\/nota\/prazo-entrega-documentos\/","title":{"rendered":"Prefeitura de Manaus alerta classificados no Bolsa Universidade 2025 para prazo de entrega de documentos"},"content":{"rendered":"\n<p>A Prefeitura de Manaus orienta os candidatos classificados no processo seletivo do Programa Bolsa Universidade (PBU) 2025, para a entrega da documenta\u00e7\u00e3o exigida na Institui\u00e7\u00e3o de Ensino Superior (IES), para a qual tenham sido contemplados com bolsa de estudos. O prazo para o procedimento, previsto no edital n\u00ba 002\/2024, publicado na edi\u00e7\u00e3o n\u00ba 5.961, do Di\u00e1rio Oficial do Munic\u00edpio (DOM) de 3\/12\/24, inicia nesta segunda-feira, 6\/1, com t\u00e9rmino no dia 10.<\/p>\n\n\n\n<p>A entrega da documenta\u00e7\u00e3o dever\u00e1 ser presencial, no hor\u00e1rio das 8h \u00e0s 15h. O candidato dever\u00e1 apresentar a documenta\u00e7\u00e3o \u2013 original e c\u00f3pia \u2013, para fins de comprova\u00e7\u00e3o das informa\u00e7\u00f5es prestadas em sua inscri\u00e7\u00e3o. Haver\u00e1 atendimento preferencial para Pessoas com Defici\u00eancia (PcDs), idosos e gestantes, nos termos da legisla\u00e7\u00e3o pertinente. N\u00e3o ser\u00e3o admitidas c\u00f3pias ileg\u00edveis.<\/p>\n\n\n\n<p>O candidato classificado que deixar de entregar quaisquer dos documentos exigidos ser\u00e1 automaticamente eliminado, n\u00e3o sendo admitida entrega de documentos fora do prazo estipulado.<\/p>\n\n\n\n<p>Ap\u00f3s essa etapa, a Escola de Servi\u00e7o P\u00fablico Municipal e Inclus\u00e3o Socioeducacional (Espi), \u00f3rg\u00e3o vinculado \u00e0 Secretaria Municipal de Administra\u00e7\u00e3o, Planejamento e Gest\u00e3o (Semad), coordenadora do PBU, far\u00e1 a an\u00e1lise da documenta\u00e7\u00e3o para fins de compara\u00e7\u00e3o de sua completude e compatibilidade com as informa\u00e7\u00f5es prestadas pelo candidato ao sistema, quando da sua inscri\u00e7\u00e3o eletr\u00f4nica.<\/p>\n\n\n\n<p>Os candidatos, cujas documenta\u00e7\u00f5es estejam de acordo com o exigido no edital, receber\u00e3o o encaminhamento de matr\u00edcula para ades\u00e3o ao benef\u00edcio, respeitando os procedimentos e prazos de matr\u00edcula das IES.<\/p>\n\n\n\n<p>&#8212; &#8212; &#8212;<br><strong>Texto<\/strong> \u2013 Sandra Monteiro \/ Semad-Espi<\/p>\n","protected":false},"excerpt":{"rendered":"","protected":false},"author":68,"featured_media":1487,"comment_status":"closed","ping_status":"closed","sticky":false,"template":"","format":"standard","meta":{"footnotes":""},"categories":[26],"tags":[197,342,299,9],"acf":[],"yoast_head":"<!-- This site is optimized with the Yoast SEO plugin v23.0 - https:\/\/yoast.com\/wordpress\/plugins\/seo\/ -->\n<title>Prefeitura de Manaus alerta classificados no Bolsa Universidade 2025 para prazo de entrega de documentos<\/title>\n<meta name=\"description\" content=\"A Prefeitura de Manaus orienta os candidatos classificados no processo seletivo do Programa Bolsa Universidade (PBU) 2025, para a entrega da documenta\u00e7\u00e3o exigida na Institui\u00e7\u00e3o de Ensino Superior (IES), para a qual tenham sido contemplados com bolsa de estudos.\" \/>\n<meta name=\"robots\" content=\"noindex, follow\" \/>\n<meta property=\"og:locale\" content=\"pt_BR\" \/>\n<meta property=\"og:type\" content=\"article\" \/>\n<meta property=\"og:title\" content=\"Prefeitura de Manaus alerta classificados no Bolsa Universidade 2025 para prazo de entrega de documentos\" \/>\n<meta property=\"og:description\" content=\"A Prefeitura de Manaus orienta os candidatos classificados no processo seletivo do Programa Bolsa Universidade (PBU) 2025, para a entrega da documenta\u00e7\u00e3o exigida na Institui\u00e7\u00e3o de Ensino Superior (IES), para a qual tenham sido contemplados com bolsa de estudos.\" \/>\n<meta property=\"og:url\" content=\"https:\/\/www.manaus.am.gov.br\/semad\/nota\/prazo-entrega-documentos\/\" \/>\n<meta property=\"og:site_name\" content=\"SEMAD\" \/>\n<meta property=\"article:published_time\" content=\"2025-01-05T17:26:55+00:00\" \/>\n<meta property=\"og:image\" content=\"https:\/\/www.manaus.am.gov.br\/semad\/wp-content\/uploads\/sites\/21\/2024\/07\/BANNER-NOTA.png\" \/>\n\t<meta property=\"og:image:width\" content=\"900\" \/>\n\t<meta property=\"og:image:height\" content=\"509\" \/>\n\t<meta property=\"og:image:type\" content=\"image\/png\" \/>\n<meta name=\"author\" content=\"bvalente\" \/>\n<meta name=\"twitter:card\" content=\"summary_large_image\" \/>\n<meta name=\"twitter:label1\" content=\"Written by\" \/>\n\t<meta name=\"twitter:data1\" content=\"bvalente\" \/>\n\t<meta name=\"twitter:label2\" content=\"Est. reading time\" \/>\n\t<meta name=\"twitter:data2\" content=\"2 minutos\" \/>\n<script type=\"application\/ld+json\" class=\"yoast-schema-graph\">{\"@context\":\"https:\/\/schema.org\",\"@graph\":[{\"@type\":\"Article\",\"@id\":\"https:\/\/www.manaus.am.gov.br\/semad\/nota\/prazo-entrega-documentos\/#article\",\"isPartOf\":{\"@id\":\"https:\/\/www.manaus.am.gov.br\/semad\/nota\/prazo-entrega-documentos\/\"},\"author\":{\"name\":\"bvalente\",\"@id\":\"https:\/\/www.manaus.am.gov.br\/semad\/#\/schema\/person\/466a0e03ae4b6062809046bd560ac955\"},\"headline\":\"Prefeitura de Manaus alerta classificados no Bolsa Universidade 2025 para prazo de entrega de documentos\",\"datePublished\":\"2025-01-05T17:26:55+00:00\",\"dateModified\":\"2025-01-05T17:26:55+00:00\",\"mainEntityOfPage\":{\"@id\":\"https:\/\/www.manaus.am.gov.br\/semad\/nota\/prazo-entrega-documentos\/\"},\"wordCount\":285,\"publisher\":{\"@id\":\"https:\/\/www.manaus.am.gov.br\/semad\/#organization\"},\"image\":{\"@id\":\"https:\/\/www.manaus.am.gov.br\/semad\/nota\/prazo-entrega-documentos\/#primaryimage\"},\"thumbnailUrl\":\"https:\/\/www.manaus.am.gov.br\/semad\/wp-content\/uploads\/sites\/21\/2024\/07\/BANNER-NOTA.png\",\"keywords\":[\"bolsa universidade\",\"entrega de documenta\u00e7\u00e3o\",\"prazo para entrega de documenta\u00e7\u00e3o\",\"prefeitura de manaus\"],\"articleSection\":[\"Nota\"],\"inLanguage\":\"pt-BR\"},{\"@type\":\"WebPage\",\"@id\":\"https:\/\/www.manaus.am.gov.br\/semad\/nota\/prazo-entrega-documentos\/\",\"url\":\"https:\/\/www.manaus.am.gov.br\/semad\/nota\/prazo-entrega-documentos\/\",\"name\":\"Prefeitura de Manaus alerta classificados no Bolsa Universidade 2025 para prazo de entrega de documentos\",\"isPartOf\":{\"@id\":\"https:\/\/www.manaus.am.gov.br\/semad\/#website\"},\"primaryImageOfPage\":{\"@id\":\"https:\/\/www.manaus.am.gov.br\/semad\/nota\/prazo-entrega-documentos\/#primaryimage\"},\"image\":{\"@id\":\"https:\/\/www.manaus.am.gov.br\/semad\/nota\/prazo-entrega-documentos\/#primaryimage\"},\"thumbnailUrl\":\"https:\/\/www.manaus.am.gov.br\/semad\/wp-content\/uploads\/sites\/21\/2024\/07\/BANNER-NOTA.png\",\"datePublished\":\"2025-01-05T17:26:55+00:00\",\"dateModified\":\"2025-01-05T17:26:55+00:00\",\"description\":\"A Prefeitura de Manaus orienta os candidatos classificados no processo seletivo do Programa Bolsa Universidade (PBU) 2025, para a entrega da documenta\u00e7\u00e3o exigida na Institui\u00e7\u00e3o de Ensino Superior (IES), para a qual tenham sido contemplados com bolsa de estudos.\",\"breadcrumb\":{\"@id\":\"https:\/\/www.manaus.am.gov.br\/semad\/nota\/prazo-entrega-documentos\/#breadcrumb\"},\"inLanguage\":\"pt-BR\",\"potentialAction\":[{\"@type\":\"ReadAction\",\"target\":[\"https:\/\/www.manaus.am.gov.br\/semad\/nota\/prazo-entrega-documentos\/\"]}]},{\"@type\":\"ImageObject\",\"inLanguage\":\"pt-BR\",\"@id\":\"https:\/\/www.manaus.am.gov.br\/semad\/nota\/prazo-entrega-documentos\/#primaryimage\",\"url\":\"https:\/\/www.manaus.am.gov.br\/semad\/wp-content\/uploads\/sites\/21\/2024\/07\/BANNER-NOTA.png\",\"contentUrl\":\"https:\/\/www.manaus.am.gov.br\/semad\/wp-content\/uploads\/sites\/21\/2024\/07\/BANNER-NOTA.png\",\"width\":900,\"height\":509},{\"@type\":\"BreadcrumbList\",\"@id\":\"https:\/\/www.manaus.am.gov.br\/semad\/nota\/prazo-entrega-documentos\/#breadcrumb\",\"itemListElement\":[{\"@type\":\"ListItem\",\"position\":1,\"name\":\"Home\",\"item\":\"https:\/\/www.manaus.am.gov.br\/semad\/\"},{\"@type\":\"ListItem\",\"position\":2,\"name\":\"Prefeitura de Manaus alerta classificados no Bolsa Universidade 2025 para prazo de entrega de documentos\"}]},{\"@type\":\"WebSite\",\"@id\":\"https:\/\/www.manaus.am.gov.br\/semad\/#website\",\"url\":\"https:\/\/www.manaus.am.gov.br\/semad\/\",\"name\":\"SEMAD\",\"description\":\"Prefeitura de Manaus\",\"publisher\":{\"@id\":\"https:\/\/www.manaus.am.gov.br\/semad\/#organization\"},\"alternateName\":\"Secretaria Municipal de Administra\u00e7\u00e3o, Planejamento e Gest\u00e3o\",\"potentialAction\":[{\"@type\":\"SearchAction\",\"target\":{\"@type\":\"EntryPoint\",\"urlTemplate\":\"https:\/\/www.manaus.am.gov.br\/semad\/?s={search_term_string}\"},\"query-input\":\"required name=search_term_string\"}],\"inLanguage\":\"pt-BR\"},{\"@type\":\"Organization\",\"@id\":\"https:\/\/www.manaus.am.gov.br\/semad\/#organization\",\"name\":\"Prefeitura Municipal de Manaus\",\"alternateName\":\"Prefeitura de Manaus\",\"url\":\"https:\/\/www.manaus.am.gov.br\/semad\/\",\"logo\":{\"@type\":\"ImageObject\",\"inLanguage\":\"pt-BR\",\"@id\":\"https:\/\/www.manaus.am.gov.br\/semad\/#\/schema\/logo\/image\/\",\"url\":\"https:\/\/www.manaus.am.gov.br\/semad\/wp-content\/uploads\/sites\/21\/2024\/07\/favicon.png\",\"contentUrl\":\"https:\/\/www.manaus.am.gov.br\/semad\/wp-content\/uploads\/sites\/21\/2024\/07\/favicon.png\",\"width\":300,\"height\":300,\"caption\":\"Prefeitura Municipal de Manaus\"},\"image\":{\"@id\":\"https:\/\/www.manaus.am.gov.br\/semad\/#\/schema\/logo\/image\/\"}},{\"@type\":\"Person\",\"@id\":\"https:\/\/www.manaus.am.gov.br\/semad\/#\/schema\/person\/466a0e03ae4b6062809046bd560ac955\",\"name\":\"bvalente\",\"image\":{\"@type\":\"ImageObject\",\"inLanguage\":\"pt-BR\",\"@id\":\"https:\/\/www.manaus.am.gov.br\/semad\/#\/schema\/person\/image\/\",\"url\":\"https:\/\/secure.gravatar.com\/avatar\/3e69bc2b014bdad41adfec3a39de07d2?s=96&d=mm&r=g\",\"contentUrl\":\"https:\/\/secure.gravatar.com\/avatar\/3e69bc2b014bdad41adfec3a39de07d2?s=96&d=mm&r=g\",\"caption\":\"bvalente\"}}]}<\/script>\n<!-- \/ Yoast SEO plugin. -->","yoast_head_json":{"title":"Prefeitura de Manaus alerta classificados no Bolsa Universidade 2025 para prazo de entrega de documentos","description":"A Prefeitura de Manaus orienta os candidatos classificados no processo seletivo do Programa Bolsa Universidade (PBU) 2025, para a entrega da documenta\u00e7\u00e3o exigida na Institui\u00e7\u00e3o de Ensino Superior (IES), para a qual tenham sido contemplados com bolsa de estudos.","robots":{"index":"noindex","follow":"follow"},"og_locale":"pt_BR","og_type":"article","og_title":"Prefeitura de Manaus alerta classificados no Bolsa Universidade 2025 para prazo de entrega de documentos","og_description":"A Prefeitura de Manaus orienta os candidatos classificados no processo seletivo do Programa Bolsa Universidade (PBU) 2025, para a entrega da documenta\u00e7\u00e3o exigida na Institui\u00e7\u00e3o de Ensino Superior (IES), para a qual tenham sido contemplados com bolsa de estudos.","og_url":"https:\/\/www.manaus.am.gov.br\/semad\/nota\/prazo-entrega-documentos\/","og_site_name":"SEMAD","article_published_time":"2025-01-05T17:26:55+00:00","og_image":[{"width":900,"height":509,"url":"https:\/\/www.manaus.am.gov.br\/semad\/wp-content\/uploads\/sites\/21\/2024\/07\/BANNER-NOTA.png","type":"image\/png"}],"author":"bvalente","twitter_card":"summary_large_image","twitter_misc":{"Written by":"bvalente","Est. reading time":"2 minutos"},"schema":{"@context":"https:\/\/schema.org","@graph":[{"@type":"Article","@id":"https:\/\/www.manaus.am.gov.br\/semad\/nota\/prazo-entrega-documentos\/#article","isPartOf":{"@id":"https:\/\/www.manaus.am.gov.br\/semad\/nota\/prazo-entrega-documentos\/"},"author":{"name":"bvalente","@id":"https:\/\/www.manaus.am.gov.br\/semad\/#\/schema\/person\/466a0e03ae4b6062809046bd560ac955"},"headline":"Prefeitura de Manaus alerta classificados no Bolsa Universidade 2025 para prazo de entrega de documentos","datePublished":"2025-01-05T17:26:55+00:00","dateModified":"2025-01-05T17:26:55+00:00","mainEntityOfPage":{"@id":"https:\/\/www.manaus.am.gov.br\/semad\/nota\/prazo-entrega-documentos\/"},"wordCount":285,"publisher":{"@id":"https:\/\/www.manaus.am.gov.br\/semad\/#organization"},"image":{"@id":"https:\/\/www.manaus.am.gov.br\/semad\/nota\/prazo-entrega-documentos\/#primaryimage"},"thumbnailUrl":"https:\/\/www.manaus.am.gov.br\/semad\/wp-content\/uploads\/sites\/21\/2024\/07\/BANNER-NOTA.png","keywords":["bolsa universidade","entrega de documenta\u00e7\u00e3o","prazo para entrega de documenta\u00e7\u00e3o","prefeitura de manaus"],"articleSection":["Nota"],"inLanguage":"pt-BR"},{"@type":"WebPage","@id":"https:\/\/www.manaus.am.gov.br\/semad\/nota\/prazo-entrega-documentos\/","url":"https:\/\/www.manaus.am.gov.br\/semad\/nota\/prazo-entrega-documentos\/","name":"Prefeitura de Manaus alerta classificados no Bolsa Universidade 2025 para prazo de entrega de documentos","isPartOf":{"@id":"https:\/\/www.manaus.am.gov.br\/semad\/#website"},"primaryImageOfPage":{"@id":"https:\/\/www.manaus.am.gov.br\/semad\/nota\/prazo-entrega-documentos\/#primaryimage"},"image":{"@id":"https:\/\/www.manaus.am.gov.br\/semad\/nota\/prazo-entrega-documentos\/#primaryimage"},"thumbnailUrl":"https:\/\/www.manaus.am.gov.br\/semad\/wp-content\/uploads\/sites\/21\/2024\/07\/BANNER-NOTA.png","datePublished":"2025-01-05T17:26:55+00:00","dateModified":"2025-01-05T17:26:55+00:00","description":"A Prefeitura de Manaus orienta os candidatos classificados no processo seletivo do Programa Bolsa Universidade (PBU) 2025, para a entrega da documenta\u00e7\u00e3o exigida na Institui\u00e7\u00e3o de Ensino Superior (IES), para a qual tenham sido contemplados com bolsa de estudos.","breadcrumb":{"@id":"https:\/\/www.manaus.am.gov.br\/semad\/nota\/prazo-entrega-documentos\/#breadcrumb"},"inLanguage":"pt-BR","potentialAction":[{"@type":"ReadAction","target":["https:\/\/www.manaus.am.gov.br\/semad\/nota\/prazo-entrega-documentos\/"]}]},{"@type":"ImageObject","inLanguage":"pt-BR","@id":"https:\/\/www.manaus.am.gov.br\/semad\/nota\/prazo-entrega-documentos\/#primaryimage","url":"https:\/\/www.manaus.am.gov.br\/semad\/wp-content\/uploads\/sites\/21\/2024\/07\/BANNER-NOTA.png","contentUrl":"https:\/\/www.manaus.am.gov.br\/semad\/wp-content\/uploads\/sites\/21\/2024\/07\/BANNER-NOTA.png","width":900,"height":509},{"@type":"BreadcrumbList","@id":"https:\/\/www.manaus.am.gov.br\/semad\/nota\/prazo-entrega-documentos\/#breadcrumb","itemListElement":[{"@type":"ListItem","position":1,"name":"Home","item":"https:\/\/www.manaus.am.gov.br\/semad\/"},{"@type":"ListItem","position":2,"name":"Prefeitura de Manaus alerta classificados no Bolsa Universidade 2025 para prazo de entrega de documentos"}]},{"@type":"WebSite","@id":"https:\/\/www.manaus.am.gov.br\/semad\/#website","url":"https:\/\/www.manaus.am.gov.br\/semad\/","name":"SEMAD","description":"Prefeitura de Manaus","publisher":{"@id":"https:\/\/www.manaus.am.gov.br\/semad\/#organization"},"alternateName":"Secretaria Municipal de Administra\u00e7\u00e3o, Planejamento e Gest\u00e3o","potentialAction":[{"@type":"SearchAction","target":{"@type":"EntryPoint","urlTemplate":"https:\/\/www.manaus.am.gov.br\/semad\/?s={search_term_string}"},"query-input":"required name=search_term_string"}],"inLanguage":"pt-BR"},{"@type":"Organization","@id":"https:\/\/www.manaus.am.gov.br\/semad\/#organization","name":"Prefeitura Municipal de Manaus","alternateName":"Prefeitura de Manaus","url":"https:\/\/www.manaus.am.gov.br\/semad\/","logo":{"@type":"ImageObject","inLanguage":"pt-BR","@id":"https:\/\/www.manaus.am.gov.br\/semad\/#\/schema\/logo\/image\/","url":"https:\/\/www.manaus.am.gov.br\/semad\/wp-content\/uploads\/sites\/21\/2024\/07\/favicon.png","contentUrl":"https:\/\/www.manaus.am.gov.br\/semad\/wp-content\/uploads\/sites\/21\/2024\/07\/favicon.png","width":300,"height":300,"caption":"Prefeitura Municipal de Manaus"},"image":{"@id":"https:\/\/www.manaus.am.gov.br\/semad\/#\/schema\/logo\/image\/"}},{"@type":"Person","@id":"https:\/\/www.manaus.am.gov.br\/semad\/#\/schema\/person\/466a0e03ae4b6062809046bd560ac955","name":"bvalente","image":{"@type":"ImageObject","inLanguage":"pt-BR","@id":"https:\/\/www.manaus.am.gov.br\/semad\/#\/schema\/person\/image\/","url":"https:\/\/secure.gravatar.com\/avatar\/3e69bc2b014bdad41adfec3a39de07d2?s=96&d=mm&r=g","contentUrl":"https:\/\/secure.gravatar.com\/avatar\/3e69bc2b014bdad41adfec3a39de07d2?s=96&d=mm&r=g","caption":"bvalente"}}]}},"_links":{"self":[{"href":"https:\/\/www.manaus.am.gov.br\/semad\/wp-json\/wp\/v2\/posts\/1696"}],"collection":[{"href":"https:\/\/www.manaus.am.gov.br\/semad\/wp-json\/wp\/v2\/posts"}],"about":[{"href":"https:\/\/www.manaus.am.gov.br\/semad\/wp-json\/wp\/v2\/types\/post"}],"author":[{"embeddable":true,"href":"https:\/\/www.manaus.am.gov.br\/semad\/wp-json\/wp\/v2\/users\/68"}],"replies":[{"embeddable":true,"href":"https:\/\/www.manaus.am.gov.br\/semad\/wp-json\/wp\/v2\/comments?post=1696"}],"version-history":[{"count":0,"href":"https:\/\/www.manaus.am.gov.br\/semad\/wp-json\/wp\/v2\/posts\/1696\/revisions"}],"wp:featuredmedia":[{"embeddable":true,"href":"https:\/\/www.manaus.am.gov.br\/semad\/wp-json\/wp\/v2\/media\/1487"}],"wp:attachment":[{"href":"https:\/\/www.manaus.am.gov.br\/semad\/wp-json\/wp\/v2\/media?parent=1696"}],"wp:term":[{"taxonomy":"category","embeddable":true,"href":"https:\/\/www.manaus.am.gov.br\/semad\/wp-json\/wp\/v2\/categories?post=1696"},{"taxonomy":"post_tag","embeddable":true,"href":"https:\/\/www.manaus.am.gov.br\/semad\/wp-json\/wp\/v2\/tags?post=1696"}],"curies":[{"name":"wp","href":"https:\/\/api.w.org\/{rel}","templated":true}]}}