{"id":1693,"date":"2024-12-30T13:11:25","date_gmt":"2024-12-30T17:11:25","guid":{"rendered":"https:\/\/www.manaus.am.gov.br\/semad\/sem-categoria\/atendimento-manausmed-realizado-hapvida\/"},"modified":"2024-12-30T13:11:27","modified_gmt":"2024-12-30T17:11:27","slug":"atendimento-manausmed-realizado-hapvida","status":"publish","type":"post","link":"https:\/\/www.manaus.am.gov.br\/semad\/nota\/atendimento-manausmed-realizado-hapvida\/","title":{"rendered":"Prefeitura informa que atendimento do Manausmed passa a ser realizado pela Hapvida NotreDame Interm\u00e9dica"},"content":{"rendered":"\n<p>A Prefeitura de Manaus, por meio do Servi\u00e7o de Assist\u00eancia \u00e0 Sa\u00fade dos Servidores P\u00fablicos de Manaus (Manausmed), \u00f3rg\u00e3o vinculado \u00e0 Secretaria Municipal de Administra\u00e7\u00e3o, Planejamento e Gest\u00e3o (Semad), informa que, a partir de quarta-feira, 1\u00ba\/1\/2025, o atendimento do Manausmed ser\u00e1 realizado exclusivamente pela rede Hapvida NotreDame Interm\u00e9dica.&nbsp;<\/p>\n\n\n\n<p>Os usu\u00e1rios do servi\u00e7o de assist\u00eancia \u00e0 sa\u00fade \u2013 Manausmed, passar\u00e3o a dispor, por meio do plano Hapvida, de assist\u00eancia \u00e0 sa\u00fade m\u00e9dica e odontol\u00f3gica, que inclui: cl\u00ednicas, hospitais, prontos atendimentos, centros de diagn\u00f3sticos e programas de Medicina Preventiva, dentro da rede do plano.\u00a0<\/p>\n\n\n\n<p>Os segurados do Manausmed ter\u00e3o acesso a todos os cinco hospitais do plano, como tamb\u00e9m as duas unidades de Pronto Atendimento (PA), 11 cl\u00ednicas de apoio ao diagn\u00f3stico e duas unidades do programa de Medicina Preventiva. O plano tamb\u00e9m apresenta facilidades como: carteirinha digital, agendamento on-line, teleconsultas e identifica\u00e7\u00e3o biom\u00e9trica facial e digital.&nbsp;<\/p>\n\n\n\n<p><strong>Migra\u00e7\u00e3o para o Hapvida<\/strong><\/p>\n\n\n\n<p>A migra\u00e7\u00e3o ser\u00e1 realizada automaticamente. Aqueles que n\u00e3o desejarem continuar devem cancelar o plano e estar\u00e3o sem cobertura ou poder\u00e3o optar por um novo plano de sua prefer\u00eancia. Inicialmente, ser\u00e3o migrados os servidores, seguidos pelos dependentes.<\/p>\n\n\n\n<p><strong>Cadastro dos dependentes<\/strong><\/p>\n\n\n\n<p>Mesmo que os dependentes n\u00e3o estejam imediatamente cadastrados no aplicativo do Hapvida, poder\u00e3o ser atendidos, pois os dados est\u00e3o sendo enviados do Manausmed para o Hapvida.<\/p>\n\n\n\n<p><strong>Descontos e regras de dependentes<\/strong><\/p>\n\n\n\n<p>O desconto do plano continuar\u00e1 sendo o mesmo e ser\u00e1 realizado no contracheque.<\/p>\n\n\n\n<p>As regras de inclus\u00e3o de dependentes permanecem, conforme o Art. 5\u00b0 do Decreto N\u00b0 5.657\/2023:&nbsp;<\/p>\n\n\n\n<p>Filhos ou menores tutelados: at\u00e9 18 anos e maiores inv\u00e1lidos.&nbsp;<\/p>\n\n\n\n<p>C\u00f4njuges: se estiverem desempregados ou com renda at\u00e9 um sal\u00e1rio m\u00ednimo.<\/p>\n\n\n\n<p><strong>Agendamentos e atendimento de emerg\u00eancia<\/strong><\/p>\n\n\n\n<p>Consultas e exames dever\u00e3o ser agendados, exclusivamente, pelo aplicativo do Hapvida.<\/p>\n\n\n\n<p>Atendimentos de emerg\u00eancia: At\u00e9 31\/12, seguir\u00e3o sendo realizados nos hospitais atualmente conveniados. A partir de 1\u00ba\/1\/2025, todos os atendimentos ser\u00e3o realizados, exclusivamente, pela rede Hapvida.<\/p>\n\n\n\n<p>Para mais informa\u00e7\u00f5es, os usu\u00e1rios podem entrar em contato com o plano, por meio dos seguintes contatos:&nbsp;<\/p>\n\n\n\n<p>Consultas e exames: 4002-3633 ou 0300-313-3633.&nbsp;<\/p>\n\n\n\n<p>SAC 24h: 0800-280-9130.&nbsp;<\/p>\n\n\n\n<p>Ouvidoria: 4020-9091.&nbsp;<\/p>\n\n\n\n<p>&#8212; &#8212; &#8212;<\/p>\n\n\n\n<p><strong>Texto&nbsp;<\/strong>&#8211; Divulga\u00e7\u00e3o\/Manausmed&nbsp;<\/p>\n","protected":false},"excerpt":{"rendered":"","protected":false},"author":39,"featured_media":1487,"comment_status":"closed","ping_status":"closed","sticky":false,"template":"","format":"standard","meta":{"footnotes":""},"categories":[26],"tags":[457,458,459,9,11],"acf":[],"yoast_head":"<!-- This site is optimized with the Yoast SEO plugin v23.0 - https:\/\/yoast.com\/wordpress\/plugins\/seo\/ -->\n<title>Atendimento do Manausmed ser\u00e1 realizado pela Hapvida<\/title>\n<meta name=\"description\" content=\"Prefeitura de Manaus informa que atendimento do Manausmed passa a ser realizado pela Hapvida NotreDame Interm\u00e9dica.\" \/>\n<meta name=\"robots\" content=\"noindex, follow\" \/>\n<meta property=\"og:locale\" content=\"pt_BR\" \/>\n<meta property=\"og:type\" content=\"article\" \/>\n<meta property=\"og:title\" content=\"Atendimento do Manausmed ser\u00e1 realizado pela Hapvida\" \/>\n<meta property=\"og:description\" content=\"Prefeitura de Manaus informa que atendimento do Manausmed passa a ser realizado pela Hapvida NotreDame Interm\u00e9dica.\" \/>\n<meta property=\"og:url\" content=\"https:\/\/www.manaus.am.gov.br\/semad\/nota\/atendimento-manausmed-realizado-hapvida\/\" \/>\n<meta property=\"og:site_name\" content=\"SEMAD\" \/>\n<meta property=\"article:published_time\" content=\"2024-12-30T17:11:25+00:00\" \/>\n<meta property=\"article:modified_time\" content=\"2024-12-30T17:11:27+00:00\" \/>\n<meta property=\"og:image\" content=\"https:\/\/www.manaus.am.gov.br\/semad\/wp-content\/uploads\/sites\/21\/2024\/07\/BANNER-NOTA.png\" \/>\n\t<meta property=\"og:image:width\" content=\"900\" \/>\n\t<meta property=\"og:image:height\" content=\"509\" \/>\n\t<meta property=\"og:image:type\" content=\"image\/png\" \/>\n<meta name=\"author\" content=\"Bruna Greco\" \/>\n<meta name=\"twitter:card\" content=\"summary_large_image\" \/>\n<meta name=\"twitter:label1\" content=\"Written by\" \/>\n\t<meta name=\"twitter:data1\" content=\"Bruna Greco\" \/>\n\t<meta name=\"twitter:label2\" content=\"Est. reading time\" \/>\n\t<meta name=\"twitter:data2\" content=\"3 minutos\" \/>\n<script type=\"application\/ld+json\" class=\"yoast-schema-graph\">{\"@context\":\"https:\/\/schema.org\",\"@graph\":[{\"@type\":\"Article\",\"@id\":\"https:\/\/www.manaus.am.gov.br\/semad\/nota\/atendimento-manausmed-realizado-hapvida\/#article\",\"isPartOf\":{\"@id\":\"https:\/\/www.manaus.am.gov.br\/semad\/nota\/atendimento-manausmed-realizado-hapvida\/\"},\"author\":{\"name\":\"Bruna Greco\",\"@id\":\"https:\/\/www.manaus.am.gov.br\/semad\/#\/schema\/person\/05d223aea2bf115f9883a6ff3683d81b\"},\"headline\":\"Prefeitura informa que atendimento do Manausmed passa a ser realizado pela Hapvida NotreDame Interm\u00e9dica\",\"datePublished\":\"2024-12-30T17:11:25+00:00\",\"dateModified\":\"2024-12-30T17:11:27+00:00\",\"mainEntityOfPage\":{\"@id\":\"https:\/\/www.manaus.am.gov.br\/semad\/nota\/atendimento-manausmed-realizado-hapvida\/\"},\"wordCount\":408,\"publisher\":{\"@id\":\"https:\/\/www.manaus.am.gov.br\/semad\/#organization\"},\"image\":{\"@id\":\"https:\/\/www.manaus.am.gov.br\/semad\/nota\/atendimento-manausmed-realizado-hapvida\/#primaryimage\"},\"thumbnailUrl\":\"https:\/\/www.manaus.am.gov.br\/semad\/wp-content\/uploads\/sites\/21\/2024\/07\/BANNER-NOTA.png\",\"keywords\":[\"atendimento do Manausmed\",\"Hapvida NotreDame Interm\u00e9dica\",\"Migra\u00e7\u00e3o para o Hapvida\",\"prefeitura de manaus\",\"Semad\"],\"articleSection\":[\"Nota\"],\"inLanguage\":\"pt-BR\"},{\"@type\":\"WebPage\",\"@id\":\"https:\/\/www.manaus.am.gov.br\/semad\/nota\/atendimento-manausmed-realizado-hapvida\/\",\"url\":\"https:\/\/www.manaus.am.gov.br\/semad\/nota\/atendimento-manausmed-realizado-hapvida\/\",\"name\":\"Atendimento do Manausmed ser\u00e1 realizado pela Hapvida\",\"isPartOf\":{\"@id\":\"https:\/\/www.manaus.am.gov.br\/semad\/#website\"},\"primaryImageOfPage\":{\"@id\":\"https:\/\/www.manaus.am.gov.br\/semad\/nota\/atendimento-manausmed-realizado-hapvida\/#primaryimage\"},\"image\":{\"@id\":\"https:\/\/www.manaus.am.gov.br\/semad\/nota\/atendimento-manausmed-realizado-hapvida\/#primaryimage\"},\"thumbnailUrl\":\"https:\/\/www.manaus.am.gov.br\/semad\/wp-content\/uploads\/sites\/21\/2024\/07\/BANNER-NOTA.png\",\"datePublished\":\"2024-12-30T17:11:25+00:00\",\"dateModified\":\"2024-12-30T17:11:27+00:00\",\"description\":\"Prefeitura de Manaus informa que atendimento do Manausmed passa a ser realizado pela Hapvida NotreDame Interm\u00e9dica.\",\"breadcrumb\":{\"@id\":\"https:\/\/www.manaus.am.gov.br\/semad\/nota\/atendimento-manausmed-realizado-hapvida\/#breadcrumb\"},\"inLanguage\":\"pt-BR\",\"potentialAction\":[{\"@type\":\"ReadAction\",\"target\":[\"https:\/\/www.manaus.am.gov.br\/semad\/nota\/atendimento-manausmed-realizado-hapvida\/\"]}]},{\"@type\":\"ImageObject\",\"inLanguage\":\"pt-BR\",\"@id\":\"https:\/\/www.manaus.am.gov.br\/semad\/nota\/atendimento-manausmed-realizado-hapvida\/#primaryimage\",\"url\":\"https:\/\/www.manaus.am.gov.br\/semad\/wp-content\/uploads\/sites\/21\/2024\/07\/BANNER-NOTA.png\",\"contentUrl\":\"https:\/\/www.manaus.am.gov.br\/semad\/wp-content\/uploads\/sites\/21\/2024\/07\/BANNER-NOTA.png\",\"width\":900,\"height\":509},{\"@type\":\"BreadcrumbList\",\"@id\":\"https:\/\/www.manaus.am.gov.br\/semad\/nota\/atendimento-manausmed-realizado-hapvida\/#breadcrumb\",\"itemListElement\":[{\"@type\":\"ListItem\",\"position\":1,\"name\":\"Home\",\"item\":\"https:\/\/www.manaus.am.gov.br\/semad\/\"},{\"@type\":\"ListItem\",\"position\":2,\"name\":\"Prefeitura informa que atendimento do Manausmed passa a ser realizado pela Hapvida NotreDame Interm\u00e9dica\"}]},{\"@type\":\"WebSite\",\"@id\":\"https:\/\/www.manaus.am.gov.br\/semad\/#website\",\"url\":\"https:\/\/www.manaus.am.gov.br\/semad\/\",\"name\":\"SEMAD\",\"description\":\"Prefeitura de Manaus\",\"publisher\":{\"@id\":\"https:\/\/www.manaus.am.gov.br\/semad\/#organization\"},\"alternateName\":\"Secretaria Municipal de Administra\u00e7\u00e3o, Planejamento e Gest\u00e3o\",\"potentialAction\":[{\"@type\":\"SearchAction\",\"target\":{\"@type\":\"EntryPoint\",\"urlTemplate\":\"https:\/\/www.manaus.am.gov.br\/semad\/?s={search_term_string}\"},\"query-input\":\"required name=search_term_string\"}],\"inLanguage\":\"pt-BR\"},{\"@type\":\"Organization\",\"@id\":\"https:\/\/www.manaus.am.gov.br\/semad\/#organization\",\"name\":\"Prefeitura Municipal de Manaus\",\"alternateName\":\"Prefeitura de Manaus\",\"url\":\"https:\/\/www.manaus.am.gov.br\/semad\/\",\"logo\":{\"@type\":\"ImageObject\",\"inLanguage\":\"pt-BR\",\"@id\":\"https:\/\/www.manaus.am.gov.br\/semad\/#\/schema\/logo\/image\/\",\"url\":\"https:\/\/www.manaus.am.gov.br\/semad\/wp-content\/uploads\/sites\/21\/2024\/07\/favicon.png\",\"contentUrl\":\"https:\/\/www.manaus.am.gov.br\/semad\/wp-content\/uploads\/sites\/21\/2024\/07\/favicon.png\",\"width\":300,\"height\":300,\"caption\":\"Prefeitura Municipal de Manaus\"},\"image\":{\"@id\":\"https:\/\/www.manaus.am.gov.br\/semad\/#\/schema\/logo\/image\/\"}},{\"@type\":\"Person\",\"@id\":\"https:\/\/www.manaus.am.gov.br\/semad\/#\/schema\/person\/05d223aea2bf115f9883a6ff3683d81b\",\"name\":\"Bruna Greco\",\"image\":{\"@type\":\"ImageObject\",\"inLanguage\":\"pt-BR\",\"@id\":\"https:\/\/www.manaus.am.gov.br\/semad\/#\/schema\/person\/image\/\",\"url\":\"https:\/\/secure.gravatar.com\/avatar\/9c877d1a6adc2a055330e5c09a8653ce?s=96&d=mm&r=g\",\"contentUrl\":\"https:\/\/secure.gravatar.com\/avatar\/9c877d1a6adc2a055330e5c09a8653ce?s=96&d=mm&r=g\",\"caption\":\"Bruna Greco\"}}]}<\/script>\n<!-- \/ Yoast SEO plugin. -->","yoast_head_json":{"title":"Atendimento do Manausmed ser\u00e1 realizado pela Hapvida","description":"Prefeitura de Manaus informa que atendimento do Manausmed passa a ser realizado pela Hapvida NotreDame Interm\u00e9dica.","robots":{"index":"noindex","follow":"follow"},"og_locale":"pt_BR","og_type":"article","og_title":"Atendimento do Manausmed ser\u00e1 realizado pela Hapvida","og_description":"Prefeitura de Manaus informa que atendimento do Manausmed passa a ser realizado pela Hapvida NotreDame Interm\u00e9dica.","og_url":"https:\/\/www.manaus.am.gov.br\/semad\/nota\/atendimento-manausmed-realizado-hapvida\/","og_site_name":"SEMAD","article_published_time":"2024-12-30T17:11:25+00:00","article_modified_time":"2024-12-30T17:11:27+00:00","og_image":[{"width":900,"height":509,"url":"https:\/\/www.manaus.am.gov.br\/semad\/wp-content\/uploads\/sites\/21\/2024\/07\/BANNER-NOTA.png","type":"image\/png"}],"author":"Bruna Greco","twitter_card":"summary_large_image","twitter_misc":{"Written by":"Bruna Greco","Est. reading time":"3 minutos"},"schema":{"@context":"https:\/\/schema.org","@graph":[{"@type":"Article","@id":"https:\/\/www.manaus.am.gov.br\/semad\/nota\/atendimento-manausmed-realizado-hapvida\/#article","isPartOf":{"@id":"https:\/\/www.manaus.am.gov.br\/semad\/nota\/atendimento-manausmed-realizado-hapvida\/"},"author":{"name":"Bruna Greco","@id":"https:\/\/www.manaus.am.gov.br\/semad\/#\/schema\/person\/05d223aea2bf115f9883a6ff3683d81b"},"headline":"Prefeitura informa que atendimento do Manausmed passa a ser realizado pela Hapvida NotreDame Interm\u00e9dica","datePublished":"2024-12-30T17:11:25+00:00","dateModified":"2024-12-30T17:11:27+00:00","mainEntityOfPage":{"@id":"https:\/\/www.manaus.am.gov.br\/semad\/nota\/atendimento-manausmed-realizado-hapvida\/"},"wordCount":408,"publisher":{"@id":"https:\/\/www.manaus.am.gov.br\/semad\/#organization"},"image":{"@id":"https:\/\/www.manaus.am.gov.br\/semad\/nota\/atendimento-manausmed-realizado-hapvida\/#primaryimage"},"thumbnailUrl":"https:\/\/www.manaus.am.gov.br\/semad\/wp-content\/uploads\/sites\/21\/2024\/07\/BANNER-NOTA.png","keywords":["atendimento do Manausmed","Hapvida NotreDame Interm\u00e9dica","Migra\u00e7\u00e3o para o Hapvida","prefeitura de manaus","Semad"],"articleSection":["Nota"],"inLanguage":"pt-BR"},{"@type":"WebPage","@id":"https:\/\/www.manaus.am.gov.br\/semad\/nota\/atendimento-manausmed-realizado-hapvida\/","url":"https:\/\/www.manaus.am.gov.br\/semad\/nota\/atendimento-manausmed-realizado-hapvida\/","name":"Atendimento do Manausmed ser\u00e1 realizado pela Hapvida","isPartOf":{"@id":"https:\/\/www.manaus.am.gov.br\/semad\/#website"},"primaryImageOfPage":{"@id":"https:\/\/www.manaus.am.gov.br\/semad\/nota\/atendimento-manausmed-realizado-hapvida\/#primaryimage"},"image":{"@id":"https:\/\/www.manaus.am.gov.br\/semad\/nota\/atendimento-manausmed-realizado-hapvida\/#primaryimage"},"thumbnailUrl":"https:\/\/www.manaus.am.gov.br\/semad\/wp-content\/uploads\/sites\/21\/2024\/07\/BANNER-NOTA.png","datePublished":"2024-12-30T17:11:25+00:00","dateModified":"2024-12-30T17:11:27+00:00","description":"Prefeitura de Manaus informa que atendimento do Manausmed passa a ser realizado pela Hapvida NotreDame Interm\u00e9dica.","breadcrumb":{"@id":"https:\/\/www.manaus.am.gov.br\/semad\/nota\/atendimento-manausmed-realizado-hapvida\/#breadcrumb"},"inLanguage":"pt-BR","potentialAction":[{"@type":"ReadAction","target":["https:\/\/www.manaus.am.gov.br\/semad\/nota\/atendimento-manausmed-realizado-hapvida\/"]}]},{"@type":"ImageObject","inLanguage":"pt-BR","@id":"https:\/\/www.manaus.am.gov.br\/semad\/nota\/atendimento-manausmed-realizado-hapvida\/#primaryimage","url":"https:\/\/www.manaus.am.gov.br\/semad\/wp-content\/uploads\/sites\/21\/2024\/07\/BANNER-NOTA.png","contentUrl":"https:\/\/www.manaus.am.gov.br\/semad\/wp-content\/uploads\/sites\/21\/2024\/07\/BANNER-NOTA.png","width":900,"height":509},{"@type":"BreadcrumbList","@id":"https:\/\/www.manaus.am.gov.br\/semad\/nota\/atendimento-manausmed-realizado-hapvida\/#breadcrumb","itemListElement":[{"@type":"ListItem","position":1,"name":"Home","item":"https:\/\/www.manaus.am.gov.br\/semad\/"},{"@type":"ListItem","position":2,"name":"Prefeitura informa que atendimento do Manausmed passa a ser realizado pela Hapvida NotreDame Interm\u00e9dica"}]},{"@type":"WebSite","@id":"https:\/\/www.manaus.am.gov.br\/semad\/#website","url":"https:\/\/www.manaus.am.gov.br\/semad\/","name":"SEMAD","description":"Prefeitura de Manaus","publisher":{"@id":"https:\/\/www.manaus.am.gov.br\/semad\/#organization"},"alternateName":"Secretaria Municipal de Administra\u00e7\u00e3o, Planejamento e Gest\u00e3o","potentialAction":[{"@type":"SearchAction","target":{"@type":"EntryPoint","urlTemplate":"https:\/\/www.manaus.am.gov.br\/semad\/?s={search_term_string}"},"query-input":"required name=search_term_string"}],"inLanguage":"pt-BR"},{"@type":"Organization","@id":"https:\/\/www.manaus.am.gov.br\/semad\/#organization","name":"Prefeitura Municipal de Manaus","alternateName":"Prefeitura de Manaus","url":"https:\/\/www.manaus.am.gov.br\/semad\/","logo":{"@type":"ImageObject","inLanguage":"pt-BR","@id":"https:\/\/www.manaus.am.gov.br\/semad\/#\/schema\/logo\/image\/","url":"https:\/\/www.manaus.am.gov.br\/semad\/wp-content\/uploads\/sites\/21\/2024\/07\/favicon.png","contentUrl":"https:\/\/www.manaus.am.gov.br\/semad\/wp-content\/uploads\/sites\/21\/2024\/07\/favicon.png","width":300,"height":300,"caption":"Prefeitura Municipal de Manaus"},"image":{"@id":"https:\/\/www.manaus.am.gov.br\/semad\/#\/schema\/logo\/image\/"}},{"@type":"Person","@id":"https:\/\/www.manaus.am.gov.br\/semad\/#\/schema\/person\/05d223aea2bf115f9883a6ff3683d81b","name":"Bruna Greco","image":{"@type":"ImageObject","inLanguage":"pt-BR","@id":"https:\/\/www.manaus.am.gov.br\/semad\/#\/schema\/person\/image\/","url":"https:\/\/secure.gravatar.com\/avatar\/9c877d1a6adc2a055330e5c09a8653ce?s=96&d=mm&r=g","contentUrl":"https:\/\/secure.gravatar.com\/avatar\/9c877d1a6adc2a055330e5c09a8653ce?s=96&d=mm&r=g","caption":"Bruna Greco"}}]}},"_links":{"self":[{"href":"https:\/\/www.manaus.am.gov.br\/semad\/wp-json\/wp\/v2\/posts\/1693"}],"collection":[{"href":"https:\/\/www.manaus.am.gov.br\/semad\/wp-json\/wp\/v2\/posts"}],"about":[{"href":"https:\/\/www.manaus.am.gov.br\/semad\/wp-json\/wp\/v2\/types\/post"}],"author":[{"embeddable":true,"href":"https:\/\/www.manaus.am.gov.br\/semad\/wp-json\/wp\/v2\/users\/39"}],"replies":[{"embeddable":true,"href":"https:\/\/www.manaus.am.gov.br\/semad\/wp-json\/wp\/v2\/comments?post=1693"}],"version-history":[{"count":0,"href":"https:\/\/www.manaus.am.gov.br\/semad\/wp-json\/wp\/v2\/posts\/1693\/revisions"}],"wp:featuredmedia":[{"embeddable":true,"href":"https:\/\/www.manaus.am.gov.br\/semad\/wp-json\/wp\/v2\/media\/1487"}],"wp:attachment":[{"href":"https:\/\/www.manaus.am.gov.br\/semad\/wp-json\/wp\/v2\/media?parent=1693"}],"wp:term":[{"taxonomy":"category","embeddable":true,"href":"https:\/\/www.manaus.am.gov.br\/semad\/wp-json\/wp\/v2\/categories?post=1693"},{"taxonomy":"post_tag","embeddable":true,"href":"https:\/\/www.manaus.am.gov.br\/semad\/wp-json\/wp\/v2\/tags?post=1693"}],"curies":[{"name":"wp","href":"https:\/\/api.w.org\/{rel}","templated":true}]}}