{"id":1638,"date":"2024-12-07T11:38:19","date_gmt":"2024-12-07T15:38:19","guid":{"rendered":"https:\/\/www.manaus.am.gov.br\/semad\/sem-categoria\/inscricoes-bolsa-universidade\/"},"modified":"2024-12-07T11:59:05","modified_gmt":"2024-12-07T15:59:05","slug":"inscricoes-bolsa-universidade","status":"publish","type":"post","link":"https:\/\/www.manaus.am.gov.br\/semad\/socioinclusao\/inscricoes-bolsa-universidade\/","title":{"rendered":"Prefeitura de Manaus abre inscri\u00e7\u00f5es para o Programa Bolsa Universidade 2025 nesta segunda-feira"},"content":{"rendered":"\n<p>A Prefeitura de Manaus, por meio da Escola de Servi\u00e7o P\u00fablico e Inclus\u00e3o Socioeducacional (Espi), \u00f3rg\u00e3o vinculado \u00e0 Secretaria Municipal de Administra\u00e7\u00e3o, Planejamento e Gest\u00e3o (Semad), abre, \u00e0s 10h desta segunda-feira, 9\/12, as inscri\u00e7\u00f5es para o processo seletivo do Programa Bolsa Universidade (PBU) 2025. Para participar, os interessados devem acessar o link&nbsp; <a href=\"https:\/\/portalespi.manaus.am.gov.br\/\">https:\/\/portalespi.manaus.am.gov.br\/<\/a> . O prazo se encerrar\u00e1 \u00e0s 13h do dia 16\/12.<\/p>\n\n\n\n<p>As mais de 47 mil vagas est\u00e3o distribu\u00eddas nas modalidades de compensa\u00e7\u00e3o tribut\u00e1ria, com descontos de 100% (integral), 75% e 50% no valor da mensalidade, e volunt\u00e1ria (quando n\u00e3o h\u00e1 abatimento em d\u00e9bitos de impostos devidos), para 88 cursos de n\u00edvel superior, sendo 42 de bacharelado, dez de licenciatura e 36 tecn\u00f3logos.<\/p>\n\n\n\n<p>\u201cNossa orienta\u00e7\u00e3o \u00e9 que os candidatos leiam, com aten\u00e7\u00e3o, todo o edital, que tamb\u00e9m est\u00e1 dispon\u00edvel no Di\u00e1rio Oficial do Munic\u00edpio, do dia 3\/12, onde constam todas as informa\u00e7\u00f5es necess\u00e1rias para que n\u00e3o haja equ\u00edvocos na hora de fazer a inscri\u00e7\u00e3o. Esse \u00e9 nosso maior edital em n\u00famero de vagas. A gest\u00e3o do prefeito David Almeida est\u00e1 empenhada em criar, cada vez mais, oportunidades de acesso ao ensino superior para as pessoas menos favorecidas, de fam\u00edlias que n\u00e3o t\u00eam condi\u00e7\u00f5es de arcar com as mensalidades de uma faculdade particular\u201d, aponta o diretor-geral da Espi, Raimundo Pimentel Filho.<\/p>\n\n\n\n<p>Para concorrer, o candidato deve ter ensino m\u00e9dio completo ou equivalente (ou concluir at\u00e9 31\/12\/2024), n\u00e3o possuir diploma de curso superior e n\u00e3o estar matriculado em IES p\u00fablica. Tamb\u00e9m est\u00e3o exclu\u00eddos os benefici\u00e1rios de programas de gradua\u00e7\u00e3o mantidos pelo poder p\u00fablico ou pela iniciativa privada.<\/p>\n\n\n\n<p><strong>Retifica\u00e7\u00e3o<\/strong><\/p>\n\n\n\n<p>A Espi informa que foi necess\u00e1rio publicar no <a href=\"http:\/\/dom.manaus.am.gov.br\/pdf\/2024\/dezembro\/DOM%205964%2006.12.2024%20CAD%201.pdf\">DOM <\/a>da \u00faltima sexta-feira, 6\/12, uma retifica\u00e7\u00e3o nos Anexos 1 e 4 para a readequa\u00e7\u00e3o de informa\u00e7\u00f5es de algumas institui\u00e7\u00f5es, mas assegura que permanecem inalterados os demais itens, subitens e anexos do edital n\u00ba 02\/2024 \u2013 PBU.<\/p>\n\n\n\n<p>&#8212; &#8212; &#8212;<\/p>\n\n\n\n<p><strong>Texto<\/strong> \u2013 Sandra Monteiro \/ Semad-Espi<\/p>\n\n\n\n<p><strong>Foto<\/strong> \u2013 Ant\u00f4nio Pereira \/ Semcom<\/p>\n","protected":false},"excerpt":{"rendered":"","protected":false},"author":61,"featured_media":1639,"comment_status":"closed","ping_status":"closed","sticky":false,"template":"","format":"standard","meta":{"footnotes":""},"categories":[177],"tags":[188,28,126,9,442,11],"acf":[],"yoast_head":"<!-- This site is optimized with the Yoast SEO plugin v23.0 - https:\/\/yoast.com\/wordpress\/plugins\/seo\/ -->\n<title>Prefeitura de Manaus abre inscri\u00e7\u00f5es para o Programa Bolsa Universidade 2025 nesta segunda-feira<\/title>\n<meta name=\"description\" content=\"A Prefeitura de Manaus, por meio da Escola de Servi\u00e7o P\u00fablico e Inclus\u00e3o Socioeducacional (Espi), \u00f3rg\u00e3o vinculado \u00e0 Secretaria Municipal de Administra\u00e7\u00e3o, Planejamento e Gest\u00e3o (Semad), abre, \u00e0s 10h desta segunda-feira, 9\/12, as inscri\u00e7\u00f5es para o processo seletivo do Programa Bolsa Universidade (PBU) 2025.\" \/>\n<meta name=\"robots\" content=\"noindex, follow\" \/>\n<meta property=\"og:locale\" content=\"pt_BR\" \/>\n<meta property=\"og:type\" content=\"article\" \/>\n<meta property=\"og:title\" content=\"Prefeitura de Manaus abre inscri\u00e7\u00f5es para o Programa Bolsa Universidade 2025 nesta segunda-feira\" \/>\n<meta property=\"og:description\" content=\"A Prefeitura de Manaus, por meio da Escola de Servi\u00e7o P\u00fablico e Inclus\u00e3o Socioeducacional (Espi), \u00f3rg\u00e3o vinculado \u00e0 Secretaria Municipal de Administra\u00e7\u00e3o, Planejamento e Gest\u00e3o (Semad), abre, \u00e0s 10h desta segunda-feira, 9\/12, as inscri\u00e7\u00f5es para o processo seletivo do Programa Bolsa Universidade (PBU) 2025.\" \/>\n<meta property=\"og:url\" content=\"https:\/\/www.manaus.am.gov.br\/semad\/socioinclusao\/inscricoes-bolsa-universidade\/\" \/>\n<meta property=\"og:site_name\" content=\"SEMAD\" \/>\n<meta property=\"article:published_time\" content=\"2024-12-07T15:38:19+00:00\" \/>\n<meta property=\"article:modified_time\" content=\"2024-12-07T15:59:05+00:00\" \/>\n<meta property=\"og:image\" content=\"https:\/\/www.manaus.am.gov.br\/semad\/wp-content\/uploads\/sites\/21\/2024\/12\/Raimundo-Pimentel-Filho-Diretor-geral-da-Espi.jpg\" \/>\n\t<meta property=\"og:image:width\" content=\"799\" \/>\n\t<meta property=\"og:image:height\" content=\"533\" \/>\n\t<meta property=\"og:image:type\" content=\"image\/jpeg\" \/>\n<meta name=\"author\" content=\"smonteiro\" \/>\n<meta name=\"twitter:card\" content=\"summary_large_image\" \/>\n<meta name=\"twitter:label1\" content=\"Written by\" \/>\n\t<meta name=\"twitter:data1\" content=\"smonteiro\" \/>\n\t<meta name=\"twitter:label2\" content=\"Est. reading time\" \/>\n\t<meta name=\"twitter:data2\" content=\"2 minutos\" \/>\n<script type=\"application\/ld+json\" class=\"yoast-schema-graph\">{\"@context\":\"https:\/\/schema.org\",\"@graph\":[{\"@type\":\"Article\",\"@id\":\"https:\/\/www.manaus.am.gov.br\/semad\/socioinclusao\/inscricoes-bolsa-universidade\/#article\",\"isPartOf\":{\"@id\":\"https:\/\/www.manaus.am.gov.br\/semad\/socioinclusao\/inscricoes-bolsa-universidade\/\"},\"author\":{\"name\":\"smonteiro\",\"@id\":\"https:\/\/www.manaus.am.gov.br\/semad\/#\/schema\/person\/ab4dcf766a54dff74e8d267f5c591961\"},\"headline\":\"Prefeitura de Manaus abre inscri\u00e7\u00f5es para o Programa Bolsa Universidade 2025 nesta segunda-feira\",\"datePublished\":\"2024-12-07T15:38:19+00:00\",\"dateModified\":\"2024-12-07T15:59:05+00:00\",\"mainEntityOfPage\":{\"@id\":\"https:\/\/www.manaus.am.gov.br\/semad\/socioinclusao\/inscricoes-bolsa-universidade\/\"},\"wordCount\":362,\"publisher\":{\"@id\":\"https:\/\/www.manaus.am.gov.br\/semad\/#organization\"},\"image\":{\"@id\":\"https:\/\/www.manaus.am.gov.br\/semad\/socioinclusao\/inscricoes-bolsa-universidade\/#primaryimage\"},\"thumbnailUrl\":\"https:\/\/www.manaus.am.gov.br\/semad\/wp-content\/uploads\/sites\/21\/2024\/12\/Raimundo-Pimentel-Filho-Diretor-geral-da-Espi.jpg\",\"keywords\":[\"edital\",\"espi\",\"inscri\u00e7\u00f5es\",\"prefeitura de manaus\",\"programa Bolsa Universidade 2025\",\"Semad\"],\"articleSection\":[\"Socioinclus\u00e3o\"],\"inLanguage\":\"pt-BR\"},{\"@type\":\"WebPage\",\"@id\":\"https:\/\/www.manaus.am.gov.br\/semad\/socioinclusao\/inscricoes-bolsa-universidade\/\",\"url\":\"https:\/\/www.manaus.am.gov.br\/semad\/socioinclusao\/inscricoes-bolsa-universidade\/\",\"name\":\"Prefeitura de Manaus abre inscri\u00e7\u00f5es para o Programa Bolsa Universidade 2025 nesta segunda-feira\",\"isPartOf\":{\"@id\":\"https:\/\/www.manaus.am.gov.br\/semad\/#website\"},\"primaryImageOfPage\":{\"@id\":\"https:\/\/www.manaus.am.gov.br\/semad\/socioinclusao\/inscricoes-bolsa-universidade\/#primaryimage\"},\"image\":{\"@id\":\"https:\/\/www.manaus.am.gov.br\/semad\/socioinclusao\/inscricoes-bolsa-universidade\/#primaryimage\"},\"thumbnailUrl\":\"https:\/\/www.manaus.am.gov.br\/semad\/wp-content\/uploads\/sites\/21\/2024\/12\/Raimundo-Pimentel-Filho-Diretor-geral-da-Espi.jpg\",\"datePublished\":\"2024-12-07T15:38:19+00:00\",\"dateModified\":\"2024-12-07T15:59:05+00:00\",\"description\":\"A Prefeitura de Manaus, por meio da Escola de Servi\u00e7o P\u00fablico e Inclus\u00e3o Socioeducacional (Espi), \u00f3rg\u00e3o vinculado \u00e0 Secretaria Municipal de Administra\u00e7\u00e3o, Planejamento e Gest\u00e3o (Semad), abre, \u00e0s 10h desta segunda-feira, 9\/12, as inscri\u00e7\u00f5es para o processo seletivo do Programa Bolsa Universidade (PBU) 2025.\",\"breadcrumb\":{\"@id\":\"https:\/\/www.manaus.am.gov.br\/semad\/socioinclusao\/inscricoes-bolsa-universidade\/#breadcrumb\"},\"inLanguage\":\"pt-BR\",\"potentialAction\":[{\"@type\":\"ReadAction\",\"target\":[\"https:\/\/www.manaus.am.gov.br\/semad\/socioinclusao\/inscricoes-bolsa-universidade\/\"]}]},{\"@type\":\"ImageObject\",\"inLanguage\":\"pt-BR\",\"@id\":\"https:\/\/www.manaus.am.gov.br\/semad\/socioinclusao\/inscricoes-bolsa-universidade\/#primaryimage\",\"url\":\"https:\/\/www.manaus.am.gov.br\/semad\/wp-content\/uploads\/sites\/21\/2024\/12\/Raimundo-Pimentel-Filho-Diretor-geral-da-Espi.jpg\",\"contentUrl\":\"https:\/\/www.manaus.am.gov.br\/semad\/wp-content\/uploads\/sites\/21\/2024\/12\/Raimundo-Pimentel-Filho-Diretor-geral-da-Espi.jpg\",\"width\":799,\"height\":533,\"caption\":\"#paratodosverem - na foto, o diretor-geral da Espi, Raimundo Pimentel Filho, fala sobre o edital do PBU 2025\"},{\"@type\":\"BreadcrumbList\",\"@id\":\"https:\/\/www.manaus.am.gov.br\/semad\/socioinclusao\/inscricoes-bolsa-universidade\/#breadcrumb\",\"itemListElement\":[{\"@type\":\"ListItem\",\"position\":1,\"name\":\"Home\",\"item\":\"https:\/\/www.manaus.am.gov.br\/semad\/\"},{\"@type\":\"ListItem\",\"position\":2,\"name\":\"Prefeitura de Manaus abre inscri\u00e7\u00f5es para o Programa Bolsa Universidade 2025 nesta segunda-feira\"}]},{\"@type\":\"WebSite\",\"@id\":\"https:\/\/www.manaus.am.gov.br\/semad\/#website\",\"url\":\"https:\/\/www.manaus.am.gov.br\/semad\/\",\"name\":\"SEMAD\",\"description\":\"Prefeitura de Manaus\",\"publisher\":{\"@id\":\"https:\/\/www.manaus.am.gov.br\/semad\/#organization\"},\"alternateName\":\"Secretaria Municipal de Administra\u00e7\u00e3o, Planejamento e Gest\u00e3o\",\"potentialAction\":[{\"@type\":\"SearchAction\",\"target\":{\"@type\":\"EntryPoint\",\"urlTemplate\":\"https:\/\/www.manaus.am.gov.br\/semad\/?s={search_term_string}\"},\"query-input\":\"required name=search_term_string\"}],\"inLanguage\":\"pt-BR\"},{\"@type\":\"Organization\",\"@id\":\"https:\/\/www.manaus.am.gov.br\/semad\/#organization\",\"name\":\"Prefeitura Municipal de Manaus\",\"alternateName\":\"Prefeitura de Manaus\",\"url\":\"https:\/\/www.manaus.am.gov.br\/semad\/\",\"logo\":{\"@type\":\"ImageObject\",\"inLanguage\":\"pt-BR\",\"@id\":\"https:\/\/www.manaus.am.gov.br\/semad\/#\/schema\/logo\/image\/\",\"url\":\"https:\/\/www.manaus.am.gov.br\/semad\/wp-content\/uploads\/sites\/21\/2024\/07\/favicon.png\",\"contentUrl\":\"https:\/\/www.manaus.am.gov.br\/semad\/wp-content\/uploads\/sites\/21\/2024\/07\/favicon.png\",\"width\":300,\"height\":300,\"caption\":\"Prefeitura Municipal de Manaus\"},\"image\":{\"@id\":\"https:\/\/www.manaus.am.gov.br\/semad\/#\/schema\/logo\/image\/\"}},{\"@type\":\"Person\",\"@id\":\"https:\/\/www.manaus.am.gov.br\/semad\/#\/schema\/person\/ab4dcf766a54dff74e8d267f5c591961\",\"name\":\"smonteiro\",\"image\":{\"@type\":\"ImageObject\",\"inLanguage\":\"pt-BR\",\"@id\":\"https:\/\/www.manaus.am.gov.br\/semad\/#\/schema\/person\/image\/\",\"url\":\"https:\/\/secure.gravatar.com\/avatar\/21c8776ef61d9272c73322052e042d77?s=96&d=mm&r=g\",\"contentUrl\":\"https:\/\/secure.gravatar.com\/avatar\/21c8776ef61d9272c73322052e042d77?s=96&d=mm&r=g\",\"caption\":\"smonteiro\"}}]}<\/script>\n<!-- \/ Yoast SEO plugin. -->","yoast_head_json":{"title":"Prefeitura de Manaus abre inscri\u00e7\u00f5es para o Programa Bolsa Universidade 2025 nesta segunda-feira","description":"A Prefeitura de Manaus, por meio da Escola de Servi\u00e7o P\u00fablico e Inclus\u00e3o Socioeducacional (Espi), \u00f3rg\u00e3o vinculado \u00e0 Secretaria Municipal de Administra\u00e7\u00e3o, Planejamento e Gest\u00e3o (Semad), abre, \u00e0s 10h desta segunda-feira, 9\/12, as inscri\u00e7\u00f5es para o processo seletivo do Programa Bolsa Universidade (PBU) 2025.","robots":{"index":"noindex","follow":"follow"},"og_locale":"pt_BR","og_type":"article","og_title":"Prefeitura de Manaus abre inscri\u00e7\u00f5es para o Programa Bolsa Universidade 2025 nesta segunda-feira","og_description":"A Prefeitura de Manaus, por meio da Escola de Servi\u00e7o P\u00fablico e Inclus\u00e3o Socioeducacional (Espi), \u00f3rg\u00e3o vinculado \u00e0 Secretaria Municipal de Administra\u00e7\u00e3o, Planejamento e Gest\u00e3o (Semad), abre, \u00e0s 10h desta segunda-feira, 9\/12, as inscri\u00e7\u00f5es para o processo seletivo do Programa Bolsa Universidade (PBU) 2025.","og_url":"https:\/\/www.manaus.am.gov.br\/semad\/socioinclusao\/inscricoes-bolsa-universidade\/","og_site_name":"SEMAD","article_published_time":"2024-12-07T15:38:19+00:00","article_modified_time":"2024-12-07T15:59:05+00:00","og_image":[{"width":799,"height":533,"url":"https:\/\/www.manaus.am.gov.br\/semad\/wp-content\/uploads\/sites\/21\/2024\/12\/Raimundo-Pimentel-Filho-Diretor-geral-da-Espi.jpg","type":"image\/jpeg"}],"author":"smonteiro","twitter_card":"summary_large_image","twitter_misc":{"Written by":"smonteiro","Est. reading time":"2 minutos"},"schema":{"@context":"https:\/\/schema.org","@graph":[{"@type":"Article","@id":"https:\/\/www.manaus.am.gov.br\/semad\/socioinclusao\/inscricoes-bolsa-universidade\/#article","isPartOf":{"@id":"https:\/\/www.manaus.am.gov.br\/semad\/socioinclusao\/inscricoes-bolsa-universidade\/"},"author":{"name":"smonteiro","@id":"https:\/\/www.manaus.am.gov.br\/semad\/#\/schema\/person\/ab4dcf766a54dff74e8d267f5c591961"},"headline":"Prefeitura de Manaus abre inscri\u00e7\u00f5es para o Programa Bolsa Universidade 2025 nesta segunda-feira","datePublished":"2024-12-07T15:38:19+00:00","dateModified":"2024-12-07T15:59:05+00:00","mainEntityOfPage":{"@id":"https:\/\/www.manaus.am.gov.br\/semad\/socioinclusao\/inscricoes-bolsa-universidade\/"},"wordCount":362,"publisher":{"@id":"https:\/\/www.manaus.am.gov.br\/semad\/#organization"},"image":{"@id":"https:\/\/www.manaus.am.gov.br\/semad\/socioinclusao\/inscricoes-bolsa-universidade\/#primaryimage"},"thumbnailUrl":"https:\/\/www.manaus.am.gov.br\/semad\/wp-content\/uploads\/sites\/21\/2024\/12\/Raimundo-Pimentel-Filho-Diretor-geral-da-Espi.jpg","keywords":["edital","espi","inscri\u00e7\u00f5es","prefeitura de manaus","programa Bolsa Universidade 2025","Semad"],"articleSection":["Socioinclus\u00e3o"],"inLanguage":"pt-BR"},{"@type":"WebPage","@id":"https:\/\/www.manaus.am.gov.br\/semad\/socioinclusao\/inscricoes-bolsa-universidade\/","url":"https:\/\/www.manaus.am.gov.br\/semad\/socioinclusao\/inscricoes-bolsa-universidade\/","name":"Prefeitura de Manaus abre inscri\u00e7\u00f5es para o Programa Bolsa Universidade 2025 nesta segunda-feira","isPartOf":{"@id":"https:\/\/www.manaus.am.gov.br\/semad\/#website"},"primaryImageOfPage":{"@id":"https:\/\/www.manaus.am.gov.br\/semad\/socioinclusao\/inscricoes-bolsa-universidade\/#primaryimage"},"image":{"@id":"https:\/\/www.manaus.am.gov.br\/semad\/socioinclusao\/inscricoes-bolsa-universidade\/#primaryimage"},"thumbnailUrl":"https:\/\/www.manaus.am.gov.br\/semad\/wp-content\/uploads\/sites\/21\/2024\/12\/Raimundo-Pimentel-Filho-Diretor-geral-da-Espi.jpg","datePublished":"2024-12-07T15:38:19+00:00","dateModified":"2024-12-07T15:59:05+00:00","description":"A Prefeitura de Manaus, por meio da Escola de Servi\u00e7o P\u00fablico e Inclus\u00e3o Socioeducacional (Espi), \u00f3rg\u00e3o vinculado \u00e0 Secretaria Municipal de Administra\u00e7\u00e3o, Planejamento e Gest\u00e3o (Semad), abre, \u00e0s 10h desta segunda-feira, 9\/12, as inscri\u00e7\u00f5es para o processo seletivo do Programa Bolsa Universidade (PBU) 2025.","breadcrumb":{"@id":"https:\/\/www.manaus.am.gov.br\/semad\/socioinclusao\/inscricoes-bolsa-universidade\/#breadcrumb"},"inLanguage":"pt-BR","potentialAction":[{"@type":"ReadAction","target":["https:\/\/www.manaus.am.gov.br\/semad\/socioinclusao\/inscricoes-bolsa-universidade\/"]}]},{"@type":"ImageObject","inLanguage":"pt-BR","@id":"https:\/\/www.manaus.am.gov.br\/semad\/socioinclusao\/inscricoes-bolsa-universidade\/#primaryimage","url":"https:\/\/www.manaus.am.gov.br\/semad\/wp-content\/uploads\/sites\/21\/2024\/12\/Raimundo-Pimentel-Filho-Diretor-geral-da-Espi.jpg","contentUrl":"https:\/\/www.manaus.am.gov.br\/semad\/wp-content\/uploads\/sites\/21\/2024\/12\/Raimundo-Pimentel-Filho-Diretor-geral-da-Espi.jpg","width":799,"height":533,"caption":"#paratodosverem - na foto, o diretor-geral da Espi, Raimundo Pimentel Filho, fala sobre o edital do PBU 2025"},{"@type":"BreadcrumbList","@id":"https:\/\/www.manaus.am.gov.br\/semad\/socioinclusao\/inscricoes-bolsa-universidade\/#breadcrumb","itemListElement":[{"@type":"ListItem","position":1,"name":"Home","item":"https:\/\/www.manaus.am.gov.br\/semad\/"},{"@type":"ListItem","position":2,"name":"Prefeitura de Manaus abre inscri\u00e7\u00f5es para o Programa Bolsa Universidade 2025 nesta segunda-feira"}]},{"@type":"WebSite","@id":"https:\/\/www.manaus.am.gov.br\/semad\/#website","url":"https:\/\/www.manaus.am.gov.br\/semad\/","name":"SEMAD","description":"Prefeitura de Manaus","publisher":{"@id":"https:\/\/www.manaus.am.gov.br\/semad\/#organization"},"alternateName":"Secretaria Municipal de Administra\u00e7\u00e3o, Planejamento e Gest\u00e3o","potentialAction":[{"@type":"SearchAction","target":{"@type":"EntryPoint","urlTemplate":"https:\/\/www.manaus.am.gov.br\/semad\/?s={search_term_string}"},"query-input":"required name=search_term_string"}],"inLanguage":"pt-BR"},{"@type":"Organization","@id":"https:\/\/www.manaus.am.gov.br\/semad\/#organization","name":"Prefeitura Municipal de Manaus","alternateName":"Prefeitura de Manaus","url":"https:\/\/www.manaus.am.gov.br\/semad\/","logo":{"@type":"ImageObject","inLanguage":"pt-BR","@id":"https:\/\/www.manaus.am.gov.br\/semad\/#\/schema\/logo\/image\/","url":"https:\/\/www.manaus.am.gov.br\/semad\/wp-content\/uploads\/sites\/21\/2024\/07\/favicon.png","contentUrl":"https:\/\/www.manaus.am.gov.br\/semad\/wp-content\/uploads\/sites\/21\/2024\/07\/favicon.png","width":300,"height":300,"caption":"Prefeitura Municipal de Manaus"},"image":{"@id":"https:\/\/www.manaus.am.gov.br\/semad\/#\/schema\/logo\/image\/"}},{"@type":"Person","@id":"https:\/\/www.manaus.am.gov.br\/semad\/#\/schema\/person\/ab4dcf766a54dff74e8d267f5c591961","name":"smonteiro","image":{"@type":"ImageObject","inLanguage":"pt-BR","@id":"https:\/\/www.manaus.am.gov.br\/semad\/#\/schema\/person\/image\/","url":"https:\/\/secure.gravatar.com\/avatar\/21c8776ef61d9272c73322052e042d77?s=96&d=mm&r=g","contentUrl":"https:\/\/secure.gravatar.com\/avatar\/21c8776ef61d9272c73322052e042d77?s=96&d=mm&r=g","caption":"smonteiro"}}]}},"_links":{"self":[{"href":"https:\/\/www.manaus.am.gov.br\/semad\/wp-json\/wp\/v2\/posts\/1638"}],"collection":[{"href":"https:\/\/www.manaus.am.gov.br\/semad\/wp-json\/wp\/v2\/posts"}],"about":[{"href":"https:\/\/www.manaus.am.gov.br\/semad\/wp-json\/wp\/v2\/types\/post"}],"author":[{"embeddable":true,"href":"https:\/\/www.manaus.am.gov.br\/semad\/wp-json\/wp\/v2\/users\/61"}],"replies":[{"embeddable":true,"href":"https:\/\/www.manaus.am.gov.br\/semad\/wp-json\/wp\/v2\/comments?post=1638"}],"version-history":[{"count":1,"href":"https:\/\/www.manaus.am.gov.br\/semad\/wp-json\/wp\/v2\/posts\/1638\/revisions"}],"predecessor-version":[{"id":1640,"href":"https:\/\/www.manaus.am.gov.br\/semad\/wp-json\/wp\/v2\/posts\/1638\/revisions\/1640"}],"wp:featuredmedia":[{"embeddable":true,"href":"https:\/\/www.manaus.am.gov.br\/semad\/wp-json\/wp\/v2\/media\/1639"}],"wp:attachment":[{"href":"https:\/\/www.manaus.am.gov.br\/semad\/wp-json\/wp\/v2\/media?parent=1638"}],"wp:term":[{"taxonomy":"category","embeddable":true,"href":"https:\/\/www.manaus.am.gov.br\/semad\/wp-json\/wp\/v2\/categories?post=1638"},{"taxonomy":"post_tag","embeddable":true,"href":"https:\/\/www.manaus.am.gov.br\/semad\/wp-json\/wp\/v2\/tags?post=1638"}],"curies":[{"name":"wp","href":"https:\/\/api.w.org\/{rel}","templated":true}]}}