{"id":1602,"date":"2024-11-18T15:45:56","date_gmt":"2024-11-18T19:45:56","guid":{"rendered":"https:\/\/www.manaus.am.gov.br\/semad\/sem-categoria\/leilao-semad-manaus\/"},"modified":"2024-11-18T15:45:58","modified_gmt":"2024-11-18T19:45:58","slug":"leilao-semad-manaus","status":"publish","type":"post","link":"https:\/\/www.manaus.am.gov.br\/semad\/patrimonio\/leilao-semad-manaus\/","title":{"rendered":"Prefeitura de Manaus anuncia leil\u00e3o de im\u00f3vel no centro da cidade"},"content":{"rendered":"\n<p>A Prefeitura de Manaus, por meio da Secretaria Municipal de Administra\u00e7\u00e3o, Planejamento e Gest\u00e3o (Semad), realiza, no dia 11\/12, \u00e0s 9h (hor\u00e1rio local), leil\u00e3o para a venda de bem im\u00f3vel desafetado, de propriedade da Manaus Previd\u00eancia, localizado na rua Luiz Antony, n\u00ba 115, Centro. O certame, que ser\u00e1 conduzido pelo leiloeiro p\u00fablico oficial Luiz de Chirico J\u00fanior, acontecer\u00e1 nas modalidades presencial, no Hotel Mercury, localizado na avenida M\u00e1rio Ypiranga Monteiro, n\u00ba 1.000, Adrian\u00f3polis; e eletr\u00f4nica, por meio do endere\u00e7o www.leiloesdonorte.com.br, de forma simult\u00e2nea.&nbsp;&nbsp;<\/p>\n\n\n\n<p>O pr\u00e9dio possui \u00e1rea constru\u00edda de 560,60 metros quadrados, estando edificado em um terreno medindo sete metros e cinquenta cent\u00edmetros de frente por 43 metros de fundos.<\/p>\n\n\n\n<p>O titular da Semad, C\u00e9lio Guedes, explica que a realiza\u00e7\u00e3o de leil\u00f5es \u00e9 importante para a administra\u00e7\u00e3o, porque elimina os custos com esse tipo de bem. \u201cEsses bens n\u00e3o s\u00e3o mais de interesse p\u00fablico, portanto passam por avalia\u00e7\u00e3o oficial e s\u00e3o encaminhados para leil\u00e3o. A venda resulta em arrecada\u00e7\u00e3o para o munic\u00edpio. No caso espec\u00edfico desse im\u00f3vel, o valor da venda ir\u00e1 gerar arrecada\u00e7\u00e3o para a previd\u00eancia municipal\u201d, explica.<\/p>\n\n\n\n<p>O bem ser\u00e1 arrematado pelo maior lance eletr\u00f4nico ou presencialmente oferecido, a partir do inicial, estabelecido em R$ 513.492,53.<\/p>\n\n\n\n<p>O pagamento poder\u00e1 ser feito \u00e0 vista, em parcela \u00fanica, mediante o dep\u00f3sito banc\u00e1rio, no ato da arremata\u00e7\u00e3o, do equivalente ao sinal de 20% sobre o valor do bem im\u00f3vel arrematado, devendo a complementa\u00e7\u00e3o do restante do pre\u00e7o da arremata\u00e7\u00e3o ser efetivada por meio de dep\u00f3sito banc\u00e1rio at\u00e9 as 15h do primeiro dia \u00fatil subsequente.<\/p>\n\n\n\n<p>H\u00e1, tamb\u00e9m, a op\u00e7\u00e3o de parcelamento em at\u00e9 12 vezes, com entrada de no m\u00ednimo 25% do valor integral do lance a ser pago \u00e0 vista, mediante o dep\u00f3sito banc\u00e1rio no ato da arremata\u00e7\u00e3o, vencendo a primeira 30 dias a contar da data do primeiro pagamento, independente dos tr\u00e2mites legais.<\/p>\n\n\n\n<p>Para que o interessado conhe\u00e7a o estado f\u00edsico do bem a ser leiloado e suas especifica\u00e7\u00f5es, o mesmo estar\u00e1 dispon\u00edvel para ser visitado em dias \u00fateis, no per\u00edodo de 19\/11 a 10\/12, das 8h \u00e0s 14h.<br><br>&#8212; &#8212; \u2013<br><strong>Texto<\/strong> \u2013 Sandra Monteiro \/ Semad<br><strong>Fotos<\/strong> \u2013 Thelson Souza \/ Semad<\/p>\n","protected":false},"excerpt":{"rendered":"","protected":false},"author":68,"featured_media":1603,"comment_status":"closed","ping_status":"closed","sticky":false,"template":"","format":"standard","meta":{"footnotes":""},"categories":[156],"tags":[439,9,11],"acf":[],"yoast_head":"<!-- This site is optimized with the Yoast SEO plugin v23.0 - https:\/\/yoast.com\/wordpress\/plugins\/seo\/ -->\n<title>Prefeitura de Manaus anuncia leil\u00e3o de im\u00f3vel no centro da cidade<\/title>\n<meta name=\"description\" content=\"A Prefeitura de Manaus, realiza, no dia 11\/12, \u00e0s 9h (hor\u00e1rio local), leil\u00e3o para a venda de bem im\u00f3vel desafetado, de propriedade da Manaus Previd\u00eancia.\" \/>\n<meta name=\"robots\" content=\"noindex, follow\" \/>\n<meta property=\"og:locale\" content=\"pt_BR\" \/>\n<meta property=\"og:type\" content=\"article\" \/>\n<meta property=\"og:title\" content=\"Prefeitura de Manaus anuncia leil\u00e3o de im\u00f3vel no centro da cidade\" \/>\n<meta property=\"og:description\" content=\"A Prefeitura de Manaus, realiza, no dia 11\/12, \u00e0s 9h (hor\u00e1rio local), leil\u00e3o para a venda de bem im\u00f3vel desafetado, de propriedade da Manaus Previd\u00eancia.\" \/>\n<meta property=\"og:url\" content=\"https:\/\/www.manaus.am.gov.br\/semad\/patrimonio\/leilao-semad-manaus\/\" \/>\n<meta property=\"og:site_name\" content=\"SEMAD\" \/>\n<meta property=\"article:published_time\" content=\"2024-11-18T19:45:56+00:00\" \/>\n<meta property=\"article:modified_time\" content=\"2024-11-18T19:45:58+00:00\" \/>\n<meta property=\"og:image\" content=\"https:\/\/www.manaus.am.gov.br\/semad\/wp-content\/uploads\/sites\/21\/2024\/11\/Leilao-Semad-1.jpg\" \/>\n\t<meta property=\"og:image:width\" content=\"800\" \/>\n\t<meta property=\"og:image:height\" content=\"600\" \/>\n\t<meta property=\"og:image:type\" content=\"image\/jpeg\" \/>\n<meta name=\"author\" content=\"bvalente\" \/>\n<meta name=\"twitter:card\" content=\"summary_large_image\" \/>\n<meta name=\"twitter:label1\" content=\"Written by\" \/>\n\t<meta name=\"twitter:data1\" content=\"bvalente\" \/>\n\t<meta name=\"twitter:label2\" content=\"Est. reading time\" \/>\n\t<meta name=\"twitter:data2\" content=\"3 minutos\" \/>\n<script type=\"application\/ld+json\" class=\"yoast-schema-graph\">{\"@context\":\"https:\/\/schema.org\",\"@graph\":[{\"@type\":\"Article\",\"@id\":\"https:\/\/www.manaus.am.gov.br\/semad\/patrimonio\/leilao-semad-manaus\/#article\",\"isPartOf\":{\"@id\":\"https:\/\/www.manaus.am.gov.br\/semad\/patrimonio\/leilao-semad-manaus\/\"},\"author\":{\"name\":\"bvalente\",\"@id\":\"https:\/\/www.manaus.am.gov.br\/semad\/#\/schema\/person\/466a0e03ae4b6062809046bd560ac955\"},\"headline\":\"Prefeitura de Manaus anuncia leil\u00e3o de im\u00f3vel no centro da cidade\",\"datePublished\":\"2024-11-18T19:45:56+00:00\",\"dateModified\":\"2024-11-18T19:45:58+00:00\",\"mainEntityOfPage\":{\"@id\":\"https:\/\/www.manaus.am.gov.br\/semad\/patrimonio\/leilao-semad-manaus\/\"},\"wordCount\":406,\"publisher\":{\"@id\":\"https:\/\/www.manaus.am.gov.br\/semad\/#organization\"},\"image\":{\"@id\":\"https:\/\/www.manaus.am.gov.br\/semad\/patrimonio\/leilao-semad-manaus\/#primaryimage\"},\"thumbnailUrl\":\"https:\/\/www.manaus.am.gov.br\/semad\/wp-content\/uploads\/sites\/21\/2024\/11\/Leilao-Semad-1.jpg\",\"keywords\":[\"Leil\u00e3o de im\u00f3veis\",\"prefeitura de manaus\",\"Semad\"],\"articleSection\":[\"Patrim\u00f4nio\"],\"inLanguage\":\"pt-BR\"},{\"@type\":\"WebPage\",\"@id\":\"https:\/\/www.manaus.am.gov.br\/semad\/patrimonio\/leilao-semad-manaus\/\",\"url\":\"https:\/\/www.manaus.am.gov.br\/semad\/patrimonio\/leilao-semad-manaus\/\",\"name\":\"Prefeitura de Manaus anuncia leil\u00e3o de im\u00f3vel no centro da cidade\",\"isPartOf\":{\"@id\":\"https:\/\/www.manaus.am.gov.br\/semad\/#website\"},\"primaryImageOfPage\":{\"@id\":\"https:\/\/www.manaus.am.gov.br\/semad\/patrimonio\/leilao-semad-manaus\/#primaryimage\"},\"image\":{\"@id\":\"https:\/\/www.manaus.am.gov.br\/semad\/patrimonio\/leilao-semad-manaus\/#primaryimage\"},\"thumbnailUrl\":\"https:\/\/www.manaus.am.gov.br\/semad\/wp-content\/uploads\/sites\/21\/2024\/11\/Leilao-Semad-1.jpg\",\"datePublished\":\"2024-11-18T19:45:56+00:00\",\"dateModified\":\"2024-11-18T19:45:58+00:00\",\"description\":\"A Prefeitura de Manaus, realiza, no dia 11\/12, \u00e0s 9h (hor\u00e1rio local), leil\u00e3o para a venda de bem im\u00f3vel desafetado, de propriedade da Manaus Previd\u00eancia.\",\"breadcrumb\":{\"@id\":\"https:\/\/www.manaus.am.gov.br\/semad\/patrimonio\/leilao-semad-manaus\/#breadcrumb\"},\"inLanguage\":\"pt-BR\",\"potentialAction\":[{\"@type\":\"ReadAction\",\"target\":[\"https:\/\/www.manaus.am.gov.br\/semad\/patrimonio\/leilao-semad-manaus\/\"]}]},{\"@type\":\"ImageObject\",\"inLanguage\":\"pt-BR\",\"@id\":\"https:\/\/www.manaus.am.gov.br\/semad\/patrimonio\/leilao-semad-manaus\/#primaryimage\",\"url\":\"https:\/\/www.manaus.am.gov.br\/semad\/wp-content\/uploads\/sites\/21\/2024\/11\/Leilao-Semad-1.jpg\",\"contentUrl\":\"https:\/\/www.manaus.am.gov.br\/semad\/wp-content\/uploads\/sites\/21\/2024\/11\/Leilao-Semad-1.jpg\",\"width\":800,\"height\":600},{\"@type\":\"BreadcrumbList\",\"@id\":\"https:\/\/www.manaus.am.gov.br\/semad\/patrimonio\/leilao-semad-manaus\/#breadcrumb\",\"itemListElement\":[{\"@type\":\"ListItem\",\"position\":1,\"name\":\"Home\",\"item\":\"https:\/\/www.manaus.am.gov.br\/semad\/\"},{\"@type\":\"ListItem\",\"position\":2,\"name\":\"Prefeitura de Manaus anuncia leil\u00e3o de im\u00f3vel no centro da cidade\"}]},{\"@type\":\"WebSite\",\"@id\":\"https:\/\/www.manaus.am.gov.br\/semad\/#website\",\"url\":\"https:\/\/www.manaus.am.gov.br\/semad\/\",\"name\":\"SEMAD\",\"description\":\"Prefeitura de Manaus\",\"publisher\":{\"@id\":\"https:\/\/www.manaus.am.gov.br\/semad\/#organization\"},\"alternateName\":\"Secretaria Municipal de Administra\u00e7\u00e3o, Planejamento e Gest\u00e3o\",\"potentialAction\":[{\"@type\":\"SearchAction\",\"target\":{\"@type\":\"EntryPoint\",\"urlTemplate\":\"https:\/\/www.manaus.am.gov.br\/semad\/?s={search_term_string}\"},\"query-input\":\"required name=search_term_string\"}],\"inLanguage\":\"pt-BR\"},{\"@type\":\"Organization\",\"@id\":\"https:\/\/www.manaus.am.gov.br\/semad\/#organization\",\"name\":\"Prefeitura Municipal de Manaus\",\"alternateName\":\"Prefeitura de Manaus\",\"url\":\"https:\/\/www.manaus.am.gov.br\/semad\/\",\"logo\":{\"@type\":\"ImageObject\",\"inLanguage\":\"pt-BR\",\"@id\":\"https:\/\/www.manaus.am.gov.br\/semad\/#\/schema\/logo\/image\/\",\"url\":\"https:\/\/www.manaus.am.gov.br\/semad\/wp-content\/uploads\/sites\/21\/2024\/07\/favicon.png\",\"contentUrl\":\"https:\/\/www.manaus.am.gov.br\/semad\/wp-content\/uploads\/sites\/21\/2024\/07\/favicon.png\",\"width\":300,\"height\":300,\"caption\":\"Prefeitura Municipal de Manaus\"},\"image\":{\"@id\":\"https:\/\/www.manaus.am.gov.br\/semad\/#\/schema\/logo\/image\/\"}},{\"@type\":\"Person\",\"@id\":\"https:\/\/www.manaus.am.gov.br\/semad\/#\/schema\/person\/466a0e03ae4b6062809046bd560ac955\",\"name\":\"bvalente\",\"image\":{\"@type\":\"ImageObject\",\"inLanguage\":\"pt-BR\",\"@id\":\"https:\/\/www.manaus.am.gov.br\/semad\/#\/schema\/person\/image\/\",\"url\":\"https:\/\/secure.gravatar.com\/avatar\/3e69bc2b014bdad41adfec3a39de07d2?s=96&d=mm&r=g\",\"contentUrl\":\"https:\/\/secure.gravatar.com\/avatar\/3e69bc2b014bdad41adfec3a39de07d2?s=96&d=mm&r=g\",\"caption\":\"bvalente\"}}]}<\/script>\n<!-- \/ Yoast SEO plugin. -->","yoast_head_json":{"title":"Prefeitura de Manaus anuncia leil\u00e3o de im\u00f3vel no centro da cidade","description":"A Prefeitura de Manaus, realiza, no dia 11\/12, \u00e0s 9h (hor\u00e1rio local), leil\u00e3o para a venda de bem im\u00f3vel desafetado, de propriedade da Manaus Previd\u00eancia.","robots":{"index":"noindex","follow":"follow"},"og_locale":"pt_BR","og_type":"article","og_title":"Prefeitura de Manaus anuncia leil\u00e3o de im\u00f3vel no centro da cidade","og_description":"A Prefeitura de Manaus, realiza, no dia 11\/12, \u00e0s 9h (hor\u00e1rio local), leil\u00e3o para a venda de bem im\u00f3vel desafetado, de propriedade da Manaus Previd\u00eancia.","og_url":"https:\/\/www.manaus.am.gov.br\/semad\/patrimonio\/leilao-semad-manaus\/","og_site_name":"SEMAD","article_published_time":"2024-11-18T19:45:56+00:00","article_modified_time":"2024-11-18T19:45:58+00:00","og_image":[{"width":800,"height":600,"url":"https:\/\/www.manaus.am.gov.br\/semad\/wp-content\/uploads\/sites\/21\/2024\/11\/Leilao-Semad-1.jpg","type":"image\/jpeg"}],"author":"bvalente","twitter_card":"summary_large_image","twitter_misc":{"Written by":"bvalente","Est. reading time":"3 minutos"},"schema":{"@context":"https:\/\/schema.org","@graph":[{"@type":"Article","@id":"https:\/\/www.manaus.am.gov.br\/semad\/patrimonio\/leilao-semad-manaus\/#article","isPartOf":{"@id":"https:\/\/www.manaus.am.gov.br\/semad\/patrimonio\/leilao-semad-manaus\/"},"author":{"name":"bvalente","@id":"https:\/\/www.manaus.am.gov.br\/semad\/#\/schema\/person\/466a0e03ae4b6062809046bd560ac955"},"headline":"Prefeitura de Manaus anuncia leil\u00e3o de im\u00f3vel no centro da cidade","datePublished":"2024-11-18T19:45:56+00:00","dateModified":"2024-11-18T19:45:58+00:00","mainEntityOfPage":{"@id":"https:\/\/www.manaus.am.gov.br\/semad\/patrimonio\/leilao-semad-manaus\/"},"wordCount":406,"publisher":{"@id":"https:\/\/www.manaus.am.gov.br\/semad\/#organization"},"image":{"@id":"https:\/\/www.manaus.am.gov.br\/semad\/patrimonio\/leilao-semad-manaus\/#primaryimage"},"thumbnailUrl":"https:\/\/www.manaus.am.gov.br\/semad\/wp-content\/uploads\/sites\/21\/2024\/11\/Leilao-Semad-1.jpg","keywords":["Leil\u00e3o de im\u00f3veis","prefeitura de manaus","Semad"],"articleSection":["Patrim\u00f4nio"],"inLanguage":"pt-BR"},{"@type":"WebPage","@id":"https:\/\/www.manaus.am.gov.br\/semad\/patrimonio\/leilao-semad-manaus\/","url":"https:\/\/www.manaus.am.gov.br\/semad\/patrimonio\/leilao-semad-manaus\/","name":"Prefeitura de Manaus anuncia leil\u00e3o de im\u00f3vel no centro da cidade","isPartOf":{"@id":"https:\/\/www.manaus.am.gov.br\/semad\/#website"},"primaryImageOfPage":{"@id":"https:\/\/www.manaus.am.gov.br\/semad\/patrimonio\/leilao-semad-manaus\/#primaryimage"},"image":{"@id":"https:\/\/www.manaus.am.gov.br\/semad\/patrimonio\/leilao-semad-manaus\/#primaryimage"},"thumbnailUrl":"https:\/\/www.manaus.am.gov.br\/semad\/wp-content\/uploads\/sites\/21\/2024\/11\/Leilao-Semad-1.jpg","datePublished":"2024-11-18T19:45:56+00:00","dateModified":"2024-11-18T19:45:58+00:00","description":"A Prefeitura de Manaus, realiza, no dia 11\/12, \u00e0s 9h (hor\u00e1rio local), leil\u00e3o para a venda de bem im\u00f3vel desafetado, de propriedade da Manaus Previd\u00eancia.","breadcrumb":{"@id":"https:\/\/www.manaus.am.gov.br\/semad\/patrimonio\/leilao-semad-manaus\/#breadcrumb"},"inLanguage":"pt-BR","potentialAction":[{"@type":"ReadAction","target":["https:\/\/www.manaus.am.gov.br\/semad\/patrimonio\/leilao-semad-manaus\/"]}]},{"@type":"ImageObject","inLanguage":"pt-BR","@id":"https:\/\/www.manaus.am.gov.br\/semad\/patrimonio\/leilao-semad-manaus\/#primaryimage","url":"https:\/\/www.manaus.am.gov.br\/semad\/wp-content\/uploads\/sites\/21\/2024\/11\/Leilao-Semad-1.jpg","contentUrl":"https:\/\/www.manaus.am.gov.br\/semad\/wp-content\/uploads\/sites\/21\/2024\/11\/Leilao-Semad-1.jpg","width":800,"height":600},{"@type":"BreadcrumbList","@id":"https:\/\/www.manaus.am.gov.br\/semad\/patrimonio\/leilao-semad-manaus\/#breadcrumb","itemListElement":[{"@type":"ListItem","position":1,"name":"Home","item":"https:\/\/www.manaus.am.gov.br\/semad\/"},{"@type":"ListItem","position":2,"name":"Prefeitura de Manaus anuncia leil\u00e3o de im\u00f3vel no centro da cidade"}]},{"@type":"WebSite","@id":"https:\/\/www.manaus.am.gov.br\/semad\/#website","url":"https:\/\/www.manaus.am.gov.br\/semad\/","name":"SEMAD","description":"Prefeitura de Manaus","publisher":{"@id":"https:\/\/www.manaus.am.gov.br\/semad\/#organization"},"alternateName":"Secretaria Municipal de Administra\u00e7\u00e3o, Planejamento e Gest\u00e3o","potentialAction":[{"@type":"SearchAction","target":{"@type":"EntryPoint","urlTemplate":"https:\/\/www.manaus.am.gov.br\/semad\/?s={search_term_string}"},"query-input":"required name=search_term_string"}],"inLanguage":"pt-BR"},{"@type":"Organization","@id":"https:\/\/www.manaus.am.gov.br\/semad\/#organization","name":"Prefeitura Municipal de Manaus","alternateName":"Prefeitura de Manaus","url":"https:\/\/www.manaus.am.gov.br\/semad\/","logo":{"@type":"ImageObject","inLanguage":"pt-BR","@id":"https:\/\/www.manaus.am.gov.br\/semad\/#\/schema\/logo\/image\/","url":"https:\/\/www.manaus.am.gov.br\/semad\/wp-content\/uploads\/sites\/21\/2024\/07\/favicon.png","contentUrl":"https:\/\/www.manaus.am.gov.br\/semad\/wp-content\/uploads\/sites\/21\/2024\/07\/favicon.png","width":300,"height":300,"caption":"Prefeitura Municipal de Manaus"},"image":{"@id":"https:\/\/www.manaus.am.gov.br\/semad\/#\/schema\/logo\/image\/"}},{"@type":"Person","@id":"https:\/\/www.manaus.am.gov.br\/semad\/#\/schema\/person\/466a0e03ae4b6062809046bd560ac955","name":"bvalente","image":{"@type":"ImageObject","inLanguage":"pt-BR","@id":"https:\/\/www.manaus.am.gov.br\/semad\/#\/schema\/person\/image\/","url":"https:\/\/secure.gravatar.com\/avatar\/3e69bc2b014bdad41adfec3a39de07d2?s=96&d=mm&r=g","contentUrl":"https:\/\/secure.gravatar.com\/avatar\/3e69bc2b014bdad41adfec3a39de07d2?s=96&d=mm&r=g","caption":"bvalente"}}]}},"_links":{"self":[{"href":"https:\/\/www.manaus.am.gov.br\/semad\/wp-json\/wp\/v2\/posts\/1602"}],"collection":[{"href":"https:\/\/www.manaus.am.gov.br\/semad\/wp-json\/wp\/v2\/posts"}],"about":[{"href":"https:\/\/www.manaus.am.gov.br\/semad\/wp-json\/wp\/v2\/types\/post"}],"author":[{"embeddable":true,"href":"https:\/\/www.manaus.am.gov.br\/semad\/wp-json\/wp\/v2\/users\/68"}],"replies":[{"embeddable":true,"href":"https:\/\/www.manaus.am.gov.br\/semad\/wp-json\/wp\/v2\/comments?post=1602"}],"version-history":[{"count":0,"href":"https:\/\/www.manaus.am.gov.br\/semad\/wp-json\/wp\/v2\/posts\/1602\/revisions"}],"wp:featuredmedia":[{"embeddable":true,"href":"https:\/\/www.manaus.am.gov.br\/semad\/wp-json\/wp\/v2\/media\/1603"}],"wp:attachment":[{"href":"https:\/\/www.manaus.am.gov.br\/semad\/wp-json\/wp\/v2\/media?parent=1602"}],"wp:term":[{"taxonomy":"category","embeddable":true,"href":"https:\/\/www.manaus.am.gov.br\/semad\/wp-json\/wp\/v2\/categories?post=1602"},{"taxonomy":"post_tag","embeddable":true,"href":"https:\/\/www.manaus.am.gov.br\/semad\/wp-json\/wp\/v2\/tags?post=1602"}],"curies":[{"name":"wp","href":"https:\/\/api.w.org\/{rel}","templated":true}]}}