{"id":1120,"date":"2023-12-18T12:21:31","date_gmt":"2023-12-18T16:21:31","guid":{"rendered":"https:\/\/www.manaus.am.gov.br\/semad\/sem-categoria\/prefeito-acompanha-entrega-de-documentacao-do-bolsa-universidade-2024-e-destaca-exito-do-programa\/"},"modified":"2023-12-18T12:27:39","modified_gmt":"2023-12-18T16:27:39","slug":"prefeito-acompanha-entrega-de-documentacao-do-bolsa-universidade-2024-e-destaca-exito-do-programa","status":"publish","type":"post","link":"https:\/\/www.manaus.am.gov.br\/semad\/socioinclusao\/prefeito-acompanha-entrega-de-documentacao-do-bolsa-universidade-2024-e-destaca-exito-do-programa\/","title":{"rendered":"Prefeito acompanha entrega de documenta\u00e7\u00e3o do Bolsa Universidade 2024 e destaca \u00eaxito do programa"},"content":{"rendered":"\n<p>O prefeito de Manaus, David Almeida, acompanhou, na manh\u00e3 desta segunda-feira, 18\/12, o in\u00edcio da entrega de documenta\u00e7\u00e3o dos classificados do Programa Bolsa Universidade (PBU) 2024 para ades\u00e3o das vagas nas Institui\u00e7\u00f5es de Ensino Superior (IES). Somente na primeira chamada, o programa teve mais de 18 mil classificados.<\/p>\n\n\n\n<p>\u201cS\u00e3o 18 mil classificados em 18 institui\u00e7\u00f5es de ensino de gradua\u00e7\u00e3o, e n\u00f3s estamos dando esse pontap\u00e9 inicial para que os contemplados possam entregar os seus documentos, e assim, seja poss\u00edvel efetuar a matr\u00edcula e iniciar um curso de gradua\u00e7\u00e3o, j\u00e1 a partir do ano que vem\u201d, disse o prefeito.<\/p>\n\n\n\n<p>Os candidatos contemplados na primeira chamada do programa da Prefeitura de Manaus, dever\u00e3o entregar a documenta\u00e7\u00e3o indicada na inscri\u00e7\u00e3o nas institui\u00e7\u00f5es para as quais tenham sido classificados, nos dias 18, 19 e 20\/12, de 8h \u00e0s 15h. A apresenta\u00e7\u00e3o dever\u00e1 ser presencial e os documentos, originais, com c\u00f3pia. Quem n\u00e3o entregar os documentos, ser\u00e1 eliminado automaticamente.<\/p>\n\n\n\n<p>Na oportunidade, o chefe do Executivo municipal tamb\u00e9m destacou o \u00eaxito do programa de inclus\u00e3o socioeducacional, refor\u00e7ando a import\u00e2ncia da qualifica\u00e7\u00e3o profissional. \u201cO programa Bolsa Universidade da Prefeitura de Manaus tem contribu\u00eddo muito para a forma\u00e7\u00e3o desses interessados, desses classificados, e assim a gente pode melhorar o ambiente intelectual da nossa cidade e tamb\u00e9m formar grandes profissionais e cidad\u00e3os dentro desse programa\u201d, completou.<\/p>\n\n\n\n<p><strong>Passo a passo<\/strong><\/p>\n\n\n\n<p>A Escola de Servi\u00e7o P\u00fablico Municipal e Inclus\u00e3o Socioeducacional (Espi), \u00f3rg\u00e3o vinculado \u00e0 Secretaria Municipal de Administra\u00e7\u00e3o, Planejamento e Gest\u00e3o (Semad), respons\u00e1vel pela coordena\u00e7\u00e3o do programa, far\u00e1 a confer\u00eancia das informa\u00e7\u00f5es prestadas no ato da inscri\u00e7\u00e3o.<\/p>\n\n\n\n<p>Ap\u00f3s a confer\u00eancia dos documentos, ser\u00e1 emitido, pela coordena\u00e7\u00e3o do PBU, o Encaminhamento de Matr\u00edcula para ades\u00e3o ao benef\u00edcio junto \u00e0 IES, respeitando os procedimentos e os prazos de matr\u00edcula das Institui\u00e7\u00f5es de Ensino Superior. O encaminhamento tamb\u00e9m ficar\u00e1 dispon\u00edvel no Portal do Candidato&nbsp;<a href=\"https:\/\/sgbu.manaus.am.gov.br\/\" target=\"_blank\" rel=\"noreferrer noopener\">https:\/\/sgbu.manaus.am.gov.br\/<\/a>.<\/p>\n\n\n\n<p>Caso a documenta\u00e7\u00e3o esteja incompleta ou apresente alguma inconsist\u00eancia, o contemplado dever\u00e1 entrar em contato diretamente com a Espi para mais informa\u00e7\u00f5es.&nbsp;<\/p>\n\n\n\n<p><strong>&#8212; &#8212; &#8212;<\/strong><\/p>\n\n\n\n<p><strong>Texto \u2013<\/strong> Beathriz Torres \/ Semcom e Divulga\u00e7\u00e3o \/ Semad-Espi<\/p>\n\n\n\n<p><strong>Fotos \u2013<\/strong> Dhyeizo Lemos \/ Semcom<\/p>\n\n\n\n<p><strong>Dispon\u00edveis em &#8211; <\/strong><a href=\"https:\/\/flic.kr\/s\/aHBqjB7izS\">https:\/\/flic.kr\/s\/aHBqjB7izS<\/a><\/p>\n","protected":false},"excerpt":{"rendered":"","protected":false},"author":39,"featured_media":1121,"comment_status":"closed","ping_status":"closed","sticky":false,"template":"","format":"standard","meta":{"footnotes":""},"categories":[177],"tags":[341,141,342,28,9,343,165,11],"acf":[],"yoast_head":"<!-- This site is optimized with the Yoast SEO plugin v23.0 - https:\/\/yoast.com\/wordpress\/plugins\/seo\/ -->\n<title>Entrega de documenta\u00e7\u00e3o do Bolsa Universidade 2024<\/title>\n<meta name=\"description\" content=\"Prefeito acompanha, nesta segunda-feira, 18\/12, a entrega de documenta\u00e7\u00e3o do Bolsa Universidade 2024 e destaca \u00eaxito do programa.\" \/>\n<meta name=\"robots\" content=\"noindex, follow\" \/>\n<meta property=\"og:locale\" content=\"pt_BR\" \/>\n<meta property=\"og:type\" content=\"article\" \/>\n<meta property=\"og:title\" content=\"Entrega de documenta\u00e7\u00e3o do Bolsa Universidade 2024\" \/>\n<meta property=\"og:description\" content=\"Prefeito acompanha, nesta segunda-feira, 18\/12, a entrega de documenta\u00e7\u00e3o do Bolsa Universidade 2024 e destaca \u00eaxito do programa.\" \/>\n<meta property=\"og:url\" content=\"https:\/\/www.manaus.am.gov.br\/semad\/socioinclusao\/prefeito-acompanha-entrega-de-documentacao-do-bolsa-universidade-2024-e-destaca-exito-do-programa\/\" \/>\n<meta property=\"og:site_name\" content=\"SEMAD\" \/>\n<meta property=\"article:published_time\" content=\"2023-12-18T16:21:31+00:00\" \/>\n<meta property=\"article:modified_time\" content=\"2023-12-18T16:27:39+00:00\" \/>\n<meta property=\"og:image\" content=\"https:\/\/www.manaus.am.gov.br\/semad\/wp-content\/uploads\/sites\/21\/2023\/12\/53404919412_786f9a5af4_k.jpg\" \/>\n\t<meta property=\"og:image:width\" content=\"2047\" \/>\n\t<meta property=\"og:image:height\" content=\"1365\" \/>\n\t<meta property=\"og:image:type\" content=\"image\/jpeg\" \/>\n<meta name=\"author\" content=\"Bruna Greco\" \/>\n<meta name=\"twitter:card\" content=\"summary_large_image\" \/>\n<meta name=\"twitter:label1\" content=\"Written by\" \/>\n\t<meta name=\"twitter:data1\" content=\"Bruna Greco\" \/>\n\t<meta name=\"twitter:label2\" content=\"Est. reading time\" \/>\n\t<meta name=\"twitter:data2\" content=\"2 minutos\" \/>\n<script type=\"application\/ld+json\" class=\"yoast-schema-graph\">{\"@context\":\"https:\/\/schema.org\",\"@graph\":[{\"@type\":\"Article\",\"@id\":\"https:\/\/www.manaus.am.gov.br\/semad\/socioinclusao\/prefeito-acompanha-entrega-de-documentacao-do-bolsa-universidade-2024-e-destaca-exito-do-programa\/#article\",\"isPartOf\":{\"@id\":\"https:\/\/www.manaus.am.gov.br\/semad\/socioinclusao\/prefeito-acompanha-entrega-de-documentacao-do-bolsa-universidade-2024-e-destaca-exito-do-programa\/\"},\"author\":{\"name\":\"Bruna Greco\",\"@id\":\"https:\/\/www.manaus.am.gov.br\/semad\/#\/schema\/person\/05d223aea2bf115f9883a6ff3683d81b\"},\"headline\":\"Prefeito acompanha entrega de documenta\u00e7\u00e3o do Bolsa Universidade 2024 e destaca \u00eaxito do programa\",\"datePublished\":\"2023-12-18T16:21:31+00:00\",\"dateModified\":\"2023-12-18T16:27:39+00:00\",\"mainEntityOfPage\":{\"@id\":\"https:\/\/www.manaus.am.gov.br\/semad\/socioinclusao\/prefeito-acompanha-entrega-de-documentacao-do-bolsa-universidade-2024-e-destaca-exito-do-programa\/\"},\"wordCount\":410,\"publisher\":{\"@id\":\"https:\/\/www.manaus.am.gov.br\/semad\/#organization\"},\"image\":{\"@id\":\"https:\/\/www.manaus.am.gov.br\/semad\/socioinclusao\/prefeito-acompanha-entrega-de-documentacao-do-bolsa-universidade-2024-e-destaca-exito-do-programa\/#primaryimage\"},\"thumbnailUrl\":\"https:\/\/www.manaus.am.gov.br\/semad\/wp-content\/uploads\/sites\/21\/2023\/12\/53404919412_786f9a5af4_k.jpg\",\"keywords\":[\"ades\u00e3o das vagas nas Institui\u00e7\u00f5es de Ensino Superior (IES)\",\"David Almeida\",\"entrega de documenta\u00e7\u00e3o\",\"espi\",\"prefeitura de manaus\",\"primeira chamada\",\"programa bolsa universidade\",\"Semad\"],\"articleSection\":[\"Socioinclus\u00e3o\"],\"inLanguage\":\"pt-BR\"},{\"@type\":\"WebPage\",\"@id\":\"https:\/\/www.manaus.am.gov.br\/semad\/socioinclusao\/prefeito-acompanha-entrega-de-documentacao-do-bolsa-universidade-2024-e-destaca-exito-do-programa\/\",\"url\":\"https:\/\/www.manaus.am.gov.br\/semad\/socioinclusao\/prefeito-acompanha-entrega-de-documentacao-do-bolsa-universidade-2024-e-destaca-exito-do-programa\/\",\"name\":\"Entrega de documenta\u00e7\u00e3o do Bolsa Universidade 2024\",\"isPartOf\":{\"@id\":\"https:\/\/www.manaus.am.gov.br\/semad\/#website\"},\"primaryImageOfPage\":{\"@id\":\"https:\/\/www.manaus.am.gov.br\/semad\/socioinclusao\/prefeito-acompanha-entrega-de-documentacao-do-bolsa-universidade-2024-e-destaca-exito-do-programa\/#primaryimage\"},\"image\":{\"@id\":\"https:\/\/www.manaus.am.gov.br\/semad\/socioinclusao\/prefeito-acompanha-entrega-de-documentacao-do-bolsa-universidade-2024-e-destaca-exito-do-programa\/#primaryimage\"},\"thumbnailUrl\":\"https:\/\/www.manaus.am.gov.br\/semad\/wp-content\/uploads\/sites\/21\/2023\/12\/53404919412_786f9a5af4_k.jpg\",\"datePublished\":\"2023-12-18T16:21:31+00:00\",\"dateModified\":\"2023-12-18T16:27:39+00:00\",\"description\":\"Prefeito acompanha, nesta segunda-feira, 18\/12, a entrega de documenta\u00e7\u00e3o do Bolsa Universidade 2024 e destaca \u00eaxito do programa.\",\"breadcrumb\":{\"@id\":\"https:\/\/www.manaus.am.gov.br\/semad\/socioinclusao\/prefeito-acompanha-entrega-de-documentacao-do-bolsa-universidade-2024-e-destaca-exito-do-programa\/#breadcrumb\"},\"inLanguage\":\"pt-BR\",\"potentialAction\":[{\"@type\":\"ReadAction\",\"target\":[\"https:\/\/www.manaus.am.gov.br\/semad\/socioinclusao\/prefeito-acompanha-entrega-de-documentacao-do-bolsa-universidade-2024-e-destaca-exito-do-programa\/\"]}]},{\"@type\":\"ImageObject\",\"inLanguage\":\"pt-BR\",\"@id\":\"https:\/\/www.manaus.am.gov.br\/semad\/socioinclusao\/prefeito-acompanha-entrega-de-documentacao-do-bolsa-universidade-2024-e-destaca-exito-do-programa\/#primaryimage\",\"url\":\"https:\/\/www.manaus.am.gov.br\/semad\/wp-content\/uploads\/sites\/21\/2023\/12\/53404919412_786f9a5af4_k.jpg\",\"contentUrl\":\"https:\/\/www.manaus.am.gov.br\/semad\/wp-content\/uploads\/sites\/21\/2023\/12\/53404919412_786f9a5af4_k.jpg\",\"width\":2047,\"height\":1365,\"caption\":\"#paratodosverem - Prefeito de Manaus, David Almeida, acompanhado de secret\u00e1rios municipais, em conversa com representantes de universidade\"},{\"@type\":\"BreadcrumbList\",\"@id\":\"https:\/\/www.manaus.am.gov.br\/semad\/socioinclusao\/prefeito-acompanha-entrega-de-documentacao-do-bolsa-universidade-2024-e-destaca-exito-do-programa\/#breadcrumb\",\"itemListElement\":[{\"@type\":\"ListItem\",\"position\":1,\"name\":\"Home\",\"item\":\"https:\/\/www.manaus.am.gov.br\/semad\/\"},{\"@type\":\"ListItem\",\"position\":2,\"name\":\"Prefeito acompanha entrega de documenta\u00e7\u00e3o do Bolsa Universidade 2024 e destaca \u00eaxito do programa\"}]},{\"@type\":\"WebSite\",\"@id\":\"https:\/\/www.manaus.am.gov.br\/semad\/#website\",\"url\":\"https:\/\/www.manaus.am.gov.br\/semad\/\",\"name\":\"SEMAD\",\"description\":\"Prefeitura de Manaus\",\"publisher\":{\"@id\":\"https:\/\/www.manaus.am.gov.br\/semad\/#organization\"},\"alternateName\":\"Secretaria Municipal de Administra\u00e7\u00e3o, Planejamento e Gest\u00e3o\",\"potentialAction\":[{\"@type\":\"SearchAction\",\"target\":{\"@type\":\"EntryPoint\",\"urlTemplate\":\"https:\/\/www.manaus.am.gov.br\/semad\/?s={search_term_string}\"},\"query-input\":\"required name=search_term_string\"}],\"inLanguage\":\"pt-BR\"},{\"@type\":\"Organization\",\"@id\":\"https:\/\/www.manaus.am.gov.br\/semad\/#organization\",\"name\":\"Prefeitura Municipal de Manaus\",\"alternateName\":\"Prefeitura de Manaus\",\"url\":\"https:\/\/www.manaus.am.gov.br\/semad\/\",\"logo\":{\"@type\":\"ImageObject\",\"inLanguage\":\"pt-BR\",\"@id\":\"https:\/\/www.manaus.am.gov.br\/semad\/#\/schema\/logo\/image\/\",\"url\":\"https:\/\/www.manaus.am.gov.br\/semad\/wp-content\/uploads\/sites\/21\/2024\/07\/favicon.png\",\"contentUrl\":\"https:\/\/www.manaus.am.gov.br\/semad\/wp-content\/uploads\/sites\/21\/2024\/07\/favicon.png\",\"width\":300,\"height\":300,\"caption\":\"Prefeitura Municipal de Manaus\"},\"image\":{\"@id\":\"https:\/\/www.manaus.am.gov.br\/semad\/#\/schema\/logo\/image\/\"}},{\"@type\":\"Person\",\"@id\":\"https:\/\/www.manaus.am.gov.br\/semad\/#\/schema\/person\/05d223aea2bf115f9883a6ff3683d81b\",\"name\":\"Bruna Greco\",\"image\":{\"@type\":\"ImageObject\",\"inLanguage\":\"pt-BR\",\"@id\":\"https:\/\/www.manaus.am.gov.br\/semad\/#\/schema\/person\/image\/\",\"url\":\"https:\/\/secure.gravatar.com\/avatar\/9c877d1a6adc2a055330e5c09a8653ce?s=96&d=mm&r=g\",\"contentUrl\":\"https:\/\/secure.gravatar.com\/avatar\/9c877d1a6adc2a055330e5c09a8653ce?s=96&d=mm&r=g\",\"caption\":\"Bruna Greco\"}}]}<\/script>\n<!-- \/ Yoast SEO plugin. -->","yoast_head_json":{"title":"Entrega de documenta\u00e7\u00e3o do Bolsa Universidade 2024","description":"Prefeito acompanha, nesta segunda-feira, 18\/12, a entrega de documenta\u00e7\u00e3o do Bolsa Universidade 2024 e destaca \u00eaxito do programa.","robots":{"index":"noindex","follow":"follow"},"og_locale":"pt_BR","og_type":"article","og_title":"Entrega de documenta\u00e7\u00e3o do Bolsa Universidade 2024","og_description":"Prefeito acompanha, nesta segunda-feira, 18\/12, a entrega de documenta\u00e7\u00e3o do Bolsa Universidade 2024 e destaca \u00eaxito do programa.","og_url":"https:\/\/www.manaus.am.gov.br\/semad\/socioinclusao\/prefeito-acompanha-entrega-de-documentacao-do-bolsa-universidade-2024-e-destaca-exito-do-programa\/","og_site_name":"SEMAD","article_published_time":"2023-12-18T16:21:31+00:00","article_modified_time":"2023-12-18T16:27:39+00:00","og_image":[{"width":2047,"height":1365,"url":"https:\/\/www.manaus.am.gov.br\/semad\/wp-content\/uploads\/sites\/21\/2023\/12\/53404919412_786f9a5af4_k.jpg","type":"image\/jpeg"}],"author":"Bruna Greco","twitter_card":"summary_large_image","twitter_misc":{"Written by":"Bruna Greco","Est. reading time":"2 minutos"},"schema":{"@context":"https:\/\/schema.org","@graph":[{"@type":"Article","@id":"https:\/\/www.manaus.am.gov.br\/semad\/socioinclusao\/prefeito-acompanha-entrega-de-documentacao-do-bolsa-universidade-2024-e-destaca-exito-do-programa\/#article","isPartOf":{"@id":"https:\/\/www.manaus.am.gov.br\/semad\/socioinclusao\/prefeito-acompanha-entrega-de-documentacao-do-bolsa-universidade-2024-e-destaca-exito-do-programa\/"},"author":{"name":"Bruna Greco","@id":"https:\/\/www.manaus.am.gov.br\/semad\/#\/schema\/person\/05d223aea2bf115f9883a6ff3683d81b"},"headline":"Prefeito acompanha entrega de documenta\u00e7\u00e3o do Bolsa Universidade 2024 e destaca \u00eaxito do programa","datePublished":"2023-12-18T16:21:31+00:00","dateModified":"2023-12-18T16:27:39+00:00","mainEntityOfPage":{"@id":"https:\/\/www.manaus.am.gov.br\/semad\/socioinclusao\/prefeito-acompanha-entrega-de-documentacao-do-bolsa-universidade-2024-e-destaca-exito-do-programa\/"},"wordCount":410,"publisher":{"@id":"https:\/\/www.manaus.am.gov.br\/semad\/#organization"},"image":{"@id":"https:\/\/www.manaus.am.gov.br\/semad\/socioinclusao\/prefeito-acompanha-entrega-de-documentacao-do-bolsa-universidade-2024-e-destaca-exito-do-programa\/#primaryimage"},"thumbnailUrl":"https:\/\/www.manaus.am.gov.br\/semad\/wp-content\/uploads\/sites\/21\/2023\/12\/53404919412_786f9a5af4_k.jpg","keywords":["ades\u00e3o das vagas nas Institui\u00e7\u00f5es de Ensino Superior (IES)","David Almeida","entrega de documenta\u00e7\u00e3o","espi","prefeitura de manaus","primeira chamada","programa bolsa universidade","Semad"],"articleSection":["Socioinclus\u00e3o"],"inLanguage":"pt-BR"},{"@type":"WebPage","@id":"https:\/\/www.manaus.am.gov.br\/semad\/socioinclusao\/prefeito-acompanha-entrega-de-documentacao-do-bolsa-universidade-2024-e-destaca-exito-do-programa\/","url":"https:\/\/www.manaus.am.gov.br\/semad\/socioinclusao\/prefeito-acompanha-entrega-de-documentacao-do-bolsa-universidade-2024-e-destaca-exito-do-programa\/","name":"Entrega de documenta\u00e7\u00e3o do Bolsa Universidade 2024","isPartOf":{"@id":"https:\/\/www.manaus.am.gov.br\/semad\/#website"},"primaryImageOfPage":{"@id":"https:\/\/www.manaus.am.gov.br\/semad\/socioinclusao\/prefeito-acompanha-entrega-de-documentacao-do-bolsa-universidade-2024-e-destaca-exito-do-programa\/#primaryimage"},"image":{"@id":"https:\/\/www.manaus.am.gov.br\/semad\/socioinclusao\/prefeito-acompanha-entrega-de-documentacao-do-bolsa-universidade-2024-e-destaca-exito-do-programa\/#primaryimage"},"thumbnailUrl":"https:\/\/www.manaus.am.gov.br\/semad\/wp-content\/uploads\/sites\/21\/2023\/12\/53404919412_786f9a5af4_k.jpg","datePublished":"2023-12-18T16:21:31+00:00","dateModified":"2023-12-18T16:27:39+00:00","description":"Prefeito acompanha, nesta segunda-feira, 18\/12, a entrega de documenta\u00e7\u00e3o do Bolsa Universidade 2024 e destaca \u00eaxito do programa.","breadcrumb":{"@id":"https:\/\/www.manaus.am.gov.br\/semad\/socioinclusao\/prefeito-acompanha-entrega-de-documentacao-do-bolsa-universidade-2024-e-destaca-exito-do-programa\/#breadcrumb"},"inLanguage":"pt-BR","potentialAction":[{"@type":"ReadAction","target":["https:\/\/www.manaus.am.gov.br\/semad\/socioinclusao\/prefeito-acompanha-entrega-de-documentacao-do-bolsa-universidade-2024-e-destaca-exito-do-programa\/"]}]},{"@type":"ImageObject","inLanguage":"pt-BR","@id":"https:\/\/www.manaus.am.gov.br\/semad\/socioinclusao\/prefeito-acompanha-entrega-de-documentacao-do-bolsa-universidade-2024-e-destaca-exito-do-programa\/#primaryimage","url":"https:\/\/www.manaus.am.gov.br\/semad\/wp-content\/uploads\/sites\/21\/2023\/12\/53404919412_786f9a5af4_k.jpg","contentUrl":"https:\/\/www.manaus.am.gov.br\/semad\/wp-content\/uploads\/sites\/21\/2023\/12\/53404919412_786f9a5af4_k.jpg","width":2047,"height":1365,"caption":"#paratodosverem - Prefeito de Manaus, David Almeida, acompanhado de secret\u00e1rios municipais, em conversa com representantes de universidade"},{"@type":"BreadcrumbList","@id":"https:\/\/www.manaus.am.gov.br\/semad\/socioinclusao\/prefeito-acompanha-entrega-de-documentacao-do-bolsa-universidade-2024-e-destaca-exito-do-programa\/#breadcrumb","itemListElement":[{"@type":"ListItem","position":1,"name":"Home","item":"https:\/\/www.manaus.am.gov.br\/semad\/"},{"@type":"ListItem","position":2,"name":"Prefeito acompanha entrega de documenta\u00e7\u00e3o do Bolsa Universidade 2024 e destaca \u00eaxito do programa"}]},{"@type":"WebSite","@id":"https:\/\/www.manaus.am.gov.br\/semad\/#website","url":"https:\/\/www.manaus.am.gov.br\/semad\/","name":"SEMAD","description":"Prefeitura de Manaus","publisher":{"@id":"https:\/\/www.manaus.am.gov.br\/semad\/#organization"},"alternateName":"Secretaria Municipal de Administra\u00e7\u00e3o, Planejamento e Gest\u00e3o","potentialAction":[{"@type":"SearchAction","target":{"@type":"EntryPoint","urlTemplate":"https:\/\/www.manaus.am.gov.br\/semad\/?s={search_term_string}"},"query-input":"required name=search_term_string"}],"inLanguage":"pt-BR"},{"@type":"Organization","@id":"https:\/\/www.manaus.am.gov.br\/semad\/#organization","name":"Prefeitura Municipal de Manaus","alternateName":"Prefeitura de Manaus","url":"https:\/\/www.manaus.am.gov.br\/semad\/","logo":{"@type":"ImageObject","inLanguage":"pt-BR","@id":"https:\/\/www.manaus.am.gov.br\/semad\/#\/schema\/logo\/image\/","url":"https:\/\/www.manaus.am.gov.br\/semad\/wp-content\/uploads\/sites\/21\/2024\/07\/favicon.png","contentUrl":"https:\/\/www.manaus.am.gov.br\/semad\/wp-content\/uploads\/sites\/21\/2024\/07\/favicon.png","width":300,"height":300,"caption":"Prefeitura Municipal de Manaus"},"image":{"@id":"https:\/\/www.manaus.am.gov.br\/semad\/#\/schema\/logo\/image\/"}},{"@type":"Person","@id":"https:\/\/www.manaus.am.gov.br\/semad\/#\/schema\/person\/05d223aea2bf115f9883a6ff3683d81b","name":"Bruna Greco","image":{"@type":"ImageObject","inLanguage":"pt-BR","@id":"https:\/\/www.manaus.am.gov.br\/semad\/#\/schema\/person\/image\/","url":"https:\/\/secure.gravatar.com\/avatar\/9c877d1a6adc2a055330e5c09a8653ce?s=96&d=mm&r=g","contentUrl":"https:\/\/secure.gravatar.com\/avatar\/9c877d1a6adc2a055330e5c09a8653ce?s=96&d=mm&r=g","caption":"Bruna Greco"}}]}},"_links":{"self":[{"href":"https:\/\/www.manaus.am.gov.br\/semad\/wp-json\/wp\/v2\/posts\/1120"}],"collection":[{"href":"https:\/\/www.manaus.am.gov.br\/semad\/wp-json\/wp\/v2\/posts"}],"about":[{"href":"https:\/\/www.manaus.am.gov.br\/semad\/wp-json\/wp\/v2\/types\/post"}],"author":[{"embeddable":true,"href":"https:\/\/www.manaus.am.gov.br\/semad\/wp-json\/wp\/v2\/users\/39"}],"replies":[{"embeddable":true,"href":"https:\/\/www.manaus.am.gov.br\/semad\/wp-json\/wp\/v2\/comments?post=1120"}],"version-history":[{"count":1,"href":"https:\/\/www.manaus.am.gov.br\/semad\/wp-json\/wp\/v2\/posts\/1120\/revisions"}],"predecessor-version":[{"id":1122,"href":"https:\/\/www.manaus.am.gov.br\/semad\/wp-json\/wp\/v2\/posts\/1120\/revisions\/1122"}],"wp:featuredmedia":[{"embeddable":true,"href":"https:\/\/www.manaus.am.gov.br\/semad\/wp-json\/wp\/v2\/media\/1121"}],"wp:attachment":[{"href":"https:\/\/www.manaus.am.gov.br\/semad\/wp-json\/wp\/v2\/media?parent=1120"}],"wp:term":[{"taxonomy":"category","embeddable":true,"href":"https:\/\/www.manaus.am.gov.br\/semad\/wp-json\/wp\/v2\/categories?post=1120"},{"taxonomy":"post_tag","embeddable":true,"href":"https:\/\/www.manaus.am.gov.br\/semad\/wp-json\/wp\/v2\/tags?post=1120"}],"curies":[{"name":"wp","href":"https:\/\/api.w.org\/{rel}","templated":true}]}}