{"id":884,"date":"2024-03-12T13:48:39","date_gmt":"2024-03-12T17:48:39","guid":{"rendered":"https:\/\/www.manaus.am.gov.br\/semacc\/semacc-colheita-pitaya\/"},"modified":"2024-03-12T13:48:41","modified_gmt":"2024-03-12T17:48:41","slug":"semacc-colheita-pitaya","status":"publish","type":"post","link":"https:\/\/www.manaus.am.gov.br\/semacc\/semacc-colheita-pitaya\/","title":{"rendered":"Prefeitura de Manaus acompanha primeira colheita de pitaya nos polos agr\u00edcolas da capital"},"content":{"rendered":"\n<p>A Prefeitura de Manaus, por meio das secretarias municipais de Agricultura, Abastecimento, Centro e Com\u00e9rcio Informal (Semacc) e&nbsp;do Trabalho, Empreendedorismo e Inova\u00e7\u00e3o&nbsp;(Semtepi), acompanha a produtividade da colheita de pitaya nas propriedades agr\u00edcolas da capital. As comunidades receberam as mudas em 2023, dentro do \u201cManaus+Agro\u201d, programa de incentivo ao desenvolvimento agr\u00edcola no munic\u00edpio.&nbsp;<\/p>\n\n\n\n<p>Nessa primeira etapa, mais de meia tonelada foi colhida nas comunidades agr\u00edcolas, localizadas no ramal do Rio Branquinho, no quil\u00f4metro 67, da BR &#8211; 174, onde 20 fam\u00edlias trabalham o plantio, gerando mais empregos e renda na zona rural. O programa \u201cManaus+Agro\u201d, iniciado em 2023, fomentou aproximadamente 60 mil mudas de pitaya.&nbsp;<\/p>\n\n\n\n<p>\u201cTenho acompanhado todo o processo, desde o suporte t\u00e9cnico, passando pela capacita\u00e7\u00e3o dos agricultores e, agora, a fase da colheita. Estou muito satisfeito em ver que o projeto deu certo.&nbsp; Os agricultores acreditaram na prefeitura e est\u00e3o colhendo os frutos. Sabemos que, al\u00e9m de impulsionar a economia local, a prefeitura contribui com a gera\u00e7\u00e3o de mais renda e tamb\u00e9m a sustentabilidade da regi\u00e3o\u201d, frisou o secret\u00e1rio da Semacc, Wanderson Costa.<\/p>\n\n\n\n<p>Ainda de acordo com o titular da Semacc, ao incentivar os agricultores a cultivar pitaya, o programa traz novas perspectivas para centenas de fam\u00edlias. &nbsp;\u201cSabemos que a fruta possui boa adapta\u00e7\u00e3o devido \u00e0s condi\u00e7\u00f5es clim\u00e1ticas bastante favor\u00e1veis ao cultivo da&nbsp;pitaya, com isso, o prefeito David Almeida acreditou que o incentivo fosse promissor; diversificando a produ\u00e7\u00e3o agr\u00edcola, oferecendo novas oportunidades econ\u00f4micas para esses agricultores\u201d, concluiu Costa.&nbsp;<\/p>\n\n\n\n<p>Para Israel Feitosa, presidente da cooperativa do ramal Rio Branquinho, as fam\u00edlias est\u00e3o muito satisfeitas com suas produ\u00e7\u00f5es, al\u00e9m da produ\u00e7\u00e3o de peixes, galinhas e frutas, como o cupua\u00e7u, a safra do \u201cnovo\u201d fruto tem sido abundante.&nbsp;<\/p>\n\n\n\n<p>&#8220;Ao incentivar os agricultores a cultivar pitaya, o prefeito David Almeida e toda equipe da Semacc ofereceram suporte t\u00e9cnico, acesso a recursos e capacita\u00e7\u00e3o para nos ajudar com essa nova cultura. Estamos muitos satisfeitos, todos est\u00e3o colhendo e t\u00eam sua safra j\u00e1 vendida, que \u00e9 melhor ainda\u201d, relatou o agricultor Israel.&nbsp;<\/p>\n\n\n\n<p>O programa tem o apoio da C\u00e2mara Municipal de Manaus (CMM), por emendas parlamentares que atenderam aproximadamente cem produtores rurais, e mais incentivo de capacita\u00e7\u00e3o e inova\u00e7\u00e3o da Semtepi.<\/p>\n\n\n\n<p>&#8212; &#8212; &#8212;<\/p>\n\n\n\n<p><strong>Texto<\/strong>&nbsp;&#8211; Polyana Brelaz\/Semacc<\/p>\n\n\n\n<p><strong>Fotos<\/strong>&nbsp;&#8211; Gildo Smith\/Semacc<\/p>\n\n\n\n<p><strong>Dispon\u00edveis em &#8211;&nbsp;<\/strong><strong><a href=\"https:\/\/flic.kr\/s\/aHBqjBhknr\" target=\"_blank\" rel=\"noreferrer noopener\">https:\/\/flic.kr\/s\/aHBqjBhknr<\/a><\/strong><\/p>\n","protected":false},"excerpt":{"rendered":"","protected":false},"author":23,"featured_media":885,"comment_status":"closed","ping_status":"closed","sticky":false,"template":"","format":"standard","meta":{"footnotes":""},"categories":[40],"tags":[142,411,47,51,10,43,13,53],"acf":[],"yoast_head":"<!-- This site is optimized with the Yoast SEO plugin v23.0 - https:\/\/yoast.com\/wordpress\/plugins\/seo\/ -->\n<title>Prefeitura de Manaus acompanha primeira colheita de pitaya nos polos agr\u00edcolas da capital<\/title>\n<meta name=\"description\" content=\"A Prefeitura de Manaus, por meio das secretarias municipais de Agricultura, Abastecimento, Centro e Com\u00e9rcio Informal (Semacc) e do Trabalho, Empreendedorismo e Inova\u00e7\u00e3o (Semtepi), acompanha a produtividade da colheita de pitaya nas propriedades agr\u00edcolas da capital.\" \/>\n<meta name=\"robots\" content=\"noindex, follow\" \/>\n<meta property=\"og:locale\" content=\"pt_BR\" \/>\n<meta property=\"og:type\" content=\"article\" \/>\n<meta property=\"og:title\" content=\"Prefeitura de Manaus acompanha primeira colheita de pitaya nos polos agr\u00edcolas da capital\" \/>\n<meta property=\"og:description\" content=\"A Prefeitura de Manaus, por meio das secretarias municipais de Agricultura, Abastecimento, Centro e Com\u00e9rcio Informal (Semacc) e do Trabalho, Empreendedorismo e Inova\u00e7\u00e3o (Semtepi), acompanha a produtividade da colheita de pitaya nas propriedades agr\u00edcolas da capital.\" \/>\n<meta property=\"og:url\" content=\"https:\/\/www.manaus.am.gov.br\/semacc\/semacc-colheita-pitaya\/\" \/>\n<meta property=\"og:site_name\" content=\"SEMACC\" \/>\n<meta property=\"article:published_time\" content=\"2024-03-12T17:48:39+00:00\" \/>\n<meta property=\"article:modified_time\" content=\"2024-03-12T17:48:41+00:00\" \/>\n<meta property=\"og:image\" content=\"https:\/\/www.manaus.am.gov.br\/semacc\/wp-content\/uploads\/sites\/22\/2024\/03\/IMG_2666.jpeg\" \/>\n\t<meta property=\"og:image:width\" content=\"1280\" \/>\n\t<meta property=\"og:image:height\" content=\"960\" \/>\n\t<meta property=\"og:image:type\" content=\"image\/jpeg\" \/>\n<meta name=\"author\" content=\"Adriana Costa\" \/>\n<meta name=\"twitter:card\" content=\"summary_large_image\" \/>\n<meta name=\"twitter:label1\" content=\"Written by\" \/>\n\t<meta name=\"twitter:data1\" content=\"Adriana Costa\" \/>\n\t<meta name=\"twitter:label2\" content=\"Est. reading time\" \/>\n\t<meta name=\"twitter:data2\" content=\"3 minutos\" \/>\n<script type=\"application\/ld+json\" class=\"yoast-schema-graph\">{\"@context\":\"https:\/\/schema.org\",\"@graph\":[{\"@type\":\"WebPage\",\"@id\":\"https:\/\/www.manaus.am.gov.br\/semacc\/semacc-colheita-pitaya\/\",\"url\":\"https:\/\/www.manaus.am.gov.br\/semacc\/semacc-colheita-pitaya\/\",\"name\":\"Prefeitura de Manaus acompanha primeira colheita de pitaya nos polos agr\u00edcolas da capital\",\"isPartOf\":{\"@id\":\"https:\/\/www.manaus.am.gov.br\/semacc\/#website\"},\"primaryImageOfPage\":{\"@id\":\"https:\/\/www.manaus.am.gov.br\/semacc\/semacc-colheita-pitaya\/#primaryimage\"},\"image\":{\"@id\":\"https:\/\/www.manaus.am.gov.br\/semacc\/semacc-colheita-pitaya\/#primaryimage\"},\"thumbnailUrl\":\"https:\/\/www.manaus.am.gov.br\/semacc\/wp-content\/uploads\/sites\/22\/2024\/03\/IMG_2666.jpeg\",\"datePublished\":\"2024-03-12T17:48:39+00:00\",\"dateModified\":\"2024-03-12T17:48:41+00:00\",\"author\":{\"@id\":\"https:\/\/www.manaus.am.gov.br\/semacc\/#\/schema\/person\/4e49f4e267757a06ca072ec61b2b9968\"},\"description\":\"A Prefeitura de Manaus, por meio das secretarias municipais de Agricultura, Abastecimento, Centro e Com\u00e9rcio Informal (Semacc) e do Trabalho, Empreendedorismo e Inova\u00e7\u00e3o (Semtepi), acompanha a produtividade da colheita de pitaya nas propriedades agr\u00edcolas da capital.\",\"breadcrumb\":{\"@id\":\"https:\/\/www.manaus.am.gov.br\/semacc\/semacc-colheita-pitaya\/#breadcrumb\"},\"inLanguage\":\"pt-BR\",\"potentialAction\":[{\"@type\":\"ReadAction\",\"target\":[\"https:\/\/www.manaus.am.gov.br\/semacc\/semacc-colheita-pitaya\/\"]}]},{\"@type\":\"ImageObject\",\"inLanguage\":\"pt-BR\",\"@id\":\"https:\/\/www.manaus.am.gov.br\/semacc\/semacc-colheita-pitaya\/#primaryimage\",\"url\":\"https:\/\/www.manaus.am.gov.br\/semacc\/wp-content\/uploads\/sites\/22\/2024\/03\/IMG_2666.jpeg\",\"contentUrl\":\"https:\/\/www.manaus.am.gov.br\/semacc\/wp-content\/uploads\/sites\/22\/2024\/03\/IMG_2666.jpeg\",\"width\":1280,\"height\":960},{\"@type\":\"BreadcrumbList\",\"@id\":\"https:\/\/www.manaus.am.gov.br\/semacc\/semacc-colheita-pitaya\/#breadcrumb\",\"itemListElement\":[{\"@type\":\"ListItem\",\"position\":1,\"name\":\"Home\",\"item\":\"https:\/\/www.manaus.am.gov.br\/semacc\/\"},{\"@type\":\"ListItem\",\"position\":2,\"name\":\"Prefeitura de Manaus acompanha primeira colheita de pitaya nos polos agr\u00edcolas da capital\"}]},{\"@type\":\"WebSite\",\"@id\":\"https:\/\/www.manaus.am.gov.br\/semacc\/#website\",\"url\":\"https:\/\/www.manaus.am.gov.br\/semacc\/\",\"name\":\"SEMACC\",\"description\":\"Prefeitura de Manaus\",\"potentialAction\":[{\"@type\":\"SearchAction\",\"target\":{\"@type\":\"EntryPoint\",\"urlTemplate\":\"https:\/\/www.manaus.am.gov.br\/semacc\/?s={search_term_string}\"},\"query-input\":\"required name=search_term_string\"}],\"inLanguage\":\"pt-BR\"},{\"@type\":\"Person\",\"@id\":\"https:\/\/www.manaus.am.gov.br\/semacc\/#\/schema\/person\/4e49f4e267757a06ca072ec61b2b9968\",\"name\":\"Adriana Costa\",\"image\":{\"@type\":\"ImageObject\",\"inLanguage\":\"pt-BR\",\"@id\":\"https:\/\/www.manaus.am.gov.br\/semacc\/#\/schema\/person\/image\/\",\"url\":\"https:\/\/secure.gravatar.com\/avatar\/576258617ef7194f718179e766d57bd4?s=96&d=mm&r=g\",\"contentUrl\":\"https:\/\/secure.gravatar.com\/avatar\/576258617ef7194f718179e766d57bd4?s=96&d=mm&r=g\",\"caption\":\"Adriana Costa\"}}]}<\/script>\n<!-- \/ Yoast SEO plugin. -->","yoast_head_json":{"title":"Prefeitura de Manaus acompanha primeira colheita de pitaya nos polos agr\u00edcolas da capital","description":"A Prefeitura de Manaus, por meio das secretarias municipais de Agricultura, Abastecimento, Centro e Com\u00e9rcio Informal (Semacc) e do Trabalho, Empreendedorismo e Inova\u00e7\u00e3o (Semtepi), acompanha a produtividade da colheita de pitaya nas propriedades agr\u00edcolas da capital.","robots":{"index":"noindex","follow":"follow"},"og_locale":"pt_BR","og_type":"article","og_title":"Prefeitura de Manaus acompanha primeira colheita de pitaya nos polos agr\u00edcolas da capital","og_description":"A Prefeitura de Manaus, por meio das secretarias municipais de Agricultura, Abastecimento, Centro e Com\u00e9rcio Informal (Semacc) e do Trabalho, Empreendedorismo e Inova\u00e7\u00e3o (Semtepi), acompanha a produtividade da colheita de pitaya nas propriedades agr\u00edcolas da capital.","og_url":"https:\/\/www.manaus.am.gov.br\/semacc\/semacc-colheita-pitaya\/","og_site_name":"SEMACC","article_published_time":"2024-03-12T17:48:39+00:00","article_modified_time":"2024-03-12T17:48:41+00:00","og_image":[{"width":1280,"height":960,"url":"https:\/\/www.manaus.am.gov.br\/semacc\/wp-content\/uploads\/sites\/22\/2024\/03\/IMG_2666.jpeg","type":"image\/jpeg"}],"author":"Adriana Costa","twitter_card":"summary_large_image","twitter_misc":{"Written by":"Adriana Costa","Est. reading time":"3 minutos"},"schema":{"@context":"https:\/\/schema.org","@graph":[{"@type":"WebPage","@id":"https:\/\/www.manaus.am.gov.br\/semacc\/semacc-colheita-pitaya\/","url":"https:\/\/www.manaus.am.gov.br\/semacc\/semacc-colheita-pitaya\/","name":"Prefeitura de Manaus acompanha primeira colheita de pitaya nos polos agr\u00edcolas da capital","isPartOf":{"@id":"https:\/\/www.manaus.am.gov.br\/semacc\/#website"},"primaryImageOfPage":{"@id":"https:\/\/www.manaus.am.gov.br\/semacc\/semacc-colheita-pitaya\/#primaryimage"},"image":{"@id":"https:\/\/www.manaus.am.gov.br\/semacc\/semacc-colheita-pitaya\/#primaryimage"},"thumbnailUrl":"https:\/\/www.manaus.am.gov.br\/semacc\/wp-content\/uploads\/sites\/22\/2024\/03\/IMG_2666.jpeg","datePublished":"2024-03-12T17:48:39+00:00","dateModified":"2024-03-12T17:48:41+00:00","author":{"@id":"https:\/\/www.manaus.am.gov.br\/semacc\/#\/schema\/person\/4e49f4e267757a06ca072ec61b2b9968"},"description":"A Prefeitura de Manaus, por meio das secretarias municipais de Agricultura, Abastecimento, Centro e Com\u00e9rcio Informal (Semacc) e do Trabalho, Empreendedorismo e Inova\u00e7\u00e3o (Semtepi), acompanha a produtividade da colheita de pitaya nas propriedades agr\u00edcolas da capital.","breadcrumb":{"@id":"https:\/\/www.manaus.am.gov.br\/semacc\/semacc-colheita-pitaya\/#breadcrumb"},"inLanguage":"pt-BR","potentialAction":[{"@type":"ReadAction","target":["https:\/\/www.manaus.am.gov.br\/semacc\/semacc-colheita-pitaya\/"]}]},{"@type":"ImageObject","inLanguage":"pt-BR","@id":"https:\/\/www.manaus.am.gov.br\/semacc\/semacc-colheita-pitaya\/#primaryimage","url":"https:\/\/www.manaus.am.gov.br\/semacc\/wp-content\/uploads\/sites\/22\/2024\/03\/IMG_2666.jpeg","contentUrl":"https:\/\/www.manaus.am.gov.br\/semacc\/wp-content\/uploads\/sites\/22\/2024\/03\/IMG_2666.jpeg","width":1280,"height":960},{"@type":"BreadcrumbList","@id":"https:\/\/www.manaus.am.gov.br\/semacc\/semacc-colheita-pitaya\/#breadcrumb","itemListElement":[{"@type":"ListItem","position":1,"name":"Home","item":"https:\/\/www.manaus.am.gov.br\/semacc\/"},{"@type":"ListItem","position":2,"name":"Prefeitura de Manaus acompanha primeira colheita de pitaya nos polos agr\u00edcolas da capital"}]},{"@type":"WebSite","@id":"https:\/\/www.manaus.am.gov.br\/semacc\/#website","url":"https:\/\/www.manaus.am.gov.br\/semacc\/","name":"SEMACC","description":"Prefeitura de Manaus","potentialAction":[{"@type":"SearchAction","target":{"@type":"EntryPoint","urlTemplate":"https:\/\/www.manaus.am.gov.br\/semacc\/?s={search_term_string}"},"query-input":"required name=search_term_string"}],"inLanguage":"pt-BR"},{"@type":"Person","@id":"https:\/\/www.manaus.am.gov.br\/semacc\/#\/schema\/person\/4e49f4e267757a06ca072ec61b2b9968","name":"Adriana Costa","image":{"@type":"ImageObject","inLanguage":"pt-BR","@id":"https:\/\/www.manaus.am.gov.br\/semacc\/#\/schema\/person\/image\/","url":"https:\/\/secure.gravatar.com\/avatar\/576258617ef7194f718179e766d57bd4?s=96&d=mm&r=g","contentUrl":"https:\/\/secure.gravatar.com\/avatar\/576258617ef7194f718179e766d57bd4?s=96&d=mm&r=g","caption":"Adriana Costa"}}]}},"_links":{"self":[{"href":"https:\/\/www.manaus.am.gov.br\/semacc\/wp-json\/wp\/v2\/posts\/884"}],"collection":[{"href":"https:\/\/www.manaus.am.gov.br\/semacc\/wp-json\/wp\/v2\/posts"}],"about":[{"href":"https:\/\/www.manaus.am.gov.br\/semacc\/wp-json\/wp\/v2\/types\/post"}],"author":[{"embeddable":true,"href":"https:\/\/www.manaus.am.gov.br\/semacc\/wp-json\/wp\/v2\/users\/23"}],"replies":[{"embeddable":true,"href":"https:\/\/www.manaus.am.gov.br\/semacc\/wp-json\/wp\/v2\/comments?post=884"}],"version-history":[{"count":0,"href":"https:\/\/www.manaus.am.gov.br\/semacc\/wp-json\/wp\/v2\/posts\/884\/revisions"}],"wp:featuredmedia":[{"embeddable":true,"href":"https:\/\/www.manaus.am.gov.br\/semacc\/wp-json\/wp\/v2\/media\/885"}],"wp:attachment":[{"href":"https:\/\/www.manaus.am.gov.br\/semacc\/wp-json\/wp\/v2\/media?parent=884"}],"wp:term":[{"taxonomy":"category","embeddable":true,"href":"https:\/\/www.manaus.am.gov.br\/semacc\/wp-json\/wp\/v2\/categories?post=884"},{"taxonomy":"post_tag","embeddable":true,"href":"https:\/\/www.manaus.am.gov.br\/semacc\/wp-json\/wp\/v2\/tags?post=884"}],"curies":[{"name":"wp","href":"https:\/\/api.w.org\/{rel}","templated":true}]}}