{"id":377,"date":"2023-06-16T14:28:30","date_gmt":"2023-06-16T18:28:30","guid":{"rendered":"https:\/\/www.manaus.am.gov.br\/semacc\/prefeitura-de-manaus-inicia-a-implantacao-de-casa-de-farinha-no-ramal-do-brasileirinho\/"},"modified":"2023-06-16T14:28:31","modified_gmt":"2023-06-16T18:28:31","slug":"prefeitura-de-manaus-inicia-a-implantacao-de-casa-de-farinha-no-ramal-do-brasileirinho","status":"publish","type":"post","link":"https:\/\/www.manaus.am.gov.br\/semacc\/prefeitura-de-manaus-inicia-a-implantacao-de-casa-de-farinha-no-ramal-do-brasileirinho\/","title":{"rendered":"<strong>Prefeitura de Manaus inicia a implanta\u00e7\u00e3o de \u2018Casa de Farinha\u2019 no ramal do Brasileirinho<\/strong>"},"content":{"rendered":"\n<p>A Prefeitura de Manaus, por meio da Secretaria Municipal de Agricultura, Abastecimento, Centro e Comercio Informal (Semacc), trabalha na terraplanagem do terreno onde est\u00e1 sendo implantada a nova \u201cCasa de Farinha\u201d, que beneficia cerca de cem agricultores que trabalham na regi\u00e3o do ramal do Brasileirinho, zona Leste da capital.<\/p>\n\n\n\n<p>A comunidade \u00e9 uma das cinco contempladas no edital Kit Casas de Farinha 2022, com equipamentos para fomentar a produ\u00e7\u00e3o agr\u00edcola na regi\u00e3o. A cess\u00e3o dos kits faz parte do programa \u201cManaus + Agro\u201d, lan\u00e7ado em 2021 pelo prefeito David Almeida, e tem beneficiado pequenos produtores rurais que atuam na produ\u00e7\u00e3o de farinha, uma das cadeias priorit\u00e1rias dos polos de agricultura familiar de Manaus.<\/p>\n\n\n\n<p>De acordo com a diretora do Departamento de Agricultura e Abastecimento (DAA) da Semacc, Meyb Seixas, o fomento da agricultura familiar tem sido prioridade na gest\u00e3o do prefeito David Almeida e os kits \u201cCasa de Farinha\u201d s\u00e3o subs\u00eddios que ajudam diretamente centenas de fam\u00edlias de pequenos agricultores, que a partir de agora, com apoio e log\u00edstica, v\u00e3o trabalhar e escoar seu produto nas feiras e mercados municipais.<\/p>\n\n\n\n<p>\u201cEstamos aqui acompanhando toda a log\u00edstica da implanta\u00e7\u00e3o da \u2018Casa de Farinha\u2019. Mais de cem agricultores v\u00e3o ter a oportunidade de aumentar a produ\u00e7\u00e3o de farinha, dando a possibilidade de vendas mais eficientes e o produto vai ser produzido em maior escala, com o intuito de ser comercializado nas nossas feiras e mercados\u201d, explicou Meyb.<\/p>\n\n\n\n<p>Para a agricultora Nilda Maria, a implanta\u00e7\u00e3o dos equipamentos vai intensificar sua produ\u00e7\u00e3o e comercializa\u00e7\u00e3o da farinha, al\u00e9m de fortalecer todos os agricultores da associa\u00e7\u00e3o.<\/p>\n\n\n\n<p>\u201cEstou feliz, pois conseguimos participar do edital e ter a oportunidade de ser beneficiados com novos equipamentos. Todos aqui v\u00e3o poder trabalhar e fortalecer a produ\u00e7\u00e3o, e temos a expectativa de fornecer nosso produto para nossas feiras e mercados \u201c, enfatizou Nilda.<\/p>\n\n\n\n<p>Cada kit \u00e9 composto por um grupo gerador de eletricidade, ralador de mandioca, farinha, prensa, torrador, bomba d\u2019\u00e1gua e balan\u00e7a mec\u00e2nica.<\/p>\n\n\n\n<p>&#8212; &#8212; &#8212;<\/p>\n\n\n\n<p><strong>Texto &#8211;&nbsp;<\/strong>Polyana Brelaz \/ Semacc<\/p>\n\n\n\n<p><strong>Fotos &#8211;&nbsp;<\/strong>Gildo Smith \/ Semacc<\/p>\n\n\n\n<p><strong>Dispon\u00edveis em &#8211;<\/strong>&nbsp;<a href=\"https:\/\/flic.kr\/s\/aHBqjAHZ1B\" target=\"_blank\" rel=\"noreferrer noopener\">https:\/\/flic.kr\/s\/aHBqjAHZ1B<\/a><\/p>\n","protected":false},"excerpt":{"rendered":"","protected":false},"author":23,"featured_media":378,"comment_status":"closed","ping_status":"closed","sticky":false,"template":"","format":"standard","meta":{"footnotes":""},"categories":[40],"tags":[142,143,10,64,13],"acf":[],"yoast_head":"<!-- This site is optimized with the Yoast SEO plugin v23.0 - https:\/\/yoast.com\/wordpress\/plugins\/seo\/ -->\n<title>Prefeitura de Manaus inicia a implanta\u00e7\u00e3o de \u2018Casa de Farinha\u2019 no ramal do Brasileirinho<\/title>\n<meta name=\"description\" content=\"A Prefeitura de Manaus, por meio da Secretaria Municipal de Agricultura, Abastecimento, Centro e Comercio Informal (Semacc), trabalha na terraplanagem do terreno onde est\u00e1 sendo implantada a nova \u201cCasa de Farinha\u201d, que beneficia cerca de cem agricultores que trabalham na regi\u00e3o do ramal do Brasileirinho, zona Leste da capital.\" \/>\n<meta name=\"robots\" content=\"noindex, follow\" \/>\n<meta property=\"og:locale\" content=\"pt_BR\" \/>\n<meta property=\"og:type\" content=\"article\" \/>\n<meta property=\"og:title\" content=\"Prefeitura de Manaus inicia a implanta\u00e7\u00e3o de \u2018Casa de Farinha\u2019 no ramal do Brasileirinho\" \/>\n<meta property=\"og:description\" content=\"A Prefeitura de Manaus, por meio da Secretaria Municipal de Agricultura, Abastecimento, Centro e Comercio Informal (Semacc), trabalha na terraplanagem do terreno onde est\u00e1 sendo implantada a nova \u201cCasa de Farinha\u201d, que beneficia cerca de cem agricultores que trabalham na regi\u00e3o do ramal do Brasileirinho, zona Leste da capital.\" \/>\n<meta property=\"og:url\" content=\"https:\/\/www.manaus.am.gov.br\/semacc\/prefeitura-de-manaus-inicia-a-implantacao-de-casa-de-farinha-no-ramal-do-brasileirinho\/\" \/>\n<meta property=\"og:site_name\" content=\"SEMACC\" \/>\n<meta property=\"article:published_time\" content=\"2023-06-16T18:28:30+00:00\" \/>\n<meta property=\"article:modified_time\" content=\"2023-06-16T18:28:31+00:00\" \/>\n<meta property=\"og:image\" content=\"https:\/\/www.manaus.am.gov.br\/semacc\/wp-content\/uploads\/sites\/22\/2023\/06\/WhatsApp-Image-2023-06-16-at-14.25.02.jpeg\" \/>\n\t<meta property=\"og:image:width\" content=\"1600\" \/>\n\t<meta property=\"og:image:height\" content=\"1200\" \/>\n\t<meta property=\"og:image:type\" content=\"image\/jpeg\" \/>\n<meta name=\"author\" content=\"Adriana Costa\" \/>\n<meta name=\"twitter:card\" content=\"summary_large_image\" \/>\n<meta name=\"twitter:label1\" content=\"Written by\" \/>\n\t<meta name=\"twitter:data1\" content=\"Adriana Costa\" \/>\n\t<meta name=\"twitter:label2\" content=\"Est. reading time\" \/>\n\t<meta name=\"twitter:data2\" content=\"2 minutos\" \/>\n<script type=\"application\/ld+json\" class=\"yoast-schema-graph\">{\"@context\":\"https:\/\/schema.org\",\"@graph\":[{\"@type\":\"WebPage\",\"@id\":\"https:\/\/www.manaus.am.gov.br\/semacc\/prefeitura-de-manaus-inicia-a-implantacao-de-casa-de-farinha-no-ramal-do-brasileirinho\/\",\"url\":\"https:\/\/www.manaus.am.gov.br\/semacc\/prefeitura-de-manaus-inicia-a-implantacao-de-casa-de-farinha-no-ramal-do-brasileirinho\/\",\"name\":\"Prefeitura de Manaus inicia a implanta\u00e7\u00e3o de \u2018Casa de Farinha\u2019 no ramal do Brasileirinho\",\"isPartOf\":{\"@id\":\"https:\/\/www.manaus.am.gov.br\/semacc\/#website\"},\"primaryImageOfPage\":{\"@id\":\"https:\/\/www.manaus.am.gov.br\/semacc\/prefeitura-de-manaus-inicia-a-implantacao-de-casa-de-farinha-no-ramal-do-brasileirinho\/#primaryimage\"},\"image\":{\"@id\":\"https:\/\/www.manaus.am.gov.br\/semacc\/prefeitura-de-manaus-inicia-a-implantacao-de-casa-de-farinha-no-ramal-do-brasileirinho\/#primaryimage\"},\"thumbnailUrl\":\"https:\/\/www.manaus.am.gov.br\/semacc\/wp-content\/uploads\/sites\/22\/2023\/06\/WhatsApp-Image-2023-06-16-at-14.25.02.jpeg\",\"datePublished\":\"2023-06-16T18:28:30+00:00\",\"dateModified\":\"2023-06-16T18:28:31+00:00\",\"author\":{\"@id\":\"https:\/\/www.manaus.am.gov.br\/semacc\/#\/schema\/person\/4e49f4e267757a06ca072ec61b2b9968\"},\"description\":\"A Prefeitura de Manaus, por meio da Secretaria Municipal de Agricultura, Abastecimento, Centro e Comercio Informal (Semacc), trabalha na terraplanagem do terreno onde est\u00e1 sendo implantada a nova \u201cCasa de Farinha\u201d, que beneficia cerca de cem agricultores que trabalham na regi\u00e3o do ramal do Brasileirinho, zona Leste da capital.\",\"breadcrumb\":{\"@id\":\"https:\/\/www.manaus.am.gov.br\/semacc\/prefeitura-de-manaus-inicia-a-implantacao-de-casa-de-farinha-no-ramal-do-brasileirinho\/#breadcrumb\"},\"inLanguage\":\"pt-BR\",\"potentialAction\":[{\"@type\":\"ReadAction\",\"target\":[\"https:\/\/www.manaus.am.gov.br\/semacc\/prefeitura-de-manaus-inicia-a-implantacao-de-casa-de-farinha-no-ramal-do-brasileirinho\/\"]}]},{\"@type\":\"ImageObject\",\"inLanguage\":\"pt-BR\",\"@id\":\"https:\/\/www.manaus.am.gov.br\/semacc\/prefeitura-de-manaus-inicia-a-implantacao-de-casa-de-farinha-no-ramal-do-brasileirinho\/#primaryimage\",\"url\":\"https:\/\/www.manaus.am.gov.br\/semacc\/wp-content\/uploads\/sites\/22\/2023\/06\/WhatsApp-Image-2023-06-16-at-14.25.02.jpeg\",\"contentUrl\":\"https:\/\/www.manaus.am.gov.br\/semacc\/wp-content\/uploads\/sites\/22\/2023\/06\/WhatsApp-Image-2023-06-16-at-14.25.02.jpeg\",\"width\":1600,\"height\":1200},{\"@type\":\"BreadcrumbList\",\"@id\":\"https:\/\/www.manaus.am.gov.br\/semacc\/prefeitura-de-manaus-inicia-a-implantacao-de-casa-de-farinha-no-ramal-do-brasileirinho\/#breadcrumb\",\"itemListElement\":[{\"@type\":\"ListItem\",\"position\":1,\"name\":\"Home\",\"item\":\"https:\/\/www.manaus.am.gov.br\/semacc\/\"},{\"@type\":\"ListItem\",\"position\":2,\"name\":\"Prefeitura de Manaus inicia a implanta\u00e7\u00e3o de \u2018Casa de Farinha\u2019 no ramal do Brasileirinho\"}]},{\"@type\":\"WebSite\",\"@id\":\"https:\/\/www.manaus.am.gov.br\/semacc\/#website\",\"url\":\"https:\/\/www.manaus.am.gov.br\/semacc\/\",\"name\":\"SEMACC\",\"description\":\"Prefeitura de Manaus\",\"potentialAction\":[{\"@type\":\"SearchAction\",\"target\":{\"@type\":\"EntryPoint\",\"urlTemplate\":\"https:\/\/www.manaus.am.gov.br\/semacc\/?s={search_term_string}\"},\"query-input\":\"required name=search_term_string\"}],\"inLanguage\":\"pt-BR\"},{\"@type\":\"Person\",\"@id\":\"https:\/\/www.manaus.am.gov.br\/semacc\/#\/schema\/person\/4e49f4e267757a06ca072ec61b2b9968\",\"name\":\"Adriana Costa\",\"image\":{\"@type\":\"ImageObject\",\"inLanguage\":\"pt-BR\",\"@id\":\"https:\/\/www.manaus.am.gov.br\/semacc\/#\/schema\/person\/image\/\",\"url\":\"https:\/\/secure.gravatar.com\/avatar\/576258617ef7194f718179e766d57bd4?s=96&d=mm&r=g\",\"contentUrl\":\"https:\/\/secure.gravatar.com\/avatar\/576258617ef7194f718179e766d57bd4?s=96&d=mm&r=g\",\"caption\":\"Adriana Costa\"}}]}<\/script>\n<!-- \/ Yoast SEO plugin. -->","yoast_head_json":{"title":"Prefeitura de Manaus inicia a implanta\u00e7\u00e3o de \u2018Casa de Farinha\u2019 no ramal do Brasileirinho","description":"A Prefeitura de Manaus, por meio da Secretaria Municipal de Agricultura, Abastecimento, Centro e Comercio Informal (Semacc), trabalha na terraplanagem do terreno onde est\u00e1 sendo implantada a nova \u201cCasa de Farinha\u201d, que beneficia cerca de cem agricultores que trabalham na regi\u00e3o do ramal do Brasileirinho, zona Leste da capital.","robots":{"index":"noindex","follow":"follow"},"og_locale":"pt_BR","og_type":"article","og_title":"Prefeitura de Manaus inicia a implanta\u00e7\u00e3o de \u2018Casa de Farinha\u2019 no ramal do Brasileirinho","og_description":"A Prefeitura de Manaus, por meio da Secretaria Municipal de Agricultura, Abastecimento, Centro e Comercio Informal (Semacc), trabalha na terraplanagem do terreno onde est\u00e1 sendo implantada a nova \u201cCasa de Farinha\u201d, que beneficia cerca de cem agricultores que trabalham na regi\u00e3o do ramal do Brasileirinho, zona Leste da capital.","og_url":"https:\/\/www.manaus.am.gov.br\/semacc\/prefeitura-de-manaus-inicia-a-implantacao-de-casa-de-farinha-no-ramal-do-brasileirinho\/","og_site_name":"SEMACC","article_published_time":"2023-06-16T18:28:30+00:00","article_modified_time":"2023-06-16T18:28:31+00:00","og_image":[{"width":1600,"height":1200,"url":"https:\/\/www.manaus.am.gov.br\/semacc\/wp-content\/uploads\/sites\/22\/2023\/06\/WhatsApp-Image-2023-06-16-at-14.25.02.jpeg","type":"image\/jpeg"}],"author":"Adriana Costa","twitter_card":"summary_large_image","twitter_misc":{"Written by":"Adriana Costa","Est. reading time":"2 minutos"},"schema":{"@context":"https:\/\/schema.org","@graph":[{"@type":"WebPage","@id":"https:\/\/www.manaus.am.gov.br\/semacc\/prefeitura-de-manaus-inicia-a-implantacao-de-casa-de-farinha-no-ramal-do-brasileirinho\/","url":"https:\/\/www.manaus.am.gov.br\/semacc\/prefeitura-de-manaus-inicia-a-implantacao-de-casa-de-farinha-no-ramal-do-brasileirinho\/","name":"Prefeitura de Manaus inicia a implanta\u00e7\u00e3o de \u2018Casa de Farinha\u2019 no ramal do Brasileirinho","isPartOf":{"@id":"https:\/\/www.manaus.am.gov.br\/semacc\/#website"},"primaryImageOfPage":{"@id":"https:\/\/www.manaus.am.gov.br\/semacc\/prefeitura-de-manaus-inicia-a-implantacao-de-casa-de-farinha-no-ramal-do-brasileirinho\/#primaryimage"},"image":{"@id":"https:\/\/www.manaus.am.gov.br\/semacc\/prefeitura-de-manaus-inicia-a-implantacao-de-casa-de-farinha-no-ramal-do-brasileirinho\/#primaryimage"},"thumbnailUrl":"https:\/\/www.manaus.am.gov.br\/semacc\/wp-content\/uploads\/sites\/22\/2023\/06\/WhatsApp-Image-2023-06-16-at-14.25.02.jpeg","datePublished":"2023-06-16T18:28:30+00:00","dateModified":"2023-06-16T18:28:31+00:00","author":{"@id":"https:\/\/www.manaus.am.gov.br\/semacc\/#\/schema\/person\/4e49f4e267757a06ca072ec61b2b9968"},"description":"A Prefeitura de Manaus, por meio da Secretaria Municipal de Agricultura, Abastecimento, Centro e Comercio Informal (Semacc), trabalha na terraplanagem do terreno onde est\u00e1 sendo implantada a nova \u201cCasa de Farinha\u201d, que beneficia cerca de cem agricultores que trabalham na regi\u00e3o do ramal do Brasileirinho, zona Leste da capital.","breadcrumb":{"@id":"https:\/\/www.manaus.am.gov.br\/semacc\/prefeitura-de-manaus-inicia-a-implantacao-de-casa-de-farinha-no-ramal-do-brasileirinho\/#breadcrumb"},"inLanguage":"pt-BR","potentialAction":[{"@type":"ReadAction","target":["https:\/\/www.manaus.am.gov.br\/semacc\/prefeitura-de-manaus-inicia-a-implantacao-de-casa-de-farinha-no-ramal-do-brasileirinho\/"]}]},{"@type":"ImageObject","inLanguage":"pt-BR","@id":"https:\/\/www.manaus.am.gov.br\/semacc\/prefeitura-de-manaus-inicia-a-implantacao-de-casa-de-farinha-no-ramal-do-brasileirinho\/#primaryimage","url":"https:\/\/www.manaus.am.gov.br\/semacc\/wp-content\/uploads\/sites\/22\/2023\/06\/WhatsApp-Image-2023-06-16-at-14.25.02.jpeg","contentUrl":"https:\/\/www.manaus.am.gov.br\/semacc\/wp-content\/uploads\/sites\/22\/2023\/06\/WhatsApp-Image-2023-06-16-at-14.25.02.jpeg","width":1600,"height":1200},{"@type":"BreadcrumbList","@id":"https:\/\/www.manaus.am.gov.br\/semacc\/prefeitura-de-manaus-inicia-a-implantacao-de-casa-de-farinha-no-ramal-do-brasileirinho\/#breadcrumb","itemListElement":[{"@type":"ListItem","position":1,"name":"Home","item":"https:\/\/www.manaus.am.gov.br\/semacc\/"},{"@type":"ListItem","position":2,"name":"Prefeitura de Manaus inicia a implanta\u00e7\u00e3o de \u2018Casa de Farinha\u2019 no ramal do Brasileirinho"}]},{"@type":"WebSite","@id":"https:\/\/www.manaus.am.gov.br\/semacc\/#website","url":"https:\/\/www.manaus.am.gov.br\/semacc\/","name":"SEMACC","description":"Prefeitura de Manaus","potentialAction":[{"@type":"SearchAction","target":{"@type":"EntryPoint","urlTemplate":"https:\/\/www.manaus.am.gov.br\/semacc\/?s={search_term_string}"},"query-input":"required name=search_term_string"}],"inLanguage":"pt-BR"},{"@type":"Person","@id":"https:\/\/www.manaus.am.gov.br\/semacc\/#\/schema\/person\/4e49f4e267757a06ca072ec61b2b9968","name":"Adriana Costa","image":{"@type":"ImageObject","inLanguage":"pt-BR","@id":"https:\/\/www.manaus.am.gov.br\/semacc\/#\/schema\/person\/image\/","url":"https:\/\/secure.gravatar.com\/avatar\/576258617ef7194f718179e766d57bd4?s=96&d=mm&r=g","contentUrl":"https:\/\/secure.gravatar.com\/avatar\/576258617ef7194f718179e766d57bd4?s=96&d=mm&r=g","caption":"Adriana Costa"}}]}},"_links":{"self":[{"href":"https:\/\/www.manaus.am.gov.br\/semacc\/wp-json\/wp\/v2\/posts\/377"}],"collection":[{"href":"https:\/\/www.manaus.am.gov.br\/semacc\/wp-json\/wp\/v2\/posts"}],"about":[{"href":"https:\/\/www.manaus.am.gov.br\/semacc\/wp-json\/wp\/v2\/types\/post"}],"author":[{"embeddable":true,"href":"https:\/\/www.manaus.am.gov.br\/semacc\/wp-json\/wp\/v2\/users\/23"}],"replies":[{"embeddable":true,"href":"https:\/\/www.manaus.am.gov.br\/semacc\/wp-json\/wp\/v2\/comments?post=377"}],"version-history":[{"count":0,"href":"https:\/\/www.manaus.am.gov.br\/semacc\/wp-json\/wp\/v2\/posts\/377\/revisions"}],"wp:featuredmedia":[{"embeddable":true,"href":"https:\/\/www.manaus.am.gov.br\/semacc\/wp-json\/wp\/v2\/media\/378"}],"wp:attachment":[{"href":"https:\/\/www.manaus.am.gov.br\/semacc\/wp-json\/wp\/v2\/media?parent=377"}],"wp:term":[{"taxonomy":"category","embeddable":true,"href":"https:\/\/www.manaus.am.gov.br\/semacc\/wp-json\/wp\/v2\/categories?post=377"},{"taxonomy":"post_tag","embeddable":true,"href":"https:\/\/www.manaus.am.gov.br\/semacc\/wp-json\/wp\/v2\/tags?post=377"}],"curies":[{"name":"wp","href":"https:\/\/api.w.org\/{rel}","templated":true}]}}