{"id":2286,"date":"2026-08-29T12:10:27","date_gmt":"2026-08-29T16:10:27","guid":{"rendered":"https:\/\/www.manaus.am.gov.br\/semacc\/prefeitura-implurb-manausqueagentecuida-zonasul\/"},"modified":"2026-08-31T13:04:58","modified_gmt":"2026-08-31T17:04:58","slug":"prefeitura-implurb-manaus-que-a-gente-cuida-zonasul","status":"publish","type":"post","link":"https:\/\/www.manaus.am.gov.br\/semacc\/prefeitura-implurb-manaus-que-a-gente-cuida-zonasul\/","title":{"rendered":"Programa &#8216;Manaus que a Gente Cuida&#8217; atende anseios da popula\u00e7\u00e3o do Japiim e Petr\u00f3polis"},"content":{"rendered":"\n<p>A <a href=\"https:\/\/www.manaus.am.gov.br\/\">Prefeitura de Manaus<\/a> encerrou, neste s\u00e1bado, 29\/8, os trabalhos da 9\u00aa edi\u00e7\u00e3o do programa \u201cManaus que a Gente Cuida\u201d, realizada desde a quinta-feira (27), nos bairros Japiim e Petr\u00f3polis, na zona Sul da capital. Durante os tr\u00eas dias de a\u00e7\u00e3o, a popula\u00e7\u00e3o local contou com uma for\u00e7a-tarefa de servi\u00e7os sociais, sa\u00fade, habita\u00e7\u00e3o e cidadania concentrada na escola municipal Vicente de Paula, al\u00e9m de frentes de obra de infraestrutura e limpeza p\u00fablica pelas vias dos bairros.<\/p>\n\n\n\n<p>O mutir\u00e3o presencial na unidade de ensino aproximou os servi\u00e7os municipais do dia a dia dos moradores. O chefe de Divis\u00e3o do Cadastro \u00danico, da <a href=\"https:\/\/www.instagram.com\/semasc_manaus\/\">Secretaria Municipal da Mulher, Assist\u00eancia Social e Cidadania<\/a> (Semasc), Francisco Cruz, destacou que a escolha da regi\u00e3o respondeu diretamente a uma alta procura identificada na rede local.<\/p>\n\n\n\n<p>\u201cFalando de assist\u00eancia social e Cadastro \u00danico, aqui \u00e9 uma \u00e1rea que tem uma grande pend\u00eancia de atualiza\u00e7\u00e3o. Ent\u00e3o, essa foi a ideia de trazer o programa para a escola Vicente de Paula, principalmente por essa alta demanda que n\u00f3s temos ali no Cras Japiim. Trouxemos o Cadastro \u00danico e o &#8216;Manaus que a Gente Cuida&#8217; para aproveitar e oferecer tudo o que a popula\u00e7\u00e3o precisa\u201d, explicou Francisco Cruz.<\/p>\n\n\n\n<p>A praticidade de resolver pend\u00eancias e acessar servi\u00e7os essenciais em um s\u00f3 local foi amplamente elogiada pela comunidade. Para a moradora Mar\u00edlia Brito Rebello, a a\u00e7\u00e3o veio em um bom momento. Ela conseguiu realizar diversos atendimentos de sa\u00fade, como consultas e atendimento farmac\u00eautico. \u201cO atendimento foi nota 10, muito bom mesmo, a comunidade precisava\u201d, avaliou Mar\u00edlia.<\/p>\n\n\n\n<p>A agilidade e a proximidade do atendimento tamb\u00e9m facilitaram a rotina de quem buscou a estrutura montada na escola. A moradora Beatriz Leal Fernandes ressaltou a efici\u00eancia das equipes ao longo da a\u00e7\u00e3o. Ela conseguiu a emiss\u00e3o de credencial de estacionamento para pessoa com Transtorno do Espectro Autista (TEA).<\/p>\n\n\n\n<p>\u201cFoi um servi\u00e7o excelente. Consegui tirar tudo o que eu estava precisando e fui muito bem atendida\u201d, afirmou Beatriz.<\/p>\n\n\n\n<p>Al\u00e9m da emiss\u00e3o de documentos, atendimentos de sa\u00fade e atualiza\u00e7\u00e3o cadastral, o evento tamb\u00e9m distribuiu mudas de plantas medicinais e frut\u00edferas por meio da <a href=\"https:\/\/www.instagram.com\/semmas.manaus\/\">Secretaria Municipal de Meio Ambiente e Sustentabilidade<\/a> (Semmas). A iniciativa agradou moradores como Adai Patr\u00edcio, que tamb\u00e9m aproveitou a a\u00e7\u00e3o para tratar de quest\u00f5es de moradias com a <a href=\"https:\/\/www.instagram.com\/semhafmanaus\/\">Secretaria Municipal de Habita\u00e7\u00e3o e Assuntos Fundi\u00e1rios<\/a> (Semhaf).<\/p>\n\n\n\n<p>\u201cEstou saindo feliz daqui. Vim resolver a quest\u00e3o do meu terreno e ainda estou levando plantas para colocar l\u00e1\u201d, comentou Adai.<\/p>\n\n\n\n<p>O encerramento das atividades consolida o esfor\u00e7o da Prefeitura de Manaus em descentralizar os servi\u00e7os p\u00fablicos e atender as principais necessidades das comunidades em todas as zonas da capital.<\/p>\n\n\n\n<p>\u2014 \u2014 \u2014<\/p>\n\n\n\n<p><strong>Texto<\/strong> \u2013&nbsp;Geraldo Farias\/Semcom<\/p>\n\n\n\n<p><strong>Fotos<\/strong> &#8211; Arielle Lorena\/Semcom<\/p>\n\n\n\n<p><strong>Dispon\u00edveis em<\/strong> &#8211; <a href=\"https:\/\/flic.kr\/s\/aHBqjD3vBr\">https:\/\/flic.kr\/s\/aHBqjD3vBr<\/a><\/p>\n","protected":false},"excerpt":{"rendered":"","protected":false},"author":23,"featured_media":2287,"comment_status":"closed","ping_status":"closed","sticky":false,"template":"","format":"standard","meta":{"footnotes":""},"categories":[158],"tags":[186,785,786,787,10,272],"acf":[],"yoast_head":"<!-- This site is optimized with the Yoast SEO plugin v23.0 - https:\/\/yoast.com\/wordpress\/plugins\/seo\/ -->\n<title>Programa &#039;Manaus que a Gente Cuida&#039; atende anseios da popula\u00e7\u00e3o do Japiim e Petr\u00f3polis<\/title>\n<meta name=\"description\" content=\"A Prefeitura de Manaus encerrou, neste s\u00e1bado, 29\/8, os trabalhos da 9\u00aa edi\u00e7\u00e3o do programa \u201cManaus que a Gente Cuida\u201d, realizada desde a quinta-feira (27), nos bairros Japiim e Petr\u00f3polis, na zona Sul da capital.\" \/>\n<meta name=\"robots\" content=\"noindex, follow\" \/>\n<meta property=\"og:locale\" content=\"pt_BR\" \/>\n<meta property=\"og:type\" content=\"article\" \/>\n<meta property=\"og:title\" content=\"Programa &#039;Manaus que a Gente Cuida&#039; atende anseios da popula\u00e7\u00e3o do Japiim e Petr\u00f3polis\" \/>\n<meta property=\"og:description\" content=\"A Prefeitura de Manaus encerrou, neste s\u00e1bado, 29\/8, os trabalhos da 9\u00aa edi\u00e7\u00e3o do programa \u201cManaus que a Gente Cuida\u201d, realizada desde a quinta-feira (27), nos bairros Japiim e Petr\u00f3polis, na zona Sul da capital.\" \/>\n<meta property=\"og:url\" content=\"https:\/\/www.manaus.am.gov.br\/semacc\/prefeitura-implurb-manausqueagentecuida-zonasul\/\" \/>\n<meta property=\"og:site_name\" content=\"SEMACC\" \/>\n<meta property=\"article:published_time\" content=\"2026-08-29T16:10:27+00:00\" \/>\n<meta property=\"article:modified_time\" content=\"2026-08-31T17:04:58+00:00\" \/>\n<meta property=\"og:image\" content=\"https:\/\/www.manaus.am.gov.br\/semacc\/wp-content\/uploads\/sites\/22\/2026\/08\/55495829255_076d32361f_c.jpg\" \/>\n\t<meta property=\"og:image:width\" content=\"799\" \/>\n\t<meta property=\"og:image:height\" content=\"533\" \/>\n\t<meta property=\"og:image:type\" content=\"image\/jpeg\" \/>\n<meta name=\"author\" content=\"Adriana Costa\" \/>\n<meta name=\"twitter:card\" content=\"summary_large_image\" \/>\n<meta name=\"twitter:label1\" content=\"Written by\" \/>\n\t<meta name=\"twitter:data1\" content=\"Adriana Costa\" \/>\n\t<meta name=\"twitter:label2\" content=\"Est. reading time\" \/>\n\t<meta name=\"twitter:data2\" content=\"3 minutos\" \/>\n<script type=\"application\/ld+json\" class=\"yoast-schema-graph\">{\"@context\":\"https:\/\/schema.org\",\"@graph\":[{\"@type\":\"WebPage\",\"@id\":\"https:\/\/www.manaus.am.gov.br\/semacc\/prefeitura-implurb-manausqueagentecuida-zonasul\/\",\"url\":\"https:\/\/www.manaus.am.gov.br\/semacc\/prefeitura-implurb-manausqueagentecuida-zonasul\/\",\"name\":\"Programa 'Manaus que a Gente Cuida' atende anseios da popula\u00e7\u00e3o do Japiim e Petr\u00f3polis\",\"isPartOf\":{\"@id\":\"https:\/\/www.manaus.am.gov.br\/semacc\/#website\"},\"primaryImageOfPage\":{\"@id\":\"https:\/\/www.manaus.am.gov.br\/semacc\/prefeitura-implurb-manausqueagentecuida-zonasul\/#primaryimage\"},\"image\":{\"@id\":\"https:\/\/www.manaus.am.gov.br\/semacc\/prefeitura-implurb-manausqueagentecuida-zonasul\/#primaryimage\"},\"thumbnailUrl\":\"https:\/\/www.manaus.am.gov.br\/semacc\/wp-content\/uploads\/sites\/22\/2026\/08\/55495829255_076d32361f_c.jpg\",\"datePublished\":\"2026-08-29T16:10:27+00:00\",\"dateModified\":\"2026-08-31T17:04:58+00:00\",\"author\":{\"@id\":\"https:\/\/www.manaus.am.gov.br\/semacc\/#\/schema\/person\/4e49f4e267757a06ca072ec61b2b9968\"},\"description\":\"A Prefeitura de Manaus encerrou, neste s\u00e1bado, 29\/8, os trabalhos da 9\u00aa edi\u00e7\u00e3o do programa \u201cManaus que a Gente Cuida\u201d, realizada desde a quinta-feira (27), nos bairros Japiim e Petr\u00f3polis, na zona Sul da capital.\",\"breadcrumb\":{\"@id\":\"https:\/\/www.manaus.am.gov.br\/semacc\/prefeitura-implurb-manausqueagentecuida-zonasul\/#breadcrumb\"},\"inLanguage\":\"pt-BR\",\"potentialAction\":[{\"@type\":\"ReadAction\",\"target\":[\"https:\/\/www.manaus.am.gov.br\/semacc\/prefeitura-implurb-manausqueagentecuida-zonasul\/\"]}]},{\"@type\":\"ImageObject\",\"inLanguage\":\"pt-BR\",\"@id\":\"https:\/\/www.manaus.am.gov.br\/semacc\/prefeitura-implurb-manausqueagentecuida-zonasul\/#primaryimage\",\"url\":\"https:\/\/www.manaus.am.gov.br\/semacc\/wp-content\/uploads\/sites\/22\/2026\/08\/55495829255_076d32361f_c.jpg\",\"contentUrl\":\"https:\/\/www.manaus.am.gov.br\/semacc\/wp-content\/uploads\/sites\/22\/2026\/08\/55495829255_076d32361f_c.jpg\",\"width\":799,\"height\":533,\"caption\":\"#paratodosverem - Atendimentos \u00e0 popula\u00e7\u00e3o na escola Vicente de Paula dentro da programa\u00e7\u00e3o do \\\"Manaus que a Gente Cuida\\\"\"},{\"@type\":\"BreadcrumbList\",\"@id\":\"https:\/\/www.manaus.am.gov.br\/semacc\/prefeitura-implurb-manausqueagentecuida-zonasul\/#breadcrumb\",\"itemListElement\":[{\"@type\":\"ListItem\",\"position\":1,\"name\":\"Home\",\"item\":\"https:\/\/www.manaus.am.gov.br\/semacc\/\"},{\"@type\":\"ListItem\",\"position\":2,\"name\":\"Programa &#8216;Manaus que a Gente Cuida&#8217; atende anseios da popula\u00e7\u00e3o do Japiim e Petr\u00f3polis\"}]},{\"@type\":\"WebSite\",\"@id\":\"https:\/\/www.manaus.am.gov.br\/semacc\/#website\",\"url\":\"https:\/\/www.manaus.am.gov.br\/semacc\/\",\"name\":\"SEMACC\",\"description\":\"Prefeitura de Manaus\",\"potentialAction\":[{\"@type\":\"SearchAction\",\"target\":{\"@type\":\"EntryPoint\",\"urlTemplate\":\"https:\/\/www.manaus.am.gov.br\/semacc\/?s={search_term_string}\"},\"query-input\":\"required name=search_term_string\"}],\"inLanguage\":\"pt-BR\"},{\"@type\":\"Person\",\"@id\":\"https:\/\/www.manaus.am.gov.br\/semacc\/#\/schema\/person\/4e49f4e267757a06ca072ec61b2b9968\",\"name\":\"Adriana Costa\",\"image\":{\"@type\":\"ImageObject\",\"inLanguage\":\"pt-BR\",\"@id\":\"https:\/\/www.manaus.am.gov.br\/semacc\/#\/schema\/person\/image\/\",\"url\":\"https:\/\/secure.gravatar.com\/avatar\/576258617ef7194f718179e766d57bd4?s=96&d=mm&r=g\",\"contentUrl\":\"https:\/\/secure.gravatar.com\/avatar\/576258617ef7194f718179e766d57bd4?s=96&d=mm&r=g\",\"caption\":\"Adriana Costa\"}}]}<\/script>\n<!-- \/ Yoast SEO plugin. -->","yoast_head_json":{"title":"Programa 'Manaus que a Gente Cuida' atende anseios da popula\u00e7\u00e3o do Japiim e Petr\u00f3polis","description":"A Prefeitura de Manaus encerrou, neste s\u00e1bado, 29\/8, os trabalhos da 9\u00aa edi\u00e7\u00e3o do programa \u201cManaus que a Gente Cuida\u201d, realizada desde a quinta-feira (27), nos bairros Japiim e Petr\u00f3polis, na zona Sul da capital.","robots":{"index":"noindex","follow":"follow"},"og_locale":"pt_BR","og_type":"article","og_title":"Programa 'Manaus que a Gente Cuida' atende anseios da popula\u00e7\u00e3o do Japiim e Petr\u00f3polis","og_description":"A Prefeitura de Manaus encerrou, neste s\u00e1bado, 29\/8, os trabalhos da 9\u00aa edi\u00e7\u00e3o do programa \u201cManaus que a Gente Cuida\u201d, realizada desde a quinta-feira (27), nos bairros Japiim e Petr\u00f3polis, na zona Sul da capital.","og_url":"https:\/\/www.manaus.am.gov.br\/semacc\/prefeitura-implurb-manausqueagentecuida-zonasul\/","og_site_name":"SEMACC","article_published_time":"2026-08-29T16:10:27+00:00","article_modified_time":"2026-08-31T17:04:58+00:00","og_image":[{"width":799,"height":533,"url":"https:\/\/www.manaus.am.gov.br\/semacc\/wp-content\/uploads\/sites\/22\/2026\/08\/55495829255_076d32361f_c.jpg","type":"image\/jpeg"}],"author":"Adriana Costa","twitter_card":"summary_large_image","twitter_misc":{"Written by":"Adriana Costa","Est. reading time":"3 minutos"},"schema":{"@context":"https:\/\/schema.org","@graph":[{"@type":"WebPage","@id":"https:\/\/www.manaus.am.gov.br\/semacc\/prefeitura-implurb-manausqueagentecuida-zonasul\/","url":"https:\/\/www.manaus.am.gov.br\/semacc\/prefeitura-implurb-manausqueagentecuida-zonasul\/","name":"Programa 'Manaus que a Gente Cuida' atende anseios da popula\u00e7\u00e3o do Japiim e Petr\u00f3polis","isPartOf":{"@id":"https:\/\/www.manaus.am.gov.br\/semacc\/#website"},"primaryImageOfPage":{"@id":"https:\/\/www.manaus.am.gov.br\/semacc\/prefeitura-implurb-manausqueagentecuida-zonasul\/#primaryimage"},"image":{"@id":"https:\/\/www.manaus.am.gov.br\/semacc\/prefeitura-implurb-manausqueagentecuida-zonasul\/#primaryimage"},"thumbnailUrl":"https:\/\/www.manaus.am.gov.br\/semacc\/wp-content\/uploads\/sites\/22\/2026\/08\/55495829255_076d32361f_c.jpg","datePublished":"2026-08-29T16:10:27+00:00","dateModified":"2026-08-31T17:04:58+00:00","author":{"@id":"https:\/\/www.manaus.am.gov.br\/semacc\/#\/schema\/person\/4e49f4e267757a06ca072ec61b2b9968"},"description":"A Prefeitura de Manaus encerrou, neste s\u00e1bado, 29\/8, os trabalhos da 9\u00aa edi\u00e7\u00e3o do programa \u201cManaus que a Gente Cuida\u201d, realizada desde a quinta-feira (27), nos bairros Japiim e Petr\u00f3polis, na zona Sul da capital.","breadcrumb":{"@id":"https:\/\/www.manaus.am.gov.br\/semacc\/prefeitura-implurb-manausqueagentecuida-zonasul\/#breadcrumb"},"inLanguage":"pt-BR","potentialAction":[{"@type":"ReadAction","target":["https:\/\/www.manaus.am.gov.br\/semacc\/prefeitura-implurb-manausqueagentecuida-zonasul\/"]}]},{"@type":"ImageObject","inLanguage":"pt-BR","@id":"https:\/\/www.manaus.am.gov.br\/semacc\/prefeitura-implurb-manausqueagentecuida-zonasul\/#primaryimage","url":"https:\/\/www.manaus.am.gov.br\/semacc\/wp-content\/uploads\/sites\/22\/2026\/08\/55495829255_076d32361f_c.jpg","contentUrl":"https:\/\/www.manaus.am.gov.br\/semacc\/wp-content\/uploads\/sites\/22\/2026\/08\/55495829255_076d32361f_c.jpg","width":799,"height":533,"caption":"#paratodosverem - Atendimentos \u00e0 popula\u00e7\u00e3o na escola Vicente de Paula dentro da programa\u00e7\u00e3o do \"Manaus que a Gente Cuida\""},{"@type":"BreadcrumbList","@id":"https:\/\/www.manaus.am.gov.br\/semacc\/prefeitura-implurb-manausqueagentecuida-zonasul\/#breadcrumb","itemListElement":[{"@type":"ListItem","position":1,"name":"Home","item":"https:\/\/www.manaus.am.gov.br\/semacc\/"},{"@type":"ListItem","position":2,"name":"Programa &#8216;Manaus que a Gente Cuida&#8217; atende anseios da popula\u00e7\u00e3o do Japiim e Petr\u00f3polis"}]},{"@type":"WebSite","@id":"https:\/\/www.manaus.am.gov.br\/semacc\/#website","url":"https:\/\/www.manaus.am.gov.br\/semacc\/","name":"SEMACC","description":"Prefeitura de Manaus","potentialAction":[{"@type":"SearchAction","target":{"@type":"EntryPoint","urlTemplate":"https:\/\/www.manaus.am.gov.br\/semacc\/?s={search_term_string}"},"query-input":"required name=search_term_string"}],"inLanguage":"pt-BR"},{"@type":"Person","@id":"https:\/\/www.manaus.am.gov.br\/semacc\/#\/schema\/person\/4e49f4e267757a06ca072ec61b2b9968","name":"Adriana Costa","image":{"@type":"ImageObject","inLanguage":"pt-BR","@id":"https:\/\/www.manaus.am.gov.br\/semacc\/#\/schema\/person\/image\/","url":"https:\/\/secure.gravatar.com\/avatar\/576258617ef7194f718179e766d57bd4?s=96&d=mm&r=g","contentUrl":"https:\/\/secure.gravatar.com\/avatar\/576258617ef7194f718179e766d57bd4?s=96&d=mm&r=g","caption":"Adriana Costa"}}]}},"_links":{"self":[{"href":"https:\/\/www.manaus.am.gov.br\/semacc\/wp-json\/wp\/v2\/posts\/2286"}],"collection":[{"href":"https:\/\/www.manaus.am.gov.br\/semacc\/wp-json\/wp\/v2\/posts"}],"about":[{"href":"https:\/\/www.manaus.am.gov.br\/semacc\/wp-json\/wp\/v2\/types\/post"}],"author":[{"embeddable":true,"href":"https:\/\/www.manaus.am.gov.br\/semacc\/wp-json\/wp\/v2\/users\/23"}],"replies":[{"embeddable":true,"href":"https:\/\/www.manaus.am.gov.br\/semacc\/wp-json\/wp\/v2\/comments?post=2286"}],"version-history":[{"count":1,"href":"https:\/\/www.manaus.am.gov.br\/semacc\/wp-json\/wp\/v2\/posts\/2286\/revisions"}],"predecessor-version":[{"id":2288,"href":"https:\/\/www.manaus.am.gov.br\/semacc\/wp-json\/wp\/v2\/posts\/2286\/revisions\/2288"}],"wp:featuredmedia":[{"embeddable":true,"href":"https:\/\/www.manaus.am.gov.br\/semacc\/wp-json\/wp\/v2\/media\/2287"}],"wp:attachment":[{"href":"https:\/\/www.manaus.am.gov.br\/semacc\/wp-json\/wp\/v2\/media?parent=2286"}],"wp:term":[{"taxonomy":"category","embeddable":true,"href":"https:\/\/www.manaus.am.gov.br\/semacc\/wp-json\/wp\/v2\/categories?post=2286"},{"taxonomy":"post_tag","embeddable":true,"href":"https:\/\/www.manaus.am.gov.br\/semacc\/wp-json\/wp\/v2\/tags?post=2286"}],"curies":[{"name":"wp","href":"https:\/\/api.w.org\/{rel}","templated":true}]}}