{"id":227,"date":"2022-08-22T13:30:56","date_gmt":"2022-08-22T17:30:56","guid":{"rendered":"https:\/\/www.manaus.am.gov.br\/semacc\/prefeitura-apoia-a-realizacao-da-1a-feira-da-agricultura-familiar-das-divas-do-agro-do-ramal-do-brasileirinho\/"},"modified":"2022-08-22T13:30:56","modified_gmt":"2022-08-22T17:30:56","slug":"prefeitura-apoia-a-realizacao-da-1a-feira-da-agricultura-familiar-das-divas-do-agro-do-ramal-do-brasileirinho","status":"publish","type":"post","link":"https:\/\/www.manaus.am.gov.br\/semacc\/prefeitura-apoia-a-realizacao-da-1a-feira-da-agricultura-familiar-das-divas-do-agro-do-ramal-do-brasileirinho\/","title":{"rendered":"Prefeitura apoia a realiza\u00e7\u00e3o da 1\u00aa Feira da Agricultura Familiar das \u2018Divas do Agro\u2019, do ramal do Brasileirinho"},"content":{"rendered":"\n<p>As \u201cDivas do Agro\u201d, do ramal do Brasileirinho, zona Leste da capital amazonense, realizaram, neste domingo, 21\/8, a 1\u00aa Feira da Agricultura Familiar. O evento contou com o apoio da Prefeitura de Manaus, por meio da Secretaria Municipal de Agricultura, Abastecimento, Centro e Com\u00e9rcio Informal (Semacc).<\/p>\n\n\n\n<figure class=\"wp-block-image\"><img decoding=\"async\" src=\"https:\/\/www.manaus.am.gov.br\/semacc\/wp-content\/uploads\/sites\/22\/2023\/05\/Feira-Divas-do-Agro-4-720x407.jpeg\" alt=\"\" class=\"wp-image-228\"\/><\/figure>\n\n\n\n<p>\u201cFaz parte do plano de governo do prefeito David Almeida o apoio total \u00e0 realiza\u00e7\u00e3o de feiras da agricultura familiar na zona rural de Manaus, e a Semacc n\u00e3o tem medido esfor\u00e7os para proporcionar esse amparo, seja por meio de log\u00edstica, assist\u00eancia t\u00e9cnica, divulga\u00e7\u00e3o ou mobili\u00e1rio, para que as feiras aconte\u00e7am.&nbsp;Aqui, no ramal do Brasileirinho, uma feira de Divas, que \u00e9 mais um fruto da semente qu plantamos em julho, durante o evento \u201cDivas do Agro\u201d, realizado em parceria com o Sebrae, e que despertou nas mulheres essa vis\u00e3o empreendedora\u201d, enfatizou a diretora de Agricultura e Abastecimento da Semacc, Meyb Seixas.<\/p>\n\n\n\n<p>Aproximadamente 20 expositoras fizeram parte da 1\u00aa Feira de Agricultura Familiar do ramal do Brasileirinho. Para Luciana Corr\u00eaa, estudante de Agroecologia e produtora do ramal do Brasileirinho, e que tamb\u00e9m participou do evento \u201cDivas do Agro\u201d, em julho passado, a realiza\u00e7\u00e3o da feira de mulheres, na comunidade, foi um grande sucesso.<\/p>\n\n\n\n<p>\u201cNossas expectativas foram superadas. A feira movimentou a economia das produtoras do Brasileirinho. Muita gente veio tomar caf\u00e9, fazer suas compras e, diante desse sucesso, j\u00e1 estamos na expectativa de uma segunda feira e, claro, contando com o apoio da Semacc, que sempre est\u00e1 presente conosco\u201d, ressaltou a produtora.<\/p>\n\n\n\n<p>A presidente da comunidade do ramal do Brasileirinho, Silvia Serra, j\u00e1 faz planos para o pr\u00f3ximo evento. &nbsp;\u201cN\u00f3s ficamos surpresas, porque foi um sucesso. Essa \u00e9 uma das primeiras feiras de muitas que v\u00e3o acontecer, pois tivemos a participa\u00e7\u00e3o de muitas produtoras, e j\u00e1 queremos deixar o convite, porque, daqui a 30 dias, a gente vai retornar, porque a feira foi muito boa. Agrade\u00e7o a todos que participaram, agrade\u00e7o ao incentivo que tivemos durante o \u201cDivas do Agro\u201d e, principalmente, ao apoio importante da Prefeitura de Manaus, por meio da Semacc\u201d, finalizou Serra.<\/p>\n\n\n\n<p>&#8212; &#8212; &#8212;<\/p>\n\n\n\n<p><strong>Texto<\/strong>&nbsp;&#8211; Dalva Andrade\/Semacc<\/p>\n\n\n\n<p><strong>Fotos<\/strong>&nbsp;&#8211; Gildo Smith\/Semacc<\/p>\n\n\n\n<p>&nbsp;<\/p>\n","protected":false},"excerpt":{"rendered":"","protected":false},"author":23,"featured_media":228,"comment_status":"closed","ping_status":"closed","sticky":false,"template":"","format":"standard","meta":{"footnotes":""},"categories":[62],"tags":[63,37,10,64,13],"acf":[],"yoast_head":"<!-- This site is optimized with the Yoast SEO plugin v23.0 - https:\/\/yoast.com\/wordpress\/plugins\/seo\/ -->\n<title>Prefeitura apoia a realiza\u00e7\u00e3o da 1\u00aa Feira da Agricultura Familiar das \u2018Divas do Agro\u2019, do ramal do Brasileirinho - SEMACC<\/title>\n<meta name=\"robots\" content=\"noindex, follow\" \/>\n<meta property=\"og:locale\" content=\"pt_BR\" \/>\n<meta property=\"og:type\" content=\"article\" \/>\n<meta property=\"og:title\" content=\"Prefeitura apoia a realiza\u00e7\u00e3o da 1\u00aa Feira da Agricultura Familiar das \u2018Divas do Agro\u2019, do ramal do Brasileirinho - SEMACC\" \/>\n<meta property=\"og:url\" content=\"https:\/\/www.manaus.am.gov.br\/semacc\/prefeitura-apoia-a-realizacao-da-1a-feira-da-agricultura-familiar-das-divas-do-agro-do-ramal-do-brasileirinho\/\" \/>\n<meta property=\"og:site_name\" content=\"SEMACC\" \/>\n<meta property=\"article:published_time\" content=\"2022-08-22T17:30:56+00:00\" \/>\n<meta property=\"og:image\" content=\"https:\/\/www.manaus.am.gov.br\/semacc\/wp-content\/uploads\/sites\/22\/2023\/05\/Feira-Divas-do-Agro-4.jpeg\" \/>\n\t<meta property=\"og:image:width\" content=\"1280\" \/>\n\t<meta property=\"og:image:height\" content=\"960\" \/>\n\t<meta property=\"og:image:type\" content=\"image\/jpeg\" \/>\n<meta name=\"author\" content=\"Adriana Costa\" \/>\n<meta name=\"twitter:card\" content=\"summary_large_image\" \/>\n<meta name=\"twitter:label1\" content=\"Written by\" \/>\n\t<meta name=\"twitter:data1\" content=\"Adriana Costa\" \/>\n\t<meta name=\"twitter:label2\" content=\"Est. reading time\" \/>\n\t<meta name=\"twitter:data2\" content=\"3 minutos\" \/>\n<script type=\"application\/ld+json\" class=\"yoast-schema-graph\">{\"@context\":\"https:\/\/schema.org\",\"@graph\":[{\"@type\":\"WebPage\",\"@id\":\"https:\/\/www.manaus.am.gov.br\/semacc\/prefeitura-apoia-a-realizacao-da-1a-feira-da-agricultura-familiar-das-divas-do-agro-do-ramal-do-brasileirinho\/\",\"url\":\"https:\/\/www.manaus.am.gov.br\/semacc\/prefeitura-apoia-a-realizacao-da-1a-feira-da-agricultura-familiar-das-divas-do-agro-do-ramal-do-brasileirinho\/\",\"name\":\"Prefeitura apoia a realiza\u00e7\u00e3o da 1\u00aa Feira da Agricultura Familiar das \u2018Divas do Agro\u2019, do ramal do Brasileirinho - SEMACC\",\"isPartOf\":{\"@id\":\"https:\/\/www.manaus.am.gov.br\/semacc\/#website\"},\"primaryImageOfPage\":{\"@id\":\"https:\/\/www.manaus.am.gov.br\/semacc\/prefeitura-apoia-a-realizacao-da-1a-feira-da-agricultura-familiar-das-divas-do-agro-do-ramal-do-brasileirinho\/#primaryimage\"},\"image\":{\"@id\":\"https:\/\/www.manaus.am.gov.br\/semacc\/prefeitura-apoia-a-realizacao-da-1a-feira-da-agricultura-familiar-das-divas-do-agro-do-ramal-do-brasileirinho\/#primaryimage\"},\"thumbnailUrl\":\"https:\/\/www.manaus.am.gov.br\/semacc\/wp-content\/uploads\/sites\/22\/2023\/05\/Feira-Divas-do-Agro-4.jpeg\",\"datePublished\":\"2022-08-22T17:30:56+00:00\",\"dateModified\":\"2022-08-22T17:30:56+00:00\",\"author\":{\"@id\":\"https:\/\/www.manaus.am.gov.br\/semacc\/#\/schema\/person\/4e49f4e267757a06ca072ec61b2b9968\"},\"breadcrumb\":{\"@id\":\"https:\/\/www.manaus.am.gov.br\/semacc\/prefeitura-apoia-a-realizacao-da-1a-feira-da-agricultura-familiar-das-divas-do-agro-do-ramal-do-brasileirinho\/#breadcrumb\"},\"inLanguage\":\"pt-BR\",\"potentialAction\":[{\"@type\":\"ReadAction\",\"target\":[\"https:\/\/www.manaus.am.gov.br\/semacc\/prefeitura-apoia-a-realizacao-da-1a-feira-da-agricultura-familiar-das-divas-do-agro-do-ramal-do-brasileirinho\/\"]}]},{\"@type\":\"ImageObject\",\"inLanguage\":\"pt-BR\",\"@id\":\"https:\/\/www.manaus.am.gov.br\/semacc\/prefeitura-apoia-a-realizacao-da-1a-feira-da-agricultura-familiar-das-divas-do-agro-do-ramal-do-brasileirinho\/#primaryimage\",\"url\":\"https:\/\/www.manaus.am.gov.br\/semacc\/wp-content\/uploads\/sites\/22\/2023\/05\/Feira-Divas-do-Agro-4.jpeg\",\"contentUrl\":\"https:\/\/www.manaus.am.gov.br\/semacc\/wp-content\/uploads\/sites\/22\/2023\/05\/Feira-Divas-do-Agro-4.jpeg\",\"width\":1280,\"height\":960},{\"@type\":\"BreadcrumbList\",\"@id\":\"https:\/\/www.manaus.am.gov.br\/semacc\/prefeitura-apoia-a-realizacao-da-1a-feira-da-agricultura-familiar-das-divas-do-agro-do-ramal-do-brasileirinho\/#breadcrumb\",\"itemListElement\":[{\"@type\":\"ListItem\",\"position\":1,\"name\":\"Home\",\"item\":\"https:\/\/www.manaus.am.gov.br\/semacc\/\"},{\"@type\":\"ListItem\",\"position\":2,\"name\":\"Prefeitura apoia a realiza\u00e7\u00e3o da 1\u00aa Feira da Agricultura Familiar das \u2018Divas do Agro\u2019, do ramal do Brasileirinho\"}]},{\"@type\":\"WebSite\",\"@id\":\"https:\/\/www.manaus.am.gov.br\/semacc\/#website\",\"url\":\"https:\/\/www.manaus.am.gov.br\/semacc\/\",\"name\":\"SEMACC\",\"description\":\"Prefeitura de Manaus\",\"potentialAction\":[{\"@type\":\"SearchAction\",\"target\":{\"@type\":\"EntryPoint\",\"urlTemplate\":\"https:\/\/www.manaus.am.gov.br\/semacc\/?s={search_term_string}\"},\"query-input\":\"required name=search_term_string\"}],\"inLanguage\":\"pt-BR\"},{\"@type\":\"Person\",\"@id\":\"https:\/\/www.manaus.am.gov.br\/semacc\/#\/schema\/person\/4e49f4e267757a06ca072ec61b2b9968\",\"name\":\"Adriana Costa\",\"image\":{\"@type\":\"ImageObject\",\"inLanguage\":\"pt-BR\",\"@id\":\"https:\/\/www.manaus.am.gov.br\/semacc\/#\/schema\/person\/image\/\",\"url\":\"https:\/\/secure.gravatar.com\/avatar\/576258617ef7194f718179e766d57bd4?s=96&d=mm&r=g\",\"contentUrl\":\"https:\/\/secure.gravatar.com\/avatar\/576258617ef7194f718179e766d57bd4?s=96&d=mm&r=g\",\"caption\":\"Adriana Costa\"}}]}<\/script>\n<!-- \/ Yoast SEO plugin. -->","yoast_head_json":{"title":"Prefeitura apoia a realiza\u00e7\u00e3o da 1\u00aa Feira da Agricultura Familiar das \u2018Divas do Agro\u2019, do ramal do Brasileirinho - SEMACC","robots":{"index":"noindex","follow":"follow"},"og_locale":"pt_BR","og_type":"article","og_title":"Prefeitura apoia a realiza\u00e7\u00e3o da 1\u00aa Feira da Agricultura Familiar das \u2018Divas do Agro\u2019, do ramal do Brasileirinho - SEMACC","og_url":"https:\/\/www.manaus.am.gov.br\/semacc\/prefeitura-apoia-a-realizacao-da-1a-feira-da-agricultura-familiar-das-divas-do-agro-do-ramal-do-brasileirinho\/","og_site_name":"SEMACC","article_published_time":"2022-08-22T17:30:56+00:00","og_image":[{"width":1280,"height":960,"url":"https:\/\/www.manaus.am.gov.br\/semacc\/wp-content\/uploads\/sites\/22\/2023\/05\/Feira-Divas-do-Agro-4.jpeg","type":"image\/jpeg"}],"author":"Adriana Costa","twitter_card":"summary_large_image","twitter_misc":{"Written by":"Adriana Costa","Est. reading time":"3 minutos"},"schema":{"@context":"https:\/\/schema.org","@graph":[{"@type":"WebPage","@id":"https:\/\/www.manaus.am.gov.br\/semacc\/prefeitura-apoia-a-realizacao-da-1a-feira-da-agricultura-familiar-das-divas-do-agro-do-ramal-do-brasileirinho\/","url":"https:\/\/www.manaus.am.gov.br\/semacc\/prefeitura-apoia-a-realizacao-da-1a-feira-da-agricultura-familiar-das-divas-do-agro-do-ramal-do-brasileirinho\/","name":"Prefeitura apoia a realiza\u00e7\u00e3o da 1\u00aa Feira da Agricultura Familiar das \u2018Divas do Agro\u2019, do ramal do Brasileirinho - SEMACC","isPartOf":{"@id":"https:\/\/www.manaus.am.gov.br\/semacc\/#website"},"primaryImageOfPage":{"@id":"https:\/\/www.manaus.am.gov.br\/semacc\/prefeitura-apoia-a-realizacao-da-1a-feira-da-agricultura-familiar-das-divas-do-agro-do-ramal-do-brasileirinho\/#primaryimage"},"image":{"@id":"https:\/\/www.manaus.am.gov.br\/semacc\/prefeitura-apoia-a-realizacao-da-1a-feira-da-agricultura-familiar-das-divas-do-agro-do-ramal-do-brasileirinho\/#primaryimage"},"thumbnailUrl":"https:\/\/www.manaus.am.gov.br\/semacc\/wp-content\/uploads\/sites\/22\/2023\/05\/Feira-Divas-do-Agro-4.jpeg","datePublished":"2022-08-22T17:30:56+00:00","dateModified":"2022-08-22T17:30:56+00:00","author":{"@id":"https:\/\/www.manaus.am.gov.br\/semacc\/#\/schema\/person\/4e49f4e267757a06ca072ec61b2b9968"},"breadcrumb":{"@id":"https:\/\/www.manaus.am.gov.br\/semacc\/prefeitura-apoia-a-realizacao-da-1a-feira-da-agricultura-familiar-das-divas-do-agro-do-ramal-do-brasileirinho\/#breadcrumb"},"inLanguage":"pt-BR","potentialAction":[{"@type":"ReadAction","target":["https:\/\/www.manaus.am.gov.br\/semacc\/prefeitura-apoia-a-realizacao-da-1a-feira-da-agricultura-familiar-das-divas-do-agro-do-ramal-do-brasileirinho\/"]}]},{"@type":"ImageObject","inLanguage":"pt-BR","@id":"https:\/\/www.manaus.am.gov.br\/semacc\/prefeitura-apoia-a-realizacao-da-1a-feira-da-agricultura-familiar-das-divas-do-agro-do-ramal-do-brasileirinho\/#primaryimage","url":"https:\/\/www.manaus.am.gov.br\/semacc\/wp-content\/uploads\/sites\/22\/2023\/05\/Feira-Divas-do-Agro-4.jpeg","contentUrl":"https:\/\/www.manaus.am.gov.br\/semacc\/wp-content\/uploads\/sites\/22\/2023\/05\/Feira-Divas-do-Agro-4.jpeg","width":1280,"height":960},{"@type":"BreadcrumbList","@id":"https:\/\/www.manaus.am.gov.br\/semacc\/prefeitura-apoia-a-realizacao-da-1a-feira-da-agricultura-familiar-das-divas-do-agro-do-ramal-do-brasileirinho\/#breadcrumb","itemListElement":[{"@type":"ListItem","position":1,"name":"Home","item":"https:\/\/www.manaus.am.gov.br\/semacc\/"},{"@type":"ListItem","position":2,"name":"Prefeitura apoia a realiza\u00e7\u00e3o da 1\u00aa Feira da Agricultura Familiar das \u2018Divas do Agro\u2019, do ramal do Brasileirinho"}]},{"@type":"WebSite","@id":"https:\/\/www.manaus.am.gov.br\/semacc\/#website","url":"https:\/\/www.manaus.am.gov.br\/semacc\/","name":"SEMACC","description":"Prefeitura de Manaus","potentialAction":[{"@type":"SearchAction","target":{"@type":"EntryPoint","urlTemplate":"https:\/\/www.manaus.am.gov.br\/semacc\/?s={search_term_string}"},"query-input":"required name=search_term_string"}],"inLanguage":"pt-BR"},{"@type":"Person","@id":"https:\/\/www.manaus.am.gov.br\/semacc\/#\/schema\/person\/4e49f4e267757a06ca072ec61b2b9968","name":"Adriana Costa","image":{"@type":"ImageObject","inLanguage":"pt-BR","@id":"https:\/\/www.manaus.am.gov.br\/semacc\/#\/schema\/person\/image\/","url":"https:\/\/secure.gravatar.com\/avatar\/576258617ef7194f718179e766d57bd4?s=96&d=mm&r=g","contentUrl":"https:\/\/secure.gravatar.com\/avatar\/576258617ef7194f718179e766d57bd4?s=96&d=mm&r=g","caption":"Adriana Costa"}}]}},"_links":{"self":[{"href":"https:\/\/www.manaus.am.gov.br\/semacc\/wp-json\/wp\/v2\/posts\/227"}],"collection":[{"href":"https:\/\/www.manaus.am.gov.br\/semacc\/wp-json\/wp\/v2\/posts"}],"about":[{"href":"https:\/\/www.manaus.am.gov.br\/semacc\/wp-json\/wp\/v2\/types\/post"}],"author":[{"embeddable":true,"href":"https:\/\/www.manaus.am.gov.br\/semacc\/wp-json\/wp\/v2\/users\/23"}],"replies":[{"embeddable":true,"href":"https:\/\/www.manaus.am.gov.br\/semacc\/wp-json\/wp\/v2\/comments?post=227"}],"version-history":[{"count":1,"href":"https:\/\/www.manaus.am.gov.br\/semacc\/wp-json\/wp\/v2\/posts\/227\/revisions"}],"predecessor-version":[{"id":229,"href":"https:\/\/www.manaus.am.gov.br\/semacc\/wp-json\/wp\/v2\/posts\/227\/revisions\/229"}],"wp:featuredmedia":[{"embeddable":true,"href":"https:\/\/www.manaus.am.gov.br\/semacc\/wp-json\/wp\/v2\/media\/228"}],"wp:attachment":[{"href":"https:\/\/www.manaus.am.gov.br\/semacc\/wp-json\/wp\/v2\/media?parent=227"}],"wp:term":[{"taxonomy":"category","embeddable":true,"href":"https:\/\/www.manaus.am.gov.br\/semacc\/wp-json\/wp\/v2\/categories?post=227"},{"taxonomy":"post_tag","embeddable":true,"href":"https:\/\/www.manaus.am.gov.br\/semacc\/wp-json\/wp\/v2\/tags?post=227"}],"curies":[{"name":"wp","href":"https:\/\/api.w.org\/{rel}","templated":true}]}}