{"id":1557,"date":"2025-07-31T22:40:15","date_gmt":"2025-08-01T02:40:15","guid":{"rendered":"https:\/\/www.manaus.am.gov.br\/semacc\/obras-para-pavimentacao-de-ramais\/"},"modified":"2025-07-31T22:40:17","modified_gmt":"2025-08-01T02:40:17","slug":"obras-para-pavimentacao-de-ramais","status":"publish","type":"post","link":"https:\/\/www.manaus.am.gov.br\/semacc\/obras-para-pavimentacao-de-ramais\/","title":{"rendered":"Prefeitura de Manaus inicia novas frentes de obras para pavimenta\u00e7\u00e3o de ramais na zona rural e beneficia fam\u00edlias produtoras\u00a0"},"content":{"rendered":"\n<p>Quatro importantes ramais da zona rural da cidade, nas rodovias BR-174 e AM-010, receber\u00e3o servi\u00e7os de pavimenta\u00e7\u00e3o. As obras, executadas pela Prefeitura de Manaus, por meio da Secretaria Municipal de Infraestrutura (Seminf), ir\u00e3o impactar diretamente na renda das fam\u00edlias produtoras e no impulsionamento da economia da zona rural.<\/p>\n\n\n\n<p>A a\u00e7\u00e3o \u00e9 resultado de uma emenda parlamentar do senador Eduardo Braga e representa um marco na mobilidade das comunidades atendidas, proporcionando tr\u00e1fego seguro aos moradores e estudantes e, principalmente, o escoamento da produ\u00e7\u00e3o rural, que depende diretamente de estradas em boas condi\u00e7\u00f5es para chegar aos centros de distribui\u00e7\u00e3o e feiras da capital, como afirmou o titular da Secretaria Municipal de Agricultura, Abastecimento, Centro e Com\u00e9rcio Informal (Semacc), Wanderson Costa.<\/p>\n\n\n\n<p>\u201cEssa \u00e9 uma \u00e1rea do setor de produ\u00e7\u00e3o muito importante, aqui s\u00e3o escoados v\u00e1rios produtos que atendem o mercado local e as feiras da cidade, a merenda escolar. Ent\u00e3o essa parceria \u00e9 muito importante, porque sela o compromisso com a zona rural de Manaus\u201d, disse o secret\u00e1rio.&nbsp;<\/p>\n\n\n\n<p>De acordo com a gestora escolar, Maria do Perp\u00e9tuo, um dos muitos benef\u00edcios do asfaltamento do ramal \u00e9 o encurtamento de dist\u00e2ncias das resid\u00eancias para a escola, permitindo que o aluno fa\u00e7a o percurso em menos tempo.<\/p>\n\n\n\n<p>\u201cA dificuldade era grande, principalmente quando chovia, os alunos passavam quase uma hora para chegar at\u00e9 a escola, e agora com esse asfalto o tempo vai reduzir bastante e vai melhorar muito, tanto para a escola, quanto para comunidade tamb\u00e9m\u201d.&nbsp;<\/p>\n\n\n\n<p>J\u00e1 o l\u00edder comunit\u00e1rio Jos\u00e9 de Oliveira, de 52 anos, declarou que a pavimenta\u00e7\u00e3o das estradas proporcionar\u00e1 dignidade no ir e vir do produtor rural.<\/p>\n\n\n\n<p>\u201cCom o asfalto na nossa comunidade, teremos o direito de ir e vir e mais dignidade. Vai beneficiar os alunos e os produtores rurais, porque sem estrutura a gente n\u00e3o consegue escoar nossa produ\u00e7\u00e3o, ent\u00e3o \u00e9 muito importante esse servi\u00e7o para n\u00f3s. S\u00f3 temos a agradecer\u201d, comemorou Jos\u00e9.&nbsp;<\/p>\n\n\n\n<p>O agricultor de pitaya Ivanildo Freitas, relembrou da perda de produtos no per\u00edodo chuvoso, e celebrou o in\u00edcio dos trabalhos de infraestrutura.<\/p>\n\n\n\n<p>\u201cAntes n\u00e3o t\u00ednhamos como escoar porque o ramal estava muito complicado e \u00e9 triste ver nosso produto perdendo sua qualidade, n\u00e3o chegando onde a gente esperava que chegasse, mas agora com a chegada do asfalto, o nosso produto vai chegar da mesa do consumidor, um produto em boa forma. Somos gratos por esse trabalho\u201d, agradeceu o agricultor.&nbsp;<\/p>\n\n\n\n<p>A opera\u00e7\u00e3o \u00e9 coordenada por equipes t\u00e9cnicas da Seminf, com apoio de m\u00e1quinas pesadas e planejamento estrat\u00e9gico para assegurar uma execu\u00e7\u00e3o \u00e1gil, eficiente e com padr\u00e3o de qualidade, levando infraestrutura digna a quem mais precisa.<\/p>\n\n\n\n<p>\u2014 \u2014- \u2014-<br><strong>Texto &#8211; <\/strong>Marcilene Frutuoso \/ Semcom<br><strong>Fotos &#8211; <\/strong>Jo\u00e3o Viana \/ Semcom<\/p>\n","protected":false},"excerpt":{"rendered":"","protected":false},"author":68,"featured_media":1558,"comment_status":"closed","ping_status":"closed","sticky":false,"template":"","format":"standard","meta":{"footnotes":""},"categories":[40],"tags":[10,576],"acf":[],"yoast_head":"<!-- This site is optimized with the Yoast SEO plugin v23.0 - https:\/\/yoast.com\/wordpress\/plugins\/seo\/ -->\n<title>Prefeitura de Manaus inicia novas frentes de obras para pavimenta\u00e7\u00e3o de ramais na zona rural e beneficia fam\u00edlias produtoras\u00a0<\/title>\n<meta name=\"description\" content=\"Quatro importantes ramais da zona rural da cidade, nas rodovias BR-174 e AM-010, receber\u00e3o servi\u00e7os de pavimenta\u00e7\u00e3o. As obras, executadas pela Prefeitura de Manaus, por meio da Secretaria Municipal de Infraestrutura (Seminf), ir\u00e3o impactar diretamente na renda das fam\u00edlias produtoras e no impulsionamento da economia da zona rural.\" \/>\n<meta name=\"robots\" content=\"noindex, follow\" \/>\n<meta property=\"og:locale\" content=\"pt_BR\" \/>\n<meta property=\"og:type\" content=\"article\" \/>\n<meta property=\"og:title\" content=\"Prefeitura de Manaus inicia novas frentes de obras para pavimenta\u00e7\u00e3o de ramais na zona rural e beneficia fam\u00edlias produtoras\u00a0\" \/>\n<meta property=\"og:description\" content=\"Quatro importantes ramais da zona rural da cidade, nas rodovias BR-174 e AM-010, receber\u00e3o servi\u00e7os de pavimenta\u00e7\u00e3o. As obras, executadas pela Prefeitura de Manaus, por meio da Secretaria Municipal de Infraestrutura (Seminf), ir\u00e3o impactar diretamente na renda das fam\u00edlias produtoras e no impulsionamento da economia da zona rural.\" \/>\n<meta property=\"og:url\" content=\"https:\/\/www.manaus.am.gov.br\/semacc\/obras-para-pavimentacao-de-ramais\/\" \/>\n<meta property=\"og:site_name\" content=\"SEMACC\" \/>\n<meta property=\"article:published_time\" content=\"2025-08-01T02:40:15+00:00\" \/>\n<meta property=\"article:modified_time\" content=\"2025-08-01T02:40:17+00:00\" \/>\n<meta property=\"og:image\" content=\"https:\/\/www.manaus.am.gov.br\/semacc\/wp-content\/uploads\/sites\/22\/2025\/07\/54692082945_79dfb48a51_c.jpg\" \/>\n\t<meta property=\"og:image:width\" content=\"800\" \/>\n\t<meta property=\"og:image:height\" content=\"600\" \/>\n\t<meta property=\"og:image:type\" content=\"image\/jpeg\" \/>\n<meta name=\"author\" content=\"bvalente\" \/>\n<meta name=\"twitter:card\" content=\"summary_large_image\" \/>\n<meta name=\"twitter:label1\" content=\"Written by\" \/>\n\t<meta name=\"twitter:data1\" content=\"bvalente\" \/>\n\t<meta name=\"twitter:label2\" content=\"Est. reading time\" \/>\n\t<meta name=\"twitter:data2\" content=\"3 minutos\" \/>\n<script type=\"application\/ld+json\" class=\"yoast-schema-graph\">{\"@context\":\"https:\/\/schema.org\",\"@graph\":[{\"@type\":\"WebPage\",\"@id\":\"https:\/\/www.manaus.am.gov.br\/semacc\/obras-para-pavimentacao-de-ramais\/\",\"url\":\"https:\/\/www.manaus.am.gov.br\/semacc\/obras-para-pavimentacao-de-ramais\/\",\"name\":\"Prefeitura de Manaus inicia novas frentes de obras para pavimenta\u00e7\u00e3o de ramais na zona rural e beneficia fam\u00edlias produtoras\u00a0\",\"isPartOf\":{\"@id\":\"https:\/\/www.manaus.am.gov.br\/semacc\/#website\"},\"primaryImageOfPage\":{\"@id\":\"https:\/\/www.manaus.am.gov.br\/semacc\/obras-para-pavimentacao-de-ramais\/#primaryimage\"},\"image\":{\"@id\":\"https:\/\/www.manaus.am.gov.br\/semacc\/obras-para-pavimentacao-de-ramais\/#primaryimage\"},\"thumbnailUrl\":\"https:\/\/www.manaus.am.gov.br\/semacc\/wp-content\/uploads\/sites\/22\/2025\/07\/54692082945_79dfb48a51_c.jpg\",\"datePublished\":\"2025-08-01T02:40:15+00:00\",\"dateModified\":\"2025-08-01T02:40:17+00:00\",\"author\":{\"@id\":\"https:\/\/www.manaus.am.gov.br\/semacc\/#\/schema\/person\/466a0e03ae4b6062809046bd560ac955\"},\"description\":\"Quatro importantes ramais da zona rural da cidade, nas rodovias BR-174 e AM-010, receber\u00e3o servi\u00e7os de pavimenta\u00e7\u00e3o. As obras, executadas pela Prefeitura de Manaus, por meio da Secretaria Municipal de Infraestrutura (Seminf), ir\u00e3o impactar diretamente na renda das fam\u00edlias produtoras e no impulsionamento da economia da zona rural.\",\"breadcrumb\":{\"@id\":\"https:\/\/www.manaus.am.gov.br\/semacc\/obras-para-pavimentacao-de-ramais\/#breadcrumb\"},\"inLanguage\":\"pt-BR\",\"potentialAction\":[{\"@type\":\"ReadAction\",\"target\":[\"https:\/\/www.manaus.am.gov.br\/semacc\/obras-para-pavimentacao-de-ramais\/\"]}]},{\"@type\":\"ImageObject\",\"inLanguage\":\"pt-BR\",\"@id\":\"https:\/\/www.manaus.am.gov.br\/semacc\/obras-para-pavimentacao-de-ramais\/#primaryimage\",\"url\":\"https:\/\/www.manaus.am.gov.br\/semacc\/wp-content\/uploads\/sites\/22\/2025\/07\/54692082945_79dfb48a51_c.jpg\",\"contentUrl\":\"https:\/\/www.manaus.am.gov.br\/semacc\/wp-content\/uploads\/sites\/22\/2025\/07\/54692082945_79dfb48a51_c.jpg\",\"width\":800,\"height\":600},{\"@type\":\"BreadcrumbList\",\"@id\":\"https:\/\/www.manaus.am.gov.br\/semacc\/obras-para-pavimentacao-de-ramais\/#breadcrumb\",\"itemListElement\":[{\"@type\":\"ListItem\",\"position\":1,\"name\":\"Home\",\"item\":\"https:\/\/www.manaus.am.gov.br\/semacc\/\"},{\"@type\":\"ListItem\",\"position\":2,\"name\":\"Prefeitura de Manaus inicia novas frentes de obras para pavimenta\u00e7\u00e3o de ramais na zona rural e beneficia fam\u00edlias produtoras\u00a0\"}]},{\"@type\":\"WebSite\",\"@id\":\"https:\/\/www.manaus.am.gov.br\/semacc\/#website\",\"url\":\"https:\/\/www.manaus.am.gov.br\/semacc\/\",\"name\":\"SEMACC\",\"description\":\"Prefeitura de Manaus\",\"potentialAction\":[{\"@type\":\"SearchAction\",\"target\":{\"@type\":\"EntryPoint\",\"urlTemplate\":\"https:\/\/www.manaus.am.gov.br\/semacc\/?s={search_term_string}\"},\"query-input\":\"required name=search_term_string\"}],\"inLanguage\":\"pt-BR\"},{\"@type\":\"Person\",\"@id\":\"https:\/\/www.manaus.am.gov.br\/semacc\/#\/schema\/person\/466a0e03ae4b6062809046bd560ac955\",\"name\":\"bvalente\",\"image\":{\"@type\":\"ImageObject\",\"inLanguage\":\"pt-BR\",\"@id\":\"https:\/\/www.manaus.am.gov.br\/semacc\/#\/schema\/person\/image\/\",\"url\":\"https:\/\/secure.gravatar.com\/avatar\/3e69bc2b014bdad41adfec3a39de07d2?s=96&d=mm&r=g\",\"contentUrl\":\"https:\/\/secure.gravatar.com\/avatar\/3e69bc2b014bdad41adfec3a39de07d2?s=96&d=mm&r=g\",\"caption\":\"bvalente\"}}]}<\/script>\n<!-- \/ Yoast SEO plugin. -->","yoast_head_json":{"title":"Prefeitura de Manaus inicia novas frentes de obras para pavimenta\u00e7\u00e3o de ramais na zona rural e beneficia fam\u00edlias produtoras\u00a0","description":"Quatro importantes ramais da zona rural da cidade, nas rodovias BR-174 e AM-010, receber\u00e3o servi\u00e7os de pavimenta\u00e7\u00e3o. As obras, executadas pela Prefeitura de Manaus, por meio da Secretaria Municipal de Infraestrutura (Seminf), ir\u00e3o impactar diretamente na renda das fam\u00edlias produtoras e no impulsionamento da economia da zona rural.","robots":{"index":"noindex","follow":"follow"},"og_locale":"pt_BR","og_type":"article","og_title":"Prefeitura de Manaus inicia novas frentes de obras para pavimenta\u00e7\u00e3o de ramais na zona rural e beneficia fam\u00edlias produtoras\u00a0","og_description":"Quatro importantes ramais da zona rural da cidade, nas rodovias BR-174 e AM-010, receber\u00e3o servi\u00e7os de pavimenta\u00e7\u00e3o. As obras, executadas pela Prefeitura de Manaus, por meio da Secretaria Municipal de Infraestrutura (Seminf), ir\u00e3o impactar diretamente na renda das fam\u00edlias produtoras e no impulsionamento da economia da zona rural.","og_url":"https:\/\/www.manaus.am.gov.br\/semacc\/obras-para-pavimentacao-de-ramais\/","og_site_name":"SEMACC","article_published_time":"2025-08-01T02:40:15+00:00","article_modified_time":"2025-08-01T02:40:17+00:00","og_image":[{"width":800,"height":600,"url":"https:\/\/www.manaus.am.gov.br\/semacc\/wp-content\/uploads\/sites\/22\/2025\/07\/54692082945_79dfb48a51_c.jpg","type":"image\/jpeg"}],"author":"bvalente","twitter_card":"summary_large_image","twitter_misc":{"Written by":"bvalente","Est. reading time":"3 minutos"},"schema":{"@context":"https:\/\/schema.org","@graph":[{"@type":"WebPage","@id":"https:\/\/www.manaus.am.gov.br\/semacc\/obras-para-pavimentacao-de-ramais\/","url":"https:\/\/www.manaus.am.gov.br\/semacc\/obras-para-pavimentacao-de-ramais\/","name":"Prefeitura de Manaus inicia novas frentes de obras para pavimenta\u00e7\u00e3o de ramais na zona rural e beneficia fam\u00edlias produtoras\u00a0","isPartOf":{"@id":"https:\/\/www.manaus.am.gov.br\/semacc\/#website"},"primaryImageOfPage":{"@id":"https:\/\/www.manaus.am.gov.br\/semacc\/obras-para-pavimentacao-de-ramais\/#primaryimage"},"image":{"@id":"https:\/\/www.manaus.am.gov.br\/semacc\/obras-para-pavimentacao-de-ramais\/#primaryimage"},"thumbnailUrl":"https:\/\/www.manaus.am.gov.br\/semacc\/wp-content\/uploads\/sites\/22\/2025\/07\/54692082945_79dfb48a51_c.jpg","datePublished":"2025-08-01T02:40:15+00:00","dateModified":"2025-08-01T02:40:17+00:00","author":{"@id":"https:\/\/www.manaus.am.gov.br\/semacc\/#\/schema\/person\/466a0e03ae4b6062809046bd560ac955"},"description":"Quatro importantes ramais da zona rural da cidade, nas rodovias BR-174 e AM-010, receber\u00e3o servi\u00e7os de pavimenta\u00e7\u00e3o. As obras, executadas pela Prefeitura de Manaus, por meio da Secretaria Municipal de Infraestrutura (Seminf), ir\u00e3o impactar diretamente na renda das fam\u00edlias produtoras e no impulsionamento da economia da zona rural.","breadcrumb":{"@id":"https:\/\/www.manaus.am.gov.br\/semacc\/obras-para-pavimentacao-de-ramais\/#breadcrumb"},"inLanguage":"pt-BR","potentialAction":[{"@type":"ReadAction","target":["https:\/\/www.manaus.am.gov.br\/semacc\/obras-para-pavimentacao-de-ramais\/"]}]},{"@type":"ImageObject","inLanguage":"pt-BR","@id":"https:\/\/www.manaus.am.gov.br\/semacc\/obras-para-pavimentacao-de-ramais\/#primaryimage","url":"https:\/\/www.manaus.am.gov.br\/semacc\/wp-content\/uploads\/sites\/22\/2025\/07\/54692082945_79dfb48a51_c.jpg","contentUrl":"https:\/\/www.manaus.am.gov.br\/semacc\/wp-content\/uploads\/sites\/22\/2025\/07\/54692082945_79dfb48a51_c.jpg","width":800,"height":600},{"@type":"BreadcrumbList","@id":"https:\/\/www.manaus.am.gov.br\/semacc\/obras-para-pavimentacao-de-ramais\/#breadcrumb","itemListElement":[{"@type":"ListItem","position":1,"name":"Home","item":"https:\/\/www.manaus.am.gov.br\/semacc\/"},{"@type":"ListItem","position":2,"name":"Prefeitura de Manaus inicia novas frentes de obras para pavimenta\u00e7\u00e3o de ramais na zona rural e beneficia fam\u00edlias produtoras\u00a0"}]},{"@type":"WebSite","@id":"https:\/\/www.manaus.am.gov.br\/semacc\/#website","url":"https:\/\/www.manaus.am.gov.br\/semacc\/","name":"SEMACC","description":"Prefeitura de Manaus","potentialAction":[{"@type":"SearchAction","target":{"@type":"EntryPoint","urlTemplate":"https:\/\/www.manaus.am.gov.br\/semacc\/?s={search_term_string}"},"query-input":"required name=search_term_string"}],"inLanguage":"pt-BR"},{"@type":"Person","@id":"https:\/\/www.manaus.am.gov.br\/semacc\/#\/schema\/person\/466a0e03ae4b6062809046bd560ac955","name":"bvalente","image":{"@type":"ImageObject","inLanguage":"pt-BR","@id":"https:\/\/www.manaus.am.gov.br\/semacc\/#\/schema\/person\/image\/","url":"https:\/\/secure.gravatar.com\/avatar\/3e69bc2b014bdad41adfec3a39de07d2?s=96&d=mm&r=g","contentUrl":"https:\/\/secure.gravatar.com\/avatar\/3e69bc2b014bdad41adfec3a39de07d2?s=96&d=mm&r=g","caption":"bvalente"}}]}},"_links":{"self":[{"href":"https:\/\/www.manaus.am.gov.br\/semacc\/wp-json\/wp\/v2\/posts\/1557"}],"collection":[{"href":"https:\/\/www.manaus.am.gov.br\/semacc\/wp-json\/wp\/v2\/posts"}],"about":[{"href":"https:\/\/www.manaus.am.gov.br\/semacc\/wp-json\/wp\/v2\/types\/post"}],"author":[{"embeddable":true,"href":"https:\/\/www.manaus.am.gov.br\/semacc\/wp-json\/wp\/v2\/users\/68"}],"replies":[{"embeddable":true,"href":"https:\/\/www.manaus.am.gov.br\/semacc\/wp-json\/wp\/v2\/comments?post=1557"}],"version-history":[{"count":0,"href":"https:\/\/www.manaus.am.gov.br\/semacc\/wp-json\/wp\/v2\/posts\/1557\/revisions"}],"wp:featuredmedia":[{"embeddable":true,"href":"https:\/\/www.manaus.am.gov.br\/semacc\/wp-json\/wp\/v2\/media\/1558"}],"wp:attachment":[{"href":"https:\/\/www.manaus.am.gov.br\/semacc\/wp-json\/wp\/v2\/media?parent=1557"}],"wp:term":[{"taxonomy":"category","embeddable":true,"href":"https:\/\/www.manaus.am.gov.br\/semacc\/wp-json\/wp\/v2\/categories?post=1557"},{"taxonomy":"post_tag","embeddable":true,"href":"https:\/\/www.manaus.am.gov.br\/semacc\/wp-json\/wp\/v2\/tags?post=1557"}],"curies":[{"name":"wp","href":"https:\/\/api.w.org\/{rel}","templated":true}]}}