{"id":1369,"date":"2025-05-28T16:03:25","date_gmt":"2025-05-28T20:03:25","guid":{"rendered":"https:\/\/www.manaus.am.gov.br\/semacc\/feira-do-nova-cidade\/"},"modified":"2025-05-28T16:12:37","modified_gmt":"2025-05-28T20:12:37","slug":"feira-do-nova-cidade","status":"publish","type":"post","link":"https:\/\/www.manaus.am.gov.br\/semacc\/feira-do-nova-cidade\/","title":{"rendered":"Vice-prefeito Renato Junior entrega feira do Nova Cidade com nova estrutura e mais dignidade para os permission\u00e1rios e frequentadores"},"content":{"rendered":"\n<p>A manh\u00e3 desta quarta-feira, 28\/5, foi marcada por um gesto simb\u00f3lico no cora\u00e7\u00e3o da zona Norte de Manaus: o descerramento da placa de reinaugura\u00e7\u00e3o da feira do Nova Cidade, localizado na avenida Margarita. O vice-prefeito de Manaus Renato Junior representou o prefeito David Almeida no ato ao lado do titular da Secretaria Municipal de Agricultura, Abastecimento, Centro e Com\u00e9rcio Informal (Semacc), Wanderson Costa, e dos pr\u00f3prios permission\u00e1rios, celebrando n\u00e3o apenas a entrega de um novo espa\u00e7o, mas o resgate de uma rela\u00e7\u00e3o antiga entre a cidade e seus trabalhadores da economia popular.<\/p>\n\n\n\n<p>\u201cCada feira que a gente entrega \u00e9 um passo para reconstruir a rela\u00e7\u00e3o de confian\u00e7a entre a prefeitura e o povo. N\u00e3o \u00e9 s\u00f3 infraestrutura, \u00e9 respeito com quem trabalha duro todo dia\u201d, afirma Renato Junior.<\/p>\n\n\n\n<p>A reforma da feira faz parte do programa de moderniza\u00e7\u00e3o dos centros de abastecimento da capital, encabe\u00e7ado pela Prefeitura de Manaus, por meio da Semacc. A obra recebeu investimento de R$ 1,1 milh\u00e3o, sendo R$ 500 mil oriundos do Governo do Amazonas e seguiu o padr\u00e3o das outras 24 feiras j\u00e1 revitalizadas pela atual gest\u00e3o municipal.<\/p>\n\n\n\n<p>O espa\u00e7o ganhou boxes maiores, piso novo, estrutura met\u00e1lica renovada, forro em PVC, melhorias na rede el\u00e9trica e novos banheiros. Tudo para dar mais conforto, seguran\u00e7a e dignidade a quem vive do com\u00e9rcio e a quem consome ali.<\/p>\n\n\n\n<p>\u201cEstamos entregando a 25\u00aa feira. As reformas trazem dignidade aos feirantes, aquecem a economia e fazem as fam\u00edlias voltarem a frequentar esses espa\u00e7os que estavam praticamente abandonados. A gest\u00e3o do prefeito David e do nosso vice-prefeito Renato demonstra compromisso e respeito por cada feirante e cada morador manauara\u201d, afirma o secret\u00e1rio da Semacc, Wanderson Costa.<\/p>\n\n\n\n<figure class=\"wp-block-image size-large\"><img loading=\"lazy\" decoding=\"async\" width=\"1024\" height=\"683\" src=\"https:\/\/www.manaus.am.gov.br\/semacc\/wp-content\/uploads\/sites\/22\/2025\/05\/feira-do-Nova-Cidade-5-1024x683.jpeg\" alt=\"feira do Nova Cidade\" class=\"wp-image-1372\" srcset=\"https:\/\/www.manaus.am.gov.br\/semacc\/wp-content\/uploads\/sites\/22\/2025\/05\/feira-do-Nova-Cidade-5-1024x683.jpeg 1024w, https:\/\/www.manaus.am.gov.br\/semacc\/wp-content\/uploads\/sites\/22\/2025\/05\/feira-do-Nova-Cidade-5-300x200.jpeg 300w, https:\/\/www.manaus.am.gov.br\/semacc\/wp-content\/uploads\/sites\/22\/2025\/05\/feira-do-Nova-Cidade-5-768x512.jpeg 768w, https:\/\/www.manaus.am.gov.br\/semacc\/wp-content\/uploads\/sites\/22\/2025\/05\/feira-do-Nova-Cidade-5-1536x1024.jpeg 1536w, https:\/\/www.manaus.am.gov.br\/semacc\/wp-content\/uploads\/sites\/22\/2025\/05\/feira-do-Nova-Cidade-5-2048x1366.jpeg 2048w\" sizes=\"(max-width: 1024px) 100vw, 1024px\" \/><\/figure>\n\n\n\n<p>Criada em 2000 por iniciativa da pr\u00f3pria comunidade, a feira do Nova Cidade hoje abriga 27 boxes e bancas e movimenta, direta e indiretamente, mais de mil empregos. Com a nova estrutura, a expectativa \u00e9 de que o espa\u00e7o, agora mais moderno e acolhedor, intensifique o fluxo de clientes e aque\u00e7a ainda mais a economia do bairro.<\/p>\n\n\n\n<p>Emocionada, a permission\u00e1ria Saronete Vieira falou em nome dos colegas. \u201cEstamos muito felizes com a reforma da feira. \u00c9 uma conquista que vai trazer mais clientes e mais dignidade pra todos n\u00f3s. Agrade\u00e7o \u00e0 prefeitura por ter come\u00e7ado e terminado essa obra com sucesso. Bora para a feira, pessoal!\u201d, convidou.<\/p>\n\n\n\n<p>Para o vice-prefeito Renato Junior, que tem origem ligada \u00e0 categoria, entregar feiras reformadas \u00e9 mais que uma miss\u00e3o t\u00e9cnica, \u00e9 pessoal. \u201cNeste ano, vamos entregar 12 feiras, e em cada uma delas tem fam\u00edlias, hist\u00f3rias, sonhos antigos de dignidade. A gest\u00e3o do prefeito David Almeida n\u00e3o entrega apenas pr\u00e9dios reformados. Entrega respeito. Cuidar de feiras \u00e9 cuidar de pessoas\u201d, afirmou.<\/p>\n\n\n\n<p>Renato tamb\u00e9m destacou a identidade da gest\u00e3o com a categoria. \u201cQuando eu deixei a pasta da Semacc, o prefeito escolheu um neto de feirante para me substituir. Isso mostra o compromisso com quem est\u00e1 na base, quem sente na pele o dia a dia da feira. Cada estrutura que a gente entrega \u00e9 pensada a partir da viv\u00eancia de quem trabalha ali\u201d, completou.<\/p>\n\n\n\n<p>A entrega desta quarta-feira \u00e9 mais um passo dentro de um projeto maior de valoriza\u00e7\u00e3o do com\u00e9rcio informal e da infraestrutura p\u00fablica da cidade. \u201cSe voc\u00ea mora aqui na Nova Cidade, vem conhecer a nova feira. Aqui tem mercadoria do produtor direto pro consumidor, sem atravessador. Aqui tem trabalho, tem pre\u00e7o bom e tem gente do povo sendo respeitada\u201d, finalizou Renato.<\/p>\n\n\n\n<p>&#8212; &#8212; &#8212;<\/p>\n\n\n\n<p><strong>Texto &#8211;<\/strong> Alessandra Taveira \/ Vice-Prefeitura e Polyana Brelaz \/ Semacc<\/p>\n\n\n\n<p><strong>Fotos &#8211;<\/strong> Carlos Oliveira \/ Vice-Prefeitura e Gildo Smith\/Semacc<\/p>\n","protected":false},"excerpt":{"rendered":"","protected":false},"author":57,"featured_media":1370,"comment_status":"closed","ping_status":"closed","sticky":false,"template":"","format":"standard","meta":{"footnotes":""},"categories":[296],"tags":[557,10,251,13],"acf":[],"yoast_head":"<!-- This site is optimized with the Yoast SEO plugin v23.0 - https:\/\/yoast.com\/wordpress\/plugins\/seo\/ -->\n<title>Vice-prefeito Renato Junior entrega feira do Nova Cidade<\/title>\n<meta name=\"description\" content=\"A manh\u00e3 desta quarta-feira, 28\/5, foi marcada por um gesto simb\u00f3lico: o descerramento da placa de reinaugura\u00e7\u00e3o da feira do Nova Cidade.\" \/>\n<meta name=\"robots\" content=\"noindex, follow\" \/>\n<meta property=\"og:locale\" content=\"pt_BR\" \/>\n<meta property=\"og:type\" content=\"article\" \/>\n<meta property=\"og:title\" content=\"Vice-prefeito Renato Junior entrega feira do Nova Cidade\" \/>\n<meta property=\"og:description\" content=\"A manh\u00e3 desta quarta-feira, 28\/5, foi marcada por um gesto simb\u00f3lico: o descerramento da placa de reinaugura\u00e7\u00e3o da feira do Nova Cidade.\" \/>\n<meta property=\"og:url\" content=\"https:\/\/www.manaus.am.gov.br\/semacc\/feira-do-nova-cidade\/\" \/>\n<meta property=\"og:site_name\" content=\"SEMACC\" \/>\n<meta property=\"article:published_time\" content=\"2025-05-28T20:03:25+00:00\" \/>\n<meta property=\"article:modified_time\" content=\"2025-05-28T20:12:37+00:00\" \/>\n<meta property=\"og:image\" content=\"https:\/\/www.manaus.am.gov.br\/semacc\/wp-content\/uploads\/sites\/22\/2025\/05\/feira-do-Nova-Cidade-2.jpeg\" \/>\n\t<meta property=\"og:image:width\" content=\"4160\" \/>\n\t<meta property=\"og:image:height\" content=\"2774\" \/>\n\t<meta property=\"og:image:type\" content=\"image\/jpeg\" \/>\n<meta name=\"author\" content=\"Thiago Fernando\" \/>\n<meta name=\"twitter:card\" content=\"summary_large_image\" \/>\n<meta name=\"twitter:label1\" content=\"Written by\" \/>\n\t<meta name=\"twitter:data1\" content=\"Thiago Fernando\" \/>\n\t<meta name=\"twitter:label2\" content=\"Est. reading time\" \/>\n\t<meta name=\"twitter:data2\" content=\"4 minutos\" \/>\n<script type=\"application\/ld+json\" class=\"yoast-schema-graph\">{\"@context\":\"https:\/\/schema.org\",\"@graph\":[{\"@type\":\"WebPage\",\"@id\":\"https:\/\/www.manaus.am.gov.br\/semacc\/feira-do-nova-cidade\/\",\"url\":\"https:\/\/www.manaus.am.gov.br\/semacc\/feira-do-nova-cidade\/\",\"name\":\"Vice-prefeito Renato Junior entrega feira do Nova Cidade\",\"isPartOf\":{\"@id\":\"https:\/\/www.manaus.am.gov.br\/semacc\/#website\"},\"primaryImageOfPage\":{\"@id\":\"https:\/\/www.manaus.am.gov.br\/semacc\/feira-do-nova-cidade\/#primaryimage\"},\"image\":{\"@id\":\"https:\/\/www.manaus.am.gov.br\/semacc\/feira-do-nova-cidade\/#primaryimage\"},\"thumbnailUrl\":\"https:\/\/www.manaus.am.gov.br\/semacc\/wp-content\/uploads\/sites\/22\/2025\/05\/feira-do-Nova-Cidade-2.jpeg\",\"datePublished\":\"2025-05-28T20:03:25+00:00\",\"dateModified\":\"2025-05-28T20:12:37+00:00\",\"author\":{\"@id\":\"https:\/\/www.manaus.am.gov.br\/semacc\/#\/schema\/person\/a5ee5376db6e21af026374b369f30882\"},\"description\":\"A manh\u00e3 desta quarta-feira, 28\/5, foi marcada por um gesto simb\u00f3lico: o descerramento da placa de reinaugura\u00e7\u00e3o da feira do Nova Cidade.\",\"breadcrumb\":{\"@id\":\"https:\/\/www.manaus.am.gov.br\/semacc\/feira-do-nova-cidade\/#breadcrumb\"},\"inLanguage\":\"pt-BR\",\"potentialAction\":[{\"@type\":\"ReadAction\",\"target\":[\"https:\/\/www.manaus.am.gov.br\/semacc\/feira-do-nova-cidade\/\"]}]},{\"@type\":\"ImageObject\",\"inLanguage\":\"pt-BR\",\"@id\":\"https:\/\/www.manaus.am.gov.br\/semacc\/feira-do-nova-cidade\/#primaryimage\",\"url\":\"https:\/\/www.manaus.am.gov.br\/semacc\/wp-content\/uploads\/sites\/22\/2025\/05\/feira-do-Nova-Cidade-2.jpeg\",\"contentUrl\":\"https:\/\/www.manaus.am.gov.br\/semacc\/wp-content\/uploads\/sites\/22\/2025\/05\/feira-do-Nova-Cidade-2.jpeg\",\"width\":4160,\"height\":2774,\"caption\":\"feira do Nova Cidade\"},{\"@type\":\"BreadcrumbList\",\"@id\":\"https:\/\/www.manaus.am.gov.br\/semacc\/feira-do-nova-cidade\/#breadcrumb\",\"itemListElement\":[{\"@type\":\"ListItem\",\"position\":1,\"name\":\"Home\",\"item\":\"https:\/\/www.manaus.am.gov.br\/semacc\/\"},{\"@type\":\"ListItem\",\"position\":2,\"name\":\"Vice-prefeito Renato Junior entrega feira do Nova Cidade com nova estrutura e mais dignidade para os permission\u00e1rios e frequentadores\"}]},{\"@type\":\"WebSite\",\"@id\":\"https:\/\/www.manaus.am.gov.br\/semacc\/#website\",\"url\":\"https:\/\/www.manaus.am.gov.br\/semacc\/\",\"name\":\"SEMACC\",\"description\":\"Prefeitura de Manaus\",\"potentialAction\":[{\"@type\":\"SearchAction\",\"target\":{\"@type\":\"EntryPoint\",\"urlTemplate\":\"https:\/\/www.manaus.am.gov.br\/semacc\/?s={search_term_string}\"},\"query-input\":\"required name=search_term_string\"}],\"inLanguage\":\"pt-BR\"},{\"@type\":\"Person\",\"@id\":\"https:\/\/www.manaus.am.gov.br\/semacc\/#\/schema\/person\/a5ee5376db6e21af026374b369f30882\",\"name\":\"Thiago Fernando\",\"image\":{\"@type\":\"ImageObject\",\"inLanguage\":\"pt-BR\",\"@id\":\"https:\/\/www.manaus.am.gov.br\/semacc\/#\/schema\/person\/image\/\",\"url\":\"https:\/\/secure.gravatar.com\/avatar\/f5aab8722444041451501c077052ac07?s=96&d=mm&r=g\",\"contentUrl\":\"https:\/\/secure.gravatar.com\/avatar\/f5aab8722444041451501c077052ac07?s=96&d=mm&r=g\",\"caption\":\"Thiago Fernando\"}}]}<\/script>\n<!-- \/ Yoast SEO plugin. -->","yoast_head_json":{"title":"Vice-prefeito Renato Junior entrega feira do Nova Cidade","description":"A manh\u00e3 desta quarta-feira, 28\/5, foi marcada por um gesto simb\u00f3lico: o descerramento da placa de reinaugura\u00e7\u00e3o da feira do Nova Cidade.","robots":{"index":"noindex","follow":"follow"},"og_locale":"pt_BR","og_type":"article","og_title":"Vice-prefeito Renato Junior entrega feira do Nova Cidade","og_description":"A manh\u00e3 desta quarta-feira, 28\/5, foi marcada por um gesto simb\u00f3lico: o descerramento da placa de reinaugura\u00e7\u00e3o da feira do Nova Cidade.","og_url":"https:\/\/www.manaus.am.gov.br\/semacc\/feira-do-nova-cidade\/","og_site_name":"SEMACC","article_published_time":"2025-05-28T20:03:25+00:00","article_modified_time":"2025-05-28T20:12:37+00:00","og_image":[{"width":4160,"height":2774,"url":"https:\/\/www.manaus.am.gov.br\/semacc\/wp-content\/uploads\/sites\/22\/2025\/05\/feira-do-Nova-Cidade-2.jpeg","type":"image\/jpeg"}],"author":"Thiago Fernando","twitter_card":"summary_large_image","twitter_misc":{"Written by":"Thiago Fernando","Est. reading time":"4 minutos"},"schema":{"@context":"https:\/\/schema.org","@graph":[{"@type":"WebPage","@id":"https:\/\/www.manaus.am.gov.br\/semacc\/feira-do-nova-cidade\/","url":"https:\/\/www.manaus.am.gov.br\/semacc\/feira-do-nova-cidade\/","name":"Vice-prefeito Renato Junior entrega feira do Nova Cidade","isPartOf":{"@id":"https:\/\/www.manaus.am.gov.br\/semacc\/#website"},"primaryImageOfPage":{"@id":"https:\/\/www.manaus.am.gov.br\/semacc\/feira-do-nova-cidade\/#primaryimage"},"image":{"@id":"https:\/\/www.manaus.am.gov.br\/semacc\/feira-do-nova-cidade\/#primaryimage"},"thumbnailUrl":"https:\/\/www.manaus.am.gov.br\/semacc\/wp-content\/uploads\/sites\/22\/2025\/05\/feira-do-Nova-Cidade-2.jpeg","datePublished":"2025-05-28T20:03:25+00:00","dateModified":"2025-05-28T20:12:37+00:00","author":{"@id":"https:\/\/www.manaus.am.gov.br\/semacc\/#\/schema\/person\/a5ee5376db6e21af026374b369f30882"},"description":"A manh\u00e3 desta quarta-feira, 28\/5, foi marcada por um gesto simb\u00f3lico: o descerramento da placa de reinaugura\u00e7\u00e3o da feira do Nova Cidade.","breadcrumb":{"@id":"https:\/\/www.manaus.am.gov.br\/semacc\/feira-do-nova-cidade\/#breadcrumb"},"inLanguage":"pt-BR","potentialAction":[{"@type":"ReadAction","target":["https:\/\/www.manaus.am.gov.br\/semacc\/feira-do-nova-cidade\/"]}]},{"@type":"ImageObject","inLanguage":"pt-BR","@id":"https:\/\/www.manaus.am.gov.br\/semacc\/feira-do-nova-cidade\/#primaryimage","url":"https:\/\/www.manaus.am.gov.br\/semacc\/wp-content\/uploads\/sites\/22\/2025\/05\/feira-do-Nova-Cidade-2.jpeg","contentUrl":"https:\/\/www.manaus.am.gov.br\/semacc\/wp-content\/uploads\/sites\/22\/2025\/05\/feira-do-Nova-Cidade-2.jpeg","width":4160,"height":2774,"caption":"feira do Nova Cidade"},{"@type":"BreadcrumbList","@id":"https:\/\/www.manaus.am.gov.br\/semacc\/feira-do-nova-cidade\/#breadcrumb","itemListElement":[{"@type":"ListItem","position":1,"name":"Home","item":"https:\/\/www.manaus.am.gov.br\/semacc\/"},{"@type":"ListItem","position":2,"name":"Vice-prefeito Renato Junior entrega feira do Nova Cidade com nova estrutura e mais dignidade para os permission\u00e1rios e frequentadores"}]},{"@type":"WebSite","@id":"https:\/\/www.manaus.am.gov.br\/semacc\/#website","url":"https:\/\/www.manaus.am.gov.br\/semacc\/","name":"SEMACC","description":"Prefeitura de Manaus","potentialAction":[{"@type":"SearchAction","target":{"@type":"EntryPoint","urlTemplate":"https:\/\/www.manaus.am.gov.br\/semacc\/?s={search_term_string}"},"query-input":"required name=search_term_string"}],"inLanguage":"pt-BR"},{"@type":"Person","@id":"https:\/\/www.manaus.am.gov.br\/semacc\/#\/schema\/person\/a5ee5376db6e21af026374b369f30882","name":"Thiago Fernando","image":{"@type":"ImageObject","inLanguage":"pt-BR","@id":"https:\/\/www.manaus.am.gov.br\/semacc\/#\/schema\/person\/image\/","url":"https:\/\/secure.gravatar.com\/avatar\/f5aab8722444041451501c077052ac07?s=96&d=mm&r=g","contentUrl":"https:\/\/secure.gravatar.com\/avatar\/f5aab8722444041451501c077052ac07?s=96&d=mm&r=g","caption":"Thiago Fernando"}}]}},"_links":{"self":[{"href":"https:\/\/www.manaus.am.gov.br\/semacc\/wp-json\/wp\/v2\/posts\/1369"}],"collection":[{"href":"https:\/\/www.manaus.am.gov.br\/semacc\/wp-json\/wp\/v2\/posts"}],"about":[{"href":"https:\/\/www.manaus.am.gov.br\/semacc\/wp-json\/wp\/v2\/types\/post"}],"author":[{"embeddable":true,"href":"https:\/\/www.manaus.am.gov.br\/semacc\/wp-json\/wp\/v2\/users\/57"}],"replies":[{"embeddable":true,"href":"https:\/\/www.manaus.am.gov.br\/semacc\/wp-json\/wp\/v2\/comments?post=1369"}],"version-history":[{"count":5,"href":"https:\/\/www.manaus.am.gov.br\/semacc\/wp-json\/wp\/v2\/posts\/1369\/revisions"}],"predecessor-version":[{"id":1377,"href":"https:\/\/www.manaus.am.gov.br\/semacc\/wp-json\/wp\/v2\/posts\/1369\/revisions\/1377"}],"wp:featuredmedia":[{"embeddable":true,"href":"https:\/\/www.manaus.am.gov.br\/semacc\/wp-json\/wp\/v2\/media\/1370"}],"wp:attachment":[{"href":"https:\/\/www.manaus.am.gov.br\/semacc\/wp-json\/wp\/v2\/media?parent=1369"}],"wp:term":[{"taxonomy":"category","embeddable":true,"href":"https:\/\/www.manaus.am.gov.br\/semacc\/wp-json\/wp\/v2\/categories?post=1369"},{"taxonomy":"post_tag","embeddable":true,"href":"https:\/\/www.manaus.am.gov.br\/semacc\/wp-json\/wp\/v2\/tags?post=1369"}],"curies":[{"name":"wp","href":"https:\/\/api.w.org\/{rel}","templated":true}]}}