{"id":1315,"date":"2025-04-24T15:46:09","date_gmt":"2025-04-24T19:46:09","guid":{"rendered":"https:\/\/www.manaus.am.gov.br\/semacc\/nova-feira-municipal\/"},"modified":"2025-04-24T15:46:11","modified_gmt":"2025-04-24T19:46:11","slug":"nova-feira-municipal","status":"publish","type":"post","link":"https:\/\/www.manaus.am.gov.br\/semacc\/nova-feira-municipal\/","title":{"rendered":"Prefeito David Almeida entrega nova feira municipal no S\u00e3o Jorge e reafirma transforma\u00e7\u00e3o dos espa\u00e7os p\u00fablicos"},"content":{"rendered":"\n<p>O prefeito de Manaus, David Almeida, entregou, nesta quinta-feira, 24\/4, a nova feira municipal do S\u00e3o Jorge &#8211; Jo\u00e3o Castro Filho, localizada no S\u00e3o Jorge, na zona Oeste da capital. A revitaliza\u00e7\u00e3o do espa\u00e7o faz parte de um plano estrat\u00e9gico de requalifica\u00e7\u00e3o das feiras e mercados da cidade, coordenado pela <a href=\"https:\/\/www.manaus.am.gov.br\/semacc\/\">Secretaria Municipal de Agricultura, Abastecimento, Centro e Com\u00e9rcio Informal (Semacc)<\/a>, e simboliza a efici\u00eancia administrativa da <a href=\"https:\/\/www.instagram.com\/prefeiturademanaus\/\">Prefeitura de Manaus<\/a>, que j\u00e1 reformou 24 estruturas desse tipo em pouco mais de quatro anos.<\/p>\n\n\n\n<p>A nova feira agora conta com 937,71 metros quadrados de \u00e1rea constru\u00edda, nova cobertura, ventila\u00e7\u00e3o aprimorada, ilumina\u00e7\u00e3o moderna, acessibilidade para Pessoas com Defici\u00eancia (PcDs), 16 boxes e 18 bancas padronizadas, al\u00e9m de uma pra\u00e7a de alimenta\u00e7\u00e3o com wi-fi gratuito. Mais do que uma obra f\u00edsica, a entrega representa a valoriza\u00e7\u00e3o do com\u00e9rcio local e o fortalecimento da economia de bairro, dois pilares estrat\u00e9gicos da atual administra\u00e7\u00e3o.<\/p>\n\n\n\n<p>\u201cEssa \u00e9 a 24\u00aa estrutura de feiras e mercados que n\u00f3s entregamos para a popula\u00e7\u00e3o. Estamos mudando a realidade de espa\u00e7os que estavam abandonados h\u00e1 10, 20, 30 anos. E tudo isso faz parte de uma programa\u00e7\u00e3o com planejamento e responsabilidade, em parceria com o Governo do Amazonas, utilizando recursos p\u00fablicos com transpar\u00eancia e efici\u00eancia. O nosso compromisso \u00e9 com as pessoas, e a favela venceu, porque hoje quem governa Manaus \u00e9 o povo da periferia\u201d, declarou o prefeito David Almeida.<\/p>\n\n\n\n<p>A a\u00e7\u00e3o integra o cronograma de 35 feiras que ser\u00e3o recuperadas at\u00e9 o fim do mandato. O investimento \u00e9 fruto de conv\u00eanio entre a prefeitura e o governo do Estado, garantindo a uni\u00e3o de for\u00e7as para acelerar a transforma\u00e7\u00e3o dos espa\u00e7os p\u00fablicos de Manaus.<\/p>\n\n\n\n<p>O vice-governador do Amazonas, Tadeu de Souza, tamb\u00e9m participou da entrega e destacou a capacidade da gest\u00e3o municipal em manter um planejamento estrat\u00e9gico eficiente, com foco nos resultados.<\/p>\n\n\n\n<p>\u201cA percep\u00e7\u00e3o da popula\u00e7\u00e3o \u00e9 clara: o servi\u00e7o p\u00fablico em Manaus mudou. E isso \u00e9 resultado de uma gest\u00e3o coesa, com planejamento, com metas, com entrega. O que est\u00e1 sendo feito aqui \u00e9 devolver dignidade e seguran\u00e7a para quem trabalha e para quem consome\u201d, afirmou.<\/p>\n\n\n\n<p>O titular da Semacc, Wanderson Costa, ressaltou o empenho t\u00e9cnico e administrativo da gest\u00e3o municipal.<\/p>\n\n\n\n<p>\u201cEssa feira estava abandonada h\u00e1 mais de 30 anos. Hoje, entregamos um novo espa\u00e7o, digno, seguro e funcional. Existe um plano estrat\u00e9gico de reestrutura\u00e7\u00e3o de feiras que est\u00e1 sendo cumprido com \u00eaxito, gra\u00e7as \u00e0 seriedade da gest\u00e3o do prefeito David. \u00c9 um mandato de entrega, de compromisso e de respeito com o povo de Manaus\u201d, disse.<\/p>\n\n\n\n<p>Para os permission\u00e1rios e moradores da comunidade, o novo espa\u00e7o \u00e9 s\u00edmbolo de esperan\u00e7a e valoriza\u00e7\u00e3o, como destacou a feirante Gracineide Marinho.<\/p>\n\n\n\n<p>&nbsp;\u201cAqui \u00e9 b\u00ean\u00e7\u00e3o de Deus. \u00c9 uma conquista de todos n\u00f3s, feirantes e comunidade. Com luta e f\u00e9, a gente venceu\u201d, disse Gracineide.<\/p>\n\n\n\n<p><strong>Homenagem<\/strong><\/p>\n\n\n\n<p>A escolha do nome da nova feira do bairro S\u00e3o Jorge \u00e9 uma justa homenagem ao professor Jo\u00e3o Castro Filho, que faleceu em 2006. Homem \u00edntegro, atuante e profundamente ligado \u00e0 comunidade, ele marcou gera\u00e7\u00f5es com sua dedica\u00e7\u00e3o ao servi\u00e7o p\u00fablico e ao bem comum. Ao nomear a feira em sua mem\u00f3ria, a gest\u00e3o David Almeida reconhece n\u00e3o apenas a trajet\u00f3ria profissional de Jo\u00e3o Castro, mas tamb\u00e9m seu papel como cidad\u00e3o exemplar, cuja presen\u00e7a foi s\u00edmbolo de uni\u00e3o, solidariedade e amor pelo bairro onde viveu e atuou com tanto zelo.<\/p>\n\n\n\n<p>\u201cSenhores, a homenagem \u00e9 para meu pai, mas quem ganhou foi o povo do S\u00e3o Jorge. Sou grato a Deus pela vida do prefeito, que n\u00e3o mede esfor\u00e7os para cuidar da popula\u00e7\u00e3o \u2014 ele, que \u00e9 um homem que acorda todos os dias \u00e0s 4h da manh\u00e3 e faz do trabalho um verdadeiro sacerd\u00f3cio\u201d, agradeceu Willame Castro, policial militar e filho do homenageado.<\/p>\n\n\n\n<p>&#8212; &#8212; &#8212;<\/p>\n\n\n\n<p><strong>Texto &#8211;<\/strong> Emanuelle Baires \/ Semcom<\/p>\n\n\n\n<p><strong>Fotos &#8211;<\/strong> Dhyeizo Lemos \/ Semcom<\/p>\n\n\n\n<p><strong>Dispon\u00edveis em \u2013<\/strong> <a href=\"https:\/\/flic.kr\/s\/aHBqjCaHzY\">https:\/\/flic.kr\/s\/aHBqjCaHzY<\/a><\/p>\n","protected":false},"excerpt":{"rendered":"","protected":false},"author":57,"featured_media":1317,"comment_status":"closed","ping_status":"closed","sticky":false,"template":"","format":"standard","meta":{"footnotes":""},"categories":[296],"tags":[16,549,10,428,13],"acf":[],"yoast_head":"<!-- This site is optimized with the Yoast SEO plugin v23.0 - https:\/\/yoast.com\/wordpress\/plugins\/seo\/ -->\n<title>Prefeito David Almeida entrega nova feira municipal no S\u00e3o Jorge<\/title>\n<meta name=\"description\" content=\"O prefeito de Manaus, David Almeida, entregou, nesta quinta-feira, 24\/4, a nova feira municipal do S\u00e3o Jorge - Jo\u00e3o Castro Filho.\" \/>\n<meta name=\"robots\" content=\"noindex, follow\" \/>\n<meta property=\"og:locale\" content=\"pt_BR\" \/>\n<meta property=\"og:type\" content=\"article\" \/>\n<meta property=\"og:title\" content=\"Prefeito David Almeida entrega nova feira municipal no S\u00e3o Jorge\" \/>\n<meta property=\"og:description\" content=\"O prefeito de Manaus, David Almeida, entregou, nesta quinta-feira, 24\/4, a nova feira municipal do S\u00e3o Jorge - Jo\u00e3o Castro Filho.\" \/>\n<meta property=\"og:url\" content=\"https:\/\/www.manaus.am.gov.br\/semacc\/nova-feira-municipal\/\" \/>\n<meta property=\"og:site_name\" content=\"SEMACC\" \/>\n<meta property=\"article:published_time\" content=\"2025-04-24T19:46:09+00:00\" \/>\n<meta property=\"article:modified_time\" content=\"2025-04-24T19:46:11+00:00\" \/>\n<meta property=\"og:image\" content=\"https:\/\/www.manaus.am.gov.br\/semacc\/wp-content\/uploads\/sites\/22\/2025\/04\/nova-feira-municipal-1.jpg\" \/>\n\t<meta property=\"og:image:width\" content=\"799\" \/>\n\t<meta property=\"og:image:height\" content=\"533\" \/>\n\t<meta property=\"og:image:type\" content=\"image\/jpeg\" \/>\n<meta name=\"author\" content=\"Thiago Fernando\" \/>\n<meta name=\"twitter:card\" content=\"summary_large_image\" \/>\n<meta name=\"twitter:label1\" content=\"Written by\" \/>\n\t<meta name=\"twitter:data1\" content=\"Thiago Fernando\" \/>\n\t<meta name=\"twitter:label2\" content=\"Est. reading time\" \/>\n\t<meta name=\"twitter:data2\" content=\"4 minutos\" \/>\n<script type=\"application\/ld+json\" class=\"yoast-schema-graph\">{\"@context\":\"https:\/\/schema.org\",\"@graph\":[{\"@type\":\"WebPage\",\"@id\":\"https:\/\/www.manaus.am.gov.br\/semacc\/nova-feira-municipal\/\",\"url\":\"https:\/\/www.manaus.am.gov.br\/semacc\/nova-feira-municipal\/\",\"name\":\"Prefeito David Almeida entrega nova feira municipal no S\u00e3o Jorge\",\"isPartOf\":{\"@id\":\"https:\/\/www.manaus.am.gov.br\/semacc\/#website\"},\"primaryImageOfPage\":{\"@id\":\"https:\/\/www.manaus.am.gov.br\/semacc\/nova-feira-municipal\/#primaryimage\"},\"image\":{\"@id\":\"https:\/\/www.manaus.am.gov.br\/semacc\/nova-feira-municipal\/#primaryimage\"},\"thumbnailUrl\":\"https:\/\/www.manaus.am.gov.br\/semacc\/wp-content\/uploads\/sites\/22\/2025\/04\/nova-feira-municipal-1.jpg\",\"datePublished\":\"2025-04-24T19:46:09+00:00\",\"dateModified\":\"2025-04-24T19:46:11+00:00\",\"author\":{\"@id\":\"https:\/\/www.manaus.am.gov.br\/semacc\/#\/schema\/person\/a5ee5376db6e21af026374b369f30882\"},\"description\":\"O prefeito de Manaus, David Almeida, entregou, nesta quinta-feira, 24\/4, a nova feira municipal do S\u00e3o Jorge - Jo\u00e3o Castro Filho.\",\"breadcrumb\":{\"@id\":\"https:\/\/www.manaus.am.gov.br\/semacc\/nova-feira-municipal\/#breadcrumb\"},\"inLanguage\":\"pt-BR\",\"potentialAction\":[{\"@type\":\"ReadAction\",\"target\":[\"https:\/\/www.manaus.am.gov.br\/semacc\/nova-feira-municipal\/\"]}]},{\"@type\":\"ImageObject\",\"inLanguage\":\"pt-BR\",\"@id\":\"https:\/\/www.manaus.am.gov.br\/semacc\/nova-feira-municipal\/#primaryimage\",\"url\":\"https:\/\/www.manaus.am.gov.br\/semacc\/wp-content\/uploads\/sites\/22\/2025\/04\/nova-feira-municipal-1.jpg\",\"contentUrl\":\"https:\/\/www.manaus.am.gov.br\/semacc\/wp-content\/uploads\/sites\/22\/2025\/04\/nova-feira-municipal-1.jpg\",\"width\":799,\"height\":533,\"caption\":\"#paratodosverem - Prefeito David Almeida realizando a reinaugura\u00e7\u00e3o da feira\"},{\"@type\":\"BreadcrumbList\",\"@id\":\"https:\/\/www.manaus.am.gov.br\/semacc\/nova-feira-municipal\/#breadcrumb\",\"itemListElement\":[{\"@type\":\"ListItem\",\"position\":1,\"name\":\"Home\",\"item\":\"https:\/\/www.manaus.am.gov.br\/semacc\/\"},{\"@type\":\"ListItem\",\"position\":2,\"name\":\"Prefeito David Almeida entrega nova feira municipal no S\u00e3o Jorge e reafirma transforma\u00e7\u00e3o dos espa\u00e7os p\u00fablicos\"}]},{\"@type\":\"WebSite\",\"@id\":\"https:\/\/www.manaus.am.gov.br\/semacc\/#website\",\"url\":\"https:\/\/www.manaus.am.gov.br\/semacc\/\",\"name\":\"SEMACC\",\"description\":\"Prefeitura de Manaus\",\"potentialAction\":[{\"@type\":\"SearchAction\",\"target\":{\"@type\":\"EntryPoint\",\"urlTemplate\":\"https:\/\/www.manaus.am.gov.br\/semacc\/?s={search_term_string}\"},\"query-input\":\"required name=search_term_string\"}],\"inLanguage\":\"pt-BR\"},{\"@type\":\"Person\",\"@id\":\"https:\/\/www.manaus.am.gov.br\/semacc\/#\/schema\/person\/a5ee5376db6e21af026374b369f30882\",\"name\":\"Thiago Fernando\",\"image\":{\"@type\":\"ImageObject\",\"inLanguage\":\"pt-BR\",\"@id\":\"https:\/\/www.manaus.am.gov.br\/semacc\/#\/schema\/person\/image\/\",\"url\":\"https:\/\/secure.gravatar.com\/avatar\/f5aab8722444041451501c077052ac07?s=96&d=mm&r=g\",\"contentUrl\":\"https:\/\/secure.gravatar.com\/avatar\/f5aab8722444041451501c077052ac07?s=96&d=mm&r=g\",\"caption\":\"Thiago Fernando\"}}]}<\/script>\n<!-- \/ Yoast SEO plugin. -->","yoast_head_json":{"title":"Prefeito David Almeida entrega nova feira municipal no S\u00e3o Jorge","description":"O prefeito de Manaus, David Almeida, entregou, nesta quinta-feira, 24\/4, a nova feira municipal do S\u00e3o Jorge - Jo\u00e3o Castro Filho.","robots":{"index":"noindex","follow":"follow"},"og_locale":"pt_BR","og_type":"article","og_title":"Prefeito David Almeida entrega nova feira municipal no S\u00e3o Jorge","og_description":"O prefeito de Manaus, David Almeida, entregou, nesta quinta-feira, 24\/4, a nova feira municipal do S\u00e3o Jorge - Jo\u00e3o Castro Filho.","og_url":"https:\/\/www.manaus.am.gov.br\/semacc\/nova-feira-municipal\/","og_site_name":"SEMACC","article_published_time":"2025-04-24T19:46:09+00:00","article_modified_time":"2025-04-24T19:46:11+00:00","og_image":[{"width":799,"height":533,"url":"https:\/\/www.manaus.am.gov.br\/semacc\/wp-content\/uploads\/sites\/22\/2025\/04\/nova-feira-municipal-1.jpg","type":"image\/jpeg"}],"author":"Thiago Fernando","twitter_card":"summary_large_image","twitter_misc":{"Written by":"Thiago Fernando","Est. reading time":"4 minutos"},"schema":{"@context":"https:\/\/schema.org","@graph":[{"@type":"WebPage","@id":"https:\/\/www.manaus.am.gov.br\/semacc\/nova-feira-municipal\/","url":"https:\/\/www.manaus.am.gov.br\/semacc\/nova-feira-municipal\/","name":"Prefeito David Almeida entrega nova feira municipal no S\u00e3o Jorge","isPartOf":{"@id":"https:\/\/www.manaus.am.gov.br\/semacc\/#website"},"primaryImageOfPage":{"@id":"https:\/\/www.manaus.am.gov.br\/semacc\/nova-feira-municipal\/#primaryimage"},"image":{"@id":"https:\/\/www.manaus.am.gov.br\/semacc\/nova-feira-municipal\/#primaryimage"},"thumbnailUrl":"https:\/\/www.manaus.am.gov.br\/semacc\/wp-content\/uploads\/sites\/22\/2025\/04\/nova-feira-municipal-1.jpg","datePublished":"2025-04-24T19:46:09+00:00","dateModified":"2025-04-24T19:46:11+00:00","author":{"@id":"https:\/\/www.manaus.am.gov.br\/semacc\/#\/schema\/person\/a5ee5376db6e21af026374b369f30882"},"description":"O prefeito de Manaus, David Almeida, entregou, nesta quinta-feira, 24\/4, a nova feira municipal do S\u00e3o Jorge - Jo\u00e3o Castro Filho.","breadcrumb":{"@id":"https:\/\/www.manaus.am.gov.br\/semacc\/nova-feira-municipal\/#breadcrumb"},"inLanguage":"pt-BR","potentialAction":[{"@type":"ReadAction","target":["https:\/\/www.manaus.am.gov.br\/semacc\/nova-feira-municipal\/"]}]},{"@type":"ImageObject","inLanguage":"pt-BR","@id":"https:\/\/www.manaus.am.gov.br\/semacc\/nova-feira-municipal\/#primaryimage","url":"https:\/\/www.manaus.am.gov.br\/semacc\/wp-content\/uploads\/sites\/22\/2025\/04\/nova-feira-municipal-1.jpg","contentUrl":"https:\/\/www.manaus.am.gov.br\/semacc\/wp-content\/uploads\/sites\/22\/2025\/04\/nova-feira-municipal-1.jpg","width":799,"height":533,"caption":"#paratodosverem - Prefeito David Almeida realizando a reinaugura\u00e7\u00e3o da feira"},{"@type":"BreadcrumbList","@id":"https:\/\/www.manaus.am.gov.br\/semacc\/nova-feira-municipal\/#breadcrumb","itemListElement":[{"@type":"ListItem","position":1,"name":"Home","item":"https:\/\/www.manaus.am.gov.br\/semacc\/"},{"@type":"ListItem","position":2,"name":"Prefeito David Almeida entrega nova feira municipal no S\u00e3o Jorge e reafirma transforma\u00e7\u00e3o dos espa\u00e7os p\u00fablicos"}]},{"@type":"WebSite","@id":"https:\/\/www.manaus.am.gov.br\/semacc\/#website","url":"https:\/\/www.manaus.am.gov.br\/semacc\/","name":"SEMACC","description":"Prefeitura de Manaus","potentialAction":[{"@type":"SearchAction","target":{"@type":"EntryPoint","urlTemplate":"https:\/\/www.manaus.am.gov.br\/semacc\/?s={search_term_string}"},"query-input":"required name=search_term_string"}],"inLanguage":"pt-BR"},{"@type":"Person","@id":"https:\/\/www.manaus.am.gov.br\/semacc\/#\/schema\/person\/a5ee5376db6e21af026374b369f30882","name":"Thiago Fernando","image":{"@type":"ImageObject","inLanguage":"pt-BR","@id":"https:\/\/www.manaus.am.gov.br\/semacc\/#\/schema\/person\/image\/","url":"https:\/\/secure.gravatar.com\/avatar\/f5aab8722444041451501c077052ac07?s=96&d=mm&r=g","contentUrl":"https:\/\/secure.gravatar.com\/avatar\/f5aab8722444041451501c077052ac07?s=96&d=mm&r=g","caption":"Thiago Fernando"}}]}},"_links":{"self":[{"href":"https:\/\/www.manaus.am.gov.br\/semacc\/wp-json\/wp\/v2\/posts\/1315"}],"collection":[{"href":"https:\/\/www.manaus.am.gov.br\/semacc\/wp-json\/wp\/v2\/posts"}],"about":[{"href":"https:\/\/www.manaus.am.gov.br\/semacc\/wp-json\/wp\/v2\/types\/post"}],"author":[{"embeddable":true,"href":"https:\/\/www.manaus.am.gov.br\/semacc\/wp-json\/wp\/v2\/users\/57"}],"replies":[{"embeddable":true,"href":"https:\/\/www.manaus.am.gov.br\/semacc\/wp-json\/wp\/v2\/comments?post=1315"}],"version-history":[{"count":0,"href":"https:\/\/www.manaus.am.gov.br\/semacc\/wp-json\/wp\/v2\/posts\/1315\/revisions"}],"wp:featuredmedia":[{"embeddable":true,"href":"https:\/\/www.manaus.am.gov.br\/semacc\/wp-json\/wp\/v2\/media\/1317"}],"wp:attachment":[{"href":"https:\/\/www.manaus.am.gov.br\/semacc\/wp-json\/wp\/v2\/media?parent=1315"}],"wp:term":[{"taxonomy":"category","embeddable":true,"href":"https:\/\/www.manaus.am.gov.br\/semacc\/wp-json\/wp\/v2\/categories?post=1315"},{"taxonomy":"post_tag","embeddable":true,"href":"https:\/\/www.manaus.am.gov.br\/semacc\/wp-json\/wp\/v2\/tags?post=1315"}],"curies":[{"name":"wp","href":"https:\/\/api.w.org\/{rel}","templated":true}]}}