{"id":1301,"date":"2025-04-09T17:21:36","date_gmt":"2025-04-09T21:21:36","guid":{"rendered":"https:\/\/www.manaus.am.gov.br\/semacc\/nova-feira-do-mutirao\/"},"modified":"2025-04-09T17:21:38","modified_gmt":"2025-04-09T21:21:38","slug":"nova-feira-do-mutirao","status":"publish","type":"post","link":"https:\/\/www.manaus.am.gov.br\/semacc\/nova-feira-do-mutirao\/","title":{"rendered":"Prefeito David Almeida apresenta \u00e1rea onde ser\u00e1 constru\u00edda nova feira do Mutir\u00e3o com investimento de R$ 7 milh\u00f5es"},"content":{"rendered":"\n<p><br>O prefeito de Manaus, David Almeida, apresentou, nesta quarta-feira, 9\/4, a \u00e1rea onde ser\u00e1 constru\u00edda a nova feira do Mutir\u00e3o, na zona Leste, durante coletiva de imprensa. A nova estrutura ter\u00e1 investimento de R$ 7 milh\u00f5es da Prefeitura de Manaus e ser\u00e1 constru\u00edda ao lado do parque Gigantes da Floresta, transformando a realidade de feirantes e consumidores da regi\u00e3o.<br><br>Al\u00e9m do an\u00fancio, o chefe do Executivo municipal tamb\u00e9m visitou as feiras do S\u00e3o Jorge e Nova Cidade, que est\u00e3o em reforma, acompanhado do titular da Secretaria Municipal de Agricultura, Abastecimento, Centro e Com\u00e9rcio Informal (Semacc), Wanderson Costa, para ouvir os permission\u00e1rios e refor\u00e7ar o compromisso da gest\u00e3o com a valoriza\u00e7\u00e3o dos espa\u00e7os p\u00fablicos de abastecimento.<br><br>\u201cO S\u00e3o Jorge, por exemplo, n\u00f3s vamos entregar nos pr\u00f3ximos 15 dias, completamente revitalizado. Com a nova feira do Mutir\u00e3o, somamos ainda mais investimentos para garantir dignidade aos trabalhadores e um ambiente seguro e moderno para a popula\u00e7\u00e3o\u201d, destacou o prefeito.<br><br>A atual feira do Mutir\u00e3o funciona de forma improvisada e h\u00e1 mais de 30 anos enfrenta problemas estruturais e de insalubridade. A nova feira ser\u00e1 erguida em um terreno em frente ao espa\u00e7o atual e contar\u00e1 com cobertura met\u00e1lica, boxes padronizados, pra\u00e7a de alimenta\u00e7\u00e3o, wi-fi, banheiros novos, estacionamento e outras melhorias que seguem o padr\u00e3o do parque Gigantes da Floresta, s\u00edmbolo de revitaliza\u00e7\u00e3o da \u00e1rea.<br><br>Segundo David Almeida, o projeto j\u00e1 est\u00e1 pronto e deve ser licitado nos pr\u00f3ximos tr\u00eas meses. A previs\u00e3o \u00e9 que as obras tenham in\u00edcio entre agosto e setembro. \u201cVamos dar in\u00edcio ao processo com o decreto de desapropria\u00e7\u00e3o nas pr\u00f3ximas semanas. Nossa inten\u00e7\u00e3o \u00e9 come\u00e7ar as obras no segundo semestre e entregar uma das feiras mais modernas da cidade\u201d, afirmou.<br><br>O secret\u00e1rio da Semacc, Wanderson Costa, destacou que os investimentos nas feiras de Manaus seguem um planejamento estrat\u00e9gico para reordenar o com\u00e9rcio informal e agregar qualidade na manipula\u00e7\u00e3o dos produtos.<br><br>\u201cNosso planejamento contempla n\u00e3o apenas a requalifica\u00e7\u00e3o urbana e valoriza\u00e7\u00e3o do com\u00e9rcio popular, mas, tamb\u00e9m, busca proporcionar um ambiente seguro e saud\u00e1vel para todos. Essas obras fazem parte de um conjunto de a\u00e7\u00f5es que a prefeitura est\u00e1 realizando com recursos previstos no plano anual de investimentos de sua gest\u00e3o e a nova feira do Mutir\u00e3o ser\u00e1 uma das primeiras grandes entregas desse pacote\u201d, explicou.<br><br>Para o ex-vereador Raulzinho, morador da comunidade, a nova feira representa uma grande vit\u00f3ria, n\u00e3o apenas para os feirantes, mas, principalmente, para os moradores. \u201c\u00c9 um sonho antigo, que agora vai se tornar realidade gra\u00e7as ao trabalho do prefeito David. Essa feira vai trazer dignidade e desenvolvimento para toda a zona Leste\u201d, celebrou Raulzinho.<br><br><strong>Sustentabilidade, seguran\u00e7a e qualidade de vida<br><br><\/strong>Durante a coletiva, o prefeito tamb\u00e9m respondeu a questionamentos sobre seguran\u00e7a e meio ambiente. A nova feira ter\u00e1 tratamento de efluentes e a\u00e7\u00f5es de conscientiza\u00e7\u00e3o ambiental. Al\u00e9m disso, h\u00e1 planos para a instala\u00e7\u00e3o de uma sub-base da Guarda Municipal no entorno, ampliando a seguran\u00e7a da regi\u00e3o.<br><br>\u201cQuando retirarmos a feira do local atual, voc\u00eas j\u00e1 ver\u00e3o a diferen\u00e7a no igarap\u00e9. Vamos reduzir o lixo, manter a ecobarreira e atuar com educa\u00e7\u00e3o ambiental. \u00c9 um trabalho completo, que une infraestrutura e consci\u00eancia\u201d, pontuou David.<br><br><strong>Foco no trabalho e transforma\u00e7\u00e3o de Manaus<\/strong><br><br>Ao encerrar a coletiva, o prefeito reafirmou seu compromisso com a cidade e refor\u00e7ou que n\u00e3o \u00e9 candidato \u00e0 reelei\u00e7\u00e3o. \u201cMeu nome n\u00e3o deve estar nas pesquisas. Quero apenas continuar trabalhando por Manaus e transformar a vida das pessoas. Esse \u00e9 o meu foco\u201d.<\/p>\n\n\n\n<p>\u2014 \u2014 \u2014<br><strong>Texto &#8211; <\/strong>Emanuelle Baires\/Semcom<br><strong>Fotos &#8211;<\/strong> Dhyeizo Lemos\/Semcom<br><strong>Dispon\u00edveis em &#8211; <\/strong><a href=\"https:\/\/flic.kr\/s\/aHBqjC8qZ4\">https:\/\/flic.kr\/s\/aHBqjC8qZ4<\/a>\u00a0<\/p>\n","protected":false},"excerpt":{"rendered":"","protected":false},"author":68,"featured_media":1302,"comment_status":"closed","ping_status":"closed","sticky":false,"template":"","format":"standard","meta":{"footnotes":""},"categories":[35],"tags":[541,542,10],"acf":[],"yoast_head":"<!-- This site is optimized with the Yoast SEO plugin v23.0 - https:\/\/yoast.com\/wordpress\/plugins\/seo\/ -->\n<title>Prefeito David Almeida apresenta \u00e1rea onde ser\u00e1 constru\u00edda nova feira do Mutir\u00e3o com investimento de R$ 7 milh\u00f5es<\/title>\n<meta name=\"description\" content=\"O prefeito de Manaus, David Almeida, apresentou, nesta quarta-feira, 9\/4, a \u00e1rea onde ser\u00e1 constru\u00edda a nova feira do Mutir\u00e3o, na zona Leste, durante coletiva de imprensa. A nova estrutura ter\u00e1 investimento de R$ 7 milh\u00f5es da Prefeitura de Manaus e ser\u00e1 constru\u00edda ao lado do parque Gigantes da Floresta, transformando a realidade de feirantes e consumidores da regi\u00e3o.\" \/>\n<meta name=\"robots\" content=\"noindex, follow\" \/>\n<meta property=\"og:locale\" content=\"pt_BR\" \/>\n<meta property=\"og:type\" content=\"article\" \/>\n<meta property=\"og:title\" content=\"Prefeito David Almeida apresenta \u00e1rea onde ser\u00e1 constru\u00edda nova feira do Mutir\u00e3o com investimento de R$ 7 milh\u00f5es\" \/>\n<meta property=\"og:description\" content=\"O prefeito de Manaus, David Almeida, apresentou, nesta quarta-feira, 9\/4, a \u00e1rea onde ser\u00e1 constru\u00edda a nova feira do Mutir\u00e3o, na zona Leste, durante coletiva de imprensa. A nova estrutura ter\u00e1 investimento de R$ 7 milh\u00f5es da Prefeitura de Manaus e ser\u00e1 constru\u00edda ao lado do parque Gigantes da Floresta, transformando a realidade de feirantes e consumidores da regi\u00e3o.\" \/>\n<meta property=\"og:url\" content=\"https:\/\/www.manaus.am.gov.br\/semacc\/nova-feira-do-mutirao\/\" \/>\n<meta property=\"og:site_name\" content=\"SEMACC\" \/>\n<meta property=\"article:published_time\" content=\"2025-04-09T21:21:36+00:00\" \/>\n<meta property=\"article:modified_time\" content=\"2025-04-09T21:21:38+00:00\" \/>\n<meta property=\"og:image\" content=\"https:\/\/www.manaus.am.gov.br\/semacc\/wp-content\/uploads\/sites\/22\/2025\/04\/54441406808_9e6ddf10d4_c.jpg\" \/>\n\t<meta property=\"og:image:width\" content=\"799\" \/>\n\t<meta property=\"og:image:height\" content=\"533\" \/>\n\t<meta property=\"og:image:type\" content=\"image\/jpeg\" \/>\n<meta name=\"author\" content=\"bvalente\" \/>\n<meta name=\"twitter:card\" content=\"summary_large_image\" \/>\n<meta name=\"twitter:label1\" content=\"Written by\" \/>\n\t<meta name=\"twitter:data1\" content=\"bvalente\" \/>\n\t<meta name=\"twitter:label2\" content=\"Est. reading time\" \/>\n\t<meta name=\"twitter:data2\" content=\"4 minutos\" \/>\n<script type=\"application\/ld+json\" class=\"yoast-schema-graph\">{\"@context\":\"https:\/\/schema.org\",\"@graph\":[{\"@type\":\"WebPage\",\"@id\":\"https:\/\/www.manaus.am.gov.br\/semacc\/nova-feira-do-mutirao\/\",\"url\":\"https:\/\/www.manaus.am.gov.br\/semacc\/nova-feira-do-mutirao\/\",\"name\":\"Prefeito David Almeida apresenta \u00e1rea onde ser\u00e1 constru\u00edda nova feira do Mutir\u00e3o com investimento de R$ 7 milh\u00f5es\",\"isPartOf\":{\"@id\":\"https:\/\/www.manaus.am.gov.br\/semacc\/#website\"},\"primaryImageOfPage\":{\"@id\":\"https:\/\/www.manaus.am.gov.br\/semacc\/nova-feira-do-mutirao\/#primaryimage\"},\"image\":{\"@id\":\"https:\/\/www.manaus.am.gov.br\/semacc\/nova-feira-do-mutirao\/#primaryimage\"},\"thumbnailUrl\":\"https:\/\/www.manaus.am.gov.br\/semacc\/wp-content\/uploads\/sites\/22\/2025\/04\/54441406808_9e6ddf10d4_c.jpg\",\"datePublished\":\"2025-04-09T21:21:36+00:00\",\"dateModified\":\"2025-04-09T21:21:38+00:00\",\"author\":{\"@id\":\"https:\/\/www.manaus.am.gov.br\/semacc\/#\/schema\/person\/466a0e03ae4b6062809046bd560ac955\"},\"description\":\"O prefeito de Manaus, David Almeida, apresentou, nesta quarta-feira, 9\/4, a \u00e1rea onde ser\u00e1 constru\u00edda a nova feira do Mutir\u00e3o, na zona Leste, durante coletiva de imprensa. A nova estrutura ter\u00e1 investimento de R$ 7 milh\u00f5es da Prefeitura de Manaus e ser\u00e1 constru\u00edda ao lado do parque Gigantes da Floresta, transformando a realidade de feirantes e consumidores da regi\u00e3o.\",\"breadcrumb\":{\"@id\":\"https:\/\/www.manaus.am.gov.br\/semacc\/nova-feira-do-mutirao\/#breadcrumb\"},\"inLanguage\":\"pt-BR\",\"potentialAction\":[{\"@type\":\"ReadAction\",\"target\":[\"https:\/\/www.manaus.am.gov.br\/semacc\/nova-feira-do-mutirao\/\"]}]},{\"@type\":\"ImageObject\",\"inLanguage\":\"pt-BR\",\"@id\":\"https:\/\/www.manaus.am.gov.br\/semacc\/nova-feira-do-mutirao\/#primaryimage\",\"url\":\"https:\/\/www.manaus.am.gov.br\/semacc\/wp-content\/uploads\/sites\/22\/2025\/04\/54441406808_9e6ddf10d4_c.jpg\",\"contentUrl\":\"https:\/\/www.manaus.am.gov.br\/semacc\/wp-content\/uploads\/sites\/22\/2025\/04\/54441406808_9e6ddf10d4_c.jpg\",\"width\":799,\"height\":533},{\"@type\":\"BreadcrumbList\",\"@id\":\"https:\/\/www.manaus.am.gov.br\/semacc\/nova-feira-do-mutirao\/#breadcrumb\",\"itemListElement\":[{\"@type\":\"ListItem\",\"position\":1,\"name\":\"Home\",\"item\":\"https:\/\/www.manaus.am.gov.br\/semacc\/\"},{\"@type\":\"ListItem\",\"position\":2,\"name\":\"Prefeito David Almeida apresenta \u00e1rea onde ser\u00e1 constru\u00edda nova feira do Mutir\u00e3o com investimento de R$ 7 milh\u00f5es\"}]},{\"@type\":\"WebSite\",\"@id\":\"https:\/\/www.manaus.am.gov.br\/semacc\/#website\",\"url\":\"https:\/\/www.manaus.am.gov.br\/semacc\/\",\"name\":\"SEMACC\",\"description\":\"Prefeitura de Manaus\",\"potentialAction\":[{\"@type\":\"SearchAction\",\"target\":{\"@type\":\"EntryPoint\",\"urlTemplate\":\"https:\/\/www.manaus.am.gov.br\/semacc\/?s={search_term_string}\"},\"query-input\":\"required name=search_term_string\"}],\"inLanguage\":\"pt-BR\"},{\"@type\":\"Person\",\"@id\":\"https:\/\/www.manaus.am.gov.br\/semacc\/#\/schema\/person\/466a0e03ae4b6062809046bd560ac955\",\"name\":\"bvalente\",\"image\":{\"@type\":\"ImageObject\",\"inLanguage\":\"pt-BR\",\"@id\":\"https:\/\/www.manaus.am.gov.br\/semacc\/#\/schema\/person\/image\/\",\"url\":\"https:\/\/secure.gravatar.com\/avatar\/3e69bc2b014bdad41adfec3a39de07d2?s=96&d=mm&r=g\",\"contentUrl\":\"https:\/\/secure.gravatar.com\/avatar\/3e69bc2b014bdad41adfec3a39de07d2?s=96&d=mm&r=g\",\"caption\":\"bvalente\"}}]}<\/script>\n<!-- \/ Yoast SEO plugin. -->","yoast_head_json":{"title":"Prefeito David Almeida apresenta \u00e1rea onde ser\u00e1 constru\u00edda nova feira do Mutir\u00e3o com investimento de R$ 7 milh\u00f5es","description":"O prefeito de Manaus, David Almeida, apresentou, nesta quarta-feira, 9\/4, a \u00e1rea onde ser\u00e1 constru\u00edda a nova feira do Mutir\u00e3o, na zona Leste, durante coletiva de imprensa. A nova estrutura ter\u00e1 investimento de R$ 7 milh\u00f5es da Prefeitura de Manaus e ser\u00e1 constru\u00edda ao lado do parque Gigantes da Floresta, transformando a realidade de feirantes e consumidores da regi\u00e3o.","robots":{"index":"noindex","follow":"follow"},"og_locale":"pt_BR","og_type":"article","og_title":"Prefeito David Almeida apresenta \u00e1rea onde ser\u00e1 constru\u00edda nova feira do Mutir\u00e3o com investimento de R$ 7 milh\u00f5es","og_description":"O prefeito de Manaus, David Almeida, apresentou, nesta quarta-feira, 9\/4, a \u00e1rea onde ser\u00e1 constru\u00edda a nova feira do Mutir\u00e3o, na zona Leste, durante coletiva de imprensa. A nova estrutura ter\u00e1 investimento de R$ 7 milh\u00f5es da Prefeitura de Manaus e ser\u00e1 constru\u00edda ao lado do parque Gigantes da Floresta, transformando a realidade de feirantes e consumidores da regi\u00e3o.","og_url":"https:\/\/www.manaus.am.gov.br\/semacc\/nova-feira-do-mutirao\/","og_site_name":"SEMACC","article_published_time":"2025-04-09T21:21:36+00:00","article_modified_time":"2025-04-09T21:21:38+00:00","og_image":[{"width":799,"height":533,"url":"https:\/\/www.manaus.am.gov.br\/semacc\/wp-content\/uploads\/sites\/22\/2025\/04\/54441406808_9e6ddf10d4_c.jpg","type":"image\/jpeg"}],"author":"bvalente","twitter_card":"summary_large_image","twitter_misc":{"Written by":"bvalente","Est. reading time":"4 minutos"},"schema":{"@context":"https:\/\/schema.org","@graph":[{"@type":"WebPage","@id":"https:\/\/www.manaus.am.gov.br\/semacc\/nova-feira-do-mutirao\/","url":"https:\/\/www.manaus.am.gov.br\/semacc\/nova-feira-do-mutirao\/","name":"Prefeito David Almeida apresenta \u00e1rea onde ser\u00e1 constru\u00edda nova feira do Mutir\u00e3o com investimento de R$ 7 milh\u00f5es","isPartOf":{"@id":"https:\/\/www.manaus.am.gov.br\/semacc\/#website"},"primaryImageOfPage":{"@id":"https:\/\/www.manaus.am.gov.br\/semacc\/nova-feira-do-mutirao\/#primaryimage"},"image":{"@id":"https:\/\/www.manaus.am.gov.br\/semacc\/nova-feira-do-mutirao\/#primaryimage"},"thumbnailUrl":"https:\/\/www.manaus.am.gov.br\/semacc\/wp-content\/uploads\/sites\/22\/2025\/04\/54441406808_9e6ddf10d4_c.jpg","datePublished":"2025-04-09T21:21:36+00:00","dateModified":"2025-04-09T21:21:38+00:00","author":{"@id":"https:\/\/www.manaus.am.gov.br\/semacc\/#\/schema\/person\/466a0e03ae4b6062809046bd560ac955"},"description":"O prefeito de Manaus, David Almeida, apresentou, nesta quarta-feira, 9\/4, a \u00e1rea onde ser\u00e1 constru\u00edda a nova feira do Mutir\u00e3o, na zona Leste, durante coletiva de imprensa. A nova estrutura ter\u00e1 investimento de R$ 7 milh\u00f5es da Prefeitura de Manaus e ser\u00e1 constru\u00edda ao lado do parque Gigantes da Floresta, transformando a realidade de feirantes e consumidores da regi\u00e3o.","breadcrumb":{"@id":"https:\/\/www.manaus.am.gov.br\/semacc\/nova-feira-do-mutirao\/#breadcrumb"},"inLanguage":"pt-BR","potentialAction":[{"@type":"ReadAction","target":["https:\/\/www.manaus.am.gov.br\/semacc\/nova-feira-do-mutirao\/"]}]},{"@type":"ImageObject","inLanguage":"pt-BR","@id":"https:\/\/www.manaus.am.gov.br\/semacc\/nova-feira-do-mutirao\/#primaryimage","url":"https:\/\/www.manaus.am.gov.br\/semacc\/wp-content\/uploads\/sites\/22\/2025\/04\/54441406808_9e6ddf10d4_c.jpg","contentUrl":"https:\/\/www.manaus.am.gov.br\/semacc\/wp-content\/uploads\/sites\/22\/2025\/04\/54441406808_9e6ddf10d4_c.jpg","width":799,"height":533},{"@type":"BreadcrumbList","@id":"https:\/\/www.manaus.am.gov.br\/semacc\/nova-feira-do-mutirao\/#breadcrumb","itemListElement":[{"@type":"ListItem","position":1,"name":"Home","item":"https:\/\/www.manaus.am.gov.br\/semacc\/"},{"@type":"ListItem","position":2,"name":"Prefeito David Almeida apresenta \u00e1rea onde ser\u00e1 constru\u00edda nova feira do Mutir\u00e3o com investimento de R$ 7 milh\u00f5es"}]},{"@type":"WebSite","@id":"https:\/\/www.manaus.am.gov.br\/semacc\/#website","url":"https:\/\/www.manaus.am.gov.br\/semacc\/","name":"SEMACC","description":"Prefeitura de Manaus","potentialAction":[{"@type":"SearchAction","target":{"@type":"EntryPoint","urlTemplate":"https:\/\/www.manaus.am.gov.br\/semacc\/?s={search_term_string}"},"query-input":"required name=search_term_string"}],"inLanguage":"pt-BR"},{"@type":"Person","@id":"https:\/\/www.manaus.am.gov.br\/semacc\/#\/schema\/person\/466a0e03ae4b6062809046bd560ac955","name":"bvalente","image":{"@type":"ImageObject","inLanguage":"pt-BR","@id":"https:\/\/www.manaus.am.gov.br\/semacc\/#\/schema\/person\/image\/","url":"https:\/\/secure.gravatar.com\/avatar\/3e69bc2b014bdad41adfec3a39de07d2?s=96&d=mm&r=g","contentUrl":"https:\/\/secure.gravatar.com\/avatar\/3e69bc2b014bdad41adfec3a39de07d2?s=96&d=mm&r=g","caption":"bvalente"}}]}},"_links":{"self":[{"href":"https:\/\/www.manaus.am.gov.br\/semacc\/wp-json\/wp\/v2\/posts\/1301"}],"collection":[{"href":"https:\/\/www.manaus.am.gov.br\/semacc\/wp-json\/wp\/v2\/posts"}],"about":[{"href":"https:\/\/www.manaus.am.gov.br\/semacc\/wp-json\/wp\/v2\/types\/post"}],"author":[{"embeddable":true,"href":"https:\/\/www.manaus.am.gov.br\/semacc\/wp-json\/wp\/v2\/users\/68"}],"replies":[{"embeddable":true,"href":"https:\/\/www.manaus.am.gov.br\/semacc\/wp-json\/wp\/v2\/comments?post=1301"}],"version-history":[{"count":0,"href":"https:\/\/www.manaus.am.gov.br\/semacc\/wp-json\/wp\/v2\/posts\/1301\/revisions"}],"wp:featuredmedia":[{"embeddable":true,"href":"https:\/\/www.manaus.am.gov.br\/semacc\/wp-json\/wp\/v2\/media\/1302"}],"wp:attachment":[{"href":"https:\/\/www.manaus.am.gov.br\/semacc\/wp-json\/wp\/v2\/media?parent=1301"}],"wp:term":[{"taxonomy":"category","embeddable":true,"href":"https:\/\/www.manaus.am.gov.br\/semacc\/wp-json\/wp\/v2\/categories?post=1301"},{"taxonomy":"post_tag","embeddable":true,"href":"https:\/\/www.manaus.am.gov.br\/semacc\/wp-json\/wp\/v2\/tags?post=1301"}],"curies":[{"name":"wp","href":"https:\/\/api.w.org\/{rel}","templated":true}]}}