{"id":1055,"date":"2024-06-16T15:21:11","date_gmt":"2024-06-16T19:21:11","guid":{"rendered":"https:\/\/www.manaus.am.gov.br\/semacc\/casa-de-farinha\/"},"modified":"2024-06-16T15:55:57","modified_gmt":"2024-06-16T19:55:57","slug":"casa-de-farinha","status":"publish","type":"post","link":"https:\/\/www.manaus.am.gov.br\/semacc\/casa-de-farinha\/","title":{"rendered":"Prefeitura de Manaus investe na agricultura familiar com primeira Casa de Farinha na comunidade Hollywood"},"content":{"rendered":"\n<p>A primeira Casa de Farinha, constru\u00edda pela gest\u00e3o do prefeito David Almeida, foi entregue neste domingo, 16\/6, em Manaus, na comunidade Hollywood, localizada no quil\u00f4metro 28, na BR-174, Polo 2, na zona rural da capital. A obra \u00e9 fruto do programa \u201cManaus + Agro\u201d, lan\u00e7ado pela administra\u00e7\u00e3o municipal em 2021, por meio da Secretaria Municipal de Agricultura, Abastecimento, Centro e Com\u00e9rcio Informal (Semacc).<\/p>\n\n\n\n<p>O programa \u201cManaus + Agro\u201d tem o objetivo de ampliar a capacidade de produ\u00e7\u00e3o da popula\u00e7\u00e3o que trabalha com a agricultura familiar na capital, gerando maior renda aos produtores e novos postos de trabalho na zona rural.<\/p>\n\n\n\n<p>A Casa de Farinha da comunidade Hollywood \u00e9 mais uma obra que mostra a transversalidade da admira\u00e7\u00e3o p\u00fablica. A unidade foi constru\u00edda pelas equipes de engenharia da Secretaria Municipal de Infraestrutura (Seminf), e est\u00e1 apta para iniciar a produ\u00e7\u00e3o de farinha de mandioca e abastecer gradativamente as feiras e mercados do munic\u00edpio. A nova estrutura atende uma demanda de oito anos da comunidade e vai beneficiar 30 produtores que trabalham diretamente com o cultivo de mandioca.<\/p>\n\n\n\n<p>De acordo com o prefeito David Almeida, n\u00e3o adianta s\u00f3 resolver o problema dos mercados e feiras. A agricultura e os produtores precisam do incentivo de pol\u00edticas p\u00fablicas voltadas para a categoria.<\/p>\n\n\n\n<p>\u201cN\u00f3s precisamos ajudar o produtor rural para que ele possa produzir. Vejam s\u00f3, essa rede que est\u00e1 funcionando, l\u00e1 atr\u00e1s tivemos o chamamento p\u00fablico, em que a associa\u00e7\u00e3o se credenciou e recebeu os equipamentos. Hoje, estamos aqui inaugurando esta casa de farinha. Ser\u00e3o dez como esta. Fora isso, n\u00f3s fomentamos a maniva, as mudas, para que os agricultores pudessem plantar. Na sequ\u00eancia a prefeitura vem e faz a mecaniza\u00e7\u00e3o do solo, tira o agricultor da enxada e a gente passa as m\u00e1quinas preparando o solo para receber o calc\u00e1rio, assim o produtor vai produzir mais. Ap\u00f3s produzir, ele colhe, leva para a casa de farinha essa macaxeira, produz e a\u00ed vai vender nos mercados e nas feiras. N\u00f3s conseguimos assim valorizar toda essa linha de produ\u00e7\u00e3o\u201d, concluiu o prefeito.<\/p>\n\n\n<div class=\"wp-block-image\">\n<figure class=\"aligncenter size-full\"><img decoding=\"async\" src=\"https:\/\/www.manaus.am.gov.br\/wp-content\/uploads\/2024\/06\/Casa-de-Farinha-3.jpg\" alt=\"\" class=\"wp-image-246667\" \/><figcaption class=\"wp-element-caption\">#paratodosverem &#8211; agricultor produzindo farinha<\/figcaption><\/figure><\/div>\n\n\n<p>Para Wanderson Costa, a primeira Casa de Farinha entregue pela gest\u00e3o do prefeito David Almeida ter\u00e1 capacidade de produzir em torno de 200 quilos de farinha por dia, podendo alcan\u00e7ar at\u00e9 meia tonelada de produ\u00e7\u00e3o di\u00e1ria.<\/p>\n\n\n\n<p>\u201cAl\u00e9m desta, mais dez Casas de Farinha ser\u00e3o entregues pela Prefeitura de Manaus ao longo do ano, contempladas pelos editais Kit Casas de Farinha 2022 e 2023. Estamos muito felizes com esta entrega, pois a produ\u00e7\u00e3o poder\u00e1 chegar em at\u00e9 200 quilos desse produto, e vai fazer a economia na comunidade crescer. O prefeito David Almeida tem compromisso com pol\u00edticas p\u00fablicas voltadas ao homem e \u00e0 mulher do campo, aqui est\u00e1 uma Casa de Farinha pronta, j\u00e1 em total produ\u00e7\u00e3o e gradativamente ir\u00e1 contribuir com a economia local\u201d, concluiu Costa.<\/p>\n\n\n\n<p>Nos \u00faltimos tr\u00eas anos e cinco meses a gest\u00e3o municipal tem incentivado o cultivo de mandioca nas comunidades de agricultura familiar de diversos polos rurais em Manaus, com a distribui\u00e7\u00e3o de manivas com qualidade gen\u00e9tica e fitossanit\u00e1ria, e tamb\u00e9m fornecendo novos equipamentos.<\/p>\n\n\n\n<p>Esse trabalho permite o aumento da produ\u00e7\u00e3o da farinha, que \u00e9 mat\u00e9ria-prima para a goma de tapioca e o p\u00e9 de moleque, alguns dos subprodutos mais consumidos diariamente pelos manauaras.<\/p>\n\n\n\n<p>&#8212; &#8212; &#8212;<\/p>\n\n\n\n<p><strong>Texto<\/strong> \u2013 Geraldo Farias \/ Semcom e Divulga\u00e7\u00e3o \/ Semacc<\/p>\n\n\n\n<p><strong>Fotos<\/strong> \u2013 Jo\u00e3o Viana \/ Semcom<\/p>\n\n\n\n<p><strong>Dispon\u00edveis em<\/strong> &#8211; <a href=\"https:\/\/flic.kr\/s\/aHBqjBvmeP\">https:\/\/flic.kr\/s\/aHBqjBvmeP<\/a><\/p>\n","protected":false},"excerpt":{"rendered":"","protected":false},"author":61,"featured_media":1056,"comment_status":"closed","ping_status":"closed","sticky":false,"template":"","format":"standard","meta":{"footnotes":""},"categories":[40],"tags":[41,143,10,13],"acf":[],"yoast_head":"<!-- This site is optimized with the Yoast SEO plugin v23.0 - https:\/\/yoast.com\/wordpress\/plugins\/seo\/ -->\n<title>Prefeitura de Manaus investe na agricultura familiar com primeira Casa de Farinha na comunidade Hollywood - SEMACC<\/title>\n<meta name=\"description\" content=\"A primeira Casa de Farinha, constru\u00edda pela gest\u00e3o do prefeito David Almeida, foi entregue neste domingo, 16\/6, em Manaus, na zona rural.\" \/>\n<meta name=\"robots\" content=\"noindex, follow\" \/>\n<meta property=\"og:locale\" content=\"pt_BR\" \/>\n<meta property=\"og:type\" content=\"article\" \/>\n<meta property=\"og:title\" content=\"Prefeitura de Manaus investe na agricultura familiar com primeira Casa de Farinha na comunidade Hollywood - SEMACC\" \/>\n<meta property=\"og:description\" content=\"A primeira Casa de Farinha, constru\u00edda pela gest\u00e3o do prefeito David Almeida, foi entregue neste domingo, 16\/6, em Manaus, na zona rural.\" \/>\n<meta property=\"og:url\" content=\"https:\/\/www.manaus.am.gov.br\/semacc\/casa-de-farinha\/\" \/>\n<meta property=\"og:site_name\" content=\"SEMACC\" \/>\n<meta property=\"article:published_time\" content=\"2024-06-16T19:21:11+00:00\" \/>\n<meta property=\"article:modified_time\" content=\"2024-06-16T19:55:57+00:00\" \/>\n<meta property=\"og:image\" content=\"https:\/\/www.manaus.am.gov.br\/semacc\/wp-content\/uploads\/sites\/22\/2024\/06\/Casa-de-Farinha-1.jpg\" \/>\n\t<meta property=\"og:image:width\" content=\"799\" \/>\n\t<meta property=\"og:image:height\" content=\"533\" \/>\n\t<meta property=\"og:image:type\" content=\"image\/jpeg\" \/>\n<meta name=\"author\" content=\"smonteiro\" \/>\n<meta name=\"twitter:card\" content=\"summary_large_image\" \/>\n<meta name=\"twitter:label1\" content=\"Written by\" \/>\n\t<meta name=\"twitter:data1\" content=\"smonteiro\" \/>\n\t<meta name=\"twitter:label2\" content=\"Est. reading time\" \/>\n\t<meta name=\"twitter:data2\" content=\"4 minutos\" \/>\n<script type=\"application\/ld+json\" class=\"yoast-schema-graph\">{\"@context\":\"https:\/\/schema.org\",\"@graph\":[{\"@type\":\"WebPage\",\"@id\":\"https:\/\/www.manaus.am.gov.br\/semacc\/casa-de-farinha\/\",\"url\":\"https:\/\/www.manaus.am.gov.br\/semacc\/casa-de-farinha\/\",\"name\":\"Prefeitura de Manaus investe na agricultura familiar com primeira Casa de Farinha na comunidade Hollywood - SEMACC\",\"isPartOf\":{\"@id\":\"https:\/\/www.manaus.am.gov.br\/semacc\/#website\"},\"primaryImageOfPage\":{\"@id\":\"https:\/\/www.manaus.am.gov.br\/semacc\/casa-de-farinha\/#primaryimage\"},\"image\":{\"@id\":\"https:\/\/www.manaus.am.gov.br\/semacc\/casa-de-farinha\/#primaryimage\"},\"thumbnailUrl\":\"https:\/\/www.manaus.am.gov.br\/semacc\/wp-content\/uploads\/sites\/22\/2024\/06\/Casa-de-Farinha-1.jpg\",\"datePublished\":\"2024-06-16T19:21:11+00:00\",\"dateModified\":\"2024-06-16T19:55:57+00:00\",\"author\":{\"@id\":\"https:\/\/www.manaus.am.gov.br\/semacc\/#\/schema\/person\/ab4dcf766a54dff74e8d267f5c591961\"},\"description\":\"A primeira Casa de Farinha, constru\u00edda pela gest\u00e3o do prefeito David Almeida, foi entregue neste domingo, 16\/6, em Manaus, na zona rural.\",\"breadcrumb\":{\"@id\":\"https:\/\/www.manaus.am.gov.br\/semacc\/casa-de-farinha\/#breadcrumb\"},\"inLanguage\":\"pt-BR\",\"potentialAction\":[{\"@type\":\"ReadAction\",\"target\":[\"https:\/\/www.manaus.am.gov.br\/semacc\/casa-de-farinha\/\"]}]},{\"@type\":\"ImageObject\",\"inLanguage\":\"pt-BR\",\"@id\":\"https:\/\/www.manaus.am.gov.br\/semacc\/casa-de-farinha\/#primaryimage\",\"url\":\"https:\/\/www.manaus.am.gov.br\/semacc\/wp-content\/uploads\/sites\/22\/2024\/06\/Casa-de-Farinha-1.jpg\",\"contentUrl\":\"https:\/\/www.manaus.am.gov.br\/semacc\/wp-content\/uploads\/sites\/22\/2024\/06\/Casa-de-Farinha-1.jpg\",\"width\":799,\"height\":533,\"caption\":\"#paratodosverem - prefeito David Almeida descerra a placa de inaugura\u00e7\u00e3o da casa de farinha\"},{\"@type\":\"BreadcrumbList\",\"@id\":\"https:\/\/www.manaus.am.gov.br\/semacc\/casa-de-farinha\/#breadcrumb\",\"itemListElement\":[{\"@type\":\"ListItem\",\"position\":1,\"name\":\"Home\",\"item\":\"https:\/\/www.manaus.am.gov.br\/semacc\/\"},{\"@type\":\"ListItem\",\"position\":2,\"name\":\"Prefeitura de Manaus investe na agricultura familiar com primeira Casa de Farinha na comunidade Hollywood\"}]},{\"@type\":\"WebSite\",\"@id\":\"https:\/\/www.manaus.am.gov.br\/semacc\/#website\",\"url\":\"https:\/\/www.manaus.am.gov.br\/semacc\/\",\"name\":\"SEMACC\",\"description\":\"Prefeitura de Manaus\",\"potentialAction\":[{\"@type\":\"SearchAction\",\"target\":{\"@type\":\"EntryPoint\",\"urlTemplate\":\"https:\/\/www.manaus.am.gov.br\/semacc\/?s={search_term_string}\"},\"query-input\":\"required name=search_term_string\"}],\"inLanguage\":\"pt-BR\"},{\"@type\":\"Person\",\"@id\":\"https:\/\/www.manaus.am.gov.br\/semacc\/#\/schema\/person\/ab4dcf766a54dff74e8d267f5c591961\",\"name\":\"smonteiro\",\"image\":{\"@type\":\"ImageObject\",\"inLanguage\":\"pt-BR\",\"@id\":\"https:\/\/www.manaus.am.gov.br\/semacc\/#\/schema\/person\/image\/\",\"url\":\"https:\/\/secure.gravatar.com\/avatar\/21c8776ef61d9272c73322052e042d77?s=96&d=mm&r=g\",\"contentUrl\":\"https:\/\/secure.gravatar.com\/avatar\/21c8776ef61d9272c73322052e042d77?s=96&d=mm&r=g\",\"caption\":\"smonteiro\"}}]}<\/script>\n<!-- \/ Yoast SEO plugin. -->","yoast_head_json":{"title":"Prefeitura de Manaus investe na agricultura familiar com primeira Casa de Farinha na comunidade Hollywood - SEMACC","description":"A primeira Casa de Farinha, constru\u00edda pela gest\u00e3o do prefeito David Almeida, foi entregue neste domingo, 16\/6, em Manaus, na zona rural.","robots":{"index":"noindex","follow":"follow"},"og_locale":"pt_BR","og_type":"article","og_title":"Prefeitura de Manaus investe na agricultura familiar com primeira Casa de Farinha na comunidade Hollywood - SEMACC","og_description":"A primeira Casa de Farinha, constru\u00edda pela gest\u00e3o do prefeito David Almeida, foi entregue neste domingo, 16\/6, em Manaus, na zona rural.","og_url":"https:\/\/www.manaus.am.gov.br\/semacc\/casa-de-farinha\/","og_site_name":"SEMACC","article_published_time":"2024-06-16T19:21:11+00:00","article_modified_time":"2024-06-16T19:55:57+00:00","og_image":[{"width":799,"height":533,"url":"https:\/\/www.manaus.am.gov.br\/semacc\/wp-content\/uploads\/sites\/22\/2024\/06\/Casa-de-Farinha-1.jpg","type":"image\/jpeg"}],"author":"smonteiro","twitter_card":"summary_large_image","twitter_misc":{"Written by":"smonteiro","Est. reading time":"4 minutos"},"schema":{"@context":"https:\/\/schema.org","@graph":[{"@type":"WebPage","@id":"https:\/\/www.manaus.am.gov.br\/semacc\/casa-de-farinha\/","url":"https:\/\/www.manaus.am.gov.br\/semacc\/casa-de-farinha\/","name":"Prefeitura de Manaus investe na agricultura familiar com primeira Casa de Farinha na comunidade Hollywood - SEMACC","isPartOf":{"@id":"https:\/\/www.manaus.am.gov.br\/semacc\/#website"},"primaryImageOfPage":{"@id":"https:\/\/www.manaus.am.gov.br\/semacc\/casa-de-farinha\/#primaryimage"},"image":{"@id":"https:\/\/www.manaus.am.gov.br\/semacc\/casa-de-farinha\/#primaryimage"},"thumbnailUrl":"https:\/\/www.manaus.am.gov.br\/semacc\/wp-content\/uploads\/sites\/22\/2024\/06\/Casa-de-Farinha-1.jpg","datePublished":"2024-06-16T19:21:11+00:00","dateModified":"2024-06-16T19:55:57+00:00","author":{"@id":"https:\/\/www.manaus.am.gov.br\/semacc\/#\/schema\/person\/ab4dcf766a54dff74e8d267f5c591961"},"description":"A primeira Casa de Farinha, constru\u00edda pela gest\u00e3o do prefeito David Almeida, foi entregue neste domingo, 16\/6, em Manaus, na zona rural.","breadcrumb":{"@id":"https:\/\/www.manaus.am.gov.br\/semacc\/casa-de-farinha\/#breadcrumb"},"inLanguage":"pt-BR","potentialAction":[{"@type":"ReadAction","target":["https:\/\/www.manaus.am.gov.br\/semacc\/casa-de-farinha\/"]}]},{"@type":"ImageObject","inLanguage":"pt-BR","@id":"https:\/\/www.manaus.am.gov.br\/semacc\/casa-de-farinha\/#primaryimage","url":"https:\/\/www.manaus.am.gov.br\/semacc\/wp-content\/uploads\/sites\/22\/2024\/06\/Casa-de-Farinha-1.jpg","contentUrl":"https:\/\/www.manaus.am.gov.br\/semacc\/wp-content\/uploads\/sites\/22\/2024\/06\/Casa-de-Farinha-1.jpg","width":799,"height":533,"caption":"#paratodosverem - prefeito David Almeida descerra a placa de inaugura\u00e7\u00e3o da casa de farinha"},{"@type":"BreadcrumbList","@id":"https:\/\/www.manaus.am.gov.br\/semacc\/casa-de-farinha\/#breadcrumb","itemListElement":[{"@type":"ListItem","position":1,"name":"Home","item":"https:\/\/www.manaus.am.gov.br\/semacc\/"},{"@type":"ListItem","position":2,"name":"Prefeitura de Manaus investe na agricultura familiar com primeira Casa de Farinha na comunidade Hollywood"}]},{"@type":"WebSite","@id":"https:\/\/www.manaus.am.gov.br\/semacc\/#website","url":"https:\/\/www.manaus.am.gov.br\/semacc\/","name":"SEMACC","description":"Prefeitura de Manaus","potentialAction":[{"@type":"SearchAction","target":{"@type":"EntryPoint","urlTemplate":"https:\/\/www.manaus.am.gov.br\/semacc\/?s={search_term_string}"},"query-input":"required name=search_term_string"}],"inLanguage":"pt-BR"},{"@type":"Person","@id":"https:\/\/www.manaus.am.gov.br\/semacc\/#\/schema\/person\/ab4dcf766a54dff74e8d267f5c591961","name":"smonteiro","image":{"@type":"ImageObject","inLanguage":"pt-BR","@id":"https:\/\/www.manaus.am.gov.br\/semacc\/#\/schema\/person\/image\/","url":"https:\/\/secure.gravatar.com\/avatar\/21c8776ef61d9272c73322052e042d77?s=96&d=mm&r=g","contentUrl":"https:\/\/secure.gravatar.com\/avatar\/21c8776ef61d9272c73322052e042d77?s=96&d=mm&r=g","caption":"smonteiro"}}]}},"_links":{"self":[{"href":"https:\/\/www.manaus.am.gov.br\/semacc\/wp-json\/wp\/v2\/posts\/1055"}],"collection":[{"href":"https:\/\/www.manaus.am.gov.br\/semacc\/wp-json\/wp\/v2\/posts"}],"about":[{"href":"https:\/\/www.manaus.am.gov.br\/semacc\/wp-json\/wp\/v2\/types\/post"}],"author":[{"embeddable":true,"href":"https:\/\/www.manaus.am.gov.br\/semacc\/wp-json\/wp\/v2\/users\/61"}],"replies":[{"embeddable":true,"href":"https:\/\/www.manaus.am.gov.br\/semacc\/wp-json\/wp\/v2\/comments?post=1055"}],"version-history":[{"count":1,"href":"https:\/\/www.manaus.am.gov.br\/semacc\/wp-json\/wp\/v2\/posts\/1055\/revisions"}],"predecessor-version":[{"id":1057,"href":"https:\/\/www.manaus.am.gov.br\/semacc\/wp-json\/wp\/v2\/posts\/1055\/revisions\/1057"}],"wp:featuredmedia":[{"embeddable":true,"href":"https:\/\/www.manaus.am.gov.br\/semacc\/wp-json\/wp\/v2\/media\/1056"}],"wp:attachment":[{"href":"https:\/\/www.manaus.am.gov.br\/semacc\/wp-json\/wp\/v2\/media?parent=1055"}],"wp:term":[{"taxonomy":"category","embeddable":true,"href":"https:\/\/www.manaus.am.gov.br\/semacc\/wp-json\/wp\/v2\/categories?post=1055"},{"taxonomy":"post_tag","embeddable":true,"href":"https:\/\/www.manaus.am.gov.br\/semacc\/wp-json\/wp\/v2\/tags?post=1055"}],"curies":[{"name":"wp","href":"https:\/\/api.w.org\/{rel}","templated":true}]}}