{"id":1049,"date":"2024-06-11T12:37:08","date_gmt":"2024-06-11T16:37:08","guid":{"rendered":"https:\/\/www.manaus.am.gov.br\/semacc\/mercado-revitalizacao-prefeitura\/"},"modified":"2024-06-11T12:42:38","modified_gmt":"2024-06-11T16:42:38","slug":"mercado-revitalizacao-prefeitura","status":"publish","type":"post","link":"https:\/\/www.manaus.am.gov.br\/semacc\/mercado-revitalizacao-prefeitura\/","title":{"rendered":"Prefeitura entrega mercado municipal Maximino Corr\u00eaa revitalizado, na Pra\u00e7a 14"},"content":{"rendered":"\n<p>Os permission\u00e1rios e moradores do bairro Pra\u00e7a 14, na zona Sul da capital amazonense, receberam, nesta ter\u00e7a-feira, 11\/6, o mercado&nbsp;municipal&nbsp;Maximino&nbsp;Corr\u00eaa, totalmente reformado. A estrutura, que estava h\u00e1 nove anos sem receber obra de revitaliza\u00e7\u00e3o, foi entregue pelo prefeito de Manaus, David Almeida.<\/p>\n\n\n\n<p>Para o chefe do Executivo municipal, a entrega significa o resgate de um mercado hist\u00f3rico, e dignidade tanto para os permission\u00e1rios quanto para os consumidores que frequentam o espa\u00e7o h\u00e1 mais de 50 anos.<\/p>\n\n\n\n<p>\u201cEste mercado estava prestes a fechar, e ele foi um dos mercados selecionados para que a gente pudesse recuperar. Esta \u00e9 mais uma estrutura de mercados e feiras que a gente entrega e&nbsp;traz algo inovador. O mercado est\u00e1 totalmente reformado e melhorado, estamos colocando a climatiza\u00e7\u00e3o, disponibilizamos Wi-Fi, uma pra\u00e7a de alimenta\u00e7\u00e3o dentro do pr\u00f3prio mercado e, assim, a gente pode dar uma melhor condi\u00e7\u00e3o de trabalho para os permission\u00e1rios e tamb\u00e9m para os nossos consumidores\u201d, afirmou Almeida.<\/p>\n\n\n\n<p>Os servi\u00e7os de moderniza\u00e7\u00e3o realizados pela Prefeitura de Manaus, por meio da Secretaria Municipal de Agricultura, Abastecimento, Centro e Com\u00e9rcio Informal (Semacc), inclu\u00edram a instala\u00e7\u00e3o de revestimentos cer\u00e2micos nos boxes, garantindo maior higiene e facilidade na limpeza. Foi implantado um novo telhado e pisos, assegurando maior durabilidade e melhorando a estrutura do mercado, al\u00e9m da implanta\u00e7\u00e3o de uma pra\u00e7a de alimenta\u00e7\u00e3o, com a setoriza\u00e7\u00e3o dos boxes para facilitar a organiza\u00e7\u00e3o dos produtos e melhorar a experi\u00eancia de compra dos consumidores.<\/p>\n\n\n\n<p>\u201cUm mercado como este, que tem a sua relev\u00e2ncia neste bairro n\u00e3o poderia ficar de fora do olhar do nosso prefeito David Almeida, e agora os permission\u00e1rios deste espa\u00e7o t\u00eam um local especial,&nbsp; moderno, revitalizado e, acima de tudo, um local de dignidade onde eles podem comercializar os seus produtos da agricultura familiar\u201d, complementou o titular da Semacc, Wanderson Costa.<\/p>\n\n\n\n<p>Al\u00e9m disso, os banheiros est\u00e3o&nbsp;mais amplos e acess\u00edveis, constru\u00eddos com portas amplas e acessibilidade, tornando o mercado mais inclusivo e confort\u00e1vel para todos os frequentadores. Uma nova identidade visual tamb\u00e9m foi adotada, tornando o espa\u00e7o mais moderno e acolhedor.<\/p>\n\n\n\n<p>Fundado em 1966,&nbsp;o mercado municipal Maximino Corr\u00eaa teve a \u00faltima reforma em 2015. O espa\u00e7o possui 559 metros quadrados e atende a 51 permission\u00e1rios diretos, distribu\u00eddos em 39 boxes e 12 bancas, gerando 70 empregos diretos e mais de 300 indiretos.<\/p>\n\n\n\n<p>\u201cGra\u00e7as a Deus, a prefeitura veio para c\u00e1 e olhou pela gente. O mercado est\u00e1 a coisa mais linda do mundo. Ningu\u00e9m esperava que ficaria t\u00e3o bonito assim, temos banheiros novos, tudo reformado aqui dentro\u201d, agradeceu a permission\u00e1ria Neude Souza.<\/p>\n\n\n\n<p>&#8212; &#8212; &#8212;<\/p>\n\n\n\n<p><strong>Texto<\/strong>\u00a0\u2013 Beathriz Torres\/ Semcom e Divulga\u00e7\u00e3o\/Semacc<\/p>\n\n\n\n<p><strong>Fotos<\/strong> \u2013 Dhyeizo Lemos\/Semcom e Jo\u00e3o Viana\/Semcom<\/p>\n\n\n\n<p><strong>Dispon\u00edveis em<\/strong> &#8211; <a href=\"https:\/\/flic.kr\/s\/aHBqjBuGWj\">https:\/\/flic.kr\/s\/aHBqjBuGWj<\/a><\/p>\n","protected":false},"excerpt":{"rendered":"","protected":false},"author":23,"featured_media":1050,"comment_status":"closed","ping_status":"closed","sticky":false,"template":"","format":"standard","meta":{"footnotes":""},"categories":[35],"tags":[462,463,464,179,10,17,38],"acf":[],"yoast_head":"<!-- This site is optimized with the Yoast SEO plugin v23.0 - https:\/\/yoast.com\/wordpress\/plugins\/seo\/ -->\n<title>Prefeitura entrega mercado municipal Maximino Corr\u00eaa revitalizado, na Pra\u00e7a 14<\/title>\n<meta name=\"description\" content=\"Os permission\u00e1rios e moradores do bairro Pra\u00e7a 14, na zona Sul da capital amazonense, receberam, nesta ter\u00e7a-feira, 11\/6, o mercado municipal Maximino Corr\u00eaa, totalmente reformado. A estrutura, que estava h\u00e1 nove anos sem receber obra de revitaliza\u00e7\u00e3o, foi entregue pelo prefeito de Manaus, David Almeida.\" \/>\n<meta name=\"robots\" content=\"noindex, follow\" \/>\n<meta property=\"og:locale\" content=\"pt_BR\" \/>\n<meta property=\"og:type\" content=\"article\" \/>\n<meta property=\"og:title\" content=\"Prefeitura entrega mercado municipal Maximino Corr\u00eaa revitalizado, na Pra\u00e7a 14\" \/>\n<meta property=\"og:description\" content=\"Os permission\u00e1rios e moradores do bairro Pra\u00e7a 14, na zona Sul da capital amazonense, receberam, nesta ter\u00e7a-feira, 11\/6, o mercado municipal Maximino Corr\u00eaa, totalmente reformado. A estrutura, que estava h\u00e1 nove anos sem receber obra de revitaliza\u00e7\u00e3o, foi entregue pelo prefeito de Manaus, David Almeida.\" \/>\n<meta property=\"og:url\" content=\"https:\/\/www.manaus.am.gov.br\/semacc\/mercado-revitalizacao-prefeitura\/\" \/>\n<meta property=\"og:site_name\" content=\"SEMACC\" \/>\n<meta property=\"article:published_time\" content=\"2024-06-11T16:37:08+00:00\" \/>\n<meta property=\"article:modified_time\" content=\"2024-06-11T16:42:38+00:00\" \/>\n<meta property=\"og:image\" content=\"https:\/\/www.manaus.am.gov.br\/semacc\/wp-content\/uploads\/sites\/22\/2024\/06\/53784878799_c8ab596cb4_c.jpg\" \/>\n\t<meta property=\"og:image:width\" content=\"799\" \/>\n\t<meta property=\"og:image:height\" content=\"533\" \/>\n\t<meta property=\"og:image:type\" content=\"image\/jpeg\" \/>\n<meta name=\"author\" content=\"Adriana Costa\" \/>\n<meta name=\"twitter:card\" content=\"summary_large_image\" \/>\n<meta name=\"twitter:label1\" content=\"Written by\" \/>\n\t<meta name=\"twitter:data1\" content=\"Adriana Costa\" \/>\n\t<meta name=\"twitter:label2\" content=\"Est. reading time\" \/>\n\t<meta name=\"twitter:data2\" content=\"3 minutos\" \/>\n<script type=\"application\/ld+json\" class=\"yoast-schema-graph\">{\"@context\":\"https:\/\/schema.org\",\"@graph\":[{\"@type\":\"WebPage\",\"@id\":\"https:\/\/www.manaus.am.gov.br\/semacc\/mercado-revitalizacao-prefeitura\/\",\"url\":\"https:\/\/www.manaus.am.gov.br\/semacc\/mercado-revitalizacao-prefeitura\/\",\"name\":\"Prefeitura entrega mercado municipal Maximino Corr\u00eaa revitalizado, na Pra\u00e7a 14\",\"isPartOf\":{\"@id\":\"https:\/\/www.manaus.am.gov.br\/semacc\/#website\"},\"primaryImageOfPage\":{\"@id\":\"https:\/\/www.manaus.am.gov.br\/semacc\/mercado-revitalizacao-prefeitura\/#primaryimage\"},\"image\":{\"@id\":\"https:\/\/www.manaus.am.gov.br\/semacc\/mercado-revitalizacao-prefeitura\/#primaryimage\"},\"thumbnailUrl\":\"https:\/\/www.manaus.am.gov.br\/semacc\/wp-content\/uploads\/sites\/22\/2024\/06\/53784878799_c8ab596cb4_c.jpg\",\"datePublished\":\"2024-06-11T16:37:08+00:00\",\"dateModified\":\"2024-06-11T16:42:38+00:00\",\"author\":{\"@id\":\"https:\/\/www.manaus.am.gov.br\/semacc\/#\/schema\/person\/4e49f4e267757a06ca072ec61b2b9968\"},\"description\":\"Os permission\u00e1rios e moradores do bairro Pra\u00e7a 14, na zona Sul da capital amazonense, receberam, nesta ter\u00e7a-feira, 11\/6, o mercado municipal Maximino Corr\u00eaa, totalmente reformado. A estrutura, que estava h\u00e1 nove anos sem receber obra de revitaliza\u00e7\u00e3o, foi entregue pelo prefeito de Manaus, David Almeida.\",\"breadcrumb\":{\"@id\":\"https:\/\/www.manaus.am.gov.br\/semacc\/mercado-revitalizacao-prefeitura\/#breadcrumb\"},\"inLanguage\":\"pt-BR\",\"potentialAction\":[{\"@type\":\"ReadAction\",\"target\":[\"https:\/\/www.manaus.am.gov.br\/semacc\/mercado-revitalizacao-prefeitura\/\"]}]},{\"@type\":\"ImageObject\",\"inLanguage\":\"pt-BR\",\"@id\":\"https:\/\/www.manaus.am.gov.br\/semacc\/mercado-revitalizacao-prefeitura\/#primaryimage\",\"url\":\"https:\/\/www.manaus.am.gov.br\/semacc\/wp-content\/uploads\/sites\/22\/2024\/06\/53784878799_c8ab596cb4_c.jpg\",\"contentUrl\":\"https:\/\/www.manaus.am.gov.br\/semacc\/wp-content\/uploads\/sites\/22\/2024\/06\/53784878799_c8ab596cb4_c.jpg\",\"width\":799,\"height\":533},{\"@type\":\"BreadcrumbList\",\"@id\":\"https:\/\/www.manaus.am.gov.br\/semacc\/mercado-revitalizacao-prefeitura\/#breadcrumb\",\"itemListElement\":[{\"@type\":\"ListItem\",\"position\":1,\"name\":\"Home\",\"item\":\"https:\/\/www.manaus.am.gov.br\/semacc\/\"},{\"@type\":\"ListItem\",\"position\":2,\"name\":\"Prefeitura entrega mercado municipal Maximino Corr\u00eaa revitalizado, na Pra\u00e7a 14\"}]},{\"@type\":\"WebSite\",\"@id\":\"https:\/\/www.manaus.am.gov.br\/semacc\/#website\",\"url\":\"https:\/\/www.manaus.am.gov.br\/semacc\/\",\"name\":\"SEMACC\",\"description\":\"Prefeitura de Manaus\",\"potentialAction\":[{\"@type\":\"SearchAction\",\"target\":{\"@type\":\"EntryPoint\",\"urlTemplate\":\"https:\/\/www.manaus.am.gov.br\/semacc\/?s={search_term_string}\"},\"query-input\":\"required name=search_term_string\"}],\"inLanguage\":\"pt-BR\"},{\"@type\":\"Person\",\"@id\":\"https:\/\/www.manaus.am.gov.br\/semacc\/#\/schema\/person\/4e49f4e267757a06ca072ec61b2b9968\",\"name\":\"Adriana Costa\",\"image\":{\"@type\":\"ImageObject\",\"inLanguage\":\"pt-BR\",\"@id\":\"https:\/\/www.manaus.am.gov.br\/semacc\/#\/schema\/person\/image\/\",\"url\":\"https:\/\/secure.gravatar.com\/avatar\/576258617ef7194f718179e766d57bd4?s=96&d=mm&r=g\",\"contentUrl\":\"https:\/\/secure.gravatar.com\/avatar\/576258617ef7194f718179e766d57bd4?s=96&d=mm&r=g\",\"caption\":\"Adriana Costa\"}}]}<\/script>\n<!-- \/ Yoast SEO plugin. -->","yoast_head_json":{"title":"Prefeitura entrega mercado municipal Maximino Corr\u00eaa revitalizado, na Pra\u00e7a 14","description":"Os permission\u00e1rios e moradores do bairro Pra\u00e7a 14, na zona Sul da capital amazonense, receberam, nesta ter\u00e7a-feira, 11\/6, o mercado municipal Maximino Corr\u00eaa, totalmente reformado. A estrutura, que estava h\u00e1 nove anos sem receber obra de revitaliza\u00e7\u00e3o, foi entregue pelo prefeito de Manaus, David Almeida.","robots":{"index":"noindex","follow":"follow"},"og_locale":"pt_BR","og_type":"article","og_title":"Prefeitura entrega mercado municipal Maximino Corr\u00eaa revitalizado, na Pra\u00e7a 14","og_description":"Os permission\u00e1rios e moradores do bairro Pra\u00e7a 14, na zona Sul da capital amazonense, receberam, nesta ter\u00e7a-feira, 11\/6, o mercado municipal Maximino Corr\u00eaa, totalmente reformado. A estrutura, que estava h\u00e1 nove anos sem receber obra de revitaliza\u00e7\u00e3o, foi entregue pelo prefeito de Manaus, David Almeida.","og_url":"https:\/\/www.manaus.am.gov.br\/semacc\/mercado-revitalizacao-prefeitura\/","og_site_name":"SEMACC","article_published_time":"2024-06-11T16:37:08+00:00","article_modified_time":"2024-06-11T16:42:38+00:00","og_image":[{"width":799,"height":533,"url":"https:\/\/www.manaus.am.gov.br\/semacc\/wp-content\/uploads\/sites\/22\/2024\/06\/53784878799_c8ab596cb4_c.jpg","type":"image\/jpeg"}],"author":"Adriana Costa","twitter_card":"summary_large_image","twitter_misc":{"Written by":"Adriana Costa","Est. reading time":"3 minutos"},"schema":{"@context":"https:\/\/schema.org","@graph":[{"@type":"WebPage","@id":"https:\/\/www.manaus.am.gov.br\/semacc\/mercado-revitalizacao-prefeitura\/","url":"https:\/\/www.manaus.am.gov.br\/semacc\/mercado-revitalizacao-prefeitura\/","name":"Prefeitura entrega mercado municipal Maximino Corr\u00eaa revitalizado, na Pra\u00e7a 14","isPartOf":{"@id":"https:\/\/www.manaus.am.gov.br\/semacc\/#website"},"primaryImageOfPage":{"@id":"https:\/\/www.manaus.am.gov.br\/semacc\/mercado-revitalizacao-prefeitura\/#primaryimage"},"image":{"@id":"https:\/\/www.manaus.am.gov.br\/semacc\/mercado-revitalizacao-prefeitura\/#primaryimage"},"thumbnailUrl":"https:\/\/www.manaus.am.gov.br\/semacc\/wp-content\/uploads\/sites\/22\/2024\/06\/53784878799_c8ab596cb4_c.jpg","datePublished":"2024-06-11T16:37:08+00:00","dateModified":"2024-06-11T16:42:38+00:00","author":{"@id":"https:\/\/www.manaus.am.gov.br\/semacc\/#\/schema\/person\/4e49f4e267757a06ca072ec61b2b9968"},"description":"Os permission\u00e1rios e moradores do bairro Pra\u00e7a 14, na zona Sul da capital amazonense, receberam, nesta ter\u00e7a-feira, 11\/6, o mercado municipal Maximino Corr\u00eaa, totalmente reformado. A estrutura, que estava h\u00e1 nove anos sem receber obra de revitaliza\u00e7\u00e3o, foi entregue pelo prefeito de Manaus, David Almeida.","breadcrumb":{"@id":"https:\/\/www.manaus.am.gov.br\/semacc\/mercado-revitalizacao-prefeitura\/#breadcrumb"},"inLanguage":"pt-BR","potentialAction":[{"@type":"ReadAction","target":["https:\/\/www.manaus.am.gov.br\/semacc\/mercado-revitalizacao-prefeitura\/"]}]},{"@type":"ImageObject","inLanguage":"pt-BR","@id":"https:\/\/www.manaus.am.gov.br\/semacc\/mercado-revitalizacao-prefeitura\/#primaryimage","url":"https:\/\/www.manaus.am.gov.br\/semacc\/wp-content\/uploads\/sites\/22\/2024\/06\/53784878799_c8ab596cb4_c.jpg","contentUrl":"https:\/\/www.manaus.am.gov.br\/semacc\/wp-content\/uploads\/sites\/22\/2024\/06\/53784878799_c8ab596cb4_c.jpg","width":799,"height":533},{"@type":"BreadcrumbList","@id":"https:\/\/www.manaus.am.gov.br\/semacc\/mercado-revitalizacao-prefeitura\/#breadcrumb","itemListElement":[{"@type":"ListItem","position":1,"name":"Home","item":"https:\/\/www.manaus.am.gov.br\/semacc\/"},{"@type":"ListItem","position":2,"name":"Prefeitura entrega mercado municipal Maximino Corr\u00eaa revitalizado, na Pra\u00e7a 14"}]},{"@type":"WebSite","@id":"https:\/\/www.manaus.am.gov.br\/semacc\/#website","url":"https:\/\/www.manaus.am.gov.br\/semacc\/","name":"SEMACC","description":"Prefeitura de Manaus","potentialAction":[{"@type":"SearchAction","target":{"@type":"EntryPoint","urlTemplate":"https:\/\/www.manaus.am.gov.br\/semacc\/?s={search_term_string}"},"query-input":"required name=search_term_string"}],"inLanguage":"pt-BR"},{"@type":"Person","@id":"https:\/\/www.manaus.am.gov.br\/semacc\/#\/schema\/person\/4e49f4e267757a06ca072ec61b2b9968","name":"Adriana Costa","image":{"@type":"ImageObject","inLanguage":"pt-BR","@id":"https:\/\/www.manaus.am.gov.br\/semacc\/#\/schema\/person\/image\/","url":"https:\/\/secure.gravatar.com\/avatar\/576258617ef7194f718179e766d57bd4?s=96&d=mm&r=g","contentUrl":"https:\/\/secure.gravatar.com\/avatar\/576258617ef7194f718179e766d57bd4?s=96&d=mm&r=g","caption":"Adriana Costa"}}]}},"_links":{"self":[{"href":"https:\/\/www.manaus.am.gov.br\/semacc\/wp-json\/wp\/v2\/posts\/1049"}],"collection":[{"href":"https:\/\/www.manaus.am.gov.br\/semacc\/wp-json\/wp\/v2\/posts"}],"about":[{"href":"https:\/\/www.manaus.am.gov.br\/semacc\/wp-json\/wp\/v2\/types\/post"}],"author":[{"embeddable":true,"href":"https:\/\/www.manaus.am.gov.br\/semacc\/wp-json\/wp\/v2\/users\/23"}],"replies":[{"embeddable":true,"href":"https:\/\/www.manaus.am.gov.br\/semacc\/wp-json\/wp\/v2\/comments?post=1049"}],"version-history":[{"count":1,"href":"https:\/\/www.manaus.am.gov.br\/semacc\/wp-json\/wp\/v2\/posts\/1049\/revisions"}],"predecessor-version":[{"id":1051,"href":"https:\/\/www.manaus.am.gov.br\/semacc\/wp-json\/wp\/v2\/posts\/1049\/revisions\/1051"}],"wp:featuredmedia":[{"embeddable":true,"href":"https:\/\/www.manaus.am.gov.br\/semacc\/wp-json\/wp\/v2\/media\/1050"}],"wp:attachment":[{"href":"https:\/\/www.manaus.am.gov.br\/semacc\/wp-json\/wp\/v2\/media?parent=1049"}],"wp:term":[{"taxonomy":"category","embeddable":true,"href":"https:\/\/www.manaus.am.gov.br\/semacc\/wp-json\/wp\/v2\/categories?post=1049"},{"taxonomy":"post_tag","embeddable":true,"href":"https:\/\/www.manaus.am.gov.br\/semacc\/wp-json\/wp\/v2\/tags?post=1049"}],"curies":[{"name":"wp","href":"https:\/\/api.w.org\/{rel}","templated":true}]}}