{"id":1473,"date":"2026-04-15T17:12:24","date_gmt":"2026-04-15T21:12:24","guid":{"rendered":"https:\/\/www.manaus.am.gov.br\/procon\/servicos-e-negociacoes-itinerante\/"},"modified":"2026-04-16T12:48:00","modified_gmt":"2026-04-16T16:48:00","slug":"servicos-e-negociacoes-7a-edicao-do-procon-manaus-itinerante","status":"publish","type":"post","link":"https:\/\/www.manaus.am.gov.br\/procon\/servicos-e-negociacoes-7a-edicao-do-procon-manaus-itinerante\/","title":{"rendered":"Prefeitura encerra 7\u00aa edi\u00e7\u00e3o do \u2018Procon Manaus Itinerante\u2019 com servi\u00e7os e negocia\u00e7\u00f5es na zona Sul"},"content":{"rendered":"\n<p>A <a href=\"https:\/\/www.manaus.am.gov.br\/\">Prefeitura de Manaus<\/a>, por meio do <a href=\"https:\/\/www.procon.am.gov.br\/\">Servi\u00e7o de Atendimento e Prote\u00e7\u00e3o ao Consumidor<\/a> (Procon Manaus), finalizou, nesta quarta-feira, 15\/4, a 7\u00aa edi\u00e7\u00e3o do \u201cProcon Manaus Itinerante\u201d, realizado no Centro de Refer\u00eancia de Assist\u00eancia Social (Cras) Bet\u00e2nia, localizado na zona Sul da capital. O evento, iniciado na segunda-feira, 13\/4, ofereceu servi\u00e7os de orienta\u00e7\u00e3o, registro de reclama\u00e7\u00f5es e recebimento de den\u00fancias.<\/p>\n\n\n\n<p>\u201cA proposta do \u2018Procon Manaus Itinerante\u2019 \u00e9 levar os nossos servi\u00e7os para mais perto da popula\u00e7\u00e3o, especialmente para quem enfrenta dificuldades de acesso. Quando descentralizamos o atendimento, conseguimos alcan\u00e7ar mais pessoas, orientar melhor o consumidor e resolver demandas de forma mais r\u00e1pida e eficiente\u201d, declarou a presidente do Procon Manaus, Onilda Abreu.<\/p>\n\n\n\n<p>Al\u00e9m do Procon Manaus, as concession\u00e1rias \u00c1guas de Manaus, Claro e o Cart\u00f3rio de Protesto tamb\u00e9m participaram da a\u00e7\u00e3o, disponibilizando negocia\u00e7\u00e3o de d\u00e9bitos com condi\u00e7\u00f5es especiais, solicita\u00e7\u00e3o de servi\u00e7os e verifica\u00e7\u00e3o de pend\u00eancias.<\/p>\n\n\n\n<p>Tamb\u00e9m foi realizada a palestra \u201cEntendendo a Tarifa Social e Tarifa 10\u201d, com o objetivo de ampliar o conhecimento de consumidores em situa\u00e7\u00e3o de vulnerabilidade social e econ\u00f4mica sobre os benef\u00edcios tarif\u00e1rios dispon\u00edveis. Durante a atividade, foram esclarecidas d\u00favidas sobre os crit\u00e9rios de ades\u00e3o, a documenta\u00e7\u00e3o necess\u00e1ria e os procedimentos para solicita\u00e7\u00e3o, contribuindo para a redu\u00e7\u00e3o das desigualdades, o al\u00edvio do or\u00e7amento dom\u00e9stico e a garantia de acesso mais justo aos servi\u00e7os essenciais.<\/p>\n\n\n\n<p><strong>Atendimento&nbsp;<\/strong><\/p>\n\n\n\n<p>Entre os consumidores atendidos, o morador do bairro Bet\u00e2nia, Jos\u00e9 Vieira, conseguiu negociar seus d\u00e9bitos, obtendo um desconto de mais de 50% em negocia\u00e7\u00e3o com uma das empresas participantes, e destacou a qualidade do atendimento. \u201cA gente veio na a\u00e7\u00e3o do Procon Manaus para negociar a conta de \u00e1gua e fomos recebidos com muita aten\u00e7\u00e3o. Dou nota 10 para o atendimento. Minha d\u00edvida estava quase em R$ 6.000 e foi para R$ 2.800\u201d, avaliou.<\/p>\n\n\n\n<p>Outro consumidor beneficiado pela a\u00e7\u00e3o foi Edilson J\u00fanior, que conseguiu resolver sua pend\u00eancia financeira e elogiou a facilidade da iniciativa. \u201cAchei muito bom, porque ficou mais acess\u00edvel para mim. Peguei pouca fila e consegui resolver meu problema em menos de uma hora\u201d, afirmou.<\/p>\n\n\n\n<p>A a\u00e7\u00e3o reafirma o compromisso da Prefeitura de Manaus, por interm\u00e9dio do Procon Manaus, em promover o acesso facilitado aos direitos do consumidor, aproximando os servi\u00e7os da popula\u00e7\u00e3o e ampliando a resolutividade das demandas relacionadas ao consumo. A iniciativa tamb\u00e9m fortalece a cidadania por meio da descentraliza\u00e7\u00e3o dos servi\u00e7os.<\/p>\n\n\n\n<p>\u2014- \u2014- \u2014-&nbsp;<br><strong>Texto \u2013 <\/strong>Deborah Borges \/ Procon Manaus<\/p>\n\n\n\n<p><strong>Fotos \u2013 <\/strong>Jo\u00e3o Viana \/Semcom<br><strong>Dispon\u00edveis em &#8211; <\/strong><a href=\"https:\/\/flic.kr\/s\/aHBqjCQNRT\">https:\/\/flic.kr\/s\/aHBqjCQNRT<\/a>&nbsp;<\/p>\n","protected":false},"excerpt":{"rendered":"","protected":false},"author":68,"featured_media":1474,"comment_status":"closed","ping_status":"closed","sticky":false,"template":"","format":"standard","meta":{"footnotes":""},"categories":[237],"tags":[380,6,381,382],"acf":[],"yoast_head":"<!-- This site is optimized with the Yoast SEO plugin v23.0 - https:\/\/yoast.com\/wordpress\/plugins\/seo\/ -->\n<title>Prefeitura encerra 7\u00aa edi\u00e7\u00e3o do \u2018Procon Manaus Itinerante\u2019<\/title>\n<meta name=\"description\" content=\"A Prefeitura de Manaus finalizou, nesta quarta-feira, 15\/4, a 7\u00aa edi\u00e7\u00e3o do \u201cProcon Manaus Itinerante\u201d, com servi\u00e7os e negocia\u00e7\u00f5es.\" \/>\n<meta name=\"robots\" content=\"index, follow, max-snippet:-1, max-image-preview:large, max-video-preview:-1\" \/>\n<link rel=\"canonical\" href=\"https:\/\/www.manaus.am.gov.br\/procon\/servicos-e-negociacoes-itinerante\/\" \/>\n<meta property=\"og:locale\" content=\"pt_BR\" \/>\n<meta property=\"og:type\" content=\"article\" \/>\n<meta property=\"og:title\" content=\"Prefeitura encerra 7\u00aa edi\u00e7\u00e3o do \u2018Procon Manaus Itinerante\u2019\" \/>\n<meta property=\"og:description\" content=\"A Prefeitura de Manaus finalizou, nesta quarta-feira, 15\/4, a 7\u00aa edi\u00e7\u00e3o do \u201cProcon Manaus Itinerante\u201d, com servi\u00e7os e negocia\u00e7\u00f5es.\" \/>\n<meta property=\"og:url\" content=\"https:\/\/www.manaus.am.gov.br\/procon\/servicos-e-negociacoes-itinerante\/\" \/>\n<meta property=\"og:site_name\" content=\"PROCON\" \/>\n<meta property=\"article:publisher\" content=\"https:\/\/www.facebook.com\/people\/Procon-Manaus\/\" \/>\n<meta property=\"article:published_time\" content=\"2026-04-15T21:12:24+00:00\" \/>\n<meta property=\"article:modified_time\" content=\"2026-04-16T16:48:00+00:00\" \/>\n<meta property=\"og:image\" content=\"https:\/\/www.manaus.am.gov.br\/procon\/wp-content\/uploads\/sites\/29\/2026\/04\/55205584320_94d88ebaf9_c.jpg\" \/>\n\t<meta property=\"og:image:width\" content=\"799\" \/>\n\t<meta property=\"og:image:height\" content=\"533\" \/>\n\t<meta property=\"og:image:type\" content=\"image\/jpeg\" \/>\n<meta name=\"author\" content=\"bvalente\" \/>\n<meta name=\"twitter:card\" content=\"summary_large_image\" \/>\n<meta name=\"twitter:label1\" content=\"Written by\" \/>\n\t<meta name=\"twitter:data1\" content=\"bvalente\" \/>\n\t<meta name=\"twitter:label2\" content=\"Est. reading time\" \/>\n\t<meta name=\"twitter:data2\" content=\"3 minutos\" \/>\n<script type=\"application\/ld+json\" class=\"yoast-schema-graph\">{\"@context\":\"https:\/\/schema.org\",\"@graph\":[{\"@type\":\"Article\",\"@id\":\"https:\/\/www.manaus.am.gov.br\/procon\/servicos-e-negociacoes-itinerante\/#article\",\"isPartOf\":{\"@id\":\"https:\/\/www.manaus.am.gov.br\/procon\/servicos-e-negociacoes-itinerante\/\"},\"author\":{\"name\":\"bvalente\",\"@id\":\"https:\/\/www.manaus.am.gov.br\/procon\/#\/schema\/person\/466a0e03ae4b6062809046bd560ac955\"},\"headline\":\"Prefeitura encerra 7\u00aa edi\u00e7\u00e3o do \u2018Procon Manaus Itinerante\u2019 com servi\u00e7os e negocia\u00e7\u00f5es na zona Sul\",\"datePublished\":\"2026-04-15T21:12:24+00:00\",\"dateModified\":\"2026-04-16T16:48:00+00:00\",\"mainEntityOfPage\":{\"@id\":\"https:\/\/www.manaus.am.gov.br\/procon\/servicos-e-negociacoes-itinerante\/\"},\"wordCount\":478,\"publisher\":{\"@id\":\"https:\/\/www.manaus.am.gov.br\/procon\/#organization\"},\"image\":{\"@id\":\"https:\/\/www.manaus.am.gov.br\/procon\/servicos-e-negociacoes-itinerante\/#primaryimage\"},\"thumbnailUrl\":\"https:\/\/www.manaus.am.gov.br\/procon\/wp-content\/uploads\/sites\/29\/2026\/04\/55205584320_94d88ebaf9_c.jpg\",\"keywords\":[\"7\u00aa edi\u00e7\u00e3o do \u2018Procon Manaus Itinerante\u2019\",\"prefeitura de manaus\",\"servi\u00e7os e negocia\u00e7\u00f5es\",\"servi\u00e7os e negocia\u00e7\u00f5es Itinerante\"],\"articleSection\":[\"Regulariza\u00e7\u00e3o\"],\"inLanguage\":\"pt-BR\"},{\"@type\":\"WebPage\",\"@id\":\"https:\/\/www.manaus.am.gov.br\/procon\/servicos-e-negociacoes-itinerante\/\",\"url\":\"https:\/\/www.manaus.am.gov.br\/procon\/servicos-e-negociacoes-itinerante\/\",\"name\":\"Prefeitura encerra 7\u00aa edi\u00e7\u00e3o do \u2018Procon Manaus Itinerante\u2019\",\"isPartOf\":{\"@id\":\"https:\/\/www.manaus.am.gov.br\/procon\/#website\"},\"primaryImageOfPage\":{\"@id\":\"https:\/\/www.manaus.am.gov.br\/procon\/servicos-e-negociacoes-itinerante\/#primaryimage\"},\"image\":{\"@id\":\"https:\/\/www.manaus.am.gov.br\/procon\/servicos-e-negociacoes-itinerante\/#primaryimage\"},\"thumbnailUrl\":\"https:\/\/www.manaus.am.gov.br\/procon\/wp-content\/uploads\/sites\/29\/2026\/04\/55205584320_94d88ebaf9_c.jpg\",\"datePublished\":\"2026-04-15T21:12:24+00:00\",\"dateModified\":\"2026-04-16T16:48:00+00:00\",\"description\":\"A Prefeitura de Manaus finalizou, nesta quarta-feira, 15\/4, a 7\u00aa edi\u00e7\u00e3o do \u201cProcon Manaus Itinerante\u201d, com servi\u00e7os e negocia\u00e7\u00f5es.\",\"breadcrumb\":{\"@id\":\"https:\/\/www.manaus.am.gov.br\/procon\/servicos-e-negociacoes-itinerante\/#breadcrumb\"},\"inLanguage\":\"pt-BR\",\"potentialAction\":[{\"@type\":\"ReadAction\",\"target\":[\"https:\/\/www.manaus.am.gov.br\/procon\/servicos-e-negociacoes-itinerante\/\"]}]},{\"@type\":\"ImageObject\",\"inLanguage\":\"pt-BR\",\"@id\":\"https:\/\/www.manaus.am.gov.br\/procon\/servicos-e-negociacoes-itinerante\/#primaryimage\",\"url\":\"https:\/\/www.manaus.am.gov.br\/procon\/wp-content\/uploads\/sites\/29\/2026\/04\/55205584320_94d88ebaf9_c.jpg\",\"contentUrl\":\"https:\/\/www.manaus.am.gov.br\/procon\/wp-content\/uploads\/sites\/29\/2026\/04\/55205584320_94d88ebaf9_c.jpg\",\"width\":799,\"height\":533,\"caption\":\"#paratodosverem - Equipes do Procon Manaus realizando atendimentos\"},{\"@type\":\"BreadcrumbList\",\"@id\":\"https:\/\/www.manaus.am.gov.br\/procon\/servicos-e-negociacoes-itinerante\/#breadcrumb\",\"itemListElement\":[{\"@type\":\"ListItem\",\"position\":1,\"name\":\"Home\",\"item\":\"https:\/\/www.manaus.am.gov.br\/procon\/\"},{\"@type\":\"ListItem\",\"position\":2,\"name\":\"Prefeitura encerra 7\u00aa edi\u00e7\u00e3o do \u2018Procon Manaus Itinerante\u2019 com servi\u00e7os e negocia\u00e7\u00f5es na zona Sul\"}]},{\"@type\":\"WebSite\",\"@id\":\"https:\/\/www.manaus.am.gov.br\/procon\/#website\",\"url\":\"https:\/\/www.manaus.am.gov.br\/procon\/\",\"name\":\"PROCON MANAUS\",\"description\":\"Procon Manaus\",\"publisher\":{\"@id\":\"https:\/\/www.manaus.am.gov.br\/procon\/#organization\"},\"alternateName\":\"PROCON da Prefeitura de Manaus\",\"potentialAction\":[{\"@type\":\"SearchAction\",\"target\":{\"@type\":\"EntryPoint\",\"urlTemplate\":\"https:\/\/www.manaus.am.gov.br\/procon\/?s={search_term_string}\"},\"query-input\":\"required name=search_term_string\"}],\"inLanguage\":\"pt-BR\"},{\"@type\":\"Organization\",\"@id\":\"https:\/\/www.manaus.am.gov.br\/procon\/#organization\",\"name\":\"PROCON MANAUS\",\"alternateName\":\"Prefeitura de Manaus\",\"url\":\"https:\/\/www.manaus.am.gov.br\/procon\/\",\"logo\":{\"@type\":\"ImageObject\",\"inLanguage\":\"pt-BR\",\"@id\":\"https:\/\/www.manaus.am.gov.br\/procon\/#\/schema\/logo\/image\/\",\"url\":\"https:\/\/www.manaus.am.gov.br\/procon\/wp-content\/uploads\/sites\/29\/2024\/05\/favicon.png\",\"contentUrl\":\"https:\/\/www.manaus.am.gov.br\/procon\/wp-content\/uploads\/sites\/29\/2024\/05\/favicon.png\",\"width\":300,\"height\":300,\"caption\":\"PROCON MANAUS\"},\"image\":{\"@id\":\"https:\/\/www.manaus.am.gov.br\/procon\/#\/schema\/logo\/image\/\"},\"sameAs\":[\"https:\/\/www.facebook.com\/people\/Procon-Manaus\/\",\"https:\/\/www.instagram.com\/proconmanaus\/\"]},{\"@type\":\"Person\",\"@id\":\"https:\/\/www.manaus.am.gov.br\/procon\/#\/schema\/person\/466a0e03ae4b6062809046bd560ac955\",\"name\":\"bvalente\",\"image\":{\"@type\":\"ImageObject\",\"inLanguage\":\"pt-BR\",\"@id\":\"https:\/\/www.manaus.am.gov.br\/procon\/#\/schema\/person\/image\/\",\"url\":\"https:\/\/secure.gravatar.com\/avatar\/3e69bc2b014bdad41adfec3a39de07d2?s=96&d=mm&r=g\",\"contentUrl\":\"https:\/\/secure.gravatar.com\/avatar\/3e69bc2b014bdad41adfec3a39de07d2?s=96&d=mm&r=g\",\"caption\":\"bvalente\"}}]}<\/script>\n<!-- \/ Yoast SEO plugin. -->","yoast_head_json":{"title":"Prefeitura encerra 7\u00aa edi\u00e7\u00e3o do \u2018Procon Manaus Itinerante\u2019","description":"A Prefeitura de Manaus finalizou, nesta quarta-feira, 15\/4, a 7\u00aa edi\u00e7\u00e3o do \u201cProcon Manaus Itinerante\u201d, com servi\u00e7os e negocia\u00e7\u00f5es.","robots":{"index":"index","follow":"follow","max-snippet":"max-snippet:-1","max-image-preview":"max-image-preview:large","max-video-preview":"max-video-preview:-1"},"canonical":"https:\/\/www.manaus.am.gov.br\/procon\/servicos-e-negociacoes-itinerante\/","og_locale":"pt_BR","og_type":"article","og_title":"Prefeitura encerra 7\u00aa edi\u00e7\u00e3o do \u2018Procon Manaus Itinerante\u2019","og_description":"A Prefeitura de Manaus finalizou, nesta quarta-feira, 15\/4, a 7\u00aa edi\u00e7\u00e3o do \u201cProcon Manaus Itinerante\u201d, com servi\u00e7os e negocia\u00e7\u00f5es.","og_url":"https:\/\/www.manaus.am.gov.br\/procon\/servicos-e-negociacoes-itinerante\/","og_site_name":"PROCON","article_publisher":"https:\/\/www.facebook.com\/people\/Procon-Manaus\/","article_published_time":"2026-04-15T21:12:24+00:00","article_modified_time":"2026-04-16T16:48:00+00:00","og_image":[{"width":799,"height":533,"url":"https:\/\/www.manaus.am.gov.br\/procon\/wp-content\/uploads\/sites\/29\/2026\/04\/55205584320_94d88ebaf9_c.jpg","type":"image\/jpeg"}],"author":"bvalente","twitter_card":"summary_large_image","twitter_misc":{"Written by":"bvalente","Est. reading time":"3 minutos"},"schema":{"@context":"https:\/\/schema.org","@graph":[{"@type":"Article","@id":"https:\/\/www.manaus.am.gov.br\/procon\/servicos-e-negociacoes-itinerante\/#article","isPartOf":{"@id":"https:\/\/www.manaus.am.gov.br\/procon\/servicos-e-negociacoes-itinerante\/"},"author":{"name":"bvalente","@id":"https:\/\/www.manaus.am.gov.br\/procon\/#\/schema\/person\/466a0e03ae4b6062809046bd560ac955"},"headline":"Prefeitura encerra 7\u00aa edi\u00e7\u00e3o do \u2018Procon Manaus Itinerante\u2019 com servi\u00e7os e negocia\u00e7\u00f5es na zona Sul","datePublished":"2026-04-15T21:12:24+00:00","dateModified":"2026-04-16T16:48:00+00:00","mainEntityOfPage":{"@id":"https:\/\/www.manaus.am.gov.br\/procon\/servicos-e-negociacoes-itinerante\/"},"wordCount":478,"publisher":{"@id":"https:\/\/www.manaus.am.gov.br\/procon\/#organization"},"image":{"@id":"https:\/\/www.manaus.am.gov.br\/procon\/servicos-e-negociacoes-itinerante\/#primaryimage"},"thumbnailUrl":"https:\/\/www.manaus.am.gov.br\/procon\/wp-content\/uploads\/sites\/29\/2026\/04\/55205584320_94d88ebaf9_c.jpg","keywords":["7\u00aa edi\u00e7\u00e3o do \u2018Procon Manaus Itinerante\u2019","prefeitura de manaus","servi\u00e7os e negocia\u00e7\u00f5es","servi\u00e7os e negocia\u00e7\u00f5es Itinerante"],"articleSection":["Regulariza\u00e7\u00e3o"],"inLanguage":"pt-BR"},{"@type":"WebPage","@id":"https:\/\/www.manaus.am.gov.br\/procon\/servicos-e-negociacoes-itinerante\/","url":"https:\/\/www.manaus.am.gov.br\/procon\/servicos-e-negociacoes-itinerante\/","name":"Prefeitura encerra 7\u00aa edi\u00e7\u00e3o do \u2018Procon Manaus Itinerante\u2019","isPartOf":{"@id":"https:\/\/www.manaus.am.gov.br\/procon\/#website"},"primaryImageOfPage":{"@id":"https:\/\/www.manaus.am.gov.br\/procon\/servicos-e-negociacoes-itinerante\/#primaryimage"},"image":{"@id":"https:\/\/www.manaus.am.gov.br\/procon\/servicos-e-negociacoes-itinerante\/#primaryimage"},"thumbnailUrl":"https:\/\/www.manaus.am.gov.br\/procon\/wp-content\/uploads\/sites\/29\/2026\/04\/55205584320_94d88ebaf9_c.jpg","datePublished":"2026-04-15T21:12:24+00:00","dateModified":"2026-04-16T16:48:00+00:00","description":"A Prefeitura de Manaus finalizou, nesta quarta-feira, 15\/4, a 7\u00aa edi\u00e7\u00e3o do \u201cProcon Manaus Itinerante\u201d, com servi\u00e7os e negocia\u00e7\u00f5es.","breadcrumb":{"@id":"https:\/\/www.manaus.am.gov.br\/procon\/servicos-e-negociacoes-itinerante\/#breadcrumb"},"inLanguage":"pt-BR","potentialAction":[{"@type":"ReadAction","target":["https:\/\/www.manaus.am.gov.br\/procon\/servicos-e-negociacoes-itinerante\/"]}]},{"@type":"ImageObject","inLanguage":"pt-BR","@id":"https:\/\/www.manaus.am.gov.br\/procon\/servicos-e-negociacoes-itinerante\/#primaryimage","url":"https:\/\/www.manaus.am.gov.br\/procon\/wp-content\/uploads\/sites\/29\/2026\/04\/55205584320_94d88ebaf9_c.jpg","contentUrl":"https:\/\/www.manaus.am.gov.br\/procon\/wp-content\/uploads\/sites\/29\/2026\/04\/55205584320_94d88ebaf9_c.jpg","width":799,"height":533,"caption":"#paratodosverem - Equipes do Procon Manaus realizando atendimentos"},{"@type":"BreadcrumbList","@id":"https:\/\/www.manaus.am.gov.br\/procon\/servicos-e-negociacoes-itinerante\/#breadcrumb","itemListElement":[{"@type":"ListItem","position":1,"name":"Home","item":"https:\/\/www.manaus.am.gov.br\/procon\/"},{"@type":"ListItem","position":2,"name":"Prefeitura encerra 7\u00aa edi\u00e7\u00e3o do \u2018Procon Manaus Itinerante\u2019 com servi\u00e7os e negocia\u00e7\u00f5es na zona Sul"}]},{"@type":"WebSite","@id":"https:\/\/www.manaus.am.gov.br\/procon\/#website","url":"https:\/\/www.manaus.am.gov.br\/procon\/","name":"PROCON MANAUS","description":"Procon Manaus","publisher":{"@id":"https:\/\/www.manaus.am.gov.br\/procon\/#organization"},"alternateName":"PROCON da Prefeitura de Manaus","potentialAction":[{"@type":"SearchAction","target":{"@type":"EntryPoint","urlTemplate":"https:\/\/www.manaus.am.gov.br\/procon\/?s={search_term_string}"},"query-input":"required name=search_term_string"}],"inLanguage":"pt-BR"},{"@type":"Organization","@id":"https:\/\/www.manaus.am.gov.br\/procon\/#organization","name":"PROCON MANAUS","alternateName":"Prefeitura de Manaus","url":"https:\/\/www.manaus.am.gov.br\/procon\/","logo":{"@type":"ImageObject","inLanguage":"pt-BR","@id":"https:\/\/www.manaus.am.gov.br\/procon\/#\/schema\/logo\/image\/","url":"https:\/\/www.manaus.am.gov.br\/procon\/wp-content\/uploads\/sites\/29\/2024\/05\/favicon.png","contentUrl":"https:\/\/www.manaus.am.gov.br\/procon\/wp-content\/uploads\/sites\/29\/2024\/05\/favicon.png","width":300,"height":300,"caption":"PROCON MANAUS"},"image":{"@id":"https:\/\/www.manaus.am.gov.br\/procon\/#\/schema\/logo\/image\/"},"sameAs":["https:\/\/www.facebook.com\/people\/Procon-Manaus\/","https:\/\/www.instagram.com\/proconmanaus\/"]},{"@type":"Person","@id":"https:\/\/www.manaus.am.gov.br\/procon\/#\/schema\/person\/466a0e03ae4b6062809046bd560ac955","name":"bvalente","image":{"@type":"ImageObject","inLanguage":"pt-BR","@id":"https:\/\/www.manaus.am.gov.br\/procon\/#\/schema\/person\/image\/","url":"https:\/\/secure.gravatar.com\/avatar\/3e69bc2b014bdad41adfec3a39de07d2?s=96&d=mm&r=g","contentUrl":"https:\/\/secure.gravatar.com\/avatar\/3e69bc2b014bdad41adfec3a39de07d2?s=96&d=mm&r=g","caption":"bvalente"}}]}},"_links":{"self":[{"href":"https:\/\/www.manaus.am.gov.br\/procon\/wp-json\/wp\/v2\/posts\/1473"}],"collection":[{"href":"https:\/\/www.manaus.am.gov.br\/procon\/wp-json\/wp\/v2\/posts"}],"about":[{"href":"https:\/\/www.manaus.am.gov.br\/procon\/wp-json\/wp\/v2\/types\/post"}],"author":[{"embeddable":true,"href":"https:\/\/www.manaus.am.gov.br\/procon\/wp-json\/wp\/v2\/users\/68"}],"replies":[{"embeddable":true,"href":"https:\/\/www.manaus.am.gov.br\/procon\/wp-json\/wp\/v2\/comments?post=1473"}],"version-history":[{"count":1,"href":"https:\/\/www.manaus.am.gov.br\/procon\/wp-json\/wp\/v2\/posts\/1473\/revisions"}],"predecessor-version":[{"id":1476,"href":"https:\/\/www.manaus.am.gov.br\/procon\/wp-json\/wp\/v2\/posts\/1473\/revisions\/1476"}],"wp:featuredmedia":[{"embeddable":true,"href":"https:\/\/www.manaus.am.gov.br\/procon\/wp-json\/wp\/v2\/media\/1474"}],"wp:attachment":[{"href":"https:\/\/www.manaus.am.gov.br\/procon\/wp-json\/wp\/v2\/media?parent=1473"}],"wp:term":[{"taxonomy":"category","embeddable":true,"href":"https:\/\/www.manaus.am.gov.br\/procon\/wp-json\/wp\/v2\/categories?post=1473"},{"taxonomy":"post_tag","embeddable":true,"href":"https:\/\/www.manaus.am.gov.br\/procon\/wp-json\/wp\/v2\/tags?post=1473"}],"curies":[{"name":"wp","href":"https:\/\/api.w.org\/{rel}","templated":true}]}}