{"id":1467,"date":"2026-04-15T15:43:25","date_gmt":"2026-04-15T19:43:25","guid":{"rendered":"https:\/\/www.manaus.am.gov.br\/procon\/prefeitura-procon-pesquisacombustiveis\/"},"modified":"2026-04-15T15:54:39","modified_gmt":"2026-04-15T19:54:39","slug":"prefeitura-procon-precos-de-combustiveis","status":"publish","type":"post","link":"https:\/\/www.manaus.am.gov.br\/procon\/prefeitura-procon-precos-de-combustiveis\/","title":{"rendered":"Procon Manaus divulga levantamento de abril e aponta varia\u00e7\u00e3o nos pre\u00e7os dos combust\u00edveis"},"content":{"rendered":"\n<p>A <a href=\"https:\/\/www.manaus.am.gov.br\/\">Prefeitura de Manaus<\/a>, por meio do <a href=\"https:\/\/www.procon.am.gov.br\/\">Procon Manaus<\/a>, divulgou, nesta quarta-feira, 15\/4, o resultado da pesquisa mensal de pre\u00e7os de combust\u00edveis realizada na capital amazonense. O levantamento faz parte do monitoramento peri\u00f3dico do \u00f3rg\u00e3o, que acompanha o comportamento do mercado e disponibiliza informa\u00e7\u00f5es para auxiliar o consumidor na compara\u00e7\u00e3o de pre\u00e7os.<\/p>\n\n\n\n<p>\u201cA divulga\u00e7\u00e3o dessa pesquisa \u00e9 fundamental para garantir mais transpar\u00eancia nas rela\u00e7\u00f5es de consumo. Quando o consumidor tem acesso \u00e0s informa\u00e7\u00f5es sobre os pre\u00e7os praticados no mercado, ele consegue comparar, escolher melhor onde abastecer e exercer de forma mais consciente o seu direito de escolha\u201d, destacou a presidente do Procon Manaus, Onilda Abreu.<\/p>\n\n\n\n<p>A coleta de dados foi realizada no dia 13 de abril de 2026, pela divis\u00e3o de Fiscaliza\u00e7\u00e3o, com o objetivo de acompanhar a varia\u00e7\u00e3o dos pre\u00e7os praticados em Manaus e incentivar a livre concorr\u00eancia, conforme previsto nos artigos 4\u00ba e 6\u00ba do C\u00f3digo de Defesa do Consumidor (Lei n\u00ba 8.078\/90). Ao todo, 40 postos de combust\u00edveis, distribu\u00eddos em todas as zonas da cidade, foram visitados, contemplando gasolina comum, gasolina aditivada, etanol hidratado, diesel S500 (comum) e diesel S10 (aditivado).<\/p>\n\n\n\n<p>De acordo com o levantamento, a gasolina comum e a gasolina aditivada apresentaram varia\u00e7\u00e3o entre R$ 7,27 e R$ 7,59, com diferen\u00e7a de R$ 0,32, por litro. Em compara\u00e7\u00e3o com o m\u00eas anterior, houve aumento de R$ 0,28 no menor pre\u00e7o, uma vez que, em mar\u00e7o, o valor m\u00ednimo era de R$ 6,99.<\/p>\n\n\n\n<p>O diesel S500 (comum) e o diesel S10 (aditivado) tamb\u00e9m apresentaram varia\u00e7\u00e3o entre R$ 7,29 e R$ 7,59, com diferen\u00e7a de R$ 0,30 por litro. Em rela\u00e7\u00e3o ao m\u00eas anterior, foi identificado aumento de R$ 0,08 no menor pre\u00e7o praticado, que passou de R$ 6,49 para R$ 7,29.<\/p>\n\n\n\n<p>Na contram\u00e3o da tend\u00eancia de alta, o etanol registrou redu\u00e7\u00e3o no per\u00edodo. O menor pre\u00e7o caiu de R$ 5,47 em mar\u00e7o para R$ 5,28 em abril, representando uma diminui\u00e7\u00e3o de R$ 0,19.<\/p>\n\n\n\n<p>O Procon Manaus refor\u00e7a que os valores apresentados refletem o cen\u00e1rio identificado no dia da coleta e podem sofrer altera\u00e7\u00f5es ao longo do m\u00eas. Por isso, a orienta\u00e7\u00e3o \u00e9 que os consumidores pesquisem e comparem os pre\u00e7os antes de abastecer, garantindo uma escolha mais consciente e vantajosa.<\/p>\n\n\n\n<p>Confira a lista de divulga\u00e7\u00e3o de pre\u00e7os:<\/p>\n\n\n\n<div data-wp-interactive=\"\" class=\"wp-block-file\"><object data-wp-bind--hidden=\"!selectors.core.file.hasPdfPreview\" hidden class=\"wp-block-file__embed\" data=\"https:\/\/www.manaus.am.gov.br\/procon\/wp-content\/uploads\/sites\/29\/2026\/04\/Pesquisa-combustivel-13.04.26-1.pdf\" type=\"application\/pdf\" style=\"width:100%;height:600px\" aria-label=\"Incorporado de Pesquisa combustivel 13.04.26-1.\"><\/object><a id=\"wp-block-file--media-9ea3f001-9c0a-4534-8a69-776cf7a2d7d8\" href=\"https:\/\/www.manaus.am.gov.br\/procon\/wp-content\/uploads\/sites\/29\/2026\/04\/Pesquisa-combustivel-13.04.26-1.pdf\">Pesquisa combustivel 13.04.26-1<\/a><a href=\"https:\/\/www.manaus.am.gov.br\/procon\/wp-content\/uploads\/sites\/29\/2026\/04\/Pesquisa-combustivel-13.04.26-1.pdf\" class=\"wp-block-file__button wp-element-button\" download aria-describedby=\"wp-block-file--media-9ea3f001-9c0a-4534-8a69-776cf7a2d7d8\">Baixar<\/a><\/div>\n\n\n\n<p>\u2014 \u2014 \u2014<\/p>\n\n\n\n<p><strong>Texto <\/strong>\u2013 Lara Bernardes\/Procon Manaus<\/p>\n\n\n\n<p><strong>Fotos <\/strong>\u2013 Divulga\u00e7\u00e3o\/Procon<\/p>\n","protected":false},"excerpt":{"rendered":"","protected":false},"author":23,"featured_media":1468,"comment_status":"closed","ping_status":"closed","sticky":false,"template":"","format":"standard","meta":{"footnotes":""},"categories":[48],"tags":[378,21,22,379,6,15],"acf":[],"yoast_head":"<!-- This site is optimized with the Yoast SEO plugin v23.0 - https:\/\/yoast.com\/wordpress\/plugins\/seo\/ -->\n<title>Pre\u00e7os de combust\u00edveis: Procon Manaus divulga levantamento<\/title>\n<meta name=\"description\" content=\"A Prefeitura de Manaus, por meio do Procon Manaus, divulga levantamento de abril e aponta varia\u00e7\u00e3o nos pre\u00e7os dos combust\u00edveis.\" \/>\n<meta name=\"robots\" content=\"index, follow, max-snippet:-1, max-image-preview:large, max-video-preview:-1\" \/>\n<link rel=\"canonical\" href=\"https:\/\/www.manaus.am.gov.br\/procon\/prefeitura-procon-precos-de-combustiveis\/\" \/>\n<meta property=\"og:locale\" content=\"pt_BR\" \/>\n<meta property=\"og:type\" content=\"article\" \/>\n<meta property=\"og:title\" content=\"Pre\u00e7os de combust\u00edveis: Procon Manaus divulga levantamento\" \/>\n<meta property=\"og:description\" content=\"A Prefeitura de Manaus, por meio do Procon Manaus, divulga levantamento de abril e aponta varia\u00e7\u00e3o nos pre\u00e7os dos combust\u00edveis.\" \/>\n<meta property=\"og:url\" content=\"https:\/\/www.manaus.am.gov.br\/procon\/prefeitura-procon-precos-de-combustiveis\/\" \/>\n<meta property=\"og:site_name\" content=\"PROCON\" \/>\n<meta property=\"article:publisher\" content=\"https:\/\/www.facebook.com\/people\/Procon-Manaus\/\" \/>\n<meta property=\"article:published_time\" content=\"2026-04-15T19:43:25+00:00\" \/>\n<meta property=\"article:modified_time\" content=\"2026-04-15T19:54:39+00:00\" \/>\n<meta property=\"og:image\" content=\"https:\/\/www.manaus.am.gov.br\/procon\/wp-content\/uploads\/sites\/29\/2026\/04\/WhatsApp-Image-2025-11-13-at-09.26.42-1-1.jpeg\" \/>\n\t<meta property=\"og:image:width\" content=\"1600\" \/>\n\t<meta property=\"og:image:height\" content=\"1066\" \/>\n\t<meta property=\"og:image:type\" content=\"image\/jpeg\" \/>\n<meta name=\"author\" content=\"Adriana Costa\" \/>\n<meta name=\"twitter:card\" content=\"summary_large_image\" \/>\n<meta name=\"twitter:label1\" content=\"Written by\" \/>\n\t<meta name=\"twitter:data1\" content=\"Adriana Costa\" \/>\n\t<meta name=\"twitter:label2\" content=\"Est. reading time\" \/>\n\t<meta name=\"twitter:data2\" content=\"3 minutos\" \/>\n<script type=\"application\/ld+json\" class=\"yoast-schema-graph\">{\"@context\":\"https:\/\/schema.org\",\"@graph\":[{\"@type\":\"Article\",\"@id\":\"https:\/\/www.manaus.am.gov.br\/procon\/prefeitura-procon-precos-de-combustiveis\/#article\",\"isPartOf\":{\"@id\":\"https:\/\/www.manaus.am.gov.br\/procon\/prefeitura-procon-precos-de-combustiveis\/\"},\"author\":{\"name\":\"Adriana Costa\",\"@id\":\"https:\/\/www.manaus.am.gov.br\/procon\/#\/schema\/person\/4e49f4e267757a06ca072ec61b2b9968\"},\"headline\":\"Procon Manaus divulga levantamento de abril e aponta varia\u00e7\u00e3o nos pre\u00e7os dos combust\u00edveis\",\"datePublished\":\"2026-04-15T19:43:25+00:00\",\"dateModified\":\"2026-04-15T19:54:39+00:00\",\"mainEntityOfPage\":{\"@id\":\"https:\/\/www.manaus.am.gov.br\/procon\/prefeitura-procon-precos-de-combustiveis\/\"},\"wordCount\":425,\"publisher\":{\"@id\":\"https:\/\/www.manaus.am.gov.br\/procon\/#organization\"},\"image\":{\"@id\":\"https:\/\/www.manaus.am.gov.br\/procon\/prefeitura-procon-precos-de-combustiveis\/#primaryimage\"},\"thumbnailUrl\":\"https:\/\/www.manaus.am.gov.br\/procon\/wp-content\/uploads\/sites\/29\/2026\/04\/WhatsApp-Image-2025-11-13-at-09.26.42-1-1.jpeg\",\"keywords\":[\"abril\",\"Combust\u00edveis\",\"pesquisa\",\"postos de gasolina\",\"prefeitura de manaus\",\"Procon Manaus\"],\"articleSection\":[\"Direitos\"],\"inLanguage\":\"pt-BR\"},{\"@type\":\"WebPage\",\"@id\":\"https:\/\/www.manaus.am.gov.br\/procon\/prefeitura-procon-precos-de-combustiveis\/\",\"url\":\"https:\/\/www.manaus.am.gov.br\/procon\/prefeitura-procon-precos-de-combustiveis\/\",\"name\":\"Pre\u00e7os de combust\u00edveis: Procon Manaus divulga levantamento\",\"isPartOf\":{\"@id\":\"https:\/\/www.manaus.am.gov.br\/procon\/#website\"},\"primaryImageOfPage\":{\"@id\":\"https:\/\/www.manaus.am.gov.br\/procon\/prefeitura-procon-precos-de-combustiveis\/#primaryimage\"},\"image\":{\"@id\":\"https:\/\/www.manaus.am.gov.br\/procon\/prefeitura-procon-precos-de-combustiveis\/#primaryimage\"},\"thumbnailUrl\":\"https:\/\/www.manaus.am.gov.br\/procon\/wp-content\/uploads\/sites\/29\/2026\/04\/WhatsApp-Image-2025-11-13-at-09.26.42-1-1.jpeg\",\"datePublished\":\"2026-04-15T19:43:25+00:00\",\"dateModified\":\"2026-04-15T19:54:39+00:00\",\"description\":\"A Prefeitura de Manaus, por meio do Procon Manaus, divulga levantamento de abril e aponta varia\u00e7\u00e3o nos pre\u00e7os dos combust\u00edveis.\",\"breadcrumb\":{\"@id\":\"https:\/\/www.manaus.am.gov.br\/procon\/prefeitura-procon-precos-de-combustiveis\/#breadcrumb\"},\"inLanguage\":\"pt-BR\",\"potentialAction\":[{\"@type\":\"ReadAction\",\"target\":[\"https:\/\/www.manaus.am.gov.br\/procon\/prefeitura-procon-precos-de-combustiveis\/\"]}]},{\"@type\":\"ImageObject\",\"inLanguage\":\"pt-BR\",\"@id\":\"https:\/\/www.manaus.am.gov.br\/procon\/prefeitura-procon-precos-de-combustiveis\/#primaryimage\",\"url\":\"https:\/\/www.manaus.am.gov.br\/procon\/wp-content\/uploads\/sites\/29\/2026\/04\/WhatsApp-Image-2025-11-13-at-09.26.42-1-1.jpeg\",\"contentUrl\":\"https:\/\/www.manaus.am.gov.br\/procon\/wp-content\/uploads\/sites\/29\/2026\/04\/WhatsApp-Image-2025-11-13-at-09.26.42-1-1.jpeg\",\"width\":1600,\"height\":1066,\"caption\":\"#paratodosverem - Equipe Procon faz levantamento de pre\u00e7o de combust\u00edvel em posto de gasolina em Manaus\"},{\"@type\":\"BreadcrumbList\",\"@id\":\"https:\/\/www.manaus.am.gov.br\/procon\/prefeitura-procon-precos-de-combustiveis\/#breadcrumb\",\"itemListElement\":[{\"@type\":\"ListItem\",\"position\":1,\"name\":\"Home\",\"item\":\"https:\/\/www.manaus.am.gov.br\/procon\/\"},{\"@type\":\"ListItem\",\"position\":2,\"name\":\"Procon Manaus divulga levantamento de abril e aponta varia\u00e7\u00e3o nos pre\u00e7os dos combust\u00edveis\"}]},{\"@type\":\"WebSite\",\"@id\":\"https:\/\/www.manaus.am.gov.br\/procon\/#website\",\"url\":\"https:\/\/www.manaus.am.gov.br\/procon\/\",\"name\":\"PROCON MANAUS\",\"description\":\"Procon Manaus\",\"publisher\":{\"@id\":\"https:\/\/www.manaus.am.gov.br\/procon\/#organization\"},\"alternateName\":\"PROCON da Prefeitura de Manaus\",\"potentialAction\":[{\"@type\":\"SearchAction\",\"target\":{\"@type\":\"EntryPoint\",\"urlTemplate\":\"https:\/\/www.manaus.am.gov.br\/procon\/?s={search_term_string}\"},\"query-input\":\"required name=search_term_string\"}],\"inLanguage\":\"pt-BR\"},{\"@type\":\"Organization\",\"@id\":\"https:\/\/www.manaus.am.gov.br\/procon\/#organization\",\"name\":\"PROCON MANAUS\",\"alternateName\":\"Prefeitura de Manaus\",\"url\":\"https:\/\/www.manaus.am.gov.br\/procon\/\",\"logo\":{\"@type\":\"ImageObject\",\"inLanguage\":\"pt-BR\",\"@id\":\"https:\/\/www.manaus.am.gov.br\/procon\/#\/schema\/logo\/image\/\",\"url\":\"https:\/\/www.manaus.am.gov.br\/procon\/wp-content\/uploads\/sites\/29\/2024\/05\/favicon.png\",\"contentUrl\":\"https:\/\/www.manaus.am.gov.br\/procon\/wp-content\/uploads\/sites\/29\/2024\/05\/favicon.png\",\"width\":300,\"height\":300,\"caption\":\"PROCON MANAUS\"},\"image\":{\"@id\":\"https:\/\/www.manaus.am.gov.br\/procon\/#\/schema\/logo\/image\/\"},\"sameAs\":[\"https:\/\/www.facebook.com\/people\/Procon-Manaus\/\",\"https:\/\/www.instagram.com\/proconmanaus\/\"]},{\"@type\":\"Person\",\"@id\":\"https:\/\/www.manaus.am.gov.br\/procon\/#\/schema\/person\/4e49f4e267757a06ca072ec61b2b9968\",\"name\":\"Adriana Costa\",\"image\":{\"@type\":\"ImageObject\",\"inLanguage\":\"pt-BR\",\"@id\":\"https:\/\/www.manaus.am.gov.br\/procon\/#\/schema\/person\/image\/\",\"url\":\"https:\/\/secure.gravatar.com\/avatar\/576258617ef7194f718179e766d57bd4?s=96&d=mm&r=g\",\"contentUrl\":\"https:\/\/secure.gravatar.com\/avatar\/576258617ef7194f718179e766d57bd4?s=96&d=mm&r=g\",\"caption\":\"Adriana Costa\"}}]}<\/script>\n<!-- \/ Yoast SEO plugin. -->","yoast_head_json":{"title":"Pre\u00e7os de combust\u00edveis: Procon Manaus divulga levantamento","description":"A Prefeitura de Manaus, por meio do Procon Manaus, divulga levantamento de abril e aponta varia\u00e7\u00e3o nos pre\u00e7os dos combust\u00edveis.","robots":{"index":"index","follow":"follow","max-snippet":"max-snippet:-1","max-image-preview":"max-image-preview:large","max-video-preview":"max-video-preview:-1"},"canonical":"https:\/\/www.manaus.am.gov.br\/procon\/prefeitura-procon-precos-de-combustiveis\/","og_locale":"pt_BR","og_type":"article","og_title":"Pre\u00e7os de combust\u00edveis: Procon Manaus divulga levantamento","og_description":"A Prefeitura de Manaus, por meio do Procon Manaus, divulga levantamento de abril e aponta varia\u00e7\u00e3o nos pre\u00e7os dos combust\u00edveis.","og_url":"https:\/\/www.manaus.am.gov.br\/procon\/prefeitura-procon-precos-de-combustiveis\/","og_site_name":"PROCON","article_publisher":"https:\/\/www.facebook.com\/people\/Procon-Manaus\/","article_published_time":"2026-04-15T19:43:25+00:00","article_modified_time":"2026-04-15T19:54:39+00:00","og_image":[{"width":1600,"height":1066,"url":"https:\/\/www.manaus.am.gov.br\/procon\/wp-content\/uploads\/sites\/29\/2026\/04\/WhatsApp-Image-2025-11-13-at-09.26.42-1-1.jpeg","type":"image\/jpeg"}],"author":"Adriana Costa","twitter_card":"summary_large_image","twitter_misc":{"Written by":"Adriana Costa","Est. reading time":"3 minutos"},"schema":{"@context":"https:\/\/schema.org","@graph":[{"@type":"Article","@id":"https:\/\/www.manaus.am.gov.br\/procon\/prefeitura-procon-precos-de-combustiveis\/#article","isPartOf":{"@id":"https:\/\/www.manaus.am.gov.br\/procon\/prefeitura-procon-precos-de-combustiveis\/"},"author":{"name":"Adriana Costa","@id":"https:\/\/www.manaus.am.gov.br\/procon\/#\/schema\/person\/4e49f4e267757a06ca072ec61b2b9968"},"headline":"Procon Manaus divulga levantamento de abril e aponta varia\u00e7\u00e3o nos pre\u00e7os dos combust\u00edveis","datePublished":"2026-04-15T19:43:25+00:00","dateModified":"2026-04-15T19:54:39+00:00","mainEntityOfPage":{"@id":"https:\/\/www.manaus.am.gov.br\/procon\/prefeitura-procon-precos-de-combustiveis\/"},"wordCount":425,"publisher":{"@id":"https:\/\/www.manaus.am.gov.br\/procon\/#organization"},"image":{"@id":"https:\/\/www.manaus.am.gov.br\/procon\/prefeitura-procon-precos-de-combustiveis\/#primaryimage"},"thumbnailUrl":"https:\/\/www.manaus.am.gov.br\/procon\/wp-content\/uploads\/sites\/29\/2026\/04\/WhatsApp-Image-2025-11-13-at-09.26.42-1-1.jpeg","keywords":["abril","Combust\u00edveis","pesquisa","postos de gasolina","prefeitura de manaus","Procon Manaus"],"articleSection":["Direitos"],"inLanguage":"pt-BR"},{"@type":"WebPage","@id":"https:\/\/www.manaus.am.gov.br\/procon\/prefeitura-procon-precos-de-combustiveis\/","url":"https:\/\/www.manaus.am.gov.br\/procon\/prefeitura-procon-precos-de-combustiveis\/","name":"Pre\u00e7os de combust\u00edveis: Procon Manaus divulga levantamento","isPartOf":{"@id":"https:\/\/www.manaus.am.gov.br\/procon\/#website"},"primaryImageOfPage":{"@id":"https:\/\/www.manaus.am.gov.br\/procon\/prefeitura-procon-precos-de-combustiveis\/#primaryimage"},"image":{"@id":"https:\/\/www.manaus.am.gov.br\/procon\/prefeitura-procon-precos-de-combustiveis\/#primaryimage"},"thumbnailUrl":"https:\/\/www.manaus.am.gov.br\/procon\/wp-content\/uploads\/sites\/29\/2026\/04\/WhatsApp-Image-2025-11-13-at-09.26.42-1-1.jpeg","datePublished":"2026-04-15T19:43:25+00:00","dateModified":"2026-04-15T19:54:39+00:00","description":"A Prefeitura de Manaus, por meio do Procon Manaus, divulga levantamento de abril e aponta varia\u00e7\u00e3o nos pre\u00e7os dos combust\u00edveis.","breadcrumb":{"@id":"https:\/\/www.manaus.am.gov.br\/procon\/prefeitura-procon-precos-de-combustiveis\/#breadcrumb"},"inLanguage":"pt-BR","potentialAction":[{"@type":"ReadAction","target":["https:\/\/www.manaus.am.gov.br\/procon\/prefeitura-procon-precos-de-combustiveis\/"]}]},{"@type":"ImageObject","inLanguage":"pt-BR","@id":"https:\/\/www.manaus.am.gov.br\/procon\/prefeitura-procon-precos-de-combustiveis\/#primaryimage","url":"https:\/\/www.manaus.am.gov.br\/procon\/wp-content\/uploads\/sites\/29\/2026\/04\/WhatsApp-Image-2025-11-13-at-09.26.42-1-1.jpeg","contentUrl":"https:\/\/www.manaus.am.gov.br\/procon\/wp-content\/uploads\/sites\/29\/2026\/04\/WhatsApp-Image-2025-11-13-at-09.26.42-1-1.jpeg","width":1600,"height":1066,"caption":"#paratodosverem - Equipe Procon faz levantamento de pre\u00e7o de combust\u00edvel em posto de gasolina em Manaus"},{"@type":"BreadcrumbList","@id":"https:\/\/www.manaus.am.gov.br\/procon\/prefeitura-procon-precos-de-combustiveis\/#breadcrumb","itemListElement":[{"@type":"ListItem","position":1,"name":"Home","item":"https:\/\/www.manaus.am.gov.br\/procon\/"},{"@type":"ListItem","position":2,"name":"Procon Manaus divulga levantamento de abril e aponta varia\u00e7\u00e3o nos pre\u00e7os dos combust\u00edveis"}]},{"@type":"WebSite","@id":"https:\/\/www.manaus.am.gov.br\/procon\/#website","url":"https:\/\/www.manaus.am.gov.br\/procon\/","name":"PROCON MANAUS","description":"Procon Manaus","publisher":{"@id":"https:\/\/www.manaus.am.gov.br\/procon\/#organization"},"alternateName":"PROCON da Prefeitura de Manaus","potentialAction":[{"@type":"SearchAction","target":{"@type":"EntryPoint","urlTemplate":"https:\/\/www.manaus.am.gov.br\/procon\/?s={search_term_string}"},"query-input":"required name=search_term_string"}],"inLanguage":"pt-BR"},{"@type":"Organization","@id":"https:\/\/www.manaus.am.gov.br\/procon\/#organization","name":"PROCON MANAUS","alternateName":"Prefeitura de Manaus","url":"https:\/\/www.manaus.am.gov.br\/procon\/","logo":{"@type":"ImageObject","inLanguage":"pt-BR","@id":"https:\/\/www.manaus.am.gov.br\/procon\/#\/schema\/logo\/image\/","url":"https:\/\/www.manaus.am.gov.br\/procon\/wp-content\/uploads\/sites\/29\/2024\/05\/favicon.png","contentUrl":"https:\/\/www.manaus.am.gov.br\/procon\/wp-content\/uploads\/sites\/29\/2024\/05\/favicon.png","width":300,"height":300,"caption":"PROCON MANAUS"},"image":{"@id":"https:\/\/www.manaus.am.gov.br\/procon\/#\/schema\/logo\/image\/"},"sameAs":["https:\/\/www.facebook.com\/people\/Procon-Manaus\/","https:\/\/www.instagram.com\/proconmanaus\/"]},{"@type":"Person","@id":"https:\/\/www.manaus.am.gov.br\/procon\/#\/schema\/person\/4e49f4e267757a06ca072ec61b2b9968","name":"Adriana Costa","image":{"@type":"ImageObject","inLanguage":"pt-BR","@id":"https:\/\/www.manaus.am.gov.br\/procon\/#\/schema\/person\/image\/","url":"https:\/\/secure.gravatar.com\/avatar\/576258617ef7194f718179e766d57bd4?s=96&d=mm&r=g","contentUrl":"https:\/\/secure.gravatar.com\/avatar\/576258617ef7194f718179e766d57bd4?s=96&d=mm&r=g","caption":"Adriana Costa"}}]}},"_links":{"self":[{"href":"https:\/\/www.manaus.am.gov.br\/procon\/wp-json\/wp\/v2\/posts\/1467"}],"collection":[{"href":"https:\/\/www.manaus.am.gov.br\/procon\/wp-json\/wp\/v2\/posts"}],"about":[{"href":"https:\/\/www.manaus.am.gov.br\/procon\/wp-json\/wp\/v2\/types\/post"}],"author":[{"embeddable":true,"href":"https:\/\/www.manaus.am.gov.br\/procon\/wp-json\/wp\/v2\/users\/23"}],"replies":[{"embeddable":true,"href":"https:\/\/www.manaus.am.gov.br\/procon\/wp-json\/wp\/v2\/comments?post=1467"}],"version-history":[{"count":3,"href":"https:\/\/www.manaus.am.gov.br\/procon\/wp-json\/wp\/v2\/posts\/1467\/revisions"}],"predecessor-version":[{"id":1472,"href":"https:\/\/www.manaus.am.gov.br\/procon\/wp-json\/wp\/v2\/posts\/1467\/revisions\/1472"}],"wp:featuredmedia":[{"embeddable":true,"href":"https:\/\/www.manaus.am.gov.br\/procon\/wp-json\/wp\/v2\/media\/1468"}],"wp:attachment":[{"href":"https:\/\/www.manaus.am.gov.br\/procon\/wp-json\/wp\/v2\/media?parent=1467"}],"wp:term":[{"taxonomy":"category","embeddable":true,"href":"https:\/\/www.manaus.am.gov.br\/procon\/wp-json\/wp\/v2\/categories?post=1467"},{"taxonomy":"post_tag","embeddable":true,"href":"https:\/\/www.manaus.am.gov.br\/procon\/wp-json\/wp\/v2\/tags?post=1467"}],"curies":[{"name":"wp","href":"https:\/\/api.w.org\/{rel}","templated":true}]}}