{"id":998,"date":"2023-07-11T09:46:18","date_gmt":"2023-07-11T13:46:18","guid":{"rendered":"https:\/\/www.manaus.am.gov.br\/manauscult\/prefeitura-de-manaus-realiza-inscricoes-para-a-residencia-artistica-artenamata-2023-ate-o-dia-16-7\/"},"modified":"2023-07-11T09:46:19","modified_gmt":"2023-07-11T13:46:19","slug":"prefeitura-de-manaus-realiza-inscricoes-para-a-residencia-artistica-artenamata-2023-ate-o-dia-16-7","status":"publish","type":"post","link":"https:\/\/www.manaus.am.gov.br\/manauscult\/prefeitura-de-manaus-realiza-inscricoes-para-a-residencia-artistica-artenamata-2023-ate-o-dia-16-7\/","title":{"rendered":"<strong>Prefeitura de Manaus realiza inscri\u00e7\u00f5es para a resid\u00eancia art\u00edstica ArteNaMata 2023 at\u00e9 o dia 16\/7<\/strong>"},"content":{"rendered":"\n<p>A Prefeitura de Manaus, por meio da Funda\u00e7\u00e3o Municipal de Cultura, Turismo e Eventos (Manauscult), informa que as inscri\u00e7\u00f5es para a resid\u00eancia art\u00edstica ArteNaMata 2023 seguem at\u00e9 s\u00e1bado, 16\/7, por interm\u00e9dio do site:&nbsp;<a href=\"https:\/\/bit.ly\/artenamata\" target=\"_blank\" rel=\"noreferrer noopener\">https:\/\/bit.ly\/artenamata<\/a>. O resultado ser\u00e1 divulgado no dia 19\/7.<\/p>\n\n\n\n<p>O projeto foi contemplado no edital Thiago de Melo e tem como objetivo, estimular a experimenta\u00e7\u00e3o dentro da perspectiva de cria\u00e7\u00e3o _in situ_, inserindo os participantes na zona rural da cidade, tendo como cen\u00e1rio o modo de vida, os saberes e fazeres dos seus habitantes, a fauna e a flora da \u00e1rea rural. Uma rela\u00e7\u00e3o diferente do processo art\u00edstico habitual.<\/p>\n\n\n\n<p>A resid\u00eancia art\u00edstica \u00e9 realizada pelo artista visual amazonense Zeca Nazar\u00e9, morador da comunidade do Livramento, em parceria com a Dabacuri Produ\u00e7\u00f5es.<\/p>\n\n\n\n<p>O diretor-presidente da Manauscult, Osvaldo Cardoso, acredita que o projeto ser\u00e1 um sucesso e os participantes ter\u00e3o experi\u00eancias \u00fanicas e consequentemente resultados art\u00edsticos \u00fanicos.<\/p>\n\n\n\n<p>\u201cEu acredito que ser\u00e1 muito bom e os participantes ficar\u00e3o ansiosos para o pr\u00f3ximo, pois durante quatro finais de semana consecutivos, eles ter\u00e3o a oportunidade de vivenciar momentos \u00fanicos, com trocas de conhecimento, num ambiente diferente do habitual, mas com certeza com uma riqueza cultural incr\u00edvel e grandiosa, o que levar\u00e1 a produ\u00e7\u00f5es art\u00edsticas excepcionais\u201d, pontuou Cardoso.<\/p>\n\n\n\n<p>O processo de selec\u0327\u00e3o para a escolha dos residentes se dar\u00e1&nbsp;mediante avalia\u00e7\u00e3o de inten\u00e7\u00e3o de participa\u00e7\u00e3o e do curr\u00edculo dos inscritos.<\/p>\n\n\n\n<p><strong>Programa\u00e7\u00e3o<\/strong><\/p>\n\n\n\n<p>A programac\u0327\u00e3o da resid\u00eancia prev\u00ea&nbsp;momentos de visitas de campo, trocas de conhecimento e de livre produc\u0327\u00e3o do processo art\u00edstico, encontros com acad\u00eamicos e artistas mais experientes.<\/p>\n\n\n\n<p>Durante as visitas de campo os participantes v\u00e3o conhecer o dia a dia dos moradores e ampliar as refer\u00eancias a serem utilizadas durante a produ\u00e7\u00e3o art\u00edstica a ser desenvolvida ao longo da resid\u00eancia.<\/p>\n\n\n\n<p>&#8212; &#8212; &#8212;<\/p>\n\n\n\n<p><strong>Texto e fotos \u2013&nbsp;<\/strong>Divulga\u00e7\u00e3o \/ Manauscult<\/p>\n","protected":false},"excerpt":{"rendered":"","protected":false},"author":24,"featured_media":999,"comment_status":"closed","ping_status":"closed","sticky":false,"template":"","format":"standard","meta":{"footnotes":""},"categories":[12],"tags":[285,209,286,114,11,287,288,289],"acf":[],"yoast_head":"<!-- This site is optimized with the Yoast SEO plugin v23.0 - https:\/\/yoast.com\/wordpress\/plugins\/seo\/ -->\n<title>Prefeitura de Manaus realiza inscri\u00e7\u00f5es para a resid\u00eancia art\u00edstica ArteNaMata 2023 at\u00e9 o dia 16\/7 - MANAUSCULT<\/title>\n<meta name=\"description\" content=\"A Prefeitura de Manaus, por meio da Funda\u00e7\u00e3o Municipal de Cultura, Turismo e Eventos (Manauscult), informa que as inscri\u00e7\u00f5es para a resid\u00eancia art\u00edstica ArteNaMata 2023 seguem at\u00e9 s\u00e1bado, 16\/7, por interm\u00e9dio do site:\u00a0https:\/\/bit.ly\/artenamata.\" \/>\n<meta name=\"robots\" content=\"noindex, follow\" \/>\n<meta property=\"og:locale\" content=\"pt_BR\" \/>\n<meta property=\"og:type\" content=\"article\" \/>\n<meta property=\"og:title\" content=\"Prefeitura de Manaus realiza inscri\u00e7\u00f5es para a resid\u00eancia art\u00edstica ArteNaMata 2023 at\u00e9 o dia 16\/7 - MANAUSCULT\" \/>\n<meta property=\"og:description\" content=\"A Prefeitura de Manaus, por meio da Funda\u00e7\u00e3o Municipal de Cultura, Turismo e Eventos (Manauscult), informa que as inscri\u00e7\u00f5es para a resid\u00eancia art\u00edstica ArteNaMata 2023 seguem at\u00e9 s\u00e1bado, 16\/7, por interm\u00e9dio do site:\u00a0https:\/\/bit.ly\/artenamata.\" \/>\n<meta property=\"og:url\" content=\"https:\/\/www.manaus.am.gov.br\/manauscult\/prefeitura-de-manaus-realiza-inscricoes-para-a-residencia-artistica-artenamata-2023-ate-o-dia-16-7\/\" \/>\n<meta property=\"og:site_name\" content=\"MANAUSCULT\" \/>\n<meta property=\"article:published_time\" content=\"2023-07-11T13:46:18+00:00\" \/>\n<meta property=\"article:modified_time\" content=\"2023-07-11T13:46:19+00:00\" \/>\n<meta property=\"og:image\" content=\"https:\/\/www.manaus.am.gov.br\/manauscult\/wp-content\/uploads\/sites\/11\/2023\/07\/Prefeitura-de-Manaus-realiza-inscricoes-para-a-residencia-artistica-ArteNaMata-2023-ate-o-dia-167-1.jpeg\" \/>\n\t<meta property=\"og:image:width\" content=\"1280\" \/>\n\t<meta property=\"og:image:height\" content=\"720\" \/>\n\t<meta property=\"og:image:type\" content=\"image\/jpeg\" \/>\n<meta name=\"author\" content=\"Cl\u00e1udia Barbosa\" \/>\n<meta name=\"twitter:card\" content=\"summary_large_image\" \/>\n<meta name=\"twitter:label1\" content=\"Written by\" \/>\n\t<meta name=\"twitter:data1\" content=\"Cl\u00e1udia Barbosa\" \/>\n\t<meta name=\"twitter:label2\" content=\"Est. reading time\" \/>\n\t<meta name=\"twitter:data2\" content=\"2 minutos\" \/>\n<script type=\"application\/ld+json\" class=\"yoast-schema-graph\">{\"@context\":\"https:\/\/schema.org\",\"@graph\":[{\"@type\":\"WebPage\",\"@id\":\"https:\/\/www.manaus.am.gov.br\/manauscult\/prefeitura-de-manaus-realiza-inscricoes-para-a-residencia-artistica-artenamata-2023-ate-o-dia-16-7\/\",\"url\":\"https:\/\/www.manaus.am.gov.br\/manauscult\/prefeitura-de-manaus-realiza-inscricoes-para-a-residencia-artistica-artenamata-2023-ate-o-dia-16-7\/\",\"name\":\"Prefeitura de Manaus realiza inscri\u00e7\u00f5es para a resid\u00eancia art\u00edstica ArteNaMata 2023 at\u00e9 o dia 16\/7 - MANAUSCULT\",\"isPartOf\":{\"@id\":\"https:\/\/www.manaus.am.gov.br\/manauscult\/#website\"},\"primaryImageOfPage\":{\"@id\":\"https:\/\/www.manaus.am.gov.br\/manauscult\/prefeitura-de-manaus-realiza-inscricoes-para-a-residencia-artistica-artenamata-2023-ate-o-dia-16-7\/#primaryimage\"},\"image\":{\"@id\":\"https:\/\/www.manaus.am.gov.br\/manauscult\/prefeitura-de-manaus-realiza-inscricoes-para-a-residencia-artistica-artenamata-2023-ate-o-dia-16-7\/#primaryimage\"},\"thumbnailUrl\":\"https:\/\/www.manaus.am.gov.br\/manauscult\/wp-content\/uploads\/sites\/11\/2023\/07\/Prefeitura-de-Manaus-realiza-inscricoes-para-a-residencia-artistica-ArteNaMata-2023-ate-o-dia-167-1.jpeg\",\"datePublished\":\"2023-07-11T13:46:18+00:00\",\"dateModified\":\"2023-07-11T13:46:19+00:00\",\"author\":{\"@id\":\"https:\/\/www.manaus.am.gov.br\/manauscult\/#\/schema\/person\/d0a166b5031154c33c77794ddc9a827e\"},\"description\":\"A Prefeitura de Manaus, por meio da Funda\u00e7\u00e3o Municipal de Cultura, Turismo e Eventos (Manauscult), informa que as inscri\u00e7\u00f5es para a resid\u00eancia art\u00edstica ArteNaMata 2023 seguem at\u00e9 s\u00e1bado, 16\/7, por interm\u00e9dio do site:\u00a0https:\/\/bit.ly\/artenamata.\",\"breadcrumb\":{\"@id\":\"https:\/\/www.manaus.am.gov.br\/manauscult\/prefeitura-de-manaus-realiza-inscricoes-para-a-residencia-artistica-artenamata-2023-ate-o-dia-16-7\/#breadcrumb\"},\"inLanguage\":\"pt-BR\",\"potentialAction\":[{\"@type\":\"ReadAction\",\"target\":[\"https:\/\/www.manaus.am.gov.br\/manauscult\/prefeitura-de-manaus-realiza-inscricoes-para-a-residencia-artistica-artenamata-2023-ate-o-dia-16-7\/\"]}]},{\"@type\":\"ImageObject\",\"inLanguage\":\"pt-BR\",\"@id\":\"https:\/\/www.manaus.am.gov.br\/manauscult\/prefeitura-de-manaus-realiza-inscricoes-para-a-residencia-artistica-artenamata-2023-ate-o-dia-16-7\/#primaryimage\",\"url\":\"https:\/\/www.manaus.am.gov.br\/manauscult\/wp-content\/uploads\/sites\/11\/2023\/07\/Prefeitura-de-Manaus-realiza-inscricoes-para-a-residencia-artistica-ArteNaMata-2023-ate-o-dia-167-1.jpeg\",\"contentUrl\":\"https:\/\/www.manaus.am.gov.br\/manauscult\/wp-content\/uploads\/sites\/11\/2023\/07\/Prefeitura-de-Manaus-realiza-inscricoes-para-a-residencia-artistica-ArteNaMata-2023-ate-o-dia-167-1.jpeg\",\"width\":1280,\"height\":720},{\"@type\":\"BreadcrumbList\",\"@id\":\"https:\/\/www.manaus.am.gov.br\/manauscult\/prefeitura-de-manaus-realiza-inscricoes-para-a-residencia-artistica-artenamata-2023-ate-o-dia-16-7\/#breadcrumb\",\"itemListElement\":[{\"@type\":\"ListItem\",\"position\":1,\"name\":\"Home\",\"item\":\"https:\/\/www.manaus.am.gov.br\/manauscult\/\"},{\"@type\":\"ListItem\",\"position\":2,\"name\":\"Prefeitura de Manaus realiza inscri\u00e7\u00f5es para a resid\u00eancia art\u00edstica ArteNaMata 2023 at\u00e9 o dia 16\/7\"}]},{\"@type\":\"WebSite\",\"@id\":\"https:\/\/www.manaus.am.gov.br\/manauscult\/#website\",\"url\":\"https:\/\/www.manaus.am.gov.br\/manauscult\/\",\"name\":\"MANAUSCULT\",\"description\":\"Prefeitura de Manaus\",\"potentialAction\":[{\"@type\":\"SearchAction\",\"target\":{\"@type\":\"EntryPoint\",\"urlTemplate\":\"https:\/\/www.manaus.am.gov.br\/manauscult\/?s={search_term_string}\"},\"query-input\":\"required name=search_term_string\"}],\"inLanguage\":\"pt-BR\"},{\"@type\":\"Person\",\"@id\":\"https:\/\/www.manaus.am.gov.br\/manauscult\/#\/schema\/person\/d0a166b5031154c33c77794ddc9a827e\",\"name\":\"Cl\u00e1udia Barbosa\",\"image\":{\"@type\":\"ImageObject\",\"inLanguage\":\"pt-BR\",\"@id\":\"https:\/\/www.manaus.am.gov.br\/manauscult\/#\/schema\/person\/image\/\",\"url\":\"https:\/\/secure.gravatar.com\/avatar\/42958a1cf007f1a00534009218c72590?s=96&d=mm&r=g\",\"contentUrl\":\"https:\/\/secure.gravatar.com\/avatar\/42958a1cf007f1a00534009218c72590?s=96&d=mm&r=g\",\"caption\":\"Cl\u00e1udia Barbosa\"}}]}<\/script>\n<!-- \/ Yoast SEO plugin. -->","yoast_head_json":{"title":"Prefeitura de Manaus realiza inscri\u00e7\u00f5es para a resid\u00eancia art\u00edstica ArteNaMata 2023 at\u00e9 o dia 16\/7 - MANAUSCULT","description":"A Prefeitura de Manaus, por meio da Funda\u00e7\u00e3o Municipal de Cultura, Turismo e Eventos (Manauscult), informa que as inscri\u00e7\u00f5es para a resid\u00eancia art\u00edstica ArteNaMata 2023 seguem at\u00e9 s\u00e1bado, 16\/7, por interm\u00e9dio do site:\u00a0https:\/\/bit.ly\/artenamata.","robots":{"index":"noindex","follow":"follow"},"og_locale":"pt_BR","og_type":"article","og_title":"Prefeitura de Manaus realiza inscri\u00e7\u00f5es para a resid\u00eancia art\u00edstica ArteNaMata 2023 at\u00e9 o dia 16\/7 - MANAUSCULT","og_description":"A Prefeitura de Manaus, por meio da Funda\u00e7\u00e3o Municipal de Cultura, Turismo e Eventos (Manauscult), informa que as inscri\u00e7\u00f5es para a resid\u00eancia art\u00edstica ArteNaMata 2023 seguem at\u00e9 s\u00e1bado, 16\/7, por interm\u00e9dio do site:\u00a0https:\/\/bit.ly\/artenamata.","og_url":"https:\/\/www.manaus.am.gov.br\/manauscult\/prefeitura-de-manaus-realiza-inscricoes-para-a-residencia-artistica-artenamata-2023-ate-o-dia-16-7\/","og_site_name":"MANAUSCULT","article_published_time":"2023-07-11T13:46:18+00:00","article_modified_time":"2023-07-11T13:46:19+00:00","og_image":[{"width":1280,"height":720,"url":"https:\/\/www.manaus.am.gov.br\/manauscult\/wp-content\/uploads\/sites\/11\/2023\/07\/Prefeitura-de-Manaus-realiza-inscricoes-para-a-residencia-artistica-ArteNaMata-2023-ate-o-dia-167-1.jpeg","type":"image\/jpeg"}],"author":"Cl\u00e1udia Barbosa","twitter_card":"summary_large_image","twitter_misc":{"Written by":"Cl\u00e1udia Barbosa","Est. reading time":"2 minutos"},"schema":{"@context":"https:\/\/schema.org","@graph":[{"@type":"WebPage","@id":"https:\/\/www.manaus.am.gov.br\/manauscult\/prefeitura-de-manaus-realiza-inscricoes-para-a-residencia-artistica-artenamata-2023-ate-o-dia-16-7\/","url":"https:\/\/www.manaus.am.gov.br\/manauscult\/prefeitura-de-manaus-realiza-inscricoes-para-a-residencia-artistica-artenamata-2023-ate-o-dia-16-7\/","name":"Prefeitura de Manaus realiza inscri\u00e7\u00f5es para a resid\u00eancia art\u00edstica ArteNaMata 2023 at\u00e9 o dia 16\/7 - MANAUSCULT","isPartOf":{"@id":"https:\/\/www.manaus.am.gov.br\/manauscult\/#website"},"primaryImageOfPage":{"@id":"https:\/\/www.manaus.am.gov.br\/manauscult\/prefeitura-de-manaus-realiza-inscricoes-para-a-residencia-artistica-artenamata-2023-ate-o-dia-16-7\/#primaryimage"},"image":{"@id":"https:\/\/www.manaus.am.gov.br\/manauscult\/prefeitura-de-manaus-realiza-inscricoes-para-a-residencia-artistica-artenamata-2023-ate-o-dia-16-7\/#primaryimage"},"thumbnailUrl":"https:\/\/www.manaus.am.gov.br\/manauscult\/wp-content\/uploads\/sites\/11\/2023\/07\/Prefeitura-de-Manaus-realiza-inscricoes-para-a-residencia-artistica-ArteNaMata-2023-ate-o-dia-167-1.jpeg","datePublished":"2023-07-11T13:46:18+00:00","dateModified":"2023-07-11T13:46:19+00:00","author":{"@id":"https:\/\/www.manaus.am.gov.br\/manauscult\/#\/schema\/person\/d0a166b5031154c33c77794ddc9a827e"},"description":"A Prefeitura de Manaus, por meio da Funda\u00e7\u00e3o Municipal de Cultura, Turismo e Eventos (Manauscult), informa que as inscri\u00e7\u00f5es para a resid\u00eancia art\u00edstica ArteNaMata 2023 seguem at\u00e9 s\u00e1bado, 16\/7, por interm\u00e9dio do site:\u00a0https:\/\/bit.ly\/artenamata.","breadcrumb":{"@id":"https:\/\/www.manaus.am.gov.br\/manauscult\/prefeitura-de-manaus-realiza-inscricoes-para-a-residencia-artistica-artenamata-2023-ate-o-dia-16-7\/#breadcrumb"},"inLanguage":"pt-BR","potentialAction":[{"@type":"ReadAction","target":["https:\/\/www.manaus.am.gov.br\/manauscult\/prefeitura-de-manaus-realiza-inscricoes-para-a-residencia-artistica-artenamata-2023-ate-o-dia-16-7\/"]}]},{"@type":"ImageObject","inLanguage":"pt-BR","@id":"https:\/\/www.manaus.am.gov.br\/manauscult\/prefeitura-de-manaus-realiza-inscricoes-para-a-residencia-artistica-artenamata-2023-ate-o-dia-16-7\/#primaryimage","url":"https:\/\/www.manaus.am.gov.br\/manauscult\/wp-content\/uploads\/sites\/11\/2023\/07\/Prefeitura-de-Manaus-realiza-inscricoes-para-a-residencia-artistica-ArteNaMata-2023-ate-o-dia-167-1.jpeg","contentUrl":"https:\/\/www.manaus.am.gov.br\/manauscult\/wp-content\/uploads\/sites\/11\/2023\/07\/Prefeitura-de-Manaus-realiza-inscricoes-para-a-residencia-artistica-ArteNaMata-2023-ate-o-dia-167-1.jpeg","width":1280,"height":720},{"@type":"BreadcrumbList","@id":"https:\/\/www.manaus.am.gov.br\/manauscult\/prefeitura-de-manaus-realiza-inscricoes-para-a-residencia-artistica-artenamata-2023-ate-o-dia-16-7\/#breadcrumb","itemListElement":[{"@type":"ListItem","position":1,"name":"Home","item":"https:\/\/www.manaus.am.gov.br\/manauscult\/"},{"@type":"ListItem","position":2,"name":"Prefeitura de Manaus realiza inscri\u00e7\u00f5es para a resid\u00eancia art\u00edstica ArteNaMata 2023 at\u00e9 o dia 16\/7"}]},{"@type":"WebSite","@id":"https:\/\/www.manaus.am.gov.br\/manauscult\/#website","url":"https:\/\/www.manaus.am.gov.br\/manauscult\/","name":"MANAUSCULT","description":"Prefeitura de Manaus","potentialAction":[{"@type":"SearchAction","target":{"@type":"EntryPoint","urlTemplate":"https:\/\/www.manaus.am.gov.br\/manauscult\/?s={search_term_string}"},"query-input":"required name=search_term_string"}],"inLanguage":"pt-BR"},{"@type":"Person","@id":"https:\/\/www.manaus.am.gov.br\/manauscult\/#\/schema\/person\/d0a166b5031154c33c77794ddc9a827e","name":"Cl\u00e1udia Barbosa","image":{"@type":"ImageObject","inLanguage":"pt-BR","@id":"https:\/\/www.manaus.am.gov.br\/manauscult\/#\/schema\/person\/image\/","url":"https:\/\/secure.gravatar.com\/avatar\/42958a1cf007f1a00534009218c72590?s=96&d=mm&r=g","contentUrl":"https:\/\/secure.gravatar.com\/avatar\/42958a1cf007f1a00534009218c72590?s=96&d=mm&r=g","caption":"Cl\u00e1udia Barbosa"}}]}},"_links":{"self":[{"href":"https:\/\/www.manaus.am.gov.br\/manauscult\/wp-json\/wp\/v2\/posts\/998"}],"collection":[{"href":"https:\/\/www.manaus.am.gov.br\/manauscult\/wp-json\/wp\/v2\/posts"}],"about":[{"href":"https:\/\/www.manaus.am.gov.br\/manauscult\/wp-json\/wp\/v2\/types\/post"}],"author":[{"embeddable":true,"href":"https:\/\/www.manaus.am.gov.br\/manauscult\/wp-json\/wp\/v2\/users\/24"}],"replies":[{"embeddable":true,"href":"https:\/\/www.manaus.am.gov.br\/manauscult\/wp-json\/wp\/v2\/comments?post=998"}],"version-history":[{"count":0,"href":"https:\/\/www.manaus.am.gov.br\/manauscult\/wp-json\/wp\/v2\/posts\/998\/revisions"}],"wp:featuredmedia":[{"embeddable":true,"href":"https:\/\/www.manaus.am.gov.br\/manauscult\/wp-json\/wp\/v2\/media\/999"}],"wp:attachment":[{"href":"https:\/\/www.manaus.am.gov.br\/manauscult\/wp-json\/wp\/v2\/media?parent=998"}],"wp:term":[{"taxonomy":"category","embeddable":true,"href":"https:\/\/www.manaus.am.gov.br\/manauscult\/wp-json\/wp\/v2\/categories?post=998"},{"taxonomy":"post_tag","embeddable":true,"href":"https:\/\/www.manaus.am.gov.br\/manauscult\/wp-json\/wp\/v2\/tags?post=998"}],"curies":[{"name":"wp","href":"https:\/\/api.w.org\/{rel}","templated":true}]}}