{"id":995,"date":"2023-07-10T08:50:02","date_gmt":"2023-07-10T12:50:02","guid":{"rendered":"https:\/\/www.manaus.am.gov.br\/manauscult\/prefeitura-de-manaus-fortalece-cultura-popular-com-a-toadas-na-ponta-negra\/"},"modified":"2023-07-10T08:50:04","modified_gmt":"2023-07-10T12:50:04","slug":"prefeitura-de-manaus-fortalece-cultura-popular-com-a-toadas-na-ponta-negra","status":"publish","type":"post","link":"https:\/\/www.manaus.am.gov.br\/manauscult\/prefeitura-de-manaus-fortalece-cultura-popular-com-a-toadas-na-ponta-negra\/","title":{"rendered":"<strong>Prefeitura de Manaus fortalece cultura popular com\u00a0a #Toadas\u00a0na Ponta Negra<\/strong>"},"content":{"rendered":"\n<p>A praia da Ponta Negra por muito tempo foi palco para uma das festas populares mais antigas do Amazonas, as toadas de boi-bumb\u00e1. Este ano, a Prefeitura de Manaus trouxe esse resgate cultural e lan\u00e7ou&nbsp;a #Toadas, a qual recebeu neste domingo, 9\/7, na casa de praia Zezinho Corr\u00eaa, na Ponta Negra, zona Oeste, a festa do bicampe\u00e3o do Festival de Parintins 2023, com o boi-bumb\u00e1 Caprichoso.<\/p>\n\n\n\n<p>O diretor-presidente da Funda\u00e7\u00e3o Municipal de Cultura, Turismo e Eventos (Manauscult), Osvaldo Cardoso, destacou que a Prefeitura de Manaus n\u00e3o tem medido esfor\u00e7os para incentivar a cultura, a arte, o turismo e a tradi\u00e7\u00e3o e que o resgate cultural \u00e9 fundamental para o fortalecimento da sociedade amazonense.<\/p>\n\n\n\n<p>\u201cA Ponta Negra era o \u2018point\u2019 antes desse tipo de evento e a Prefeitura de Manaus tem resgatado essa tradi\u00e7\u00e3o e hoje o prefeito David Almeida quis trazer Parintins aqui para a Ponta Negra, para que as pessoas possam sentir essa emo\u00e7\u00e3o aqui, num dos maiores cart\u00f5es-postais da nossa cidade. Resgatar a cultura \u00e9 fortalecer aquilo que temos muito forte e que \u00e9 s\u00f3 nosso: o boi-bumb\u00e1\u201d, pontuou.<\/p>\n\n\n\n<p>Para o vice-presidente do Caprichoso, Karu Carvalho, a prefeitura est\u00e1 fazendo um trabalho grandioso trazendo a festa para a casa de praia.<\/p>\n\n\n\n<p>\u201cEu quero agradecer o prefeito David Almeida e o presidente da Manauscult, Osvaldo Cardoso, pelo apoio. Trazer a festa da vit\u00f3ria para a Ponta Negra \u00e9 novidade, e tenho certeza de que o p\u00fablico est\u00e1 gostando muito e aprovou\u201d, disse Carvalho, aproveitando para indicar que a festa entre no calend\u00e1rio da cidade.<\/p>\n\n\n\n<p><strong>Aprova\u00e7\u00e3o do p\u00fablico<\/strong><\/p>\n\n\n\n<p>A estudante Gabrielly Lima, 20 anos, moradora do bairro Nova Cidade, zona Norte, disse ter adorado a festa.<\/p>\n\n\n\n<p>\u201cSou apaixonada pelo Caprichoso e poder comemorar a festa da vit\u00f3ria na Ponta Negra \u00e9 emocionante. A prefeitura est\u00e1 de parab\u00e9ns e j\u00e1 estou ansiosa pelo Boi Manaus\u201d, comentou a estudante.<\/p>\n\n\n\n<p>J\u00e1 o aut\u00f4nomo Pedro Henrique, 42 anos, lembrou do tempo em que eram realizadas as toadas na Ponta Negra.<\/p>\n\n\n\n<p>\u201cEu e meus amigos v\u00ednhamos para a Ponta Negra prestigiar as toadas, era uma febre e depois acabou. Esse resgate \u00e9 muito importante, faz com que mais pessoas conhe\u00e7am e se apaixonem por nossa cultura\u201d, pontuou.<\/p>\n\n\n\n<p>&#8212; &#8212; &#8212;<\/p>\n\n\n\n<p><strong>Texto &#8211;<\/strong>&nbsp;Moara Cabral \/ Manauscult<\/p>\n\n\n\n<p><strong>Fotos \u2013<\/strong>&nbsp;Divulga\u00e7\u00e3o \/ Manauscult<\/p>\n","protected":false},"excerpt":{"rendered":"","protected":false},"author":24,"featured_media":996,"comment_status":"closed","ping_status":"closed","sticky":false,"template":"","format":"standard","meta":{"footnotes":""},"categories":[280],"tags":[281,282,283,58,67,9,10,11,284],"acf":[],"yoast_head":"<!-- This site is optimized with the Yoast SEO plugin v23.0 - https:\/\/yoast.com\/wordpress\/plugins\/seo\/ -->\n<title>Prefeitura de Manaus fortalece cultura popular com\u00a0a #Toadas\u00a0na Ponta Negra - MANAUSCULT<\/title>\n<meta name=\"description\" content=\"A praia da Ponta Negra por muito tempo foi palco para uma das festas populares mais antigas do Amazonas, as toadas de boi-bumb\u00e1. Este ano, a Prefeitura de Manaus trouxe esse resgate cultural e lan\u00e7ou\u00a0a #Toadas, a qual recebeu neste domingo, 9\/7, na casa de praia Zezinho Corr\u00eaa, na Ponta Negra, zona Oeste, a festa do bicampe\u00e3o do Festival de Parintins 2023, com o boi-bumb\u00e1 Caprichoso.\" \/>\n<meta name=\"robots\" content=\"noindex, follow\" \/>\n<meta property=\"og:locale\" content=\"pt_BR\" \/>\n<meta property=\"og:type\" content=\"article\" \/>\n<meta property=\"og:title\" content=\"Prefeitura de Manaus fortalece cultura popular com\u00a0a #Toadas\u00a0na Ponta Negra - MANAUSCULT\" \/>\n<meta property=\"og:description\" content=\"A praia da Ponta Negra por muito tempo foi palco para uma das festas populares mais antigas do Amazonas, as toadas de boi-bumb\u00e1. Este ano, a Prefeitura de Manaus trouxe esse resgate cultural e lan\u00e7ou\u00a0a #Toadas, a qual recebeu neste domingo, 9\/7, na casa de praia Zezinho Corr\u00eaa, na Ponta Negra, zona Oeste, a festa do bicampe\u00e3o do Festival de Parintins 2023, com o boi-bumb\u00e1 Caprichoso.\" \/>\n<meta property=\"og:url\" content=\"https:\/\/www.manaus.am.gov.br\/manauscult\/prefeitura-de-manaus-fortalece-cultura-popular-com-a-toadas-na-ponta-negra\/\" \/>\n<meta property=\"og:site_name\" content=\"MANAUSCULT\" \/>\n<meta property=\"article:published_time\" content=\"2023-07-10T12:50:02+00:00\" \/>\n<meta property=\"article:modified_time\" content=\"2023-07-10T12:50:04+00:00\" \/>\n<meta property=\"og:image\" content=\"https:\/\/www.manaus.am.gov.br\/manauscult\/wp-content\/uploads\/sites\/11\/2023\/07\/Prefeitura-de-Manaus-fortalece-cultura-popular-com-a-Toadas-na-Ponta-Negra-4.jpg\" \/>\n\t<meta property=\"og:image:width\" content=\"1280\" \/>\n\t<meta property=\"og:image:height\" content=\"960\" \/>\n\t<meta property=\"og:image:type\" content=\"image\/jpeg\" \/>\n<meta name=\"author\" content=\"Cl\u00e1udia Barbosa\" \/>\n<meta name=\"twitter:card\" content=\"summary_large_image\" \/>\n<meta name=\"twitter:label1\" content=\"Written by\" \/>\n\t<meta name=\"twitter:data1\" content=\"Cl\u00e1udia Barbosa\" \/>\n\t<meta name=\"twitter:label2\" content=\"Est. reading time\" \/>\n\t<meta name=\"twitter:data2\" content=\"3 minutos\" \/>\n<script type=\"application\/ld+json\" class=\"yoast-schema-graph\">{\"@context\":\"https:\/\/schema.org\",\"@graph\":[{\"@type\":\"WebPage\",\"@id\":\"https:\/\/www.manaus.am.gov.br\/manauscult\/prefeitura-de-manaus-fortalece-cultura-popular-com-a-toadas-na-ponta-negra\/\",\"url\":\"https:\/\/www.manaus.am.gov.br\/manauscult\/prefeitura-de-manaus-fortalece-cultura-popular-com-a-toadas-na-ponta-negra\/\",\"name\":\"Prefeitura de Manaus fortalece cultura popular com\u00a0a #Toadas\u00a0na Ponta Negra - MANAUSCULT\",\"isPartOf\":{\"@id\":\"https:\/\/www.manaus.am.gov.br\/manauscult\/#website\"},\"primaryImageOfPage\":{\"@id\":\"https:\/\/www.manaus.am.gov.br\/manauscult\/prefeitura-de-manaus-fortalece-cultura-popular-com-a-toadas-na-ponta-negra\/#primaryimage\"},\"image\":{\"@id\":\"https:\/\/www.manaus.am.gov.br\/manauscult\/prefeitura-de-manaus-fortalece-cultura-popular-com-a-toadas-na-ponta-negra\/#primaryimage\"},\"thumbnailUrl\":\"https:\/\/www.manaus.am.gov.br\/manauscult\/wp-content\/uploads\/sites\/11\/2023\/07\/Prefeitura-de-Manaus-fortalece-cultura-popular-com-a-Toadas-na-Ponta-Negra-4.jpg\",\"datePublished\":\"2023-07-10T12:50:02+00:00\",\"dateModified\":\"2023-07-10T12:50:04+00:00\",\"author\":{\"@id\":\"https:\/\/www.manaus.am.gov.br\/manauscult\/#\/schema\/person\/d0a166b5031154c33c77794ddc9a827e\"},\"description\":\"A praia da Ponta Negra por muito tempo foi palco para uma das festas populares mais antigas do Amazonas, as toadas de boi-bumb\u00e1. Este ano, a Prefeitura de Manaus trouxe esse resgate cultural e lan\u00e7ou\u00a0a #Toadas, a qual recebeu neste domingo, 9\/7, na casa de praia Zezinho Corr\u00eaa, na Ponta Negra, zona Oeste, a festa do bicampe\u00e3o do Festival de Parintins 2023, com o boi-bumb\u00e1 Caprichoso.\",\"breadcrumb\":{\"@id\":\"https:\/\/www.manaus.am.gov.br\/manauscult\/prefeitura-de-manaus-fortalece-cultura-popular-com-a-toadas-na-ponta-negra\/#breadcrumb\"},\"inLanguage\":\"pt-BR\",\"potentialAction\":[{\"@type\":\"ReadAction\",\"target\":[\"https:\/\/www.manaus.am.gov.br\/manauscult\/prefeitura-de-manaus-fortalece-cultura-popular-com-a-toadas-na-ponta-negra\/\"]}]},{\"@type\":\"ImageObject\",\"inLanguage\":\"pt-BR\",\"@id\":\"https:\/\/www.manaus.am.gov.br\/manauscult\/prefeitura-de-manaus-fortalece-cultura-popular-com-a-toadas-na-ponta-negra\/#primaryimage\",\"url\":\"https:\/\/www.manaus.am.gov.br\/manauscult\/wp-content\/uploads\/sites\/11\/2023\/07\/Prefeitura-de-Manaus-fortalece-cultura-popular-com-a-Toadas-na-Ponta-Negra-4.jpg\",\"contentUrl\":\"https:\/\/www.manaus.am.gov.br\/manauscult\/wp-content\/uploads\/sites\/11\/2023\/07\/Prefeitura-de-Manaus-fortalece-cultura-popular-com-a-Toadas-na-Ponta-Negra-4.jpg\",\"width\":1280,\"height\":960},{\"@type\":\"BreadcrumbList\",\"@id\":\"https:\/\/www.manaus.am.gov.br\/manauscult\/prefeitura-de-manaus-fortalece-cultura-popular-com-a-toadas-na-ponta-negra\/#breadcrumb\",\"itemListElement\":[{\"@type\":\"ListItem\",\"position\":1,\"name\":\"Home\",\"item\":\"https:\/\/www.manaus.am.gov.br\/manauscult\/\"},{\"@type\":\"ListItem\",\"position\":2,\"name\":\"Prefeitura de Manaus fortalece cultura popular com\u00a0a #Toadas\u00a0na Ponta Negra\"}]},{\"@type\":\"WebSite\",\"@id\":\"https:\/\/www.manaus.am.gov.br\/manauscult\/#website\",\"url\":\"https:\/\/www.manaus.am.gov.br\/manauscult\/\",\"name\":\"MANAUSCULT\",\"description\":\"Prefeitura de Manaus\",\"potentialAction\":[{\"@type\":\"SearchAction\",\"target\":{\"@type\":\"EntryPoint\",\"urlTemplate\":\"https:\/\/www.manaus.am.gov.br\/manauscult\/?s={search_term_string}\"},\"query-input\":\"required name=search_term_string\"}],\"inLanguage\":\"pt-BR\"},{\"@type\":\"Person\",\"@id\":\"https:\/\/www.manaus.am.gov.br\/manauscult\/#\/schema\/person\/d0a166b5031154c33c77794ddc9a827e\",\"name\":\"Cl\u00e1udia Barbosa\",\"image\":{\"@type\":\"ImageObject\",\"inLanguage\":\"pt-BR\",\"@id\":\"https:\/\/www.manaus.am.gov.br\/manauscult\/#\/schema\/person\/image\/\",\"url\":\"https:\/\/secure.gravatar.com\/avatar\/42958a1cf007f1a00534009218c72590?s=96&d=mm&r=g\",\"contentUrl\":\"https:\/\/secure.gravatar.com\/avatar\/42958a1cf007f1a00534009218c72590?s=96&d=mm&r=g\",\"caption\":\"Cl\u00e1udia Barbosa\"}}]}<\/script>\n<!-- \/ Yoast SEO plugin. -->","yoast_head_json":{"title":"Prefeitura de Manaus fortalece cultura popular com\u00a0a #Toadas\u00a0na Ponta Negra - MANAUSCULT","description":"A praia da Ponta Negra por muito tempo foi palco para uma das festas populares mais antigas do Amazonas, as toadas de boi-bumb\u00e1. Este ano, a Prefeitura de Manaus trouxe esse resgate cultural e lan\u00e7ou\u00a0a #Toadas, a qual recebeu neste domingo, 9\/7, na casa de praia Zezinho Corr\u00eaa, na Ponta Negra, zona Oeste, a festa do bicampe\u00e3o do Festival de Parintins 2023, com o boi-bumb\u00e1 Caprichoso.","robots":{"index":"noindex","follow":"follow"},"og_locale":"pt_BR","og_type":"article","og_title":"Prefeitura de Manaus fortalece cultura popular com\u00a0a #Toadas\u00a0na Ponta Negra - MANAUSCULT","og_description":"A praia da Ponta Negra por muito tempo foi palco para uma das festas populares mais antigas do Amazonas, as toadas de boi-bumb\u00e1. Este ano, a Prefeitura de Manaus trouxe esse resgate cultural e lan\u00e7ou\u00a0a #Toadas, a qual recebeu neste domingo, 9\/7, na casa de praia Zezinho Corr\u00eaa, na Ponta Negra, zona Oeste, a festa do bicampe\u00e3o do Festival de Parintins 2023, com o boi-bumb\u00e1 Caprichoso.","og_url":"https:\/\/www.manaus.am.gov.br\/manauscult\/prefeitura-de-manaus-fortalece-cultura-popular-com-a-toadas-na-ponta-negra\/","og_site_name":"MANAUSCULT","article_published_time":"2023-07-10T12:50:02+00:00","article_modified_time":"2023-07-10T12:50:04+00:00","og_image":[{"width":1280,"height":960,"url":"https:\/\/www.manaus.am.gov.br\/manauscult\/wp-content\/uploads\/sites\/11\/2023\/07\/Prefeitura-de-Manaus-fortalece-cultura-popular-com-a-Toadas-na-Ponta-Negra-4.jpg","type":"image\/jpeg"}],"author":"Cl\u00e1udia Barbosa","twitter_card":"summary_large_image","twitter_misc":{"Written by":"Cl\u00e1udia Barbosa","Est. reading time":"3 minutos"},"schema":{"@context":"https:\/\/schema.org","@graph":[{"@type":"WebPage","@id":"https:\/\/www.manaus.am.gov.br\/manauscult\/prefeitura-de-manaus-fortalece-cultura-popular-com-a-toadas-na-ponta-negra\/","url":"https:\/\/www.manaus.am.gov.br\/manauscult\/prefeitura-de-manaus-fortalece-cultura-popular-com-a-toadas-na-ponta-negra\/","name":"Prefeitura de Manaus fortalece cultura popular com\u00a0a #Toadas\u00a0na Ponta Negra - MANAUSCULT","isPartOf":{"@id":"https:\/\/www.manaus.am.gov.br\/manauscult\/#website"},"primaryImageOfPage":{"@id":"https:\/\/www.manaus.am.gov.br\/manauscult\/prefeitura-de-manaus-fortalece-cultura-popular-com-a-toadas-na-ponta-negra\/#primaryimage"},"image":{"@id":"https:\/\/www.manaus.am.gov.br\/manauscult\/prefeitura-de-manaus-fortalece-cultura-popular-com-a-toadas-na-ponta-negra\/#primaryimage"},"thumbnailUrl":"https:\/\/www.manaus.am.gov.br\/manauscult\/wp-content\/uploads\/sites\/11\/2023\/07\/Prefeitura-de-Manaus-fortalece-cultura-popular-com-a-Toadas-na-Ponta-Negra-4.jpg","datePublished":"2023-07-10T12:50:02+00:00","dateModified":"2023-07-10T12:50:04+00:00","author":{"@id":"https:\/\/www.manaus.am.gov.br\/manauscult\/#\/schema\/person\/d0a166b5031154c33c77794ddc9a827e"},"description":"A praia da Ponta Negra por muito tempo foi palco para uma das festas populares mais antigas do Amazonas, as toadas de boi-bumb\u00e1. Este ano, a Prefeitura de Manaus trouxe esse resgate cultural e lan\u00e7ou\u00a0a #Toadas, a qual recebeu neste domingo, 9\/7, na casa de praia Zezinho Corr\u00eaa, na Ponta Negra, zona Oeste, a festa do bicampe\u00e3o do Festival de Parintins 2023, com o boi-bumb\u00e1 Caprichoso.","breadcrumb":{"@id":"https:\/\/www.manaus.am.gov.br\/manauscult\/prefeitura-de-manaus-fortalece-cultura-popular-com-a-toadas-na-ponta-negra\/#breadcrumb"},"inLanguage":"pt-BR","potentialAction":[{"@type":"ReadAction","target":["https:\/\/www.manaus.am.gov.br\/manauscult\/prefeitura-de-manaus-fortalece-cultura-popular-com-a-toadas-na-ponta-negra\/"]}]},{"@type":"ImageObject","inLanguage":"pt-BR","@id":"https:\/\/www.manaus.am.gov.br\/manauscult\/prefeitura-de-manaus-fortalece-cultura-popular-com-a-toadas-na-ponta-negra\/#primaryimage","url":"https:\/\/www.manaus.am.gov.br\/manauscult\/wp-content\/uploads\/sites\/11\/2023\/07\/Prefeitura-de-Manaus-fortalece-cultura-popular-com-a-Toadas-na-Ponta-Negra-4.jpg","contentUrl":"https:\/\/www.manaus.am.gov.br\/manauscult\/wp-content\/uploads\/sites\/11\/2023\/07\/Prefeitura-de-Manaus-fortalece-cultura-popular-com-a-Toadas-na-Ponta-Negra-4.jpg","width":1280,"height":960},{"@type":"BreadcrumbList","@id":"https:\/\/www.manaus.am.gov.br\/manauscult\/prefeitura-de-manaus-fortalece-cultura-popular-com-a-toadas-na-ponta-negra\/#breadcrumb","itemListElement":[{"@type":"ListItem","position":1,"name":"Home","item":"https:\/\/www.manaus.am.gov.br\/manauscult\/"},{"@type":"ListItem","position":2,"name":"Prefeitura de Manaus fortalece cultura popular com\u00a0a #Toadas\u00a0na Ponta Negra"}]},{"@type":"WebSite","@id":"https:\/\/www.manaus.am.gov.br\/manauscult\/#website","url":"https:\/\/www.manaus.am.gov.br\/manauscult\/","name":"MANAUSCULT","description":"Prefeitura de Manaus","potentialAction":[{"@type":"SearchAction","target":{"@type":"EntryPoint","urlTemplate":"https:\/\/www.manaus.am.gov.br\/manauscult\/?s={search_term_string}"},"query-input":"required name=search_term_string"}],"inLanguage":"pt-BR"},{"@type":"Person","@id":"https:\/\/www.manaus.am.gov.br\/manauscult\/#\/schema\/person\/d0a166b5031154c33c77794ddc9a827e","name":"Cl\u00e1udia Barbosa","image":{"@type":"ImageObject","inLanguage":"pt-BR","@id":"https:\/\/www.manaus.am.gov.br\/manauscult\/#\/schema\/person\/image\/","url":"https:\/\/secure.gravatar.com\/avatar\/42958a1cf007f1a00534009218c72590?s=96&d=mm&r=g","contentUrl":"https:\/\/secure.gravatar.com\/avatar\/42958a1cf007f1a00534009218c72590?s=96&d=mm&r=g","caption":"Cl\u00e1udia Barbosa"}}]}},"_links":{"self":[{"href":"https:\/\/www.manaus.am.gov.br\/manauscult\/wp-json\/wp\/v2\/posts\/995"}],"collection":[{"href":"https:\/\/www.manaus.am.gov.br\/manauscult\/wp-json\/wp\/v2\/posts"}],"about":[{"href":"https:\/\/www.manaus.am.gov.br\/manauscult\/wp-json\/wp\/v2\/types\/post"}],"author":[{"embeddable":true,"href":"https:\/\/www.manaus.am.gov.br\/manauscult\/wp-json\/wp\/v2\/users\/24"}],"replies":[{"embeddable":true,"href":"https:\/\/www.manaus.am.gov.br\/manauscult\/wp-json\/wp\/v2\/comments?post=995"}],"version-history":[{"count":0,"href":"https:\/\/www.manaus.am.gov.br\/manauscult\/wp-json\/wp\/v2\/posts\/995\/revisions"}],"wp:featuredmedia":[{"embeddable":true,"href":"https:\/\/www.manaus.am.gov.br\/manauscult\/wp-json\/wp\/v2\/media\/996"}],"wp:attachment":[{"href":"https:\/\/www.manaus.am.gov.br\/manauscult\/wp-json\/wp\/v2\/media?parent=995"}],"wp:term":[{"taxonomy":"category","embeddable":true,"href":"https:\/\/www.manaus.am.gov.br\/manauscult\/wp-json\/wp\/v2\/categories?post=995"},{"taxonomy":"post_tag","embeddable":true,"href":"https:\/\/www.manaus.am.gov.br\/manauscult\/wp-json\/wp\/v2\/tags?post=995"}],"curies":[{"name":"wp","href":"https:\/\/api.w.org\/{rel}","templated":true}]}}