{"id":993,"date":"2023-07-09T11:54:41","date_gmt":"2023-07-09T15:54:41","guid":{"rendered":"https:\/\/www.manaus.am.gov.br\/manauscult\/visita-tecnica-sou-manaus\/"},"modified":"2023-07-09T11:54:42","modified_gmt":"2023-07-09T15:54:42","slug":"visita-tecnica-sou-manaus","status":"publish","type":"post","link":"https:\/\/www.manaus.am.gov.br\/manauscult\/visita-tecnica-sou-manaus\/","title":{"rendered":"<strong>Prefeito realiza visita t\u00e9cnica no local do festival #SouManaus Passo a Pa\u00e7o 2023<\/strong>"},"content":{"rendered":"\n<p>Como parte da agenda das tratativas de execu\u00e7\u00e3o do #SouManaus &#8211; Passo a Pa\u00e7o 2023, o prefeito de Manaus, David Almeida, realizou, na manh\u00e3 deste domingo, 9\/7, uma visita t\u00e9cnica na \u00e1rea central, zona Sul da cidade, onde ser\u00e1 realizado o maior festival de artes integradas do Norte do pa\u00eds, nos dias 5, 6 e 7 de setembro. Em tr\u00eas dias de evento, a expectativa para este ano \u00e9 superar o p\u00fablico de 380 mil pessoas que compareceu na edi\u00e7\u00e3o do ano passado.<\/p>\n\n\n\n<p>Acompanhado pelo titular da Funda\u00e7\u00e3o Municipal de Cultura, Turismo e Eventos (Manauscult), Osvaldo Cardoso, pelo titular da Secretaria Municipal de Comunica\u00e7\u00e3o (Semcom), Israel Conte, e pelo superintendente do Centro de Coopera\u00e7\u00e3o da Cidade (CCC), Sandro Diz, o chefe do Executivo municipal destacou que a edi\u00e7\u00e3o de 2023 do #SouManaus Passo a Pa\u00e7o vem de maneira in\u00e9dita, e que mais an\u00fancios ser\u00e3o feitos nos pr\u00f3ximos dias.<\/p>\n\n\n\n<p>\u201cEstou aqui com toda a equipe da Manauscult, todos os envolvidos para que a gente possa apresentar para a popula\u00e7\u00e3o um espet\u00e1culo fant\u00e1stico nunca visto na hist\u00f3ria da cidade de Manaus. Vai ser o maior evento que esta cidade j\u00e1 teve. Na quinta-feira, n\u00f3s vamos fazer um grande evento de lan\u00e7amento, onde iremos divulgar v\u00e1rias outras atra\u00e7\u00f5es, al\u00e9m das que n\u00f3s j\u00e1 confirmamos. Aqui as pessoas v\u00e3o ter a oportunidade de vivenciar um dos melhores momentos da cultura, da gastronomia, e do entretenimento da hist\u00f3ria da cidade\u201d, afirmou Almeida.<\/p>\n\n\n\n<p>Para a edi\u00e7\u00e3o deste ano, a Prefeitura de Manaus j\u00e1 confirmou as atra\u00e7\u00f5es nacionais: Zeca Pagodinho, Z\u00e9 Felipe, Kevin o Chris, Marina Sena, L\u00e9o Magalh\u00e3es e Humberto Gessinger, fundador da banda Engenheiros do Hawaii. Mais atra\u00e7\u00f5es nacionais ser\u00e3o anunciadas nos pr\u00f3ximos dias. O evento \u00e9 gratuito e tem como mote a sustentabilidade, ancestralidade e inova\u00e7\u00e3o tecnol\u00f3gica.<\/p>\n\n\n\n<p>O #SouManaus &#8211; Passo a Pa\u00e7o 2023 vai reunir, em sete \u00e1reas de interven\u00e7\u00e3o cultural, no centro da cidade, mais de 600 atra\u00e7\u00f5es locais de diferentes segmentos, como gastronomia, moda, dan\u00e7a, teatro, cinema, m\u00fasica, artesanato, arte circense, dentre outros.<\/p>\n\n\n\n<p>Para o diretor-presidente da Funda\u00e7\u00e3o Municipal de Cultura, Turismo e Eventos (Manauscult), Osvaldo Cardoso, a visita foi fundamental para definir os trabalhos que ser\u00e3o efetivados pelos \u00f3rg\u00e3os envolvidos na realiza\u00e7\u00e3o do megaevento.<\/p>\n\n\n\n<p>\u201cO prefeito est\u00e1 acompanhando de perto todo o trabalho feito pela Manauscult e as demais secretarias, e hoje ele veio ver o tamanho do evento que estamos produzindo, e aqui no Centro n\u00f3s estamos fazendo uma rota nova de entrada e sa\u00edda de p\u00fablico, n\u00f3s vamos ter grandes atra\u00e7\u00f5es que precisam de uma aten\u00e7\u00e3o maior do poder p\u00fablico, al\u00e9m de outras inova\u00e7\u00f5es, buscando atender a principal determina\u00e7\u00e3o do prefeito, que \u00e9 transformar Manaus em polo tur\u00edstico e de grandes eventos\u201d, disse Cardoso.<\/p>\n\n\n\n<p><strong>N\u00fameros<\/strong><\/p>\n\n\n\n<p>Em 2022, os espa\u00e7os do #SouManaus \u2013 Passo a Pa\u00e7o chegaram a atingir capacidade m\u00e1xima de p\u00fablico. Na edi\u00e7\u00e3o de 2019, o evento concentrou 201 mil pessoas ao longo da programa\u00e7\u00e3o. No ano anterior, mais de 93 mil pessoas estiveram no festival. Em 2017, reuniu 50 mil pessoas. J\u00e1 em 2016, levou 64 mil pessoas ao centro hist\u00f3rico de Manaus. Em 2015, ocorreram as duas primeiras edi\u00e7\u00f5es do Passo a Pa\u00e7o, com p\u00fablico estimado em 63 mil pessoas.<\/p>\n\n\n\n<p><strong>Esquenta<\/strong><\/p>\n\n\n\n<p>Visando levar atra\u00e7\u00f5es culturais para todas as zonas de Manaus, a prefeitura vem realizando edi\u00e7\u00f5es do esquenta do #Sou Manaus 2023, por toda a cidade. O primeiro evento foi realizado na avenida da Conquista, no conjunto residencial Viver Melhor 1\u00aa etapa, zona Norte. As atra\u00e7\u00f5es locais como Forr\u00f3 A Tropa e \u00c1gua Cristalina levantaram o p\u00fablico de aproximadamente oito mil pessoas.<\/p>\n\n\n\n<p>A pr\u00f3xima edi\u00e7\u00e3o do esquenta acontecer\u00e1 no pr\u00f3ximo dia 30, \u00e0s 20h, na avenida Ita\u00faba, no Jorge Teixeira, zona Leste, e vai contar com a cantora paraense Joelma, como atra\u00e7\u00e3o principal.<\/p>\n\n\n\n<p>Os demais locais ser\u00e3o divulgados pela Funda\u00e7\u00e3o Municipal de Cultura, Turismo e Eventos (Manauscult), por meio das redes sociais.<\/p>\n\n\n\n<p>\u2014\u2014\u2014\u2014<\/p>\n\n\n\n<p><strong>Texto<\/strong> &#8211; Beathriz Torres \/ Semcom e Moara Cabral \/ Manauscult<\/p>\n\n\n\n<p><strong>Fotos<\/strong> \u2013 Ruan Souza \/ Semcom<\/p>\n\n\n\n<p><strong>Dispon\u00edveis em<\/strong> &#8211; https:\/\/flic.kr\/s\/aHBqjALLk5<\/p>\n","protected":false},"excerpt":{"rendered":"","protected":false},"author":25,"featured_media":994,"comment_status":"closed","ping_status":"closed","sticky":false,"template":"","format":"standard","meta":{"footnotes":""},"categories":[12],"tags":[67,277,278,10,279],"acf":[],"yoast_head":"<!-- This site is optimized with the Yoast SEO plugin v23.0 - https:\/\/yoast.com\/wordpress\/plugins\/seo\/ -->\n<title>Prefeito realiza visita t\u00e9cnica no local do festival #SouManaus Passo a Pa\u00e7o 2023<\/title>\n<meta name=\"description\" content=\"Como parte da agenda das tratativas de execu\u00e7\u00e3o do #SouManaus - Passo a Pa\u00e7o 2023, o prefeito de Manaus, David Almeida, realizou, na manh\u00e3 deste domingo\" \/>\n<meta name=\"robots\" content=\"noindex, follow\" \/>\n<meta property=\"og:locale\" content=\"pt_BR\" \/>\n<meta property=\"og:type\" content=\"article\" \/>\n<meta property=\"og:title\" content=\"Prefeito realiza visita t\u00e9cnica no local do festival #SouManaus Passo a Pa\u00e7o 2023\" \/>\n<meta property=\"og:description\" content=\"Como parte da agenda das tratativas de execu\u00e7\u00e3o do #SouManaus - Passo a Pa\u00e7o 2023, o prefeito de Manaus, David Almeida, realizou, na manh\u00e3 deste domingo\" \/>\n<meta property=\"og:url\" content=\"https:\/\/www.manaus.am.gov.br\/manauscult\/visita-tecnica-sou-manaus\/\" \/>\n<meta property=\"og:site_name\" content=\"MANAUSCULT\" \/>\n<meta property=\"article:published_time\" content=\"2023-07-09T15:54:41+00:00\" \/>\n<meta property=\"article:modified_time\" content=\"2023-07-09T15:54:42+00:00\" \/>\n<meta property=\"og:image\" content=\"https:\/\/www.manaus.am.gov.br\/manauscult\/wp-content\/uploads\/sites\/11\/2023\/07\/53033671091_0334898b84_c.jpg\" \/>\n\t<meta property=\"og:image:width\" content=\"799\" \/>\n\t<meta property=\"og:image:height\" content=\"533\" \/>\n\t<meta property=\"og:image:type\" content=\"image\/jpeg\" \/>\n<meta name=\"author\" content=\"Maur\u00edcio Freire\" \/>\n<meta name=\"twitter:card\" content=\"summary_large_image\" \/>\n<meta name=\"twitter:label1\" content=\"Written by\" \/>\n\t<meta name=\"twitter:data1\" content=\"Maur\u00edcio Freire\" \/>\n\t<meta name=\"twitter:label2\" content=\"Est. reading time\" \/>\n\t<meta name=\"twitter:data2\" content=\"4 minutos\" \/>\n<script type=\"application\/ld+json\" class=\"yoast-schema-graph\">{\"@context\":\"https:\/\/schema.org\",\"@graph\":[{\"@type\":\"WebPage\",\"@id\":\"https:\/\/www.manaus.am.gov.br\/manauscult\/visita-tecnica-sou-manaus\/\",\"url\":\"https:\/\/www.manaus.am.gov.br\/manauscult\/visita-tecnica-sou-manaus\/\",\"name\":\"Prefeito realiza visita t\u00e9cnica no local do festival #SouManaus Passo a Pa\u00e7o 2023\",\"isPartOf\":{\"@id\":\"https:\/\/www.manaus.am.gov.br\/manauscult\/#website\"},\"primaryImageOfPage\":{\"@id\":\"https:\/\/www.manaus.am.gov.br\/manauscult\/visita-tecnica-sou-manaus\/#primaryimage\"},\"image\":{\"@id\":\"https:\/\/www.manaus.am.gov.br\/manauscult\/visita-tecnica-sou-manaus\/#primaryimage\"},\"thumbnailUrl\":\"https:\/\/www.manaus.am.gov.br\/manauscult\/wp-content\/uploads\/sites\/11\/2023\/07\/53033671091_0334898b84_c.jpg\",\"datePublished\":\"2023-07-09T15:54:41+00:00\",\"dateModified\":\"2023-07-09T15:54:42+00:00\",\"author\":{\"@id\":\"https:\/\/www.manaus.am.gov.br\/manauscult\/#\/schema\/person\/587989a23a463cde5618e6a028977a9a\"},\"description\":\"Como parte da agenda das tratativas de execu\u00e7\u00e3o do #SouManaus - Passo a Pa\u00e7o 2023, o prefeito de Manaus, David Almeida, realizou, na manh\u00e3 deste domingo\",\"breadcrumb\":{\"@id\":\"https:\/\/www.manaus.am.gov.br\/manauscult\/visita-tecnica-sou-manaus\/#breadcrumb\"},\"inLanguage\":\"pt-BR\",\"potentialAction\":[{\"@type\":\"ReadAction\",\"target\":[\"https:\/\/www.manaus.am.gov.br\/manauscult\/visita-tecnica-sou-manaus\/\"]}]},{\"@type\":\"ImageObject\",\"inLanguage\":\"pt-BR\",\"@id\":\"https:\/\/www.manaus.am.gov.br\/manauscult\/visita-tecnica-sou-manaus\/#primaryimage\",\"url\":\"https:\/\/www.manaus.am.gov.br\/manauscult\/wp-content\/uploads\/sites\/11\/2023\/07\/53033671091_0334898b84_c.jpg\",\"contentUrl\":\"https:\/\/www.manaus.am.gov.br\/manauscult\/wp-content\/uploads\/sites\/11\/2023\/07\/53033671091_0334898b84_c.jpg\",\"width\":799,\"height\":533},{\"@type\":\"BreadcrumbList\",\"@id\":\"https:\/\/www.manaus.am.gov.br\/manauscult\/visita-tecnica-sou-manaus\/#breadcrumb\",\"itemListElement\":[{\"@type\":\"ListItem\",\"position\":1,\"name\":\"Home\",\"item\":\"https:\/\/www.manaus.am.gov.br\/manauscult\/\"},{\"@type\":\"ListItem\",\"position\":2,\"name\":\"Prefeito realiza visita t\u00e9cnica no local do festival #SouManaus Passo a Pa\u00e7o 2023\"}]},{\"@type\":\"WebSite\",\"@id\":\"https:\/\/www.manaus.am.gov.br\/manauscult\/#website\",\"url\":\"https:\/\/www.manaus.am.gov.br\/manauscult\/\",\"name\":\"MANAUSCULT\",\"description\":\"Prefeitura de Manaus\",\"potentialAction\":[{\"@type\":\"SearchAction\",\"target\":{\"@type\":\"EntryPoint\",\"urlTemplate\":\"https:\/\/www.manaus.am.gov.br\/manauscult\/?s={search_term_string}\"},\"query-input\":\"required name=search_term_string\"}],\"inLanguage\":\"pt-BR\"},{\"@type\":\"Person\",\"@id\":\"https:\/\/www.manaus.am.gov.br\/manauscult\/#\/schema\/person\/587989a23a463cde5618e6a028977a9a\",\"name\":\"Maur\u00edcio Freire\",\"image\":{\"@type\":\"ImageObject\",\"inLanguage\":\"pt-BR\",\"@id\":\"https:\/\/www.manaus.am.gov.br\/manauscult\/#\/schema\/person\/image\/\",\"url\":\"https:\/\/secure.gravatar.com\/avatar\/dc1481799a1f75c733ac3b2634cd6749?s=96&d=mm&r=g\",\"contentUrl\":\"https:\/\/secure.gravatar.com\/avatar\/dc1481799a1f75c733ac3b2634cd6749?s=96&d=mm&r=g\",\"caption\":\"Maur\u00edcio Freire\"}}]}<\/script>\n<!-- \/ Yoast SEO plugin. -->","yoast_head_json":{"title":"Prefeito realiza visita t\u00e9cnica no local do festival #SouManaus Passo a Pa\u00e7o 2023","description":"Como parte da agenda das tratativas de execu\u00e7\u00e3o do #SouManaus - Passo a Pa\u00e7o 2023, o prefeito de Manaus, David Almeida, realizou, na manh\u00e3 deste domingo","robots":{"index":"noindex","follow":"follow"},"og_locale":"pt_BR","og_type":"article","og_title":"Prefeito realiza visita t\u00e9cnica no local do festival #SouManaus Passo a Pa\u00e7o 2023","og_description":"Como parte da agenda das tratativas de execu\u00e7\u00e3o do #SouManaus - Passo a Pa\u00e7o 2023, o prefeito de Manaus, David Almeida, realizou, na manh\u00e3 deste domingo","og_url":"https:\/\/www.manaus.am.gov.br\/manauscult\/visita-tecnica-sou-manaus\/","og_site_name":"MANAUSCULT","article_published_time":"2023-07-09T15:54:41+00:00","article_modified_time":"2023-07-09T15:54:42+00:00","og_image":[{"width":799,"height":533,"url":"https:\/\/www.manaus.am.gov.br\/manauscult\/wp-content\/uploads\/sites\/11\/2023\/07\/53033671091_0334898b84_c.jpg","type":"image\/jpeg"}],"author":"Maur\u00edcio Freire","twitter_card":"summary_large_image","twitter_misc":{"Written by":"Maur\u00edcio Freire","Est. reading time":"4 minutos"},"schema":{"@context":"https:\/\/schema.org","@graph":[{"@type":"WebPage","@id":"https:\/\/www.manaus.am.gov.br\/manauscult\/visita-tecnica-sou-manaus\/","url":"https:\/\/www.manaus.am.gov.br\/manauscult\/visita-tecnica-sou-manaus\/","name":"Prefeito realiza visita t\u00e9cnica no local do festival #SouManaus Passo a Pa\u00e7o 2023","isPartOf":{"@id":"https:\/\/www.manaus.am.gov.br\/manauscult\/#website"},"primaryImageOfPage":{"@id":"https:\/\/www.manaus.am.gov.br\/manauscult\/visita-tecnica-sou-manaus\/#primaryimage"},"image":{"@id":"https:\/\/www.manaus.am.gov.br\/manauscult\/visita-tecnica-sou-manaus\/#primaryimage"},"thumbnailUrl":"https:\/\/www.manaus.am.gov.br\/manauscult\/wp-content\/uploads\/sites\/11\/2023\/07\/53033671091_0334898b84_c.jpg","datePublished":"2023-07-09T15:54:41+00:00","dateModified":"2023-07-09T15:54:42+00:00","author":{"@id":"https:\/\/www.manaus.am.gov.br\/manauscult\/#\/schema\/person\/587989a23a463cde5618e6a028977a9a"},"description":"Como parte da agenda das tratativas de execu\u00e7\u00e3o do #SouManaus - Passo a Pa\u00e7o 2023, o prefeito de Manaus, David Almeida, realizou, na manh\u00e3 deste domingo","breadcrumb":{"@id":"https:\/\/www.manaus.am.gov.br\/manauscult\/visita-tecnica-sou-manaus\/#breadcrumb"},"inLanguage":"pt-BR","potentialAction":[{"@type":"ReadAction","target":["https:\/\/www.manaus.am.gov.br\/manauscult\/visita-tecnica-sou-manaus\/"]}]},{"@type":"ImageObject","inLanguage":"pt-BR","@id":"https:\/\/www.manaus.am.gov.br\/manauscult\/visita-tecnica-sou-manaus\/#primaryimage","url":"https:\/\/www.manaus.am.gov.br\/manauscult\/wp-content\/uploads\/sites\/11\/2023\/07\/53033671091_0334898b84_c.jpg","contentUrl":"https:\/\/www.manaus.am.gov.br\/manauscult\/wp-content\/uploads\/sites\/11\/2023\/07\/53033671091_0334898b84_c.jpg","width":799,"height":533},{"@type":"BreadcrumbList","@id":"https:\/\/www.manaus.am.gov.br\/manauscult\/visita-tecnica-sou-manaus\/#breadcrumb","itemListElement":[{"@type":"ListItem","position":1,"name":"Home","item":"https:\/\/www.manaus.am.gov.br\/manauscult\/"},{"@type":"ListItem","position":2,"name":"Prefeito realiza visita t\u00e9cnica no local do festival #SouManaus Passo a Pa\u00e7o 2023"}]},{"@type":"WebSite","@id":"https:\/\/www.manaus.am.gov.br\/manauscult\/#website","url":"https:\/\/www.manaus.am.gov.br\/manauscult\/","name":"MANAUSCULT","description":"Prefeitura de Manaus","potentialAction":[{"@type":"SearchAction","target":{"@type":"EntryPoint","urlTemplate":"https:\/\/www.manaus.am.gov.br\/manauscult\/?s={search_term_string}"},"query-input":"required name=search_term_string"}],"inLanguage":"pt-BR"},{"@type":"Person","@id":"https:\/\/www.manaus.am.gov.br\/manauscult\/#\/schema\/person\/587989a23a463cde5618e6a028977a9a","name":"Maur\u00edcio Freire","image":{"@type":"ImageObject","inLanguage":"pt-BR","@id":"https:\/\/www.manaus.am.gov.br\/manauscult\/#\/schema\/person\/image\/","url":"https:\/\/secure.gravatar.com\/avatar\/dc1481799a1f75c733ac3b2634cd6749?s=96&d=mm&r=g","contentUrl":"https:\/\/secure.gravatar.com\/avatar\/dc1481799a1f75c733ac3b2634cd6749?s=96&d=mm&r=g","caption":"Maur\u00edcio Freire"}}]}},"_links":{"self":[{"href":"https:\/\/www.manaus.am.gov.br\/manauscult\/wp-json\/wp\/v2\/posts\/993"}],"collection":[{"href":"https:\/\/www.manaus.am.gov.br\/manauscult\/wp-json\/wp\/v2\/posts"}],"about":[{"href":"https:\/\/www.manaus.am.gov.br\/manauscult\/wp-json\/wp\/v2\/types\/post"}],"author":[{"embeddable":true,"href":"https:\/\/www.manaus.am.gov.br\/manauscult\/wp-json\/wp\/v2\/users\/25"}],"replies":[{"embeddable":true,"href":"https:\/\/www.manaus.am.gov.br\/manauscult\/wp-json\/wp\/v2\/comments?post=993"}],"version-history":[{"count":0,"href":"https:\/\/www.manaus.am.gov.br\/manauscult\/wp-json\/wp\/v2\/posts\/993\/revisions"}],"wp:featuredmedia":[{"embeddable":true,"href":"https:\/\/www.manaus.am.gov.br\/manauscult\/wp-json\/wp\/v2\/media\/994"}],"wp:attachment":[{"href":"https:\/\/www.manaus.am.gov.br\/manauscult\/wp-json\/wp\/v2\/media?parent=993"}],"wp:term":[{"taxonomy":"category","embeddable":true,"href":"https:\/\/www.manaus.am.gov.br\/manauscult\/wp-json\/wp\/v2\/categories?post=993"},{"taxonomy":"post_tag","embeddable":true,"href":"https:\/\/www.manaus.am.gov.br\/manauscult\/wp-json\/wp\/v2\/tags?post=993"}],"curies":[{"name":"wp","href":"https:\/\/api.w.org\/{rel}","templated":true}]}}