{"id":989,"date":"2023-07-06T22:12:32","date_gmt":"2023-07-07T02:12:32","guid":{"rendered":"https:\/\/www.manaus.am.gov.br\/manauscult\/prefeito-de-manaus-anuncia-cantora-joelma-no-proximo-esquenta-do-soumanaus-2023\/"},"modified":"2023-07-06T22:12:33","modified_gmt":"2023-07-07T02:12:33","slug":"prefeito-de-manaus-anuncia-cantora-joelma-no-proximo-esquenta-do-soumanaus-2023","status":"publish","type":"post","link":"https:\/\/www.manaus.am.gov.br\/manauscult\/prefeito-de-manaus-anuncia-cantora-joelma-no-proximo-esquenta-do-soumanaus-2023\/","title":{"rendered":"<strong>Prefeito de Manaus anuncia cantora Joelma no pr\u00f3ximo esquenta do #SouManaus 2023<\/strong>"},"content":{"rendered":"\n<p>O prefeito de Manaus, David Almeida, anunciou, na noite desta quinta-feira, 6\/7, que a grande atra\u00e7\u00e3o do pr\u00f3ximo \u201cEsquenta do #SouManaus &#8211; Passo a Pa\u00e7o 2023\u201d, evento criado pela atual gest\u00e3o municipal para divulgar o festival que ocorrer\u00e1 nos dias 5, 6 e 7 de setembro, no centro hist\u00f3rico, ser\u00e1 a cantora paraense Joelma. O evento acontecer\u00e1 no pr\u00f3ximo dia 30, \u00e0s 20h, na avenida Ita\u00faba, no Jorge Teixeira, zona Leste.<\/p>\n\n\n\n<p>Ao lado do vice-prefeito e chefe da Casa Civil, Marcos Rotta, e do diretor-presidente da Funda\u00e7\u00e3o Municipal de Cultura, Turismo e Eventos (Manauscult), Osvaldo Cardoso, o prefeito David Almeida divulgou a atra\u00e7\u00e3o.<\/p>\n\n\n\n<p>&#8220;N\u00f3s estamos descentralizando o #SouManaus. J\u00e1 fizemos na zona Norte e agora vamos fazer na zona Leste. No pr\u00f3ximo dia 30, l\u00e1 na Ita\u00faba, vamos ter a presen\u00e7a da cantora Joelma, no grande evento de esquenta para o #SouManaus 2023. N\u00f3s j\u00e1 temos grandes atra\u00e7\u00f5es nacionais confirmadas e durante esta semana faremos grandes an\u00fancios. A popula\u00e7\u00e3o pode esperar mais uma grande festa em setembro&#8221;, afirmou Almeida.<\/p>\n\n\n\n<p>Em 2022, os espa\u00e7os do \u201c#SouManaus \u2013 Passo a Pa\u00e7o\u201d chegaram a atingir capacidade m\u00e1xima de p\u00fablico, reunindo mais de 380 mil durante os dias do festival. Para a edi\u00e7\u00e3o deste ano, a Prefeitura de Manaus j\u00e1 confirmou a presen\u00e7a das atra\u00e7\u00f5es nacionais Zeca Pagodinho, Z\u00e9 Felipe, Kevin o Chris, Marina Sena, L\u00e9o Magalh\u00e3es e Humberto Gessinger, al\u00e9m de reunir mais de 600 atra\u00e7\u00f5es locais de diferentes segmentos, como gastronomia, moda, dan\u00e7a, teatro, cinema, m\u00fasica, artesanato, arte circense, dentre outros.<\/p>\n\n\n\n<p>De acordo com Osvaldo Cardoso, a presen\u00e7a de Joelma no evento de esquenta do #SouManaus s\u00f3 comprova a tend\u00eancia de que a edi\u00e7\u00e3o de 2023 seja a maior de todos os tempos, levando mais de 500 mil pessoas nos tr\u00eas dias de festival.<\/p>\n\n\n\n<p>&#8220;Eu n\u00e3o tenho d\u00favidas que este #SouManaus ser\u00e1 o maior de todos os tempos e vai abalar o Brasil. O prefeito David Almeida vai fazer os an\u00fancios na semana que vem de uma atra\u00e7\u00e3o que vai estourar. Manaus vai precisar se preparar para receber esta atra\u00e7\u00e3o. A determina\u00e7\u00e3o do prefeito \u00e9 que levemos cultura para todas as zonas da cidade. N\u00f3s temos editais que j\u00e1 fazem isso e agora estamos levando estes eventos. A nossa miss\u00e3o \u00e9 levar alegria para a popula\u00e7\u00e3o de Manaus&#8221;, finalizou Cardoso.<\/p>\n\n\n\n<p>&#8212; &#8212; &#8212;<\/p>\n\n\n\n<p><strong>Texto<\/strong>&nbsp;\u2013 Thiago Fernando \/ Semcom<\/p>\n\n\n\n<p><strong>Fotos<\/strong> \u2013 Dhyeizo Lemos \/ Semcom<\/p>\n\n\n\n<p>Dispon\u00edveis em &#8211; <a href=\"https:\/\/flic.kr\/s\/aHBqjALuUy\">https:\/\/flic.kr\/s\/aHBqjALuUy<\/a><\/p>\n","protected":false},"excerpt":{"rendered":"","protected":false},"author":31,"featured_media":990,"comment_status":"closed","ping_status":"closed","sticky":false,"template":"","format":"standard","meta":{"footnotes":""},"categories":[12],"tags":[272,273,274,132],"acf":[],"yoast_head":"<!-- This site is optimized with the Yoast SEO plugin v23.0 - https:\/\/yoast.com\/wordpress\/plugins\/seo\/ -->\n<title>Prefeito de Manaus anuncia cantora Joelma no pr\u00f3ximo esquenta do #SouManaus 2023 - MANAUSCULT<\/title>\n<meta name=\"robots\" content=\"noindex, follow\" \/>\n<meta property=\"og:locale\" content=\"pt_BR\" \/>\n<meta property=\"og:type\" content=\"article\" \/>\n<meta property=\"og:title\" content=\"Prefeito de Manaus anuncia cantora Joelma no pr\u00f3ximo esquenta do #SouManaus 2023 - MANAUSCULT\" \/>\n<meta property=\"og:url\" content=\"https:\/\/www.manaus.am.gov.br\/manauscult\/prefeito-de-manaus-anuncia-cantora-joelma-no-proximo-esquenta-do-soumanaus-2023\/\" \/>\n<meta property=\"og:site_name\" content=\"MANAUSCULT\" \/>\n<meta property=\"article:published_time\" content=\"2023-07-07T02:12:32+00:00\" \/>\n<meta property=\"article:modified_time\" content=\"2023-07-07T02:12:33+00:00\" \/>\n<meta property=\"og:image\" content=\"https:\/\/www.manaus.am.gov.br\/manauscult\/wp-content\/uploads\/sites\/11\/2023\/07\/53028235606_6a1db7c2c6_c.jpg\" \/>\n\t<meta property=\"og:image:width\" content=\"799\" \/>\n\t<meta property=\"og:image:height\" content=\"533\" \/>\n\t<meta property=\"og:image:type\" content=\"image\/jpeg\" \/>\n<meta name=\"author\" content=\"Renata Felix\" \/>\n<meta name=\"twitter:card\" content=\"summary_large_image\" \/>\n<meta name=\"twitter:label1\" content=\"Written by\" \/>\n\t<meta name=\"twitter:data1\" content=\"Renata Felix\" \/>\n\t<meta name=\"twitter:label2\" content=\"Est. reading time\" \/>\n\t<meta name=\"twitter:data2\" content=\"3 minutos\" \/>\n<script type=\"application\/ld+json\" class=\"yoast-schema-graph\">{\"@context\":\"https:\/\/schema.org\",\"@graph\":[{\"@type\":\"WebPage\",\"@id\":\"https:\/\/www.manaus.am.gov.br\/manauscult\/prefeito-de-manaus-anuncia-cantora-joelma-no-proximo-esquenta-do-soumanaus-2023\/\",\"url\":\"https:\/\/www.manaus.am.gov.br\/manauscult\/prefeito-de-manaus-anuncia-cantora-joelma-no-proximo-esquenta-do-soumanaus-2023\/\",\"name\":\"Prefeito de Manaus anuncia cantora Joelma no pr\u00f3ximo esquenta do #SouManaus 2023 - MANAUSCULT\",\"isPartOf\":{\"@id\":\"https:\/\/www.manaus.am.gov.br\/manauscult\/#website\"},\"primaryImageOfPage\":{\"@id\":\"https:\/\/www.manaus.am.gov.br\/manauscult\/prefeito-de-manaus-anuncia-cantora-joelma-no-proximo-esquenta-do-soumanaus-2023\/#primaryimage\"},\"image\":{\"@id\":\"https:\/\/www.manaus.am.gov.br\/manauscult\/prefeito-de-manaus-anuncia-cantora-joelma-no-proximo-esquenta-do-soumanaus-2023\/#primaryimage\"},\"thumbnailUrl\":\"https:\/\/www.manaus.am.gov.br\/manauscult\/wp-content\/uploads\/sites\/11\/2023\/07\/53028235606_6a1db7c2c6_c.jpg\",\"datePublished\":\"2023-07-07T02:12:32+00:00\",\"dateModified\":\"2023-07-07T02:12:33+00:00\",\"author\":{\"@id\":\"https:\/\/www.manaus.am.gov.br\/manauscult\/#\/schema\/person\/4eea2a8f78dc853097abb026f728aa06\"},\"breadcrumb\":{\"@id\":\"https:\/\/www.manaus.am.gov.br\/manauscult\/prefeito-de-manaus-anuncia-cantora-joelma-no-proximo-esquenta-do-soumanaus-2023\/#breadcrumb\"},\"inLanguage\":\"pt-BR\",\"potentialAction\":[{\"@type\":\"ReadAction\",\"target\":[\"https:\/\/www.manaus.am.gov.br\/manauscult\/prefeito-de-manaus-anuncia-cantora-joelma-no-proximo-esquenta-do-soumanaus-2023\/\"]}]},{\"@type\":\"ImageObject\",\"inLanguage\":\"pt-BR\",\"@id\":\"https:\/\/www.manaus.am.gov.br\/manauscult\/prefeito-de-manaus-anuncia-cantora-joelma-no-proximo-esquenta-do-soumanaus-2023\/#primaryimage\",\"url\":\"https:\/\/www.manaus.am.gov.br\/manauscult\/wp-content\/uploads\/sites\/11\/2023\/07\/53028235606_6a1db7c2c6_c.jpg\",\"contentUrl\":\"https:\/\/www.manaus.am.gov.br\/manauscult\/wp-content\/uploads\/sites\/11\/2023\/07\/53028235606_6a1db7c2c6_c.jpg\",\"width\":799,\"height\":533},{\"@type\":\"BreadcrumbList\",\"@id\":\"https:\/\/www.manaus.am.gov.br\/manauscult\/prefeito-de-manaus-anuncia-cantora-joelma-no-proximo-esquenta-do-soumanaus-2023\/#breadcrumb\",\"itemListElement\":[{\"@type\":\"ListItem\",\"position\":1,\"name\":\"Home\",\"item\":\"https:\/\/www.manaus.am.gov.br\/manauscult\/\"},{\"@type\":\"ListItem\",\"position\":2,\"name\":\"Prefeito de Manaus anuncia cantora Joelma no pr\u00f3ximo esquenta do #SouManaus 2023\"}]},{\"@type\":\"WebSite\",\"@id\":\"https:\/\/www.manaus.am.gov.br\/manauscult\/#website\",\"url\":\"https:\/\/www.manaus.am.gov.br\/manauscult\/\",\"name\":\"MANAUSCULT\",\"description\":\"Prefeitura de Manaus\",\"potentialAction\":[{\"@type\":\"SearchAction\",\"target\":{\"@type\":\"EntryPoint\",\"urlTemplate\":\"https:\/\/www.manaus.am.gov.br\/manauscult\/?s={search_term_string}\"},\"query-input\":\"required name=search_term_string\"}],\"inLanguage\":\"pt-BR\"},{\"@type\":\"Person\",\"@id\":\"https:\/\/www.manaus.am.gov.br\/manauscult\/#\/schema\/person\/4eea2a8f78dc853097abb026f728aa06\",\"name\":\"Renata Felix\",\"image\":{\"@type\":\"ImageObject\",\"inLanguage\":\"pt-BR\",\"@id\":\"https:\/\/www.manaus.am.gov.br\/manauscult\/#\/schema\/person\/image\/\",\"url\":\"https:\/\/secure.gravatar.com\/avatar\/3c196cf9d3b837b24c8edb2c50fd8f29?s=96&d=mm&r=g\",\"contentUrl\":\"https:\/\/secure.gravatar.com\/avatar\/3c196cf9d3b837b24c8edb2c50fd8f29?s=96&d=mm&r=g\",\"caption\":\"Renata Felix\"}}]}<\/script>\n<!-- \/ Yoast SEO plugin. -->","yoast_head_json":{"title":"Prefeito de Manaus anuncia cantora Joelma no pr\u00f3ximo esquenta do #SouManaus 2023 - MANAUSCULT","robots":{"index":"noindex","follow":"follow"},"og_locale":"pt_BR","og_type":"article","og_title":"Prefeito de Manaus anuncia cantora Joelma no pr\u00f3ximo esquenta do #SouManaus 2023 - MANAUSCULT","og_url":"https:\/\/www.manaus.am.gov.br\/manauscult\/prefeito-de-manaus-anuncia-cantora-joelma-no-proximo-esquenta-do-soumanaus-2023\/","og_site_name":"MANAUSCULT","article_published_time":"2023-07-07T02:12:32+00:00","article_modified_time":"2023-07-07T02:12:33+00:00","og_image":[{"width":799,"height":533,"url":"https:\/\/www.manaus.am.gov.br\/manauscult\/wp-content\/uploads\/sites\/11\/2023\/07\/53028235606_6a1db7c2c6_c.jpg","type":"image\/jpeg"}],"author":"Renata Felix","twitter_card":"summary_large_image","twitter_misc":{"Written by":"Renata Felix","Est. reading time":"3 minutos"},"schema":{"@context":"https:\/\/schema.org","@graph":[{"@type":"WebPage","@id":"https:\/\/www.manaus.am.gov.br\/manauscult\/prefeito-de-manaus-anuncia-cantora-joelma-no-proximo-esquenta-do-soumanaus-2023\/","url":"https:\/\/www.manaus.am.gov.br\/manauscult\/prefeito-de-manaus-anuncia-cantora-joelma-no-proximo-esquenta-do-soumanaus-2023\/","name":"Prefeito de Manaus anuncia cantora Joelma no pr\u00f3ximo esquenta do #SouManaus 2023 - MANAUSCULT","isPartOf":{"@id":"https:\/\/www.manaus.am.gov.br\/manauscult\/#website"},"primaryImageOfPage":{"@id":"https:\/\/www.manaus.am.gov.br\/manauscult\/prefeito-de-manaus-anuncia-cantora-joelma-no-proximo-esquenta-do-soumanaus-2023\/#primaryimage"},"image":{"@id":"https:\/\/www.manaus.am.gov.br\/manauscult\/prefeito-de-manaus-anuncia-cantora-joelma-no-proximo-esquenta-do-soumanaus-2023\/#primaryimage"},"thumbnailUrl":"https:\/\/www.manaus.am.gov.br\/manauscult\/wp-content\/uploads\/sites\/11\/2023\/07\/53028235606_6a1db7c2c6_c.jpg","datePublished":"2023-07-07T02:12:32+00:00","dateModified":"2023-07-07T02:12:33+00:00","author":{"@id":"https:\/\/www.manaus.am.gov.br\/manauscult\/#\/schema\/person\/4eea2a8f78dc853097abb026f728aa06"},"breadcrumb":{"@id":"https:\/\/www.manaus.am.gov.br\/manauscult\/prefeito-de-manaus-anuncia-cantora-joelma-no-proximo-esquenta-do-soumanaus-2023\/#breadcrumb"},"inLanguage":"pt-BR","potentialAction":[{"@type":"ReadAction","target":["https:\/\/www.manaus.am.gov.br\/manauscult\/prefeito-de-manaus-anuncia-cantora-joelma-no-proximo-esquenta-do-soumanaus-2023\/"]}]},{"@type":"ImageObject","inLanguage":"pt-BR","@id":"https:\/\/www.manaus.am.gov.br\/manauscult\/prefeito-de-manaus-anuncia-cantora-joelma-no-proximo-esquenta-do-soumanaus-2023\/#primaryimage","url":"https:\/\/www.manaus.am.gov.br\/manauscult\/wp-content\/uploads\/sites\/11\/2023\/07\/53028235606_6a1db7c2c6_c.jpg","contentUrl":"https:\/\/www.manaus.am.gov.br\/manauscult\/wp-content\/uploads\/sites\/11\/2023\/07\/53028235606_6a1db7c2c6_c.jpg","width":799,"height":533},{"@type":"BreadcrumbList","@id":"https:\/\/www.manaus.am.gov.br\/manauscult\/prefeito-de-manaus-anuncia-cantora-joelma-no-proximo-esquenta-do-soumanaus-2023\/#breadcrumb","itemListElement":[{"@type":"ListItem","position":1,"name":"Home","item":"https:\/\/www.manaus.am.gov.br\/manauscult\/"},{"@type":"ListItem","position":2,"name":"Prefeito de Manaus anuncia cantora Joelma no pr\u00f3ximo esquenta do #SouManaus 2023"}]},{"@type":"WebSite","@id":"https:\/\/www.manaus.am.gov.br\/manauscult\/#website","url":"https:\/\/www.manaus.am.gov.br\/manauscult\/","name":"MANAUSCULT","description":"Prefeitura de Manaus","potentialAction":[{"@type":"SearchAction","target":{"@type":"EntryPoint","urlTemplate":"https:\/\/www.manaus.am.gov.br\/manauscult\/?s={search_term_string}"},"query-input":"required name=search_term_string"}],"inLanguage":"pt-BR"},{"@type":"Person","@id":"https:\/\/www.manaus.am.gov.br\/manauscult\/#\/schema\/person\/4eea2a8f78dc853097abb026f728aa06","name":"Renata Felix","image":{"@type":"ImageObject","inLanguage":"pt-BR","@id":"https:\/\/www.manaus.am.gov.br\/manauscult\/#\/schema\/person\/image\/","url":"https:\/\/secure.gravatar.com\/avatar\/3c196cf9d3b837b24c8edb2c50fd8f29?s=96&d=mm&r=g","contentUrl":"https:\/\/secure.gravatar.com\/avatar\/3c196cf9d3b837b24c8edb2c50fd8f29?s=96&d=mm&r=g","caption":"Renata Felix"}}]}},"_links":{"self":[{"href":"https:\/\/www.manaus.am.gov.br\/manauscult\/wp-json\/wp\/v2\/posts\/989"}],"collection":[{"href":"https:\/\/www.manaus.am.gov.br\/manauscult\/wp-json\/wp\/v2\/posts"}],"about":[{"href":"https:\/\/www.manaus.am.gov.br\/manauscult\/wp-json\/wp\/v2\/types\/post"}],"author":[{"embeddable":true,"href":"https:\/\/www.manaus.am.gov.br\/manauscult\/wp-json\/wp\/v2\/users\/31"}],"replies":[{"embeddable":true,"href":"https:\/\/www.manaus.am.gov.br\/manauscult\/wp-json\/wp\/v2\/comments?post=989"}],"version-history":[{"count":0,"href":"https:\/\/www.manaus.am.gov.br\/manauscult\/wp-json\/wp\/v2\/posts\/989\/revisions"}],"wp:featuredmedia":[{"embeddable":true,"href":"https:\/\/www.manaus.am.gov.br\/manauscult\/wp-json\/wp\/v2\/media\/990"}],"wp:attachment":[{"href":"https:\/\/www.manaus.am.gov.br\/manauscult\/wp-json\/wp\/v2\/media?parent=989"}],"wp:term":[{"taxonomy":"category","embeddable":true,"href":"https:\/\/www.manaus.am.gov.br\/manauscult\/wp-json\/wp\/v2\/categories?post=989"},{"taxonomy":"post_tag","embeddable":true,"href":"https:\/\/www.manaus.am.gov.br\/manauscult\/wp-json\/wp\/v2\/tags?post=989"}],"curies":[{"name":"wp","href":"https:\/\/api.w.org\/{rel}","templated":true}]}}