{"id":984,"date":"2023-07-06T14:20:56","date_gmt":"2023-07-06T18:20:56","guid":{"rendered":"https:\/\/www.manaus.am.gov.br\/manauscult\/manaus-recebe-rs-176-mi-da-lei-paulo-gustavo-pelo-minc\/"},"modified":"2023-07-06T15:07:03","modified_gmt":"2023-07-06T19:07:03","slug":"manaus-recebe-rs-176-mi-da-lei-paulo-gustavo-pelo-minc","status":"publish","type":"post","link":"https:\/\/www.manaus.am.gov.br\/manauscult\/manaus-recebe-rs-176-mi-da-lei-paulo-gustavo-pelo-minc\/","title":{"rendered":"Manaus recebe R$ 17,6 mi da Lei Paulo Gustavo"},"content":{"rendered":"\n<p>Manaus foi a primeira capital a entregar seu plano de A\u00e7\u00e3o na plataforma TransfereGov, do Minist\u00e9rio da Cultura (MinC), e recebeu em conta, nesta quinta-feira, 6\/7, o dep\u00f3sito no valor de R$ 17,6 milh\u00f5es. Os valores ser\u00e3o distribu\u00eddos aos projetos contemplados nos editais da Lei Paulo Gustavo (LPG), a serem publicados pela Prefeitura de Manaus, por meio da Funda\u00e7\u00e3o Municipal de Cultura, Turismo e Eventos (Manauscult) e do Conselho Municipal de Cultura (Concultura).<\/p>\n\n\n\n<p>O an\u00fancio foi feito pelo prefeito de Manaus, David Almeida, que refor\u00e7ou o intuito de alcan\u00e7ar cada vez mais artistas e fazedores de cultura do audiovisual e demais segmentos, como dan\u00e7a, m\u00fasica, literatura, artes visuais, cultura popular, cultura \u00e9tnica, teatro e circo.<\/p>\n\n\n\n<p>\u201cA Lei de Fomento Paulo Gustavo trabalha exatamente para dar o suporte aos artistas em fun\u00e7\u00e3o do per\u00edodo da pandemia. \u00c9 uma lei emergencial e, neste momento, Manaus recebe o aporte de R$ 17,6 milh\u00f5es, para que artistas nas mais diversas atua\u00e7\u00f5es possam apresentar projetos a serem contemplados por meio do edital que vai ser publicado pela Funda\u00e7\u00e3o Municipal de Cultura. Assim, iremos contemplar os artistas de Manaus. A inten\u00e7\u00e3o \u00e9 contemplarmos em torno de mil projetos, beneficiando, possivelmente, 10 mil pessoas que trabalham com artes na cidade de Manaus\u201d, assegurou o prefeito.<\/p>\n\n\n\n<p>Os recursos foram transferidos em duas contas para a prefeitura, por meio do Fundo Municipal de Cultura (FMC), sendo 70% no valor de R$ 12.550.701,43 em uma conta, destinados aos projetos culturais de Audiovisual, e 30% para outras linguagens, no valor de R$ 5.084.118,62, na segunda conta.<\/p>\n\n\n\n<p>Ainda ser\u00e1 destinado a t\u00edtulo de administra\u00e7\u00e3o 5% do valor total para a gest\u00e3o da LPG, com custos administrativos como a busca-ativa e contrata\u00e7\u00e3o de consultorias.<\/p>\n\n\n\n<p>Com os repasses, os estados poder\u00e3o realizar editais e outras a\u00e7\u00f5es previstas nos planejamentos aprovados. Segundo o diretor-presidente da Manauscult, Osvaldo Cardoso, o grupo de trabalho avan\u00e7a nos procedimentos e discuss\u00f5es para prepara\u00e7\u00e3o dos editais que ser\u00e3o disponibilizados.<\/p>\n\n\n\n<p>\u201cAs reuni\u00f5es setoriais j\u00e1 come\u00e7aram. Est\u00e3o bem avan\u00e7adas e, dentro de algumas semanas, estaremos lan\u00e7ando os editais para toda a classe art\u00edstica poder participar. Com isso, esperamos atingir mais de 10 mil profissionais da cultura. Manaus foi a primeira capital do Brasil a enviar o plano e o projeto ser aceito em dois dias pelo Minist\u00e9rio da Cultura e receber os recursos\u201d, afirmou Cardoso.<\/p>\n\n\n\n<p><strong>Plano de trabalho<\/strong><\/p>\n\n\n\n<p>O presidente do Concultura, Ten\u00f3rio Telles, contou que o processo de prepara\u00e7\u00e3o da Paulo Gustavo vem sendo constru\u00eddo desde o ano passado, observando as normas definidas pelo Minist\u00e9rio da Cultura. Ele relembrou que, ap\u00f3s as consultas junto aos segmentos culturais e a prepara\u00e7\u00e3o do plano de trabalho, o Concultura encaminhou a inscri\u00e7\u00e3o de Manaus junto ao Minc, sendo a primeira capital a se credenciar ainda no dia 20\/5.<\/p>\n\n\n\n<p>&#8220;Agora, com o recebimento dos recursos, entraremos na fase de prepara\u00e7\u00e3o dos editais para que os artistas possam participar com seus projetos e, assim, receberem o apoio para a execu\u00e7\u00e3o. Estamos trabalhando para que o processo da Paulo Gustavo seja efetivado da melhor forma e beneficie os nossos fazedores de cultura&#8221;, finalizou Telles.<\/p>\n\n\n\n<p>Para acessar os valores da lei, Estados, munic\u00edpios e o Distrito Federal t\u00eam at\u00e9 11 de julho para apresentarem os Planos de A\u00e7\u00e3o.<\/p>\n\n\n\n<p>O recebimento dos recursos da lei se d\u00e1 ap\u00f3s a assinatura do termo de ades\u00e3o \u00e0 LPG, uma consequ\u00eancia da aprova\u00e7\u00e3o do plano de a\u00e7\u00e3o, apresentado pelos governos ao MinC. O plano \u00e9 uma pe\u00e7a de planejamento em que os entes federativos reportam suas metas e a\u00e7\u00f5es estrat\u00e9gicas para utiliza\u00e7\u00e3o da verba advinda da lei. S\u00f3 ap\u00f3s sua apresenta\u00e7\u00e3o e a assinatura do termo \u00e9 que os recursos s\u00e3o liberados pelo minist\u00e9rio.<\/p>\n\n\n\n<p>At\u00e9 o final de junho, apenas os Estados da Bahia, do Par\u00e1, da Para\u00edba e do Tocantins haviam sido contemplados, no valor total de R$ 313.780.974,57, e que ser\u00e3o distribu\u00eddos entre esses quatro locais que tiveram os Planos de A\u00e7\u00e3o aprovados pelo minist\u00e9rio e assinaram os Termos de Ades\u00e3o na plataforma TransfereGov.<\/p>\n\n\n\n<p>\u2014\u2014\u2014\u2014<\/p>\n\n\n\n<p><strong>Texto &#8211;<\/strong>&nbsp;Beathriz Torres \/ Semcom e Assessoria Concultura\/Manauscult com informa\u00e7\u00f5es do MinC<\/p>\n\n\n\n<p><strong>Fotos \u2013<\/strong> DhyeizoLemos \/ Semcom e Aguilar Abecassis \/ Semcom<\/p>\n","protected":false},"excerpt":{"rendered":"","protected":false},"author":52,"featured_media":985,"comment_status":"closed","ping_status":"closed","sticky":false,"template":"","format":"standard","meta":{"footnotes":""},"categories":[271],"tags":[89,47,9,11],"acf":[],"yoast_head":"<!-- This site is optimized with the Yoast SEO plugin v23.0 - https:\/\/yoast.com\/wordpress\/plugins\/seo\/ -->\n<title>Manaus recebe R$ 17,6 mi da Lei Paulo Gustavo pelo MinC<\/title>\n<meta name=\"description\" content=\"A gest\u00e3o do prefeito David Almeida superou as 5 mil Certid\u00f5es de Endere\u00e7o emitidas pela Prefeitura de Manaus.\" \/>\n<meta name=\"robots\" content=\"noindex, follow\" \/>\n<meta property=\"og:locale\" content=\"pt_BR\" \/>\n<meta property=\"og:type\" content=\"article\" \/>\n<meta property=\"og:title\" content=\"Manaus recebe R$ 17,6 mi da Lei Paulo Gustavo pelo MinC\" \/>\n<meta property=\"og:description\" content=\"A gest\u00e3o do prefeito David Almeida superou as 5 mil Certid\u00f5es de Endere\u00e7o emitidas pela Prefeitura de Manaus.\" \/>\n<meta property=\"og:url\" content=\"https:\/\/www.manaus.am.gov.br\/manauscult\/manaus-recebe-rs-176-mi-da-lei-paulo-gustavo-pelo-minc\/\" \/>\n<meta property=\"og:site_name\" content=\"MANAUSCULT\" \/>\n<meta property=\"article:published_time\" content=\"2023-07-06T18:20:56+00:00\" \/>\n<meta property=\"article:modified_time\" content=\"2023-07-06T19:07:03+00:00\" \/>\n<meta property=\"og:image\" content=\"https:\/\/www.manaus.am.gov.br\/manauscult\/wp-content\/uploads\/sites\/11\/2023\/07\/Recursos-Lei-Paulo-Gustavo_reuniao-com-prefeito.jpg\" \/>\n\t<meta property=\"og:image:width\" content=\"2048\" \/>\n\t<meta property=\"og:image:height\" content=\"1365\" \/>\n\t<meta property=\"og:image:type\" content=\"image\/jpeg\" \/>\n<meta name=\"author\" content=\"csilveira\" \/>\n<meta name=\"twitter:card\" content=\"summary_large_image\" \/>\n<meta name=\"twitter:label1\" content=\"Written by\" \/>\n\t<meta name=\"twitter:data1\" content=\"csilveira\" \/>\n\t<meta name=\"twitter:label2\" content=\"Est. reading time\" \/>\n\t<meta name=\"twitter:data2\" content=\"4 minutos\" \/>\n<script type=\"application\/ld+json\" class=\"yoast-schema-graph\">{\"@context\":\"https:\/\/schema.org\",\"@graph\":[{\"@type\":\"WebPage\",\"@id\":\"https:\/\/www.manaus.am.gov.br\/manauscult\/manaus-recebe-rs-176-mi-da-lei-paulo-gustavo-pelo-minc\/\",\"url\":\"https:\/\/www.manaus.am.gov.br\/manauscult\/manaus-recebe-rs-176-mi-da-lei-paulo-gustavo-pelo-minc\/\",\"name\":\"Manaus recebe R$ 17,6 mi da Lei Paulo Gustavo pelo MinC\",\"isPartOf\":{\"@id\":\"https:\/\/www.manaus.am.gov.br\/manauscult\/#website\"},\"primaryImageOfPage\":{\"@id\":\"https:\/\/www.manaus.am.gov.br\/manauscult\/manaus-recebe-rs-176-mi-da-lei-paulo-gustavo-pelo-minc\/#primaryimage\"},\"image\":{\"@id\":\"https:\/\/www.manaus.am.gov.br\/manauscult\/manaus-recebe-rs-176-mi-da-lei-paulo-gustavo-pelo-minc\/#primaryimage\"},\"thumbnailUrl\":\"https:\/\/www.manaus.am.gov.br\/manauscult\/wp-content\/uploads\/sites\/11\/2023\/07\/Recursos-Lei-Paulo-Gustavo_reuniao-com-prefeito.jpg\",\"datePublished\":\"2023-07-06T18:20:56+00:00\",\"dateModified\":\"2023-07-06T19:07:03+00:00\",\"author\":{\"@id\":\"https:\/\/www.manaus.am.gov.br\/manauscult\/#\/schema\/person\/bfafc779be2e19b3d3ef4a59d418b606\"},\"description\":\"A gest\u00e3o do prefeito David Almeida superou as 5 mil Certid\u00f5es de Endere\u00e7o emitidas pela Prefeitura de Manaus.\",\"breadcrumb\":{\"@id\":\"https:\/\/www.manaus.am.gov.br\/manauscult\/manaus-recebe-rs-176-mi-da-lei-paulo-gustavo-pelo-minc\/#breadcrumb\"},\"inLanguage\":\"pt-BR\",\"potentialAction\":[{\"@type\":\"ReadAction\",\"target\":[\"https:\/\/www.manaus.am.gov.br\/manauscult\/manaus-recebe-rs-176-mi-da-lei-paulo-gustavo-pelo-minc\/\"]}]},{\"@type\":\"ImageObject\",\"inLanguage\":\"pt-BR\",\"@id\":\"https:\/\/www.manaus.am.gov.br\/manauscult\/manaus-recebe-rs-176-mi-da-lei-paulo-gustavo-pelo-minc\/#primaryimage\",\"url\":\"https:\/\/www.manaus.am.gov.br\/manauscult\/wp-content\/uploads\/sites\/11\/2023\/07\/Recursos-Lei-Paulo-Gustavo_reuniao-com-prefeito.jpg\",\"contentUrl\":\"https:\/\/www.manaus.am.gov.br\/manauscult\/wp-content\/uploads\/sites\/11\/2023\/07\/Recursos-Lei-Paulo-Gustavo_reuniao-com-prefeito.jpg\",\"width\":2048,\"height\":1365},{\"@type\":\"BreadcrumbList\",\"@id\":\"https:\/\/www.manaus.am.gov.br\/manauscult\/manaus-recebe-rs-176-mi-da-lei-paulo-gustavo-pelo-minc\/#breadcrumb\",\"itemListElement\":[{\"@type\":\"ListItem\",\"position\":1,\"name\":\"Home\",\"item\":\"https:\/\/www.manaus.am.gov.br\/manauscult\/\"},{\"@type\":\"ListItem\",\"position\":2,\"name\":\"Manaus recebe R$ 17,6 mi da Lei Paulo Gustavo\"}]},{\"@type\":\"WebSite\",\"@id\":\"https:\/\/www.manaus.am.gov.br\/manauscult\/#website\",\"url\":\"https:\/\/www.manaus.am.gov.br\/manauscult\/\",\"name\":\"MANAUSCULT\",\"description\":\"Prefeitura de Manaus\",\"potentialAction\":[{\"@type\":\"SearchAction\",\"target\":{\"@type\":\"EntryPoint\",\"urlTemplate\":\"https:\/\/www.manaus.am.gov.br\/manauscult\/?s={search_term_string}\"},\"query-input\":\"required name=search_term_string\"}],\"inLanguage\":\"pt-BR\"},{\"@type\":\"Person\",\"@id\":\"https:\/\/www.manaus.am.gov.br\/manauscult\/#\/schema\/person\/bfafc779be2e19b3d3ef4a59d418b606\",\"name\":\"csilveira\",\"image\":{\"@type\":\"ImageObject\",\"inLanguage\":\"pt-BR\",\"@id\":\"https:\/\/www.manaus.am.gov.br\/manauscult\/#\/schema\/person\/image\/\",\"url\":\"https:\/\/secure.gravatar.com\/avatar\/9c2e2f00138fcd35401c748bd030d3b5?s=96&d=mm&r=g\",\"contentUrl\":\"https:\/\/secure.gravatar.com\/avatar\/9c2e2f00138fcd35401c748bd030d3b5?s=96&d=mm&r=g\",\"caption\":\"csilveira\"}}]}<\/script>\n<!-- \/ Yoast SEO plugin. -->","yoast_head_json":{"title":"Manaus recebe R$ 17,6 mi da Lei Paulo Gustavo pelo MinC","description":"A gest\u00e3o do prefeito David Almeida superou as 5 mil Certid\u00f5es de Endere\u00e7o emitidas pela Prefeitura de Manaus.","robots":{"index":"noindex","follow":"follow"},"og_locale":"pt_BR","og_type":"article","og_title":"Manaus recebe R$ 17,6 mi da Lei Paulo Gustavo pelo MinC","og_description":"A gest\u00e3o do prefeito David Almeida superou as 5 mil Certid\u00f5es de Endere\u00e7o emitidas pela Prefeitura de Manaus.","og_url":"https:\/\/www.manaus.am.gov.br\/manauscult\/manaus-recebe-rs-176-mi-da-lei-paulo-gustavo-pelo-minc\/","og_site_name":"MANAUSCULT","article_published_time":"2023-07-06T18:20:56+00:00","article_modified_time":"2023-07-06T19:07:03+00:00","og_image":[{"width":2048,"height":1365,"url":"https:\/\/www.manaus.am.gov.br\/manauscult\/wp-content\/uploads\/sites\/11\/2023\/07\/Recursos-Lei-Paulo-Gustavo_reuniao-com-prefeito.jpg","type":"image\/jpeg"}],"author":"csilveira","twitter_card":"summary_large_image","twitter_misc":{"Written by":"csilveira","Est. reading time":"4 minutos"},"schema":{"@context":"https:\/\/schema.org","@graph":[{"@type":"WebPage","@id":"https:\/\/www.manaus.am.gov.br\/manauscult\/manaus-recebe-rs-176-mi-da-lei-paulo-gustavo-pelo-minc\/","url":"https:\/\/www.manaus.am.gov.br\/manauscult\/manaus-recebe-rs-176-mi-da-lei-paulo-gustavo-pelo-minc\/","name":"Manaus recebe R$ 17,6 mi da Lei Paulo Gustavo pelo MinC","isPartOf":{"@id":"https:\/\/www.manaus.am.gov.br\/manauscult\/#website"},"primaryImageOfPage":{"@id":"https:\/\/www.manaus.am.gov.br\/manauscult\/manaus-recebe-rs-176-mi-da-lei-paulo-gustavo-pelo-minc\/#primaryimage"},"image":{"@id":"https:\/\/www.manaus.am.gov.br\/manauscult\/manaus-recebe-rs-176-mi-da-lei-paulo-gustavo-pelo-minc\/#primaryimage"},"thumbnailUrl":"https:\/\/www.manaus.am.gov.br\/manauscult\/wp-content\/uploads\/sites\/11\/2023\/07\/Recursos-Lei-Paulo-Gustavo_reuniao-com-prefeito.jpg","datePublished":"2023-07-06T18:20:56+00:00","dateModified":"2023-07-06T19:07:03+00:00","author":{"@id":"https:\/\/www.manaus.am.gov.br\/manauscult\/#\/schema\/person\/bfafc779be2e19b3d3ef4a59d418b606"},"description":"A gest\u00e3o do prefeito David Almeida superou as 5 mil Certid\u00f5es de Endere\u00e7o emitidas pela Prefeitura de Manaus.","breadcrumb":{"@id":"https:\/\/www.manaus.am.gov.br\/manauscult\/manaus-recebe-rs-176-mi-da-lei-paulo-gustavo-pelo-minc\/#breadcrumb"},"inLanguage":"pt-BR","potentialAction":[{"@type":"ReadAction","target":["https:\/\/www.manaus.am.gov.br\/manauscult\/manaus-recebe-rs-176-mi-da-lei-paulo-gustavo-pelo-minc\/"]}]},{"@type":"ImageObject","inLanguage":"pt-BR","@id":"https:\/\/www.manaus.am.gov.br\/manauscult\/manaus-recebe-rs-176-mi-da-lei-paulo-gustavo-pelo-minc\/#primaryimage","url":"https:\/\/www.manaus.am.gov.br\/manauscult\/wp-content\/uploads\/sites\/11\/2023\/07\/Recursos-Lei-Paulo-Gustavo_reuniao-com-prefeito.jpg","contentUrl":"https:\/\/www.manaus.am.gov.br\/manauscult\/wp-content\/uploads\/sites\/11\/2023\/07\/Recursos-Lei-Paulo-Gustavo_reuniao-com-prefeito.jpg","width":2048,"height":1365},{"@type":"BreadcrumbList","@id":"https:\/\/www.manaus.am.gov.br\/manauscult\/manaus-recebe-rs-176-mi-da-lei-paulo-gustavo-pelo-minc\/#breadcrumb","itemListElement":[{"@type":"ListItem","position":1,"name":"Home","item":"https:\/\/www.manaus.am.gov.br\/manauscult\/"},{"@type":"ListItem","position":2,"name":"Manaus recebe R$ 17,6 mi da Lei Paulo Gustavo"}]},{"@type":"WebSite","@id":"https:\/\/www.manaus.am.gov.br\/manauscult\/#website","url":"https:\/\/www.manaus.am.gov.br\/manauscult\/","name":"MANAUSCULT","description":"Prefeitura de Manaus","potentialAction":[{"@type":"SearchAction","target":{"@type":"EntryPoint","urlTemplate":"https:\/\/www.manaus.am.gov.br\/manauscult\/?s={search_term_string}"},"query-input":"required name=search_term_string"}],"inLanguage":"pt-BR"},{"@type":"Person","@id":"https:\/\/www.manaus.am.gov.br\/manauscult\/#\/schema\/person\/bfafc779be2e19b3d3ef4a59d418b606","name":"csilveira","image":{"@type":"ImageObject","inLanguage":"pt-BR","@id":"https:\/\/www.manaus.am.gov.br\/manauscult\/#\/schema\/person\/image\/","url":"https:\/\/secure.gravatar.com\/avatar\/9c2e2f00138fcd35401c748bd030d3b5?s=96&d=mm&r=g","contentUrl":"https:\/\/secure.gravatar.com\/avatar\/9c2e2f00138fcd35401c748bd030d3b5?s=96&d=mm&r=g","caption":"csilveira"}}]}},"_links":{"self":[{"href":"https:\/\/www.manaus.am.gov.br\/manauscult\/wp-json\/wp\/v2\/posts\/984"}],"collection":[{"href":"https:\/\/www.manaus.am.gov.br\/manauscult\/wp-json\/wp\/v2\/posts"}],"about":[{"href":"https:\/\/www.manaus.am.gov.br\/manauscult\/wp-json\/wp\/v2\/types\/post"}],"author":[{"embeddable":true,"href":"https:\/\/www.manaus.am.gov.br\/manauscult\/wp-json\/wp\/v2\/users\/52"}],"replies":[{"embeddable":true,"href":"https:\/\/www.manaus.am.gov.br\/manauscult\/wp-json\/wp\/v2\/comments?post=984"}],"version-history":[{"count":2,"href":"https:\/\/www.manaus.am.gov.br\/manauscult\/wp-json\/wp\/v2\/posts\/984\/revisions"}],"predecessor-version":[{"id":987,"href":"https:\/\/www.manaus.am.gov.br\/manauscult\/wp-json\/wp\/v2\/posts\/984\/revisions\/987"}],"wp:featuredmedia":[{"embeddable":true,"href":"https:\/\/www.manaus.am.gov.br\/manauscult\/wp-json\/wp\/v2\/media\/985"}],"wp:attachment":[{"href":"https:\/\/www.manaus.am.gov.br\/manauscult\/wp-json\/wp\/v2\/media?parent=984"}],"wp:term":[{"taxonomy":"category","embeddable":true,"href":"https:\/\/www.manaus.am.gov.br\/manauscult\/wp-json\/wp\/v2\/categories?post=984"},{"taxonomy":"post_tag","embeddable":true,"href":"https:\/\/www.manaus.am.gov.br\/manauscult\/wp-json\/wp\/v2\/tags?post=984"}],"curies":[{"name":"wp","href":"https:\/\/api.w.org\/{rel}","templated":true}]}}