{"id":982,"date":"2023-07-05T18:58:19","date_gmt":"2023-07-05T22:58:19","guid":{"rendered":"https:\/\/www.manaus.am.gov.br\/manauscult\/prefeitura-publica-resultado-preliminar-dos-cem-projetos-contemplados-no-edital-manaus-faz-cultura-2023\/"},"modified":"2023-07-06T16:17:18","modified_gmt":"2023-07-06T20:17:18","slug":"prefeitura-publica-resultado-preliminar-dos-cem-projetos-contemplados-no-edital-manaus-faz-cultura-2023","status":"publish","type":"post","link":"https:\/\/www.manaus.am.gov.br\/manauscult\/prefeitura-publica-resultado-preliminar-dos-cem-projetos-contemplados-no-edital-manaus-faz-cultura-2023\/","title":{"rendered":"<strong>Prefeitura publica resultado preliminar dos cem projetos contemplados no edital \u2018Manaus Faz Cultura 2023\u2019<\/strong>"},"content":{"rendered":"\n<p>A Prefeitura de Manaus, por meio da Funda\u00e7\u00e3o Municipal de Cultura, Turismo e Eventos (Manauscult) e do Conselho Municipal de Cultura (Concultura), publicou a lista preliminar dos cem projetos que ser\u00e3o contemplados pelo edital \u201cManaus Faz Cultura 2023\u201d, dentre os 724 proponentes inscritos este ano para realiza\u00e7\u00e3o de oficinas culturais na capital e entorno.<\/p>\n\n\n\n<p>O resultado \u00e9 em car\u00e1ter preliminar, porque ainda vai haver o prazo para recursos de 6 a 12\/7, e an\u00e1lise dos mesmos de 13 a 19\/7, para posteriormente ser publicado o resultado final no dia 20\/7. Confira o resultado no link:&nbsp;<a href=\"http:\/\/concultura.manaus.am.gov.br\/programa-manaus-faz-cultura\" target=\"_blank\" rel=\"noreferrer noopener\">concultura.manaus.am.gov.br\/programa-manaus-faz-cultura<\/a>.<\/p>\n\n\n\n<p>Neste ano, o edital \u201cManaus Faz Cultura\u201d ampliou para cem o n\u00famero de projetos que ser\u00e3o contemplados com patroc\u00ednio de R$ 20 mil reais cada, totalizando R$ 2 milh\u00f5es. O formato dos projetos deve ser de oficinas, cursos e semin\u00e1rios, que abordem os fazeres art\u00edsticos e culturais.<\/p>\n\n\n\n<p>De acordo com o diretor-presidente da Manauscult, Osvaldo Cardoso, o edital tem como principal objetivo levar a cultura para as periferias, por meio de oficinas e, por conseguinte, formar novos artistas e apreciadores da arte.<\/p>\n\n\n\n<p>\u201cA arte, a cultura, assim como a educa\u00e7\u00e3o e o esporte s\u00e3o capazes de mudar a realidade de uma pessoa da comunidade. Ent\u00e3o, estamos aproximando a gest\u00e3o das comunidades, estamos entrando com interven\u00e7\u00e3o cultural nas periferias. \u00c9 imposs\u00edvel algu\u00e9m ser tocado pela arte e n\u00e3o ter mudan\u00e7a de vida. Mais do que entretenimento e conhecimento, estamos levando esperan\u00e7a, novos horizontes, como determina o prefeito David Almeida\u201d, disse.&nbsp;<\/p>\n\n\n\n<p>O presidente do Concultura, Ten\u00f3rio Telles, informa que dando continuidade ao trabalho de fomento aos fazedores de cultura, a Prefeitura de Manaus apresenta o resultado preliminar dos projetos que compor\u00e3o o programa de oficinas Manaus Faz Cultura 2023.<\/p>\n\n\n\n<p>&#8220;Trata-se de mais uma iniciativa da gest\u00e3o do prefeito David Almeida com o prop\u00f3sito de gerar oportunidades de trabalho e renda para os artistas e, ao mesmo tempo, qualificar e estimular a forma\u00e7\u00e3o dos novos talentos de nossa cidade&#8221;.<\/p>\n\n\n\n<p><strong>Evolu\u00e7\u00e3o<\/strong><\/p>\n\n\n\n<p>O edital na edi\u00e7\u00e3o de 2023 vai contemplar os projetos de oficinas de conte\u00fado art\u00edstico-culturais com valor de R$ 20 mil cada. Foram contemplados por segmentos: literatura (11), dan\u00e7a (12), teatro e circo (13), artes visuais (12), audiovisual (12), cultura \u00e9tnica (11), m\u00fasica (12), cultura popular (11), hip-hop e outros (6), a serem realizadas em todas as zonas da cidade e \u00e1reas ribeirinhas do entorno da capital, totalizando &nbsp;cem projetos.<\/p>\n\n\n\n<p>Nos anos anteriores, foram contemplados 40 projetos em 2021, e em 2022 foram contempladas 60 oficinas no mesmo valor, que descentralizaram o incentivo \u00e0 cultura em Manaus.<\/p>\n\n\n\n<p>Foram inscritos, neste ano, nos nove segmentos, 107 projetos em artes visuais, 84 de audiovisual, 53 de cultura \u00e9tnica, 77 de cultura popular, 86 de dan\u00e7a, 47 de literatura, 101 de m\u00fasica, 105 de teatro e circo, e 60 de outros segmentos.<\/p>\n\n\n\n<p>&#8212; &#8212; &#8212;<\/p>\n\n\n\n<p><strong>Texto<\/strong>&nbsp;\u2013 Crist\u00f3v\u00e3o Nonato \/ Manauscult<\/p>\n\n\n\n<p><strong>Foto<\/strong>&nbsp;\u2013 Divulga\u00e7\u00e3o \/ Manauscult<\/p>\n","protected":false},"excerpt":{"rendered":"","protected":false},"author":31,"featured_media":983,"comment_status":"closed","ping_status":"closed","sticky":false,"template":"","format":"standard","meta":{"footnotes":""},"categories":[12],"tags":[268,269,270],"acf":[],"yoast_head":"<!-- This site is optimized with the Yoast SEO plugin v23.0 - https:\/\/yoast.com\/wordpress\/plugins\/seo\/ -->\n<title>Prefeitura publica resultado preliminar dos cem projetos contemplados no edital \u2018Manaus Faz Cultura 2023\u2019 - MANAUSCULT<\/title>\n<meta name=\"robots\" content=\"noindex, follow\" \/>\n<meta property=\"og:locale\" content=\"pt_BR\" \/>\n<meta property=\"og:type\" content=\"article\" \/>\n<meta property=\"og:title\" content=\"Prefeitura publica resultado preliminar dos cem projetos contemplados no edital \u2018Manaus Faz Cultura 2023\u2019 - MANAUSCULT\" \/>\n<meta property=\"og:url\" content=\"https:\/\/www.manaus.am.gov.br\/manauscult\/prefeitura-publica-resultado-preliminar-dos-cem-projetos-contemplados-no-edital-manaus-faz-cultura-2023\/\" \/>\n<meta property=\"og:site_name\" content=\"MANAUSCULT\" \/>\n<meta property=\"article:published_time\" content=\"2023-07-05T22:58:19+00:00\" \/>\n<meta property=\"article:modified_time\" content=\"2023-07-06T20:17:18+00:00\" \/>\n<meta property=\"og:image\" content=\"https:\/\/www.manaus.am.gov.br\/manauscult\/wp-content\/uploads\/sites\/11\/2023\/07\/20230705_103206-1024x577.jpg\" \/>\n\t<meta property=\"og:image:width\" content=\"1024\" \/>\n\t<meta property=\"og:image:height\" content=\"577\" \/>\n\t<meta property=\"og:image:type\" content=\"image\/jpeg\" \/>\n<meta name=\"author\" content=\"Renata Felix\" \/>\n<meta name=\"twitter:card\" content=\"summary_large_image\" \/>\n<meta name=\"twitter:label1\" content=\"Written by\" \/>\n\t<meta name=\"twitter:data1\" content=\"Renata Felix\" \/>\n\t<meta name=\"twitter:label2\" content=\"Est. reading time\" \/>\n\t<meta name=\"twitter:data2\" content=\"3 minutos\" \/>\n<script type=\"application\/ld+json\" class=\"yoast-schema-graph\">{\"@context\":\"https:\/\/schema.org\",\"@graph\":[{\"@type\":\"WebPage\",\"@id\":\"https:\/\/www.manaus.am.gov.br\/manauscult\/prefeitura-publica-resultado-preliminar-dos-cem-projetos-contemplados-no-edital-manaus-faz-cultura-2023\/\",\"url\":\"https:\/\/www.manaus.am.gov.br\/manauscult\/prefeitura-publica-resultado-preliminar-dos-cem-projetos-contemplados-no-edital-manaus-faz-cultura-2023\/\",\"name\":\"Prefeitura publica resultado preliminar dos cem projetos contemplados no edital \u2018Manaus Faz Cultura 2023\u2019 - MANAUSCULT\",\"isPartOf\":{\"@id\":\"https:\/\/www.manaus.am.gov.br\/manauscult\/#website\"},\"primaryImageOfPage\":{\"@id\":\"https:\/\/www.manaus.am.gov.br\/manauscult\/prefeitura-publica-resultado-preliminar-dos-cem-projetos-contemplados-no-edital-manaus-faz-cultura-2023\/#primaryimage\"},\"image\":{\"@id\":\"https:\/\/www.manaus.am.gov.br\/manauscult\/prefeitura-publica-resultado-preliminar-dos-cem-projetos-contemplados-no-edital-manaus-faz-cultura-2023\/#primaryimage\"},\"thumbnailUrl\":\"https:\/\/www.manaus.am.gov.br\/manauscult\/wp-content\/uploads\/sites\/11\/2023\/07\/20230705_103206.jpg\",\"datePublished\":\"2023-07-05T22:58:19+00:00\",\"dateModified\":\"2023-07-06T20:17:18+00:00\",\"author\":{\"@id\":\"https:\/\/www.manaus.am.gov.br\/manauscult\/#\/schema\/person\/4eea2a8f78dc853097abb026f728aa06\"},\"breadcrumb\":{\"@id\":\"https:\/\/www.manaus.am.gov.br\/manauscult\/prefeitura-publica-resultado-preliminar-dos-cem-projetos-contemplados-no-edital-manaus-faz-cultura-2023\/#breadcrumb\"},\"inLanguage\":\"pt-BR\",\"potentialAction\":[{\"@type\":\"ReadAction\",\"target\":[\"https:\/\/www.manaus.am.gov.br\/manauscult\/prefeitura-publica-resultado-preliminar-dos-cem-projetos-contemplados-no-edital-manaus-faz-cultura-2023\/\"]}]},{\"@type\":\"ImageObject\",\"inLanguage\":\"pt-BR\",\"@id\":\"https:\/\/www.manaus.am.gov.br\/manauscult\/prefeitura-publica-resultado-preliminar-dos-cem-projetos-contemplados-no-edital-manaus-faz-cultura-2023\/#primaryimage\",\"url\":\"https:\/\/www.manaus.am.gov.br\/manauscult\/wp-content\/uploads\/sites\/11\/2023\/07\/20230705_103206.jpg\",\"contentUrl\":\"https:\/\/www.manaus.am.gov.br\/manauscult\/wp-content\/uploads\/sites\/11\/2023\/07\/20230705_103206.jpg\",\"width\":4000,\"height\":2252},{\"@type\":\"BreadcrumbList\",\"@id\":\"https:\/\/www.manaus.am.gov.br\/manauscult\/prefeitura-publica-resultado-preliminar-dos-cem-projetos-contemplados-no-edital-manaus-faz-cultura-2023\/#breadcrumb\",\"itemListElement\":[{\"@type\":\"ListItem\",\"position\":1,\"name\":\"Home\",\"item\":\"https:\/\/www.manaus.am.gov.br\/manauscult\/\"},{\"@type\":\"ListItem\",\"position\":2,\"name\":\"Prefeitura publica resultado preliminar dos cem projetos contemplados no edital \u2018Manaus Faz Cultura 2023\u2019\"}]},{\"@type\":\"WebSite\",\"@id\":\"https:\/\/www.manaus.am.gov.br\/manauscult\/#website\",\"url\":\"https:\/\/www.manaus.am.gov.br\/manauscult\/\",\"name\":\"MANAUSCULT\",\"description\":\"Prefeitura de Manaus\",\"potentialAction\":[{\"@type\":\"SearchAction\",\"target\":{\"@type\":\"EntryPoint\",\"urlTemplate\":\"https:\/\/www.manaus.am.gov.br\/manauscult\/?s={search_term_string}\"},\"query-input\":\"required name=search_term_string\"}],\"inLanguage\":\"pt-BR\"},{\"@type\":\"Person\",\"@id\":\"https:\/\/www.manaus.am.gov.br\/manauscult\/#\/schema\/person\/4eea2a8f78dc853097abb026f728aa06\",\"name\":\"Renata Felix\",\"image\":{\"@type\":\"ImageObject\",\"inLanguage\":\"pt-BR\",\"@id\":\"https:\/\/www.manaus.am.gov.br\/manauscult\/#\/schema\/person\/image\/\",\"url\":\"https:\/\/secure.gravatar.com\/avatar\/3c196cf9d3b837b24c8edb2c50fd8f29?s=96&d=mm&r=g\",\"contentUrl\":\"https:\/\/secure.gravatar.com\/avatar\/3c196cf9d3b837b24c8edb2c50fd8f29?s=96&d=mm&r=g\",\"caption\":\"Renata Felix\"}}]}<\/script>\n<!-- \/ Yoast SEO plugin. -->","yoast_head_json":{"title":"Prefeitura publica resultado preliminar dos cem projetos contemplados no edital \u2018Manaus Faz Cultura 2023\u2019 - MANAUSCULT","robots":{"index":"noindex","follow":"follow"},"og_locale":"pt_BR","og_type":"article","og_title":"Prefeitura publica resultado preliminar dos cem projetos contemplados no edital \u2018Manaus Faz Cultura 2023\u2019 - MANAUSCULT","og_url":"https:\/\/www.manaus.am.gov.br\/manauscult\/prefeitura-publica-resultado-preliminar-dos-cem-projetos-contemplados-no-edital-manaus-faz-cultura-2023\/","og_site_name":"MANAUSCULT","article_published_time":"2023-07-05T22:58:19+00:00","article_modified_time":"2023-07-06T20:17:18+00:00","og_image":[{"width":1024,"height":577,"url":"https:\/\/www.manaus.am.gov.br\/manauscult\/wp-content\/uploads\/sites\/11\/2023\/07\/20230705_103206-1024x577.jpg","type":"image\/jpeg"}],"author":"Renata Felix","twitter_card":"summary_large_image","twitter_misc":{"Written by":"Renata Felix","Est. reading time":"3 minutos"},"schema":{"@context":"https:\/\/schema.org","@graph":[{"@type":"WebPage","@id":"https:\/\/www.manaus.am.gov.br\/manauscult\/prefeitura-publica-resultado-preliminar-dos-cem-projetos-contemplados-no-edital-manaus-faz-cultura-2023\/","url":"https:\/\/www.manaus.am.gov.br\/manauscult\/prefeitura-publica-resultado-preliminar-dos-cem-projetos-contemplados-no-edital-manaus-faz-cultura-2023\/","name":"Prefeitura publica resultado preliminar dos cem projetos contemplados no edital \u2018Manaus Faz Cultura 2023\u2019 - MANAUSCULT","isPartOf":{"@id":"https:\/\/www.manaus.am.gov.br\/manauscult\/#website"},"primaryImageOfPage":{"@id":"https:\/\/www.manaus.am.gov.br\/manauscult\/prefeitura-publica-resultado-preliminar-dos-cem-projetos-contemplados-no-edital-manaus-faz-cultura-2023\/#primaryimage"},"image":{"@id":"https:\/\/www.manaus.am.gov.br\/manauscult\/prefeitura-publica-resultado-preliminar-dos-cem-projetos-contemplados-no-edital-manaus-faz-cultura-2023\/#primaryimage"},"thumbnailUrl":"https:\/\/www.manaus.am.gov.br\/manauscult\/wp-content\/uploads\/sites\/11\/2023\/07\/20230705_103206.jpg","datePublished":"2023-07-05T22:58:19+00:00","dateModified":"2023-07-06T20:17:18+00:00","author":{"@id":"https:\/\/www.manaus.am.gov.br\/manauscult\/#\/schema\/person\/4eea2a8f78dc853097abb026f728aa06"},"breadcrumb":{"@id":"https:\/\/www.manaus.am.gov.br\/manauscult\/prefeitura-publica-resultado-preliminar-dos-cem-projetos-contemplados-no-edital-manaus-faz-cultura-2023\/#breadcrumb"},"inLanguage":"pt-BR","potentialAction":[{"@type":"ReadAction","target":["https:\/\/www.manaus.am.gov.br\/manauscult\/prefeitura-publica-resultado-preliminar-dos-cem-projetos-contemplados-no-edital-manaus-faz-cultura-2023\/"]}]},{"@type":"ImageObject","inLanguage":"pt-BR","@id":"https:\/\/www.manaus.am.gov.br\/manauscult\/prefeitura-publica-resultado-preliminar-dos-cem-projetos-contemplados-no-edital-manaus-faz-cultura-2023\/#primaryimage","url":"https:\/\/www.manaus.am.gov.br\/manauscult\/wp-content\/uploads\/sites\/11\/2023\/07\/20230705_103206.jpg","contentUrl":"https:\/\/www.manaus.am.gov.br\/manauscult\/wp-content\/uploads\/sites\/11\/2023\/07\/20230705_103206.jpg","width":4000,"height":2252},{"@type":"BreadcrumbList","@id":"https:\/\/www.manaus.am.gov.br\/manauscult\/prefeitura-publica-resultado-preliminar-dos-cem-projetos-contemplados-no-edital-manaus-faz-cultura-2023\/#breadcrumb","itemListElement":[{"@type":"ListItem","position":1,"name":"Home","item":"https:\/\/www.manaus.am.gov.br\/manauscult\/"},{"@type":"ListItem","position":2,"name":"Prefeitura publica resultado preliminar dos cem projetos contemplados no edital \u2018Manaus Faz Cultura 2023\u2019"}]},{"@type":"WebSite","@id":"https:\/\/www.manaus.am.gov.br\/manauscult\/#website","url":"https:\/\/www.manaus.am.gov.br\/manauscult\/","name":"MANAUSCULT","description":"Prefeitura de Manaus","potentialAction":[{"@type":"SearchAction","target":{"@type":"EntryPoint","urlTemplate":"https:\/\/www.manaus.am.gov.br\/manauscult\/?s={search_term_string}"},"query-input":"required name=search_term_string"}],"inLanguage":"pt-BR"},{"@type":"Person","@id":"https:\/\/www.manaus.am.gov.br\/manauscult\/#\/schema\/person\/4eea2a8f78dc853097abb026f728aa06","name":"Renata Felix","image":{"@type":"ImageObject","inLanguage":"pt-BR","@id":"https:\/\/www.manaus.am.gov.br\/manauscult\/#\/schema\/person\/image\/","url":"https:\/\/secure.gravatar.com\/avatar\/3c196cf9d3b837b24c8edb2c50fd8f29?s=96&d=mm&r=g","contentUrl":"https:\/\/secure.gravatar.com\/avatar\/3c196cf9d3b837b24c8edb2c50fd8f29?s=96&d=mm&r=g","caption":"Renata Felix"}}]}},"_links":{"self":[{"href":"https:\/\/www.manaus.am.gov.br\/manauscult\/wp-json\/wp\/v2\/posts\/982"}],"collection":[{"href":"https:\/\/www.manaus.am.gov.br\/manauscult\/wp-json\/wp\/v2\/posts"}],"about":[{"href":"https:\/\/www.manaus.am.gov.br\/manauscult\/wp-json\/wp\/v2\/types\/post"}],"author":[{"embeddable":true,"href":"https:\/\/www.manaus.am.gov.br\/manauscult\/wp-json\/wp\/v2\/users\/31"}],"replies":[{"embeddable":true,"href":"https:\/\/www.manaus.am.gov.br\/manauscult\/wp-json\/wp\/v2\/comments?post=982"}],"version-history":[{"count":1,"href":"https:\/\/www.manaus.am.gov.br\/manauscult\/wp-json\/wp\/v2\/posts\/982\/revisions"}],"predecessor-version":[{"id":988,"href":"https:\/\/www.manaus.am.gov.br\/manauscult\/wp-json\/wp\/v2\/posts\/982\/revisions\/988"}],"wp:featuredmedia":[{"embeddable":true,"href":"https:\/\/www.manaus.am.gov.br\/manauscult\/wp-json\/wp\/v2\/media\/983"}],"wp:attachment":[{"href":"https:\/\/www.manaus.am.gov.br\/manauscult\/wp-json\/wp\/v2\/media?parent=982"}],"wp:term":[{"taxonomy":"category","embeddable":true,"href":"https:\/\/www.manaus.am.gov.br\/manauscult\/wp-json\/wp\/v2\/categories?post=982"},{"taxonomy":"post_tag","embeddable":true,"href":"https:\/\/www.manaus.am.gov.br\/manauscult\/wp-json\/wp\/v2\/tags?post=982"}],"curies":[{"name":"wp","href":"https:\/\/api.w.org\/{rel}","templated":true}]}}