{"id":979,"date":"2023-07-04T16:57:04","date_gmt":"2023-07-04T20:57:04","guid":{"rendered":"https:\/\/www.manaus.am.gov.br\/manauscult\/prefeitura-fecha-parceria-com-afeam-para-financiar-empreendedores-do-setor-turistico-e-cultural-de-manaus\/"},"modified":"2023-07-04T16:57:05","modified_gmt":"2023-07-04T20:57:05","slug":"prefeitura-fecha-parceria-com-afeam-para-financiar-empreendedores-do-setor-turistico-e-cultural-de-manaus","status":"publish","type":"post","link":"https:\/\/www.manaus.am.gov.br\/manauscult\/prefeitura-fecha-parceria-com-afeam-para-financiar-empreendedores-do-setor-turistico-e-cultural-de-manaus\/","title":{"rendered":"<strong>Prefeitura fecha parceria com Afeam para financiar empreendedores do setor tur\u00edstico e cultural de Manaus<\/strong>"},"content":{"rendered":"\n<p>A Prefeitura de Manaus, por meio da Funda\u00e7\u00e3o Municipal de Cultura, Turismo e Eventos (Manauscult), firmou parceria com a Ag\u00eancia de Fomento do Estado do Amazonas S.A. (Afeam), para oferecer linhas de financiamento para empreendedores do setor tur\u00edstico e cultural da cidade, com o objetivo de movimentar a cadeia produtiva durante o \u201c#SouManaus Passo a Pa\u00e7o 2023\u201d, que acontecer\u00e1 nos dias 5, 6 e 7 de setembro, no centro hist\u00f3rico.<\/p>\n\n\n\n<p>Osvaldo Cardoso, diretor-presidente da Manauscult, afirma que a parceria surge da necessidade de fortalecer economicamente os empreendedores que atuam no segmento do turismo e da cultura, nos megaeventos organizados pela Prefeitura de Manaus.<\/p>\n\n\n\n<p>\u201cTemos um fluxo muito grande, com uma agenda de eventos consolidada no calend\u00e1rio oficial de Manaus, onde movimentamos n\u00e3o apenas o setor cultural e tur\u00edstico, mas tamb\u00e9m o de servi\u00e7os. Diante disso, identificamos a necessidade de buscarmos junto a Afeam linhas de financiamento facilitadas direcionadas a micro e pequenos empreendedores que atuam em nossas a\u00e7\u00f5es\u201d, disse Cardoso.<\/p>\n\n\n\n<p>A partir desta parceria, as a\u00e7\u00f5es da Manauscult, organizadas atrav\u00e9s de editais, contar\u00e3o com o incentivo financeiro da Afeam, que vai disponibilizar linhas de financiamento com taxas de juros subsidiadas e prazos flex\u00edveis, visando o melhor aproveitamento e aplica\u00e7\u00e3o dos recursos, bem como ao crescimento e sustentabilidade das atividades econ\u00f4micas, como forma de inclus\u00e3o social.<\/p>\n\n\n\n<p>O diretor-presidente da Afeam, Marcos Vinicius Castro, destacou que a parceria vai estimular o aprimoramento e produ\u00e7\u00e3o dessa cadeia de servi\u00e7os atendidos pela Manauscult, e que para isso ser\u00e1 disponibilizado microcr\u00e9dito com condi\u00e7\u00f5es facilitadas para micro e pequenos empreendedores, por meio das linhas de financiamento do Programa \u201cMais Cr\u00e9dito\u201d com limites de at\u00e9 R$ 21 mil.<\/p>\n\n\n\n<p>\u201cPossu\u00edmos uma linha de cr\u00e9dito totalmente facilitada, com taxa de juros de 6% ao ano, para capital de giro e investimento fixo (m\u00e1q\/equip, m\u00f3veis, pequenas reformas entre outros), necess\u00e1rios para a implanta\u00e7\u00e3o, manuten\u00e7\u00e3o, amplia\u00e7\u00e3o e moderniza\u00e7\u00e3o da atividade produtiva. Estaremos financiando com prazo de at\u00e9 tr\u00eas anos para pagar, com taxa de 6% ao ano\u201d, refor\u00e7ou o diretor-presidente.<\/p>\n\n\n\n<p>&#8212; &#8212; &#8212;<\/p>\n\n\n\n<p><strong>Texto &#8211;<\/strong> Emanuelle Baires \/ Manauscult<\/p>\n\n\n\n<p><strong>Foto &#8211;<\/strong> Zeca Leal \/ Afeam<\/p>\n","protected":false},"excerpt":{"rendered":"","protected":false},"author":39,"featured_media":980,"comment_status":"closed","ping_status":"closed","sticky":false,"template":"","format":"standard","meta":{"footnotes":""},"categories":[263],"tags":[264,265,266,267,9,215,11],"acf":[],"yoast_head":"<!-- This site is optimized with the Yoast SEO plugin v23.0 - https:\/\/yoast.com\/wordpress\/plugins\/seo\/ -->\n<title>Prefeitura fecha parceria com Afeam para financiar empreendedores do setor tur\u00edstico e cultural de Manaus<\/title>\n<meta name=\"description\" content=\"A Prefeitura de Manaus, por meio da Funda\u00e7\u00e3o Municipal de Cultura, Turismo e Eventos (Manauscult), firmou parceria com a Ag\u00eancia de Fomento do Estado do Amazonas S.A. (Afeam), para oferecer linhas de financiamento para empreendedores do setor tur\u00edstico e cultural da cidade.\" \/>\n<meta name=\"robots\" content=\"noindex, follow\" \/>\n<meta property=\"og:locale\" content=\"pt_BR\" \/>\n<meta property=\"og:type\" content=\"article\" \/>\n<meta property=\"og:title\" content=\"Prefeitura fecha parceria com Afeam para financiar empreendedores do setor tur\u00edstico e cultural de Manaus\" \/>\n<meta property=\"og:description\" content=\"A Prefeitura de Manaus, por meio da Funda\u00e7\u00e3o Municipal de Cultura, Turismo e Eventos (Manauscult), firmou parceria com a Ag\u00eancia de Fomento do Estado do Amazonas S.A. (Afeam), para oferecer linhas de financiamento para empreendedores do setor tur\u00edstico e cultural da cidade.\" \/>\n<meta property=\"og:url\" content=\"https:\/\/www.manaus.am.gov.br\/manauscult\/prefeitura-fecha-parceria-com-afeam-para-financiar-empreendedores-do-setor-turistico-e-cultural-de-manaus\/\" \/>\n<meta property=\"og:site_name\" content=\"MANAUSCULT\" \/>\n<meta property=\"article:published_time\" content=\"2023-07-04T20:57:04+00:00\" \/>\n<meta property=\"article:modified_time\" content=\"2023-07-04T20:57:05+00:00\" \/>\n<meta property=\"og:image\" content=\"https:\/\/www.manaus.am.gov.br\/manauscult\/wp-content\/uploads\/sites\/11\/2023\/07\/Manauscult-fecha-parceria-com-Afeam-2.jpeg\" \/>\n\t<meta property=\"og:image:width\" content=\"1600\" \/>\n\t<meta property=\"og:image:height\" content=\"1066\" \/>\n\t<meta property=\"og:image:type\" content=\"image\/jpeg\" \/>\n<meta name=\"author\" content=\"Bruna Greco\" \/>\n<meta name=\"twitter:card\" content=\"summary_large_image\" \/>\n<meta name=\"twitter:label1\" content=\"Written by\" \/>\n\t<meta name=\"twitter:data1\" content=\"Bruna Greco\" \/>\n\t<meta name=\"twitter:label2\" content=\"Est. reading time\" \/>\n\t<meta name=\"twitter:data2\" content=\"2 minutos\" \/>\n<script type=\"application\/ld+json\" class=\"yoast-schema-graph\">{\"@context\":\"https:\/\/schema.org\",\"@graph\":[{\"@type\":\"WebPage\",\"@id\":\"https:\/\/www.manaus.am.gov.br\/manauscult\/prefeitura-fecha-parceria-com-afeam-para-financiar-empreendedores-do-setor-turistico-e-cultural-de-manaus\/\",\"url\":\"https:\/\/www.manaus.am.gov.br\/manauscult\/prefeitura-fecha-parceria-com-afeam-para-financiar-empreendedores-do-setor-turistico-e-cultural-de-manaus\/\",\"name\":\"Prefeitura fecha parceria com Afeam para financiar empreendedores do setor tur\u00edstico e cultural de Manaus\",\"isPartOf\":{\"@id\":\"https:\/\/www.manaus.am.gov.br\/manauscult\/#website\"},\"primaryImageOfPage\":{\"@id\":\"https:\/\/www.manaus.am.gov.br\/manauscult\/prefeitura-fecha-parceria-com-afeam-para-financiar-empreendedores-do-setor-turistico-e-cultural-de-manaus\/#primaryimage\"},\"image\":{\"@id\":\"https:\/\/www.manaus.am.gov.br\/manauscult\/prefeitura-fecha-parceria-com-afeam-para-financiar-empreendedores-do-setor-turistico-e-cultural-de-manaus\/#primaryimage\"},\"thumbnailUrl\":\"https:\/\/www.manaus.am.gov.br\/manauscult\/wp-content\/uploads\/sites\/11\/2023\/07\/Manauscult-fecha-parceria-com-Afeam-2.jpeg\",\"datePublished\":\"2023-07-04T20:57:04+00:00\",\"dateModified\":\"2023-07-04T20:57:05+00:00\",\"author\":{\"@id\":\"https:\/\/www.manaus.am.gov.br\/manauscult\/#\/schema\/person\/05d223aea2bf115f9883a6ff3683d81b\"},\"description\":\"A Prefeitura de Manaus, por meio da Funda\u00e7\u00e3o Municipal de Cultura, Turismo e Eventos (Manauscult), firmou parceria com a Ag\u00eancia de Fomento do Estado do Amazonas S.A. (Afeam), para oferecer linhas de financiamento para empreendedores do setor tur\u00edstico e cultural da cidade.\",\"breadcrumb\":{\"@id\":\"https:\/\/www.manaus.am.gov.br\/manauscult\/prefeitura-fecha-parceria-com-afeam-para-financiar-empreendedores-do-setor-turistico-e-cultural-de-manaus\/#breadcrumb\"},\"inLanguage\":\"pt-BR\",\"potentialAction\":[{\"@type\":\"ReadAction\",\"target\":[\"https:\/\/www.manaus.am.gov.br\/manauscult\/prefeitura-fecha-parceria-com-afeam-para-financiar-empreendedores-do-setor-turistico-e-cultural-de-manaus\/\"]}]},{\"@type\":\"ImageObject\",\"inLanguage\":\"pt-BR\",\"@id\":\"https:\/\/www.manaus.am.gov.br\/manauscult\/prefeitura-fecha-parceria-com-afeam-para-financiar-empreendedores-do-setor-turistico-e-cultural-de-manaus\/#primaryimage\",\"url\":\"https:\/\/www.manaus.am.gov.br\/manauscult\/wp-content\/uploads\/sites\/11\/2023\/07\/Manauscult-fecha-parceria-com-Afeam-2.jpeg\",\"contentUrl\":\"https:\/\/www.manaus.am.gov.br\/manauscult\/wp-content\/uploads\/sites\/11\/2023\/07\/Manauscult-fecha-parceria-com-Afeam-2.jpeg\",\"width\":1600,\"height\":1066},{\"@type\":\"BreadcrumbList\",\"@id\":\"https:\/\/www.manaus.am.gov.br\/manauscult\/prefeitura-fecha-parceria-com-afeam-para-financiar-empreendedores-do-setor-turistico-e-cultural-de-manaus\/#breadcrumb\",\"itemListElement\":[{\"@type\":\"ListItem\",\"position\":1,\"name\":\"Home\",\"item\":\"https:\/\/www.manaus.am.gov.br\/manauscult\/\"},{\"@type\":\"ListItem\",\"position\":2,\"name\":\"Prefeitura fecha parceria com Afeam para financiar empreendedores do setor tur\u00edstico e cultural de Manaus\"}]},{\"@type\":\"WebSite\",\"@id\":\"https:\/\/www.manaus.am.gov.br\/manauscult\/#website\",\"url\":\"https:\/\/www.manaus.am.gov.br\/manauscult\/\",\"name\":\"MANAUSCULT\",\"description\":\"Prefeitura de Manaus\",\"potentialAction\":[{\"@type\":\"SearchAction\",\"target\":{\"@type\":\"EntryPoint\",\"urlTemplate\":\"https:\/\/www.manaus.am.gov.br\/manauscult\/?s={search_term_string}\"},\"query-input\":\"required name=search_term_string\"}],\"inLanguage\":\"pt-BR\"},{\"@type\":\"Person\",\"@id\":\"https:\/\/www.manaus.am.gov.br\/manauscult\/#\/schema\/person\/05d223aea2bf115f9883a6ff3683d81b\",\"name\":\"Bruna Greco\",\"image\":{\"@type\":\"ImageObject\",\"inLanguage\":\"pt-BR\",\"@id\":\"https:\/\/www.manaus.am.gov.br\/manauscult\/#\/schema\/person\/image\/\",\"url\":\"https:\/\/secure.gravatar.com\/avatar\/9c877d1a6adc2a055330e5c09a8653ce?s=96&d=mm&r=g\",\"contentUrl\":\"https:\/\/secure.gravatar.com\/avatar\/9c877d1a6adc2a055330e5c09a8653ce?s=96&d=mm&r=g\",\"caption\":\"Bruna Greco\"}}]}<\/script>\n<!-- \/ Yoast SEO plugin. -->","yoast_head_json":{"title":"Prefeitura fecha parceria com Afeam para financiar empreendedores do setor tur\u00edstico e cultural de Manaus","description":"A Prefeitura de Manaus, por meio da Funda\u00e7\u00e3o Municipal de Cultura, Turismo e Eventos (Manauscult), firmou parceria com a Ag\u00eancia de Fomento do Estado do Amazonas S.A. (Afeam), para oferecer linhas de financiamento para empreendedores do setor tur\u00edstico e cultural da cidade.","robots":{"index":"noindex","follow":"follow"},"og_locale":"pt_BR","og_type":"article","og_title":"Prefeitura fecha parceria com Afeam para financiar empreendedores do setor tur\u00edstico e cultural de Manaus","og_description":"A Prefeitura de Manaus, por meio da Funda\u00e7\u00e3o Municipal de Cultura, Turismo e Eventos (Manauscult), firmou parceria com a Ag\u00eancia de Fomento do Estado do Amazonas S.A. (Afeam), para oferecer linhas de financiamento para empreendedores do setor tur\u00edstico e cultural da cidade.","og_url":"https:\/\/www.manaus.am.gov.br\/manauscult\/prefeitura-fecha-parceria-com-afeam-para-financiar-empreendedores-do-setor-turistico-e-cultural-de-manaus\/","og_site_name":"MANAUSCULT","article_published_time":"2023-07-04T20:57:04+00:00","article_modified_time":"2023-07-04T20:57:05+00:00","og_image":[{"width":1600,"height":1066,"url":"https:\/\/www.manaus.am.gov.br\/manauscult\/wp-content\/uploads\/sites\/11\/2023\/07\/Manauscult-fecha-parceria-com-Afeam-2.jpeg","type":"image\/jpeg"}],"author":"Bruna Greco","twitter_card":"summary_large_image","twitter_misc":{"Written by":"Bruna Greco","Est. reading time":"2 minutos"},"schema":{"@context":"https:\/\/schema.org","@graph":[{"@type":"WebPage","@id":"https:\/\/www.manaus.am.gov.br\/manauscult\/prefeitura-fecha-parceria-com-afeam-para-financiar-empreendedores-do-setor-turistico-e-cultural-de-manaus\/","url":"https:\/\/www.manaus.am.gov.br\/manauscult\/prefeitura-fecha-parceria-com-afeam-para-financiar-empreendedores-do-setor-turistico-e-cultural-de-manaus\/","name":"Prefeitura fecha parceria com Afeam para financiar empreendedores do setor tur\u00edstico e cultural de Manaus","isPartOf":{"@id":"https:\/\/www.manaus.am.gov.br\/manauscult\/#website"},"primaryImageOfPage":{"@id":"https:\/\/www.manaus.am.gov.br\/manauscult\/prefeitura-fecha-parceria-com-afeam-para-financiar-empreendedores-do-setor-turistico-e-cultural-de-manaus\/#primaryimage"},"image":{"@id":"https:\/\/www.manaus.am.gov.br\/manauscult\/prefeitura-fecha-parceria-com-afeam-para-financiar-empreendedores-do-setor-turistico-e-cultural-de-manaus\/#primaryimage"},"thumbnailUrl":"https:\/\/www.manaus.am.gov.br\/manauscult\/wp-content\/uploads\/sites\/11\/2023\/07\/Manauscult-fecha-parceria-com-Afeam-2.jpeg","datePublished":"2023-07-04T20:57:04+00:00","dateModified":"2023-07-04T20:57:05+00:00","author":{"@id":"https:\/\/www.manaus.am.gov.br\/manauscult\/#\/schema\/person\/05d223aea2bf115f9883a6ff3683d81b"},"description":"A Prefeitura de Manaus, por meio da Funda\u00e7\u00e3o Municipal de Cultura, Turismo e Eventos (Manauscult), firmou parceria com a Ag\u00eancia de Fomento do Estado do Amazonas S.A. (Afeam), para oferecer linhas de financiamento para empreendedores do setor tur\u00edstico e cultural da cidade.","breadcrumb":{"@id":"https:\/\/www.manaus.am.gov.br\/manauscult\/prefeitura-fecha-parceria-com-afeam-para-financiar-empreendedores-do-setor-turistico-e-cultural-de-manaus\/#breadcrumb"},"inLanguage":"pt-BR","potentialAction":[{"@type":"ReadAction","target":["https:\/\/www.manaus.am.gov.br\/manauscult\/prefeitura-fecha-parceria-com-afeam-para-financiar-empreendedores-do-setor-turistico-e-cultural-de-manaus\/"]}]},{"@type":"ImageObject","inLanguage":"pt-BR","@id":"https:\/\/www.manaus.am.gov.br\/manauscult\/prefeitura-fecha-parceria-com-afeam-para-financiar-empreendedores-do-setor-turistico-e-cultural-de-manaus\/#primaryimage","url":"https:\/\/www.manaus.am.gov.br\/manauscult\/wp-content\/uploads\/sites\/11\/2023\/07\/Manauscult-fecha-parceria-com-Afeam-2.jpeg","contentUrl":"https:\/\/www.manaus.am.gov.br\/manauscult\/wp-content\/uploads\/sites\/11\/2023\/07\/Manauscult-fecha-parceria-com-Afeam-2.jpeg","width":1600,"height":1066},{"@type":"BreadcrumbList","@id":"https:\/\/www.manaus.am.gov.br\/manauscult\/prefeitura-fecha-parceria-com-afeam-para-financiar-empreendedores-do-setor-turistico-e-cultural-de-manaus\/#breadcrumb","itemListElement":[{"@type":"ListItem","position":1,"name":"Home","item":"https:\/\/www.manaus.am.gov.br\/manauscult\/"},{"@type":"ListItem","position":2,"name":"Prefeitura fecha parceria com Afeam para financiar empreendedores do setor tur\u00edstico e cultural de Manaus"}]},{"@type":"WebSite","@id":"https:\/\/www.manaus.am.gov.br\/manauscult\/#website","url":"https:\/\/www.manaus.am.gov.br\/manauscult\/","name":"MANAUSCULT","description":"Prefeitura de Manaus","potentialAction":[{"@type":"SearchAction","target":{"@type":"EntryPoint","urlTemplate":"https:\/\/www.manaus.am.gov.br\/manauscult\/?s={search_term_string}"},"query-input":"required name=search_term_string"}],"inLanguage":"pt-BR"},{"@type":"Person","@id":"https:\/\/www.manaus.am.gov.br\/manauscult\/#\/schema\/person\/05d223aea2bf115f9883a6ff3683d81b","name":"Bruna Greco","image":{"@type":"ImageObject","inLanguage":"pt-BR","@id":"https:\/\/www.manaus.am.gov.br\/manauscult\/#\/schema\/person\/image\/","url":"https:\/\/secure.gravatar.com\/avatar\/9c877d1a6adc2a055330e5c09a8653ce?s=96&d=mm&r=g","contentUrl":"https:\/\/secure.gravatar.com\/avatar\/9c877d1a6adc2a055330e5c09a8653ce?s=96&d=mm&r=g","caption":"Bruna Greco"}}]}},"_links":{"self":[{"href":"https:\/\/www.manaus.am.gov.br\/manauscult\/wp-json\/wp\/v2\/posts\/979"}],"collection":[{"href":"https:\/\/www.manaus.am.gov.br\/manauscult\/wp-json\/wp\/v2\/posts"}],"about":[{"href":"https:\/\/www.manaus.am.gov.br\/manauscult\/wp-json\/wp\/v2\/types\/post"}],"author":[{"embeddable":true,"href":"https:\/\/www.manaus.am.gov.br\/manauscult\/wp-json\/wp\/v2\/users\/39"}],"replies":[{"embeddable":true,"href":"https:\/\/www.manaus.am.gov.br\/manauscult\/wp-json\/wp\/v2\/comments?post=979"}],"version-history":[{"count":0,"href":"https:\/\/www.manaus.am.gov.br\/manauscult\/wp-json\/wp\/v2\/posts\/979\/revisions"}],"wp:featuredmedia":[{"embeddable":true,"href":"https:\/\/www.manaus.am.gov.br\/manauscult\/wp-json\/wp\/v2\/media\/980"}],"wp:attachment":[{"href":"https:\/\/www.manaus.am.gov.br\/manauscult\/wp-json\/wp\/v2\/media?parent=979"}],"wp:term":[{"taxonomy":"category","embeddable":true,"href":"https:\/\/www.manaus.am.gov.br\/manauscult\/wp-json\/wp\/v2\/categories?post=979"},{"taxonomy":"post_tag","embeddable":true,"href":"https:\/\/www.manaus.am.gov.br\/manauscult\/wp-json\/wp\/v2\/tags?post=979"}],"curies":[{"name":"wp","href":"https:\/\/api.w.org\/{rel}","templated":true}]}}