{"id":93,"date":"2023-05-21T21:46:18","date_gmt":"2023-05-22T01:46:18","guid":{"rendered":"https:\/\/www.manaus.am.gov.br\/manauscult\/prefeitura-credencia-plano-de-acao-de-manaus-no-minc-para-receber-recursos-da-lei-paulo-gustavo\/"},"modified":"2023-05-21T22:52:13","modified_gmt":"2023-05-22T02:52:13","slug":"prefeitura-credencia-plano-de-acao-de-manaus-no-minc-para-receber-recursos-da-lei-paulo-gustavo","status":"publish","type":"post","link":"https:\/\/www.manaus.am.gov.br\/manauscult\/prefeitura-credencia-plano-de-acao-de-manaus-no-minc-para-receber-recursos-da-lei-paulo-gustavo\/","title":{"rendered":"Prefeitura credencia plano de a\u00e7\u00e3o de Manaus no Minc para receber recursos da Lei Paulo Gustavo"},"content":{"rendered":"\n<p>Manaus foi uma das primeiras cidades credenciadas, neste s\u00e1bado, 20\/5, pela prefeitura, na plataforma Transferegov, do Minist\u00e9rio da Cultura (Minc), para receber recursos federais e patrocinar projetos culturais por meio da Lei Paulo Gustavo (LPG).&nbsp;<\/p>\n\n\n\n<p>A partir de agora, a capital amazonense entra na segunda fase, onde o Minc realiza a avalia\u00e7\u00e3o do seu Plano de Trabalho, que re\u00fane todos os procedimentos e ritos iniciais de escuta p\u00fablica dos segmentos art\u00edsticos, e que dar\u00e3o base para a prepara\u00e7\u00e3o dos editais p\u00fablicos que v\u00e3o nortear os certames, para a escolha dos projetos que ser\u00e3o financiados pela LPG.\u00a0<\/p>\n\n\n\n<p>\u201cNa quinta-feira, dia 18, alinhamos os trabalhos de implementa\u00e7\u00e3o da Lei Paulo Gustavo, que passa pelo cadastramento dos planos de a\u00e7\u00e3o para o setor cultural na plataforma Tranferegov e, alinhamos, tamb\u00e9m, de que forma vamos atuar, a partir de agora, em parceria com os conselheiros e classe art\u00edstica. Nos pr\u00f3ximos dias Manaus vai receber um aporte financeiro significativo que vai possibilitar fomento para projetos de m\u00fasica, dan\u00e7a, pintura, escultura, cinema, fotografia e artes digitais\u201d, disse o diretor-presidente da Funda\u00e7\u00e3o Municipal de Cultura, Turismo e Eventos (Manauscult), Osvaldo Cardoso.<\/p>\n\n\n\n<p>Essa agilidade no cadastramento de Manaus junto ao governo federal s\u00f3 foi poss\u00edvel gra\u00e7as ao trabalho antecipado de prepara\u00e7\u00e3o para implementa\u00e7\u00e3o da lei, iniciado no ano passado, com a coordena\u00e7\u00e3o do Conselho Municipal de Cultura (Concultura) e a mobiliza\u00e7\u00e3o dos segmentos pelos conselheiros. Foi feita ampla pesquisa, com debates, escutas e consultas p\u00fablicas. Isso permitiu a coleta de sugest\u00f5es e propostas de a\u00e7\u00f5es que embasaram a constru\u00e7\u00e3o do plano de a\u00e7\u00e3o, efetivado com sucesso. Todo esse empenho se deu pelo conhecimento de que os primeiros cadastrados receberiam primeiro os recursos da lei.&nbsp;<\/p>\n\n\n\n<p><strong>Recursos<\/strong><\/p>\n\n\n\n<p>Para Manaus, foram destinados R$ 17 milh\u00f5es. Esse montante ser\u00e1 distribu\u00eddo em percentuais destinados aos segmentos art\u00edsticos: audiovisual, 72,5%, e 27,5% \u00e0s demais multilinguagens: dan\u00e7a, m\u00fasica, teatro e circo, artes visuais, cultura popular, cultura \u00e9tnica.&nbsp;<\/p>\n\n\n\n<p>Segundo o presidente do Concultura, Ten\u00f3rio Telles, os recursos que ser\u00e3o aportados na cultura do munic\u00edpio ter\u00e3o impacto positivo no fomento das atividades art\u00edsticas, gerando oportunidades de trabalho e renda para os fazedores da cultura.&nbsp;<\/p>\n\n\n\n<p>\u201dIniciamos os trabalhos de prepara\u00e7\u00e3o da Lei Paulo Gustavo no ano passado, escutamos os segmentos culturais e a sociedade, por isso conseguimos fazer o cadastro de Manaus no Minc de forma adiantada. Isso ser\u00e1 bom, porque os primeiros inscritos ser\u00e3o os primeiros a receber os recursos. Quero destacar o bom trabalho dos conselheiros que se dedicaram para que estiv\u00e9ssemos entre as primeiras cidades a se credenciar para receber os recursos&#8221;, ressaltou o presidente do Concultura.<\/p>\n\n\n\n<p>A\u00a0Comiss\u00e3o da LPG em Manaus, tem como presidente Neilo Batista (vice-presidente do Concultura); vice-presidente da Comiss\u00e3o, Ricardo Moldes (conselheiro do Concultura); relator, Allan Gomes (conselheiro de Audiovisual); e membros: Dudson (conselheiro de Artes Visuais), Vilma Alves (representante da Semed) e\u00a0Ricarda Galv\u00e3o (representante da Semef).<\/p>\n\n\n\n<p>\u00c0 frente do grupo de trabalho de coordena\u00e7\u00e3o da implementa\u00e7\u00e3o da Lei Paulo Gustavo em Manaus, Neilo Batista, ressaltou a conclus\u00e3o desta fase de transfer\u00eancia do plano de trabalho da LPV.&nbsp;<\/p>\n\n\n\n<p>&#8220;Este \u00e9 um momento muito importante de conclus\u00e3o do Plano de Trabalho e cadastro na plataforma do governo federal, visando a implementa\u00e7\u00e3o da Lei Paulo Gustavo em Manaus, com todos os segmentos inclu\u00eddos dando suas sugest\u00f5es, e assim o plano foi constru\u00eddo com base nas sugest\u00f5es de todos os artistas&#8221;, explicou Batista.<\/p>\n\n\n\n<p>O conselheiro do segmento de Dan\u00e7a, Ricardo Moldes, foi o relator das setoriais e foi vice-presidente do grupo de trabalho da LPG. &#8220;Democratizar o acesso \u00e0s pol\u00edticas p\u00fablicas \u00e9 um dos pilares fundamentais de um Estado Democr\u00e1tico. A Prefeitura de Manaus, por meio do Concultura e a Manauscult, tem esse compromisso.&#8221;&nbsp;<\/p>\n\n\n\n<p>Moldes destaca que como eixo central de trabalho, os segmentos s\u00e3o ouvidos e dentro da aplica\u00e7\u00e3o da LPG 90% das contribui\u00e7\u00f5es dos setores foram atendidas. &#8220;Aplica\u00e7\u00e3o da lei ir\u00e1 proporcionar um salto de desenvolvimento cultural na cidade&#8221;, encerra Moldes.<\/p>\n\n\n\n<p>O cadastramento de Manaus \u00e9 uma confirma\u00e7\u00e3o do empenho da prefeitura para desburocratizar o setor cultural e gerar oportunidade de trabalho e renda para os profissionais que se dedicam ao fazer cultural na cidade.<\/p>\n\n\n\n<p><strong>Lei Paulo Gustavo<\/strong><\/p>\n\n\n\n<p>Promulgada em 8 de julho de 2022, e regulamentada em 11 de maio de 2023, a Lei Complementar 195, conhecida como Lei Paulo Gustavo, em homenagem ao ator e humorista que morreu em maio de 2021, v\u00edtima da Covid-19, foi criada para incentivar a produ\u00e7\u00e3o cultural do pa\u00eds e garantir a\u00e7\u00f5es emergenciais demandadas pelas consequ\u00eancias do per\u00edodo pand\u00eamico, que impactou significativamente o setor nos \u00faltimos anos.&nbsp;<\/p>\n\n\n\n<p>Os recursos repassados pelo governo federal prov\u00eam do Fundo Setorial do Audiovisual &#8211; FSA (verba oriunda da Contribui\u00e7\u00e3o para o Desenvolvimento da Ind\u00fastria Cinematogr\u00e1fica Nacional &#8211; Condecine), a serem aplicados exclusivamente no setor audiovisual, e do Fundo Nacional da Cultura &#8211; FNC, a ser aplicado nos demais setores culturais.<\/p>\n\n\n\n<p>&#8212; &#8212; &#8212;<\/p>\n\n\n\n<p><strong>Texto &#8211; <\/strong>Crist\u00f3v\u00e3o Nonato \/ Manauscult<\/p>\n\n\n\n<p><strong>Fotos \u2013 <\/strong>Divulga\u00e7\u00e3o \/ Manauscult<\/p>\n","protected":false},"excerpt":{"rendered":"","protected":false},"author":39,"featured_media":94,"comment_status":"closed","ping_status":"closed","sticky":false,"template":"","format":"standard","meta":{"footnotes":""},"categories":[12],"tags":[45,47,48,9,11,49],"acf":[],"yoast_head":"<!-- This site is optimized with the Yoast SEO plugin v23.0 - https:\/\/yoast.com\/wordpress\/plugins\/seo\/ -->\n<title>Prefeitura de Manaus credencia plano de a\u00e7\u00e3o do munic\u00edpio para receber recursos da Lei Paulo Gustavo<\/title>\n<meta name=\"description\" content=\"Manaus foi uma das primeiras cidades credenciadas, neste s\u00e1bado, 20\/5, pela prefeitura, na plataforma Transferegov, do Minist\u00e9rio da Cultura (Minc), para receber recursos federais e patrocinar projetos culturais por meio da Lei Paulo Gustavo (LPG).\u00a0\" \/>\n<meta name=\"robots\" content=\"noindex, follow\" \/>\n<meta property=\"og:locale\" content=\"pt_BR\" \/>\n<meta property=\"og:type\" content=\"article\" \/>\n<meta property=\"og:title\" content=\"Prefeitura de Manaus credencia plano de a\u00e7\u00e3o do munic\u00edpio para receber recursos da Lei Paulo Gustavo\" \/>\n<meta property=\"og:description\" content=\"Manaus foi uma das primeiras cidades credenciadas, neste s\u00e1bado, 20\/5, pela prefeitura, na plataforma Transferegov, do Minist\u00e9rio da Cultura (Minc), para receber recursos federais e patrocinar projetos culturais por meio da Lei Paulo Gustavo (LPG).\u00a0\" \/>\n<meta property=\"og:url\" content=\"https:\/\/www.manaus.am.gov.br\/manauscult\/prefeitura-credencia-plano-de-acao-de-manaus-no-minc-para-receber-recursos-da-lei-paulo-gustavo\/\" \/>\n<meta property=\"og:site_name\" content=\"MANAUSCULT\" \/>\n<meta property=\"article:published_time\" content=\"2023-05-22T01:46:18+00:00\" \/>\n<meta property=\"article:modified_time\" content=\"2023-05-22T02:52:13+00:00\" \/>\n<meta property=\"og:image\" content=\"https:\/\/www.manaus.am.gov.br\/manauscult\/wp-content\/uploads\/sites\/11\/2023\/05\/Cultura-1.jpeg\" \/>\n\t<meta property=\"og:image:width\" content=\"1500\" \/>\n\t<meta property=\"og:image:height\" content=\"1000\" \/>\n\t<meta property=\"og:image:type\" content=\"image\/jpeg\" \/>\n<meta name=\"author\" content=\"Bruna Greco\" \/>\n<meta name=\"twitter:card\" content=\"summary_large_image\" \/>\n<meta name=\"twitter:label1\" content=\"Written by\" \/>\n\t<meta name=\"twitter:data1\" content=\"Bruna Greco\" \/>\n\t<meta name=\"twitter:label2\" content=\"Est. reading time\" \/>\n\t<meta name=\"twitter:data2\" content=\"5 minutos\" \/>\n<script type=\"application\/ld+json\" class=\"yoast-schema-graph\">{\"@context\":\"https:\/\/schema.org\",\"@graph\":[{\"@type\":\"WebPage\",\"@id\":\"https:\/\/www.manaus.am.gov.br\/manauscult\/prefeitura-credencia-plano-de-acao-de-manaus-no-minc-para-receber-recursos-da-lei-paulo-gustavo\/\",\"url\":\"https:\/\/www.manaus.am.gov.br\/manauscult\/prefeitura-credencia-plano-de-acao-de-manaus-no-minc-para-receber-recursos-da-lei-paulo-gustavo\/\",\"name\":\"Prefeitura de Manaus credencia plano de a\u00e7\u00e3o do munic\u00edpio para receber recursos da Lei Paulo Gustavo\",\"isPartOf\":{\"@id\":\"https:\/\/www.manaus.am.gov.br\/manauscult\/#website\"},\"primaryImageOfPage\":{\"@id\":\"https:\/\/www.manaus.am.gov.br\/manauscult\/prefeitura-credencia-plano-de-acao-de-manaus-no-minc-para-receber-recursos-da-lei-paulo-gustavo\/#primaryimage\"},\"image\":{\"@id\":\"https:\/\/www.manaus.am.gov.br\/manauscult\/prefeitura-credencia-plano-de-acao-de-manaus-no-minc-para-receber-recursos-da-lei-paulo-gustavo\/#primaryimage\"},\"thumbnailUrl\":\"https:\/\/www.manaus.am.gov.br\/manauscult\/wp-content\/uploads\/sites\/11\/2023\/05\/Cultura-1.jpeg\",\"datePublished\":\"2023-05-22T01:46:18+00:00\",\"dateModified\":\"2023-05-22T02:52:13+00:00\",\"author\":{\"@id\":\"https:\/\/www.manaus.am.gov.br\/manauscult\/#\/schema\/person\/05d223aea2bf115f9883a6ff3683d81b\"},\"description\":\"Manaus foi uma das primeiras cidades credenciadas, neste s\u00e1bado, 20\/5, pela prefeitura, na plataforma Transferegov, do Minist\u00e9rio da Cultura (Minc), para receber recursos federais e patrocinar projetos culturais por meio da Lei Paulo Gustavo (LPG).\u00a0\",\"breadcrumb\":{\"@id\":\"https:\/\/www.manaus.am.gov.br\/manauscult\/prefeitura-credencia-plano-de-acao-de-manaus-no-minc-para-receber-recursos-da-lei-paulo-gustavo\/#breadcrumb\"},\"inLanguage\":\"pt-BR\",\"potentialAction\":[{\"@type\":\"ReadAction\",\"target\":[\"https:\/\/www.manaus.am.gov.br\/manauscult\/prefeitura-credencia-plano-de-acao-de-manaus-no-minc-para-receber-recursos-da-lei-paulo-gustavo\/\"]}]},{\"@type\":\"ImageObject\",\"inLanguage\":\"pt-BR\",\"@id\":\"https:\/\/www.manaus.am.gov.br\/manauscult\/prefeitura-credencia-plano-de-acao-de-manaus-no-minc-para-receber-recursos-da-lei-paulo-gustavo\/#primaryimage\",\"url\":\"https:\/\/www.manaus.am.gov.br\/manauscult\/wp-content\/uploads\/sites\/11\/2023\/05\/Cultura-1.jpeg\",\"contentUrl\":\"https:\/\/www.manaus.am.gov.br\/manauscult\/wp-content\/uploads\/sites\/11\/2023\/05\/Cultura-1.jpeg\",\"width\":1500,\"height\":1000},{\"@type\":\"BreadcrumbList\",\"@id\":\"https:\/\/www.manaus.am.gov.br\/manauscult\/prefeitura-credencia-plano-de-acao-de-manaus-no-minc-para-receber-recursos-da-lei-paulo-gustavo\/#breadcrumb\",\"itemListElement\":[{\"@type\":\"ListItem\",\"position\":1,\"name\":\"Home\",\"item\":\"https:\/\/www.manaus.am.gov.br\/manauscult\/\"},{\"@type\":\"ListItem\",\"position\":2,\"name\":\"Prefeitura credencia plano de a\u00e7\u00e3o de Manaus no Minc para receber recursos da Lei Paulo Gustavo\"}]},{\"@type\":\"WebSite\",\"@id\":\"https:\/\/www.manaus.am.gov.br\/manauscult\/#website\",\"url\":\"https:\/\/www.manaus.am.gov.br\/manauscult\/\",\"name\":\"MANAUSCULT\",\"description\":\"Prefeitura de Manaus\",\"potentialAction\":[{\"@type\":\"SearchAction\",\"target\":{\"@type\":\"EntryPoint\",\"urlTemplate\":\"https:\/\/www.manaus.am.gov.br\/manauscult\/?s={search_term_string}\"},\"query-input\":\"required name=search_term_string\"}],\"inLanguage\":\"pt-BR\"},{\"@type\":\"Person\",\"@id\":\"https:\/\/www.manaus.am.gov.br\/manauscult\/#\/schema\/person\/05d223aea2bf115f9883a6ff3683d81b\",\"name\":\"Bruna Greco\",\"image\":{\"@type\":\"ImageObject\",\"inLanguage\":\"pt-BR\",\"@id\":\"https:\/\/www.manaus.am.gov.br\/manauscult\/#\/schema\/person\/image\/\",\"url\":\"https:\/\/secure.gravatar.com\/avatar\/9c877d1a6adc2a055330e5c09a8653ce?s=96&d=mm&r=g\",\"contentUrl\":\"https:\/\/secure.gravatar.com\/avatar\/9c877d1a6adc2a055330e5c09a8653ce?s=96&d=mm&r=g\",\"caption\":\"Bruna Greco\"}}]}<\/script>\n<!-- \/ Yoast SEO plugin. -->","yoast_head_json":{"title":"Prefeitura de Manaus credencia plano de a\u00e7\u00e3o do munic\u00edpio para receber recursos da Lei Paulo Gustavo","description":"Manaus foi uma das primeiras cidades credenciadas, neste s\u00e1bado, 20\/5, pela prefeitura, na plataforma Transferegov, do Minist\u00e9rio da Cultura (Minc), para receber recursos federais e patrocinar projetos culturais por meio da Lei Paulo Gustavo (LPG).\u00a0","robots":{"index":"noindex","follow":"follow"},"og_locale":"pt_BR","og_type":"article","og_title":"Prefeitura de Manaus credencia plano de a\u00e7\u00e3o do munic\u00edpio para receber recursos da Lei Paulo Gustavo","og_description":"Manaus foi uma das primeiras cidades credenciadas, neste s\u00e1bado, 20\/5, pela prefeitura, na plataforma Transferegov, do Minist\u00e9rio da Cultura (Minc), para receber recursos federais e patrocinar projetos culturais por meio da Lei Paulo Gustavo (LPG).\u00a0","og_url":"https:\/\/www.manaus.am.gov.br\/manauscult\/prefeitura-credencia-plano-de-acao-de-manaus-no-minc-para-receber-recursos-da-lei-paulo-gustavo\/","og_site_name":"MANAUSCULT","article_published_time":"2023-05-22T01:46:18+00:00","article_modified_time":"2023-05-22T02:52:13+00:00","og_image":[{"width":1500,"height":1000,"url":"https:\/\/www.manaus.am.gov.br\/manauscult\/wp-content\/uploads\/sites\/11\/2023\/05\/Cultura-1.jpeg","type":"image\/jpeg"}],"author":"Bruna Greco","twitter_card":"summary_large_image","twitter_misc":{"Written by":"Bruna Greco","Est. reading time":"5 minutos"},"schema":{"@context":"https:\/\/schema.org","@graph":[{"@type":"WebPage","@id":"https:\/\/www.manaus.am.gov.br\/manauscult\/prefeitura-credencia-plano-de-acao-de-manaus-no-minc-para-receber-recursos-da-lei-paulo-gustavo\/","url":"https:\/\/www.manaus.am.gov.br\/manauscult\/prefeitura-credencia-plano-de-acao-de-manaus-no-minc-para-receber-recursos-da-lei-paulo-gustavo\/","name":"Prefeitura de Manaus credencia plano de a\u00e7\u00e3o do munic\u00edpio para receber recursos da Lei Paulo Gustavo","isPartOf":{"@id":"https:\/\/www.manaus.am.gov.br\/manauscult\/#website"},"primaryImageOfPage":{"@id":"https:\/\/www.manaus.am.gov.br\/manauscult\/prefeitura-credencia-plano-de-acao-de-manaus-no-minc-para-receber-recursos-da-lei-paulo-gustavo\/#primaryimage"},"image":{"@id":"https:\/\/www.manaus.am.gov.br\/manauscult\/prefeitura-credencia-plano-de-acao-de-manaus-no-minc-para-receber-recursos-da-lei-paulo-gustavo\/#primaryimage"},"thumbnailUrl":"https:\/\/www.manaus.am.gov.br\/manauscult\/wp-content\/uploads\/sites\/11\/2023\/05\/Cultura-1.jpeg","datePublished":"2023-05-22T01:46:18+00:00","dateModified":"2023-05-22T02:52:13+00:00","author":{"@id":"https:\/\/www.manaus.am.gov.br\/manauscult\/#\/schema\/person\/05d223aea2bf115f9883a6ff3683d81b"},"description":"Manaus foi uma das primeiras cidades credenciadas, neste s\u00e1bado, 20\/5, pela prefeitura, na plataforma Transferegov, do Minist\u00e9rio da Cultura (Minc), para receber recursos federais e patrocinar projetos culturais por meio da Lei Paulo Gustavo (LPG).\u00a0","breadcrumb":{"@id":"https:\/\/www.manaus.am.gov.br\/manauscult\/prefeitura-credencia-plano-de-acao-de-manaus-no-minc-para-receber-recursos-da-lei-paulo-gustavo\/#breadcrumb"},"inLanguage":"pt-BR","potentialAction":[{"@type":"ReadAction","target":["https:\/\/www.manaus.am.gov.br\/manauscult\/prefeitura-credencia-plano-de-acao-de-manaus-no-minc-para-receber-recursos-da-lei-paulo-gustavo\/"]}]},{"@type":"ImageObject","inLanguage":"pt-BR","@id":"https:\/\/www.manaus.am.gov.br\/manauscult\/prefeitura-credencia-plano-de-acao-de-manaus-no-minc-para-receber-recursos-da-lei-paulo-gustavo\/#primaryimage","url":"https:\/\/www.manaus.am.gov.br\/manauscult\/wp-content\/uploads\/sites\/11\/2023\/05\/Cultura-1.jpeg","contentUrl":"https:\/\/www.manaus.am.gov.br\/manauscult\/wp-content\/uploads\/sites\/11\/2023\/05\/Cultura-1.jpeg","width":1500,"height":1000},{"@type":"BreadcrumbList","@id":"https:\/\/www.manaus.am.gov.br\/manauscult\/prefeitura-credencia-plano-de-acao-de-manaus-no-minc-para-receber-recursos-da-lei-paulo-gustavo\/#breadcrumb","itemListElement":[{"@type":"ListItem","position":1,"name":"Home","item":"https:\/\/www.manaus.am.gov.br\/manauscult\/"},{"@type":"ListItem","position":2,"name":"Prefeitura credencia plano de a\u00e7\u00e3o de Manaus no Minc para receber recursos da Lei Paulo Gustavo"}]},{"@type":"WebSite","@id":"https:\/\/www.manaus.am.gov.br\/manauscult\/#website","url":"https:\/\/www.manaus.am.gov.br\/manauscult\/","name":"MANAUSCULT","description":"Prefeitura de Manaus","potentialAction":[{"@type":"SearchAction","target":{"@type":"EntryPoint","urlTemplate":"https:\/\/www.manaus.am.gov.br\/manauscult\/?s={search_term_string}"},"query-input":"required name=search_term_string"}],"inLanguage":"pt-BR"},{"@type":"Person","@id":"https:\/\/www.manaus.am.gov.br\/manauscult\/#\/schema\/person\/05d223aea2bf115f9883a6ff3683d81b","name":"Bruna Greco","image":{"@type":"ImageObject","inLanguage":"pt-BR","@id":"https:\/\/www.manaus.am.gov.br\/manauscult\/#\/schema\/person\/image\/","url":"https:\/\/secure.gravatar.com\/avatar\/9c877d1a6adc2a055330e5c09a8653ce?s=96&d=mm&r=g","contentUrl":"https:\/\/secure.gravatar.com\/avatar\/9c877d1a6adc2a055330e5c09a8653ce?s=96&d=mm&r=g","caption":"Bruna Greco"}}]}},"_links":{"self":[{"href":"https:\/\/www.manaus.am.gov.br\/manauscult\/wp-json\/wp\/v2\/posts\/93"}],"collection":[{"href":"https:\/\/www.manaus.am.gov.br\/manauscult\/wp-json\/wp\/v2\/posts"}],"about":[{"href":"https:\/\/www.manaus.am.gov.br\/manauscult\/wp-json\/wp\/v2\/types\/post"}],"author":[{"embeddable":true,"href":"https:\/\/www.manaus.am.gov.br\/manauscult\/wp-json\/wp\/v2\/users\/39"}],"replies":[{"embeddable":true,"href":"https:\/\/www.manaus.am.gov.br\/manauscult\/wp-json\/wp\/v2\/comments?post=93"}],"version-history":[{"count":1,"href":"https:\/\/www.manaus.am.gov.br\/manauscult\/wp-json\/wp\/v2\/posts\/93\/revisions"}],"predecessor-version":[{"id":95,"href":"https:\/\/www.manaus.am.gov.br\/manauscult\/wp-json\/wp\/v2\/posts\/93\/revisions\/95"}],"wp:featuredmedia":[{"embeddable":true,"href":"https:\/\/www.manaus.am.gov.br\/manauscult\/wp-json\/wp\/v2\/media\/94"}],"wp:attachment":[{"href":"https:\/\/www.manaus.am.gov.br\/manauscult\/wp-json\/wp\/v2\/media?parent=93"}],"wp:term":[{"taxonomy":"category","embeddable":true,"href":"https:\/\/www.manaus.am.gov.br\/manauscult\/wp-json\/wp\/v2\/categories?post=93"},{"taxonomy":"post_tag","embeddable":true,"href":"https:\/\/www.manaus.am.gov.br\/manauscult\/wp-json\/wp\/v2\/tags?post=93"}],"curies":[{"name":"wp","href":"https:\/\/api.w.org\/{rel}","templated":true}]}}