{"id":920,"date":"2023-06-29T09:54:58","date_gmt":"2023-06-29T13:54:58","guid":{"rendered":"https:\/\/www.manaus.am.gov.br\/manauscult\/prefeitura-divulga-soumanaus-passo-a-paco-2023-no-turistodromo-do-governo-do-amazonas-em-parintins\/"},"modified":"2023-06-29T09:57:11","modified_gmt":"2023-06-29T13:57:11","slug":"prefeitura-divulga-soumanaus-passo-a-paco-2023-no-turistodromo-do-governo-do-amazonas-em-parintins","status":"publish","type":"post","link":"https:\/\/www.manaus.am.gov.br\/manauscult\/prefeitura-divulga-soumanaus-passo-a-paco-2023-no-turistodromo-do-governo-do-amazonas-em-parintins\/","title":{"rendered":"<strong>Prefeitura divulga \u2018#SouManaus Passo a Pa\u00e7o 2023\u2019 no \u2018Turist\u00f3dromo\u2019 do Governo do Amazonas em Parintins<\/strong>"},"content":{"rendered":"\n<p>A Prefeitura de Manaus, por meio da Funda\u00e7\u00e3o Municipal de Cultura, Turismo e Eventos (Manauscult) e da Secretaria Municipal de Comunica\u00e7\u00e3o (Semcom), iniciou, em Parintins (distante 369 quil\u00f4metros de Manaus), a divulga\u00e7\u00e3o do maior festival de artes integradas do Norte, o \u201c#SouManaus Passo a Pa\u00e7o 2023\u201d, que acontecer\u00e1 nos dias 5, 6 e 7 de setembro, no centro hist\u00f3rico da capital amazonense.<\/p>\n\n\n\n<p>A a\u00e7\u00e3o ocorre no \u201cTurist\u00f3dromo\u201d do governo do Amazonas, espa\u00e7o criado pela Empresa Estadual de Turismo do Amazonas (Amazonastur) voltado ao visitante que desembarca na ilha Tupinambarana.<\/p>\n\n\n\n<p>Osvaldo Cardoso, diretor-presidente da Manauscult, explica que, este ano, o principal objetivo do \u201c#SouManaus Passo a Pa\u00e7o 2023\u201d \u00e9 posicionar o destino Manaus no calend\u00e1rio do turismo de eventos do Brasil, fortalecer o <em>trade<\/em> tur\u00edstico da cidade e trazer economicidade para o er\u00e1rio.<\/p>\n\n\n\n<p>\u201cManaus tem muitas potencialidades, sobretudo no turismo, e n\u00f3s estamos trabalhando para que este ano o #SouManaus ganhe musculatura para entrar no <em>hub<\/em> dos megaeventos do pa\u00eds. Poucos re\u00fanem diversidade e multiculturalidade com representatividade nos 11 tipos de arte: m\u00fasica, dan\u00e7a, pintura, escultura, teatro, literatura, cinema, fotografia, Hist\u00f3ria em Quadrinhos (HQ), jogos eletr\u00f4nicos e arte digital. Da\u00ed a import\u00e2ncia em refor\u00e7ar a divulga\u00e7\u00e3o do evento em outras cidades\u201d, explica.<\/p>\n\n\n\n<p>Ainda de acordo com Osvaldo Cardoso, os megaeventos do calend\u00e1rio oficial da cidade contribu\u00edram para o aquecimento do setor tur\u00edstico em 2022.<\/p>\n\n\n\n<p>\u201cOs dados do \u00cdndice de Atividades Tur\u00edsticas, divulgados pelo Instituto Brasileiro de Geografia e Estat\u00edstica (IBGE) apontam um saldo positivo no volume de atividades tur\u00edsticas e movimenta\u00e7\u00e3o financeira. Ou seja, investir em cultura movimenta toda a cadeia produtiva da cidade. Est\u00e1 mais do que claro que investir em cultura \u00e9 um bom neg\u00f3cio\u201d, conclui.<\/p>\n\n\n\n<p>Dentre as a\u00e7\u00f5es programadas para o \u201cTurist\u00f3dromo\u201d, a Semcom preparou um material promocional do #SouManaus respeitando as cores dos bois-bumb\u00e1s da ilha e agregou novos elementos \u00e0 marca da oitava edi\u00e7\u00e3o do evento, que vai abordar a sustentabilidade, ancestralidade e inova\u00e7\u00e3o tecnol\u00f3gica.<\/p>\n\n\n\n<p>Para o secret\u00e1rio de Comunica\u00e7\u00e3o da Prefeitura de Manaus, Israel Conte, este ano o #SouManaus ter\u00e1 uma divulga\u00e7\u00e3o ainda mais robusta e estrat\u00e9gica.<\/p>\n\n\n\n<p>\u201cO Sou Manaus ganhou uma nova dimens\u00e3o na gest\u00e3o do prefeito David Almeida. Em 2022, primeiro ano com o novo formato, batemos recorde de p\u00fablico com superatra\u00e7\u00f5es. Em 2023, n\u00e3o ser\u00e1 diferente.&nbsp; A ideia de estar antes no Festival de Parintins \u00e9 estrat\u00e9gica e&nbsp; amplia ainda mais a divulga\u00e7\u00e3o deste evento, que promove a inclus\u00e3o, gera oportunidades de emprego e fomenta o turismo em nossa cidade\u201d, destaca o secret\u00e1rio de Comunica\u00e7\u00e3o.<\/p>\n\n\n\n<p>O espa\u00e7o da Prefeitura de Manaus, dentro do Turist\u00f3dromo, funciona das 9h \u00e0s 18h, com um estande de informa\u00e7\u00e3o e divulga\u00e7\u00e3o do \u201c#SouManaus Passo a Pa\u00e7o 2023\u201d aos turistas que visitarem o local, que est\u00e1 ao lado da catedral Nossa Senhora do Carmo, centro de Parintins, at\u00e9 o pr\u00f3ximo domingo, 2\/7.<\/p>\n\n\n\n<p>&#8212; &#8212; &#8212;<\/p>\n\n\n\n<p><strong>Texto<\/strong>&nbsp;&#8211; Emanuelle Baires \/ Manauscult&nbsp;<\/p>\n\n\n\n<p><strong>Foto<\/strong>&nbsp;&#8211; J\u00fanior Bacelar \/ Pol\u00edcia Militar do Amazonas<\/p>\n","protected":false},"excerpt":{"rendered":"","protected":false},"author":23,"featured_media":921,"comment_status":"closed","ping_status":"closed","sticky":false,"template":"","format":"standard","meta":{"footnotes":""},"categories":[18],"tags":[168,42,9,252,253,11,57,254],"acf":[],"yoast_head":"<!-- This site is optimized with the Yoast SEO plugin v23.0 - https:\/\/yoast.com\/wordpress\/plugins\/seo\/ -->\n<title>Prefeitura divulga \u2018#SouManaus Passo a Pa\u00e7o 2023\u2019 no \u2018Turist\u00f3dromo\u2019 do Governo do Amazonas em Parintins<\/title>\n<meta name=\"description\" content=\"A Prefeitura de Manaus, por meio da Funda\u00e7\u00e3o Municipal de Cultura, Turismo e Eventos (Manauscult) e da Secretaria Municipal de Comunica\u00e7\u00e3o (Semcom), iniciou, em Parintins (distante 369 quil\u00f4metros de Manaus), a divulga\u00e7\u00e3o do maior festival de artes integradas do Norte, o \u201c#SouManaus Passo a Pa\u00e7o 2023\u201d, que acontecer\u00e1 nos dias 5, 6 e 7 de setembro, no centro hist\u00f3rico da capital amazonense.\" \/>\n<meta name=\"robots\" content=\"noindex, follow\" \/>\n<meta property=\"og:locale\" content=\"pt_BR\" \/>\n<meta property=\"og:type\" content=\"article\" \/>\n<meta property=\"og:title\" content=\"Prefeitura divulga \u2018#SouManaus Passo a Pa\u00e7o 2023\u2019 no \u2018Turist\u00f3dromo\u2019 do Governo do Amazonas em Parintins\" \/>\n<meta property=\"og:description\" content=\"A Prefeitura de Manaus, por meio da Funda\u00e7\u00e3o Municipal de Cultura, Turismo e Eventos (Manauscult) e da Secretaria Municipal de Comunica\u00e7\u00e3o (Semcom), iniciou, em Parintins (distante 369 quil\u00f4metros de Manaus), a divulga\u00e7\u00e3o do maior festival de artes integradas do Norte, o \u201c#SouManaus Passo a Pa\u00e7o 2023\u201d, que acontecer\u00e1 nos dias 5, 6 e 7 de setembro, no centro hist\u00f3rico da capital amazonense.\" \/>\n<meta property=\"og:url\" content=\"https:\/\/www.manaus.am.gov.br\/manauscult\/prefeitura-divulga-soumanaus-passo-a-paco-2023-no-turistodromo-do-governo-do-amazonas-em-parintins\/\" \/>\n<meta property=\"og:site_name\" content=\"MANAUSCULT\" \/>\n<meta property=\"article:published_time\" content=\"2023-06-29T13:54:58+00:00\" \/>\n<meta property=\"article:modified_time\" content=\"2023-06-29T13:57:11+00:00\" \/>\n<meta property=\"og:image\" content=\"https:\/\/www.manaus.am.gov.br\/manauscult\/wp-content\/uploads\/sites\/11\/2023\/06\/WhatsApp-Image-2023-06-28-at-21.17.52-1.jpeg\" \/>\n\t<meta property=\"og:image:width\" content=\"1600\" \/>\n\t<meta property=\"og:image:height\" content=\"1200\" \/>\n\t<meta property=\"og:image:type\" content=\"image\/jpeg\" \/>\n<meta name=\"author\" content=\"Adriana Costa\" \/>\n<meta name=\"twitter:card\" content=\"summary_large_image\" \/>\n<meta name=\"twitter:label1\" content=\"Written by\" \/>\n\t<meta name=\"twitter:data1\" content=\"Adriana Costa\" \/>\n\t<meta name=\"twitter:label2\" content=\"Est. reading time\" \/>\n\t<meta name=\"twitter:data2\" content=\"3 minutos\" \/>\n<script type=\"application\/ld+json\" class=\"yoast-schema-graph\">{\"@context\":\"https:\/\/schema.org\",\"@graph\":[{\"@type\":\"WebPage\",\"@id\":\"https:\/\/www.manaus.am.gov.br\/manauscult\/prefeitura-divulga-soumanaus-passo-a-paco-2023-no-turistodromo-do-governo-do-amazonas-em-parintins\/\",\"url\":\"https:\/\/www.manaus.am.gov.br\/manauscult\/prefeitura-divulga-soumanaus-passo-a-paco-2023-no-turistodromo-do-governo-do-amazonas-em-parintins\/\",\"name\":\"Prefeitura divulga \u2018#SouManaus Passo a Pa\u00e7o 2023\u2019 no \u2018Turist\u00f3dromo\u2019 do Governo do Amazonas em Parintins\",\"isPartOf\":{\"@id\":\"https:\/\/www.manaus.am.gov.br\/manauscult\/#website\"},\"primaryImageOfPage\":{\"@id\":\"https:\/\/www.manaus.am.gov.br\/manauscult\/prefeitura-divulga-soumanaus-passo-a-paco-2023-no-turistodromo-do-governo-do-amazonas-em-parintins\/#primaryimage\"},\"image\":{\"@id\":\"https:\/\/www.manaus.am.gov.br\/manauscult\/prefeitura-divulga-soumanaus-passo-a-paco-2023-no-turistodromo-do-governo-do-amazonas-em-parintins\/#primaryimage\"},\"thumbnailUrl\":\"https:\/\/www.manaus.am.gov.br\/manauscult\/wp-content\/uploads\/sites\/11\/2023\/06\/WhatsApp-Image-2023-06-28-at-21.17.52-1.jpeg\",\"datePublished\":\"2023-06-29T13:54:58+00:00\",\"dateModified\":\"2023-06-29T13:57:11+00:00\",\"author\":{\"@id\":\"https:\/\/www.manaus.am.gov.br\/manauscult\/#\/schema\/person\/4e49f4e267757a06ca072ec61b2b9968\"},\"description\":\"A Prefeitura de Manaus, por meio da Funda\u00e7\u00e3o Municipal de Cultura, Turismo e Eventos (Manauscult) e da Secretaria Municipal de Comunica\u00e7\u00e3o (Semcom), iniciou, em Parintins (distante 369 quil\u00f4metros de Manaus), a divulga\u00e7\u00e3o do maior festival de artes integradas do Norte, o \u201c#SouManaus Passo a Pa\u00e7o 2023\u201d, que acontecer\u00e1 nos dias 5, 6 e 7 de setembro, no centro hist\u00f3rico da capital amazonense.\",\"breadcrumb\":{\"@id\":\"https:\/\/www.manaus.am.gov.br\/manauscult\/prefeitura-divulga-soumanaus-passo-a-paco-2023-no-turistodromo-do-governo-do-amazonas-em-parintins\/#breadcrumb\"},\"inLanguage\":\"pt-BR\",\"potentialAction\":[{\"@type\":\"ReadAction\",\"target\":[\"https:\/\/www.manaus.am.gov.br\/manauscult\/prefeitura-divulga-soumanaus-passo-a-paco-2023-no-turistodromo-do-governo-do-amazonas-em-parintins\/\"]}]},{\"@type\":\"ImageObject\",\"inLanguage\":\"pt-BR\",\"@id\":\"https:\/\/www.manaus.am.gov.br\/manauscult\/prefeitura-divulga-soumanaus-passo-a-paco-2023-no-turistodromo-do-governo-do-amazonas-em-parintins\/#primaryimage\",\"url\":\"https:\/\/www.manaus.am.gov.br\/manauscult\/wp-content\/uploads\/sites\/11\/2023\/06\/WhatsApp-Image-2023-06-28-at-21.17.52-1.jpeg\",\"contentUrl\":\"https:\/\/www.manaus.am.gov.br\/manauscult\/wp-content\/uploads\/sites\/11\/2023\/06\/WhatsApp-Image-2023-06-28-at-21.17.52-1.jpeg\",\"width\":1600,\"height\":1200},{\"@type\":\"BreadcrumbList\",\"@id\":\"https:\/\/www.manaus.am.gov.br\/manauscult\/prefeitura-divulga-soumanaus-passo-a-paco-2023-no-turistodromo-do-governo-do-amazonas-em-parintins\/#breadcrumb\",\"itemListElement\":[{\"@type\":\"ListItem\",\"position\":1,\"name\":\"Home\",\"item\":\"https:\/\/www.manaus.am.gov.br\/manauscult\/\"},{\"@type\":\"ListItem\",\"position\":2,\"name\":\"Prefeitura divulga \u2018#SouManaus Passo a Pa\u00e7o 2023\u2019 no \u2018Turist\u00f3dromo\u2019 do Governo do Amazonas em Parintins\"}]},{\"@type\":\"WebSite\",\"@id\":\"https:\/\/www.manaus.am.gov.br\/manauscult\/#website\",\"url\":\"https:\/\/www.manaus.am.gov.br\/manauscult\/\",\"name\":\"MANAUSCULT\",\"description\":\"Prefeitura de Manaus\",\"potentialAction\":[{\"@type\":\"SearchAction\",\"target\":{\"@type\":\"EntryPoint\",\"urlTemplate\":\"https:\/\/www.manaus.am.gov.br\/manauscult\/?s={search_term_string}\"},\"query-input\":\"required name=search_term_string\"}],\"inLanguage\":\"pt-BR\"},{\"@type\":\"Person\",\"@id\":\"https:\/\/www.manaus.am.gov.br\/manauscult\/#\/schema\/person\/4e49f4e267757a06ca072ec61b2b9968\",\"name\":\"Adriana Costa\",\"image\":{\"@type\":\"ImageObject\",\"inLanguage\":\"pt-BR\",\"@id\":\"https:\/\/www.manaus.am.gov.br\/manauscult\/#\/schema\/person\/image\/\",\"url\":\"https:\/\/secure.gravatar.com\/avatar\/576258617ef7194f718179e766d57bd4?s=96&d=mm&r=g\",\"contentUrl\":\"https:\/\/secure.gravatar.com\/avatar\/576258617ef7194f718179e766d57bd4?s=96&d=mm&r=g\",\"caption\":\"Adriana Costa\"}}]}<\/script>\n<!-- \/ Yoast SEO plugin. -->","yoast_head_json":{"title":"Prefeitura divulga \u2018#SouManaus Passo a Pa\u00e7o 2023\u2019 no \u2018Turist\u00f3dromo\u2019 do Governo do Amazonas em Parintins","description":"A Prefeitura de Manaus, por meio da Funda\u00e7\u00e3o Municipal de Cultura, Turismo e Eventos (Manauscult) e da Secretaria Municipal de Comunica\u00e7\u00e3o (Semcom), iniciou, em Parintins (distante 369 quil\u00f4metros de Manaus), a divulga\u00e7\u00e3o do maior festival de artes integradas do Norte, o \u201c#SouManaus Passo a Pa\u00e7o 2023\u201d, que acontecer\u00e1 nos dias 5, 6 e 7 de setembro, no centro hist\u00f3rico da capital amazonense.","robots":{"index":"noindex","follow":"follow"},"og_locale":"pt_BR","og_type":"article","og_title":"Prefeitura divulga \u2018#SouManaus Passo a Pa\u00e7o 2023\u2019 no \u2018Turist\u00f3dromo\u2019 do Governo do Amazonas em Parintins","og_description":"A Prefeitura de Manaus, por meio da Funda\u00e7\u00e3o Municipal de Cultura, Turismo e Eventos (Manauscult) e da Secretaria Municipal de Comunica\u00e7\u00e3o (Semcom), iniciou, em Parintins (distante 369 quil\u00f4metros de Manaus), a divulga\u00e7\u00e3o do maior festival de artes integradas do Norte, o \u201c#SouManaus Passo a Pa\u00e7o 2023\u201d, que acontecer\u00e1 nos dias 5, 6 e 7 de setembro, no centro hist\u00f3rico da capital amazonense.","og_url":"https:\/\/www.manaus.am.gov.br\/manauscult\/prefeitura-divulga-soumanaus-passo-a-paco-2023-no-turistodromo-do-governo-do-amazonas-em-parintins\/","og_site_name":"MANAUSCULT","article_published_time":"2023-06-29T13:54:58+00:00","article_modified_time":"2023-06-29T13:57:11+00:00","og_image":[{"width":1600,"height":1200,"url":"https:\/\/www.manaus.am.gov.br\/manauscult\/wp-content\/uploads\/sites\/11\/2023\/06\/WhatsApp-Image-2023-06-28-at-21.17.52-1.jpeg","type":"image\/jpeg"}],"author":"Adriana Costa","twitter_card":"summary_large_image","twitter_misc":{"Written by":"Adriana Costa","Est. reading time":"3 minutos"},"schema":{"@context":"https:\/\/schema.org","@graph":[{"@type":"WebPage","@id":"https:\/\/www.manaus.am.gov.br\/manauscult\/prefeitura-divulga-soumanaus-passo-a-paco-2023-no-turistodromo-do-governo-do-amazonas-em-parintins\/","url":"https:\/\/www.manaus.am.gov.br\/manauscult\/prefeitura-divulga-soumanaus-passo-a-paco-2023-no-turistodromo-do-governo-do-amazonas-em-parintins\/","name":"Prefeitura divulga \u2018#SouManaus Passo a Pa\u00e7o 2023\u2019 no \u2018Turist\u00f3dromo\u2019 do Governo do Amazonas em Parintins","isPartOf":{"@id":"https:\/\/www.manaus.am.gov.br\/manauscult\/#website"},"primaryImageOfPage":{"@id":"https:\/\/www.manaus.am.gov.br\/manauscult\/prefeitura-divulga-soumanaus-passo-a-paco-2023-no-turistodromo-do-governo-do-amazonas-em-parintins\/#primaryimage"},"image":{"@id":"https:\/\/www.manaus.am.gov.br\/manauscult\/prefeitura-divulga-soumanaus-passo-a-paco-2023-no-turistodromo-do-governo-do-amazonas-em-parintins\/#primaryimage"},"thumbnailUrl":"https:\/\/www.manaus.am.gov.br\/manauscult\/wp-content\/uploads\/sites\/11\/2023\/06\/WhatsApp-Image-2023-06-28-at-21.17.52-1.jpeg","datePublished":"2023-06-29T13:54:58+00:00","dateModified":"2023-06-29T13:57:11+00:00","author":{"@id":"https:\/\/www.manaus.am.gov.br\/manauscult\/#\/schema\/person\/4e49f4e267757a06ca072ec61b2b9968"},"description":"A Prefeitura de Manaus, por meio da Funda\u00e7\u00e3o Municipal de Cultura, Turismo e Eventos (Manauscult) e da Secretaria Municipal de Comunica\u00e7\u00e3o (Semcom), iniciou, em Parintins (distante 369 quil\u00f4metros de Manaus), a divulga\u00e7\u00e3o do maior festival de artes integradas do Norte, o \u201c#SouManaus Passo a Pa\u00e7o 2023\u201d, que acontecer\u00e1 nos dias 5, 6 e 7 de setembro, no centro hist\u00f3rico da capital amazonense.","breadcrumb":{"@id":"https:\/\/www.manaus.am.gov.br\/manauscult\/prefeitura-divulga-soumanaus-passo-a-paco-2023-no-turistodromo-do-governo-do-amazonas-em-parintins\/#breadcrumb"},"inLanguage":"pt-BR","potentialAction":[{"@type":"ReadAction","target":["https:\/\/www.manaus.am.gov.br\/manauscult\/prefeitura-divulga-soumanaus-passo-a-paco-2023-no-turistodromo-do-governo-do-amazonas-em-parintins\/"]}]},{"@type":"ImageObject","inLanguage":"pt-BR","@id":"https:\/\/www.manaus.am.gov.br\/manauscult\/prefeitura-divulga-soumanaus-passo-a-paco-2023-no-turistodromo-do-governo-do-amazonas-em-parintins\/#primaryimage","url":"https:\/\/www.manaus.am.gov.br\/manauscult\/wp-content\/uploads\/sites\/11\/2023\/06\/WhatsApp-Image-2023-06-28-at-21.17.52-1.jpeg","contentUrl":"https:\/\/www.manaus.am.gov.br\/manauscult\/wp-content\/uploads\/sites\/11\/2023\/06\/WhatsApp-Image-2023-06-28-at-21.17.52-1.jpeg","width":1600,"height":1200},{"@type":"BreadcrumbList","@id":"https:\/\/www.manaus.am.gov.br\/manauscult\/prefeitura-divulga-soumanaus-passo-a-paco-2023-no-turistodromo-do-governo-do-amazonas-em-parintins\/#breadcrumb","itemListElement":[{"@type":"ListItem","position":1,"name":"Home","item":"https:\/\/www.manaus.am.gov.br\/manauscult\/"},{"@type":"ListItem","position":2,"name":"Prefeitura divulga \u2018#SouManaus Passo a Pa\u00e7o 2023\u2019 no \u2018Turist\u00f3dromo\u2019 do Governo do Amazonas em Parintins"}]},{"@type":"WebSite","@id":"https:\/\/www.manaus.am.gov.br\/manauscult\/#website","url":"https:\/\/www.manaus.am.gov.br\/manauscult\/","name":"MANAUSCULT","description":"Prefeitura de Manaus","potentialAction":[{"@type":"SearchAction","target":{"@type":"EntryPoint","urlTemplate":"https:\/\/www.manaus.am.gov.br\/manauscult\/?s={search_term_string}"},"query-input":"required name=search_term_string"}],"inLanguage":"pt-BR"},{"@type":"Person","@id":"https:\/\/www.manaus.am.gov.br\/manauscult\/#\/schema\/person\/4e49f4e267757a06ca072ec61b2b9968","name":"Adriana Costa","image":{"@type":"ImageObject","inLanguage":"pt-BR","@id":"https:\/\/www.manaus.am.gov.br\/manauscult\/#\/schema\/person\/image\/","url":"https:\/\/secure.gravatar.com\/avatar\/576258617ef7194f718179e766d57bd4?s=96&d=mm&r=g","contentUrl":"https:\/\/secure.gravatar.com\/avatar\/576258617ef7194f718179e766d57bd4?s=96&d=mm&r=g","caption":"Adriana Costa"}}]}},"_links":{"self":[{"href":"https:\/\/www.manaus.am.gov.br\/manauscult\/wp-json\/wp\/v2\/posts\/920"}],"collection":[{"href":"https:\/\/www.manaus.am.gov.br\/manauscult\/wp-json\/wp\/v2\/posts"}],"about":[{"href":"https:\/\/www.manaus.am.gov.br\/manauscult\/wp-json\/wp\/v2\/types\/post"}],"author":[{"embeddable":true,"href":"https:\/\/www.manaus.am.gov.br\/manauscult\/wp-json\/wp\/v2\/users\/23"}],"replies":[{"embeddable":true,"href":"https:\/\/www.manaus.am.gov.br\/manauscult\/wp-json\/wp\/v2\/comments?post=920"}],"version-history":[{"count":1,"href":"https:\/\/www.manaus.am.gov.br\/manauscult\/wp-json\/wp\/v2\/posts\/920\/revisions"}],"predecessor-version":[{"id":922,"href":"https:\/\/www.manaus.am.gov.br\/manauscult\/wp-json\/wp\/v2\/posts\/920\/revisions\/922"}],"wp:featuredmedia":[{"embeddable":true,"href":"https:\/\/www.manaus.am.gov.br\/manauscult\/wp-json\/wp\/v2\/media\/921"}],"wp:attachment":[{"href":"https:\/\/www.manaus.am.gov.br\/manauscult\/wp-json\/wp\/v2\/media?parent=920"}],"wp:term":[{"taxonomy":"category","embeddable":true,"href":"https:\/\/www.manaus.am.gov.br\/manauscult\/wp-json\/wp\/v2\/categories?post=920"},{"taxonomy":"post_tag","embeddable":true,"href":"https:\/\/www.manaus.am.gov.br\/manauscult\/wp-json\/wp\/v2\/tags?post=920"}],"curies":[{"name":"wp","href":"https:\/\/api.w.org\/{rel}","templated":true}]}}