{"id":91,"date":"2023-05-21T15:49:35","date_gmt":"2023-05-21T19:49:35","guid":{"rendered":"https:\/\/www.manaus.am.gov.br\/manauscult\/prefeitura-abre-inscricoes-da-3a-mostra-de-arte-indigena-de-manaus\/"},"modified":"2023-05-29T19:19:50","modified_gmt":"2023-05-29T23:19:50","slug":"prefeitura-abre-inscricoes-da-3a-mostra-de-arte-indigena-de-manaus","status":"publish","type":"post","link":"https:\/\/www.manaus.am.gov.br\/manauscult\/prefeitura-abre-inscricoes-da-3a-mostra-de-arte-indigena-de-manaus\/","title":{"rendered":"Prefeitura abre inscri\u00e7\u00f5es da 3\u00aa Mostra de Arte Ind\u00edgena de Manaus"},"content":{"rendered":"\n<p>A Prefeitura de Manaus, por meio da Funda\u00e7\u00e3o Municipal de Cultura, Turismo e Eventos (Manauscult) e do Conselho Municipal de Cultura (Concultura), lan\u00e7a o chamamento p\u00fablico para os artistas ind\u00edgenas participarem da 3\u00aa Mostra de Arte Ind\u00edgena com o tema \u201cMinha Hist\u00f3ria\u201d,&nbsp; como parte da comemora\u00e7\u00e3o do anivers\u00e1rio de Manaus.<\/p>\n\n\n\n<p>O diretor-presidente da Manauscult, Osvaldo Cardoso, ressalta que essa \u00e9 a oportunidade que os artistas ind\u00edgenas t\u00eam para expor seus trabalhos e manter viva a ancestralidade. \u201c\u00c9 necess\u00e1rio para nossa evolu\u00e7\u00e3o nos reconectarmos com nossos ancestrais, com nossa hist\u00f3ria, com a nossa cultura. Esses dias me reuni com v\u00e1rios l\u00edderes ind\u00edgenas e, na pauta, eles pediam oportunidade para expor sua arte e trabalho, pois bem, ela chegou\u201d, disse.<\/p>\n\n\n\n<p>A partir desse chamado, a prefeitura convida os artistas ind\u00edgenas a apresentarem suas propostas de obras in\u00e9ditas para a exposi\u00e7\u00e3o, relativas \u00e0s artes ind\u00edgenas em geral, versando sobre a hist\u00f3ria ancestral, como escultura, pintura, grafismos, fotografia, sprays, cestaria, arte em tecido, alfaiataria, cer\u00e2mica, plumagem, marchetaria, tran\u00e7ados diversos, artesanatos variados e tantos outros produtos art\u00edsticos e culturais que traduzem a cosmovis\u00e3o das diferentes etnias.<\/p>\n\n\n\n<p>Para o presidente do Concultura, Ten\u00f3rio Telles, \u00e9 um momento hist\u00f3rico, pois representa a consolida\u00e7\u00e3o desse projeto de resgate da mem\u00f3ria ancestral da cidade. &#8220;\u00c9 igualmente uma a\u00e7\u00e3o que promove nossos artistas ind\u00edgenas e uma oportunidade para os novos talentos&#8221;, pontuou.<\/p>\n\n\n\n<p>O chamamento tem o objetivo de apresenta\u00e7\u00e3o de propostas de trabalho para a Mostra de Arte Ind\u00edgena 2023, que ser\u00e1 realizada no per\u00edodo de 27 setembro a 27 outubro deste ano, celebrando tamb\u00e9m a ancestralidade.<\/p>\n\n\n\n<p>As propostas devem ser enviadas com descri\u00e7\u00e3o por escrito e imagens para serem avaliadas pela comiss\u00e3o de curadoria, no e-mail:&nbsp;<a href=\"http:\/\/concultura.manaus.am.gov.br\/\" target=\"_blank\" rel=\"noreferrer noopener\">concultura.manaus.am.gov.br<\/a>, no per\u00edodo de 22\/5 a 30\/6\/2023.<\/p>\n\n\n\n<p>&#8212; &#8212; &#8212;<\/p>\n\n\n\n<p><strong>Texto<\/strong>&nbsp;&#8211; Crist\u00f3v\u00e3o Nonato\/Manauscult<\/p>\n\n\n\n<p><strong>Fotos<\/strong>&nbsp;\u2013 Divulga\u00e7\u00e3o\/Manauscult<\/p>\n","protected":false},"excerpt":{"rendered":"","protected":false},"author":23,"featured_media":92,"comment_status":"closed","ping_status":"closed","sticky":false,"template":"","format":"standard","meta":{"footnotes":""},"categories":[12],"tags":[44,45,9,46,11],"acf":[],"yoast_head":"<!-- This site is optimized with the Yoast SEO plugin v23.0 - https:\/\/yoast.com\/wordpress\/plugins\/seo\/ -->\n<title>Prefeitura abre inscri\u00e7\u00f5es da 3\u00aa Mostra de Arte Ind\u00edgena de Manaus<\/title>\n<meta name=\"description\" content=\"A Prefeitura de Manaus, por meio da Funda\u00e7\u00e3o Municipal de Cultura, Turismo e Eventos (Manauscult) e do Conselho Municipal de Cultura (Concultura), lan\u00e7a o chamamento p\u00fablico para os artistas ind\u00edgenas participarem da 3\u00aa Mostra de Arte Ind\u00edgena com o tema \u201cMinha Hist\u00f3ria\u201d, como parte da comemora\u00e7\u00e3o do anivers\u00e1rio de Manaus.\" \/>\n<meta name=\"robots\" content=\"noindex, follow\" \/>\n<meta property=\"og:locale\" content=\"pt_BR\" \/>\n<meta property=\"og:type\" content=\"article\" \/>\n<meta property=\"og:title\" content=\"Prefeitura abre inscri\u00e7\u00f5es da 3\u00aa Mostra de Arte Ind\u00edgena de Manaus\" \/>\n<meta property=\"og:description\" content=\"A Prefeitura de Manaus, por meio da Funda\u00e7\u00e3o Municipal de Cultura, Turismo e Eventos (Manauscult) e do Conselho Municipal de Cultura (Concultura), lan\u00e7a o chamamento p\u00fablico para os artistas ind\u00edgenas participarem da 3\u00aa Mostra de Arte Ind\u00edgena com o tema \u201cMinha Hist\u00f3ria\u201d, como parte da comemora\u00e7\u00e3o do anivers\u00e1rio de Manaus.\" \/>\n<meta property=\"og:url\" content=\"https:\/\/www.manaus.am.gov.br\/manauscult\/prefeitura-abre-inscricoes-da-3a-mostra-de-arte-indigena-de-manaus\/\" \/>\n<meta property=\"og:site_name\" content=\"MANAUSCULT\" \/>\n<meta property=\"article:published_time\" content=\"2023-05-21T19:49:35+00:00\" \/>\n<meta property=\"article:modified_time\" content=\"2023-05-29T23:19:50+00:00\" \/>\n<meta property=\"og:image\" content=\"https:\/\/www.manaus.am.gov.br\/manauscult\/wp-content\/uploads\/sites\/11\/2023\/05\/WhatsApp-Image-2023-05-21-at-15.12.05.jpeg\" \/>\n\t<meta property=\"og:image:width\" content=\"1280\" \/>\n\t<meta property=\"og:image:height\" content=\"960\" \/>\n\t<meta property=\"og:image:type\" content=\"image\/jpeg\" \/>\n<meta name=\"author\" content=\"Adriana Costa\" \/>\n<meta name=\"twitter:card\" content=\"summary_large_image\" \/>\n<meta name=\"twitter:label1\" content=\"Written by\" \/>\n\t<meta name=\"twitter:data1\" content=\"Adriana Costa\" \/>\n\t<meta name=\"twitter:label2\" content=\"Est. reading time\" \/>\n\t<meta name=\"twitter:data2\" content=\"2 minutos\" \/>\n<script type=\"application\/ld+json\" class=\"yoast-schema-graph\">{\"@context\":\"https:\/\/schema.org\",\"@graph\":[{\"@type\":\"WebPage\",\"@id\":\"https:\/\/www.manaus.am.gov.br\/manauscult\/prefeitura-abre-inscricoes-da-3a-mostra-de-arte-indigena-de-manaus\/\",\"url\":\"https:\/\/www.manaus.am.gov.br\/manauscult\/prefeitura-abre-inscricoes-da-3a-mostra-de-arte-indigena-de-manaus\/\",\"name\":\"Prefeitura abre inscri\u00e7\u00f5es da 3\u00aa Mostra de Arte Ind\u00edgena de Manaus\",\"isPartOf\":{\"@id\":\"https:\/\/www.manaus.am.gov.br\/manauscult\/#website\"},\"primaryImageOfPage\":{\"@id\":\"https:\/\/www.manaus.am.gov.br\/manauscult\/prefeitura-abre-inscricoes-da-3a-mostra-de-arte-indigena-de-manaus\/#primaryimage\"},\"image\":{\"@id\":\"https:\/\/www.manaus.am.gov.br\/manauscult\/prefeitura-abre-inscricoes-da-3a-mostra-de-arte-indigena-de-manaus\/#primaryimage\"},\"thumbnailUrl\":\"https:\/\/www.manaus.am.gov.br\/manauscult\/wp-content\/uploads\/sites\/11\/2023\/05\/WhatsApp-Image-2023-05-21-at-15.12.05.jpeg\",\"datePublished\":\"2023-05-21T19:49:35+00:00\",\"dateModified\":\"2023-05-29T23:19:50+00:00\",\"author\":{\"@id\":\"https:\/\/www.manaus.am.gov.br\/manauscult\/#\/schema\/person\/4e49f4e267757a06ca072ec61b2b9968\"},\"description\":\"A Prefeitura de Manaus, por meio da Funda\u00e7\u00e3o Municipal de Cultura, Turismo e Eventos (Manauscult) e do Conselho Municipal de Cultura (Concultura), lan\u00e7a o chamamento p\u00fablico para os artistas ind\u00edgenas participarem da 3\u00aa Mostra de Arte Ind\u00edgena com o tema \u201cMinha Hist\u00f3ria\u201d, como parte da comemora\u00e7\u00e3o do anivers\u00e1rio de Manaus.\",\"breadcrumb\":{\"@id\":\"https:\/\/www.manaus.am.gov.br\/manauscult\/prefeitura-abre-inscricoes-da-3a-mostra-de-arte-indigena-de-manaus\/#breadcrumb\"},\"inLanguage\":\"pt-BR\",\"potentialAction\":[{\"@type\":\"ReadAction\",\"target\":[\"https:\/\/www.manaus.am.gov.br\/manauscult\/prefeitura-abre-inscricoes-da-3a-mostra-de-arte-indigena-de-manaus\/\"]}]},{\"@type\":\"ImageObject\",\"inLanguage\":\"pt-BR\",\"@id\":\"https:\/\/www.manaus.am.gov.br\/manauscult\/prefeitura-abre-inscricoes-da-3a-mostra-de-arte-indigena-de-manaus\/#primaryimage\",\"url\":\"https:\/\/www.manaus.am.gov.br\/manauscult\/wp-content\/uploads\/sites\/11\/2023\/05\/WhatsApp-Image-2023-05-21-at-15.12.05.jpeg\",\"contentUrl\":\"https:\/\/www.manaus.am.gov.br\/manauscult\/wp-content\/uploads\/sites\/11\/2023\/05\/WhatsApp-Image-2023-05-21-at-15.12.05.jpeg\",\"width\":1280,\"height\":960},{\"@type\":\"BreadcrumbList\",\"@id\":\"https:\/\/www.manaus.am.gov.br\/manauscult\/prefeitura-abre-inscricoes-da-3a-mostra-de-arte-indigena-de-manaus\/#breadcrumb\",\"itemListElement\":[{\"@type\":\"ListItem\",\"position\":1,\"name\":\"Home\",\"item\":\"https:\/\/www.manaus.am.gov.br\/manauscult\/\"},{\"@type\":\"ListItem\",\"position\":2,\"name\":\"Prefeitura abre inscri\u00e7\u00f5es da 3\u00aa Mostra de Arte Ind\u00edgena de Manaus\"}]},{\"@type\":\"WebSite\",\"@id\":\"https:\/\/www.manaus.am.gov.br\/manauscult\/#website\",\"url\":\"https:\/\/www.manaus.am.gov.br\/manauscult\/\",\"name\":\"MANAUSCULT\",\"description\":\"Prefeitura de Manaus\",\"potentialAction\":[{\"@type\":\"SearchAction\",\"target\":{\"@type\":\"EntryPoint\",\"urlTemplate\":\"https:\/\/www.manaus.am.gov.br\/manauscult\/?s={search_term_string}\"},\"query-input\":\"required name=search_term_string\"}],\"inLanguage\":\"pt-BR\"},{\"@type\":\"Person\",\"@id\":\"https:\/\/www.manaus.am.gov.br\/manauscult\/#\/schema\/person\/4e49f4e267757a06ca072ec61b2b9968\",\"name\":\"Adriana Costa\",\"image\":{\"@type\":\"ImageObject\",\"inLanguage\":\"pt-BR\",\"@id\":\"https:\/\/www.manaus.am.gov.br\/manauscult\/#\/schema\/person\/image\/\",\"url\":\"https:\/\/secure.gravatar.com\/avatar\/576258617ef7194f718179e766d57bd4?s=96&d=mm&r=g\",\"contentUrl\":\"https:\/\/secure.gravatar.com\/avatar\/576258617ef7194f718179e766d57bd4?s=96&d=mm&r=g\",\"caption\":\"Adriana Costa\"}}]}<\/script>\n<!-- \/ Yoast SEO plugin. -->","yoast_head_json":{"title":"Prefeitura abre inscri\u00e7\u00f5es da 3\u00aa Mostra de Arte Ind\u00edgena de Manaus","description":"A Prefeitura de Manaus, por meio da Funda\u00e7\u00e3o Municipal de Cultura, Turismo e Eventos (Manauscult) e do Conselho Municipal de Cultura (Concultura), lan\u00e7a o chamamento p\u00fablico para os artistas ind\u00edgenas participarem da 3\u00aa Mostra de Arte Ind\u00edgena com o tema \u201cMinha Hist\u00f3ria\u201d, como parte da comemora\u00e7\u00e3o do anivers\u00e1rio de Manaus.","robots":{"index":"noindex","follow":"follow"},"og_locale":"pt_BR","og_type":"article","og_title":"Prefeitura abre inscri\u00e7\u00f5es da 3\u00aa Mostra de Arte Ind\u00edgena de Manaus","og_description":"A Prefeitura de Manaus, por meio da Funda\u00e7\u00e3o Municipal de Cultura, Turismo e Eventos (Manauscult) e do Conselho Municipal de Cultura (Concultura), lan\u00e7a o chamamento p\u00fablico para os artistas ind\u00edgenas participarem da 3\u00aa Mostra de Arte Ind\u00edgena com o tema \u201cMinha Hist\u00f3ria\u201d, como parte da comemora\u00e7\u00e3o do anivers\u00e1rio de Manaus.","og_url":"https:\/\/www.manaus.am.gov.br\/manauscult\/prefeitura-abre-inscricoes-da-3a-mostra-de-arte-indigena-de-manaus\/","og_site_name":"MANAUSCULT","article_published_time":"2023-05-21T19:49:35+00:00","article_modified_time":"2023-05-29T23:19:50+00:00","og_image":[{"width":1280,"height":960,"url":"https:\/\/www.manaus.am.gov.br\/manauscult\/wp-content\/uploads\/sites\/11\/2023\/05\/WhatsApp-Image-2023-05-21-at-15.12.05.jpeg","type":"image\/jpeg"}],"author":"Adriana Costa","twitter_card":"summary_large_image","twitter_misc":{"Written by":"Adriana Costa","Est. reading time":"2 minutos"},"schema":{"@context":"https:\/\/schema.org","@graph":[{"@type":"WebPage","@id":"https:\/\/www.manaus.am.gov.br\/manauscult\/prefeitura-abre-inscricoes-da-3a-mostra-de-arte-indigena-de-manaus\/","url":"https:\/\/www.manaus.am.gov.br\/manauscult\/prefeitura-abre-inscricoes-da-3a-mostra-de-arte-indigena-de-manaus\/","name":"Prefeitura abre inscri\u00e7\u00f5es da 3\u00aa Mostra de Arte Ind\u00edgena de Manaus","isPartOf":{"@id":"https:\/\/www.manaus.am.gov.br\/manauscult\/#website"},"primaryImageOfPage":{"@id":"https:\/\/www.manaus.am.gov.br\/manauscult\/prefeitura-abre-inscricoes-da-3a-mostra-de-arte-indigena-de-manaus\/#primaryimage"},"image":{"@id":"https:\/\/www.manaus.am.gov.br\/manauscult\/prefeitura-abre-inscricoes-da-3a-mostra-de-arte-indigena-de-manaus\/#primaryimage"},"thumbnailUrl":"https:\/\/www.manaus.am.gov.br\/manauscult\/wp-content\/uploads\/sites\/11\/2023\/05\/WhatsApp-Image-2023-05-21-at-15.12.05.jpeg","datePublished":"2023-05-21T19:49:35+00:00","dateModified":"2023-05-29T23:19:50+00:00","author":{"@id":"https:\/\/www.manaus.am.gov.br\/manauscult\/#\/schema\/person\/4e49f4e267757a06ca072ec61b2b9968"},"description":"A Prefeitura de Manaus, por meio da Funda\u00e7\u00e3o Municipal de Cultura, Turismo e Eventos (Manauscult) e do Conselho Municipal de Cultura (Concultura), lan\u00e7a o chamamento p\u00fablico para os artistas ind\u00edgenas participarem da 3\u00aa Mostra de Arte Ind\u00edgena com o tema \u201cMinha Hist\u00f3ria\u201d, como parte da comemora\u00e7\u00e3o do anivers\u00e1rio de Manaus.","breadcrumb":{"@id":"https:\/\/www.manaus.am.gov.br\/manauscult\/prefeitura-abre-inscricoes-da-3a-mostra-de-arte-indigena-de-manaus\/#breadcrumb"},"inLanguage":"pt-BR","potentialAction":[{"@type":"ReadAction","target":["https:\/\/www.manaus.am.gov.br\/manauscult\/prefeitura-abre-inscricoes-da-3a-mostra-de-arte-indigena-de-manaus\/"]}]},{"@type":"ImageObject","inLanguage":"pt-BR","@id":"https:\/\/www.manaus.am.gov.br\/manauscult\/prefeitura-abre-inscricoes-da-3a-mostra-de-arte-indigena-de-manaus\/#primaryimage","url":"https:\/\/www.manaus.am.gov.br\/manauscult\/wp-content\/uploads\/sites\/11\/2023\/05\/WhatsApp-Image-2023-05-21-at-15.12.05.jpeg","contentUrl":"https:\/\/www.manaus.am.gov.br\/manauscult\/wp-content\/uploads\/sites\/11\/2023\/05\/WhatsApp-Image-2023-05-21-at-15.12.05.jpeg","width":1280,"height":960},{"@type":"BreadcrumbList","@id":"https:\/\/www.manaus.am.gov.br\/manauscult\/prefeitura-abre-inscricoes-da-3a-mostra-de-arte-indigena-de-manaus\/#breadcrumb","itemListElement":[{"@type":"ListItem","position":1,"name":"Home","item":"https:\/\/www.manaus.am.gov.br\/manauscult\/"},{"@type":"ListItem","position":2,"name":"Prefeitura abre inscri\u00e7\u00f5es da 3\u00aa Mostra de Arte Ind\u00edgena de Manaus"}]},{"@type":"WebSite","@id":"https:\/\/www.manaus.am.gov.br\/manauscult\/#website","url":"https:\/\/www.manaus.am.gov.br\/manauscult\/","name":"MANAUSCULT","description":"Prefeitura de Manaus","potentialAction":[{"@type":"SearchAction","target":{"@type":"EntryPoint","urlTemplate":"https:\/\/www.manaus.am.gov.br\/manauscult\/?s={search_term_string}"},"query-input":"required name=search_term_string"}],"inLanguage":"pt-BR"},{"@type":"Person","@id":"https:\/\/www.manaus.am.gov.br\/manauscult\/#\/schema\/person\/4e49f4e267757a06ca072ec61b2b9968","name":"Adriana Costa","image":{"@type":"ImageObject","inLanguage":"pt-BR","@id":"https:\/\/www.manaus.am.gov.br\/manauscult\/#\/schema\/person\/image\/","url":"https:\/\/secure.gravatar.com\/avatar\/576258617ef7194f718179e766d57bd4?s=96&d=mm&r=g","contentUrl":"https:\/\/secure.gravatar.com\/avatar\/576258617ef7194f718179e766d57bd4?s=96&d=mm&r=g","caption":"Adriana Costa"}}]}},"_links":{"self":[{"href":"https:\/\/www.manaus.am.gov.br\/manauscult\/wp-json\/wp\/v2\/posts\/91"}],"collection":[{"href":"https:\/\/www.manaus.am.gov.br\/manauscult\/wp-json\/wp\/v2\/posts"}],"about":[{"href":"https:\/\/www.manaus.am.gov.br\/manauscult\/wp-json\/wp\/v2\/types\/post"}],"author":[{"embeddable":true,"href":"https:\/\/www.manaus.am.gov.br\/manauscult\/wp-json\/wp\/v2\/users\/23"}],"replies":[{"embeddable":true,"href":"https:\/\/www.manaus.am.gov.br\/manauscult\/wp-json\/wp\/v2\/comments?post=91"}],"version-history":[{"count":1,"href":"https:\/\/www.manaus.am.gov.br\/manauscult\/wp-json\/wp\/v2\/posts\/91\/revisions"}],"predecessor-version":[{"id":264,"href":"https:\/\/www.manaus.am.gov.br\/manauscult\/wp-json\/wp\/v2\/posts\/91\/revisions\/264"}],"wp:featuredmedia":[{"embeddable":true,"href":"https:\/\/www.manaus.am.gov.br\/manauscult\/wp-json\/wp\/v2\/media\/92"}],"wp:attachment":[{"href":"https:\/\/www.manaus.am.gov.br\/manauscult\/wp-json\/wp\/v2\/media?parent=91"}],"wp:term":[{"taxonomy":"category","embeddable":true,"href":"https:\/\/www.manaus.am.gov.br\/manauscult\/wp-json\/wp\/v2\/categories?post=91"},{"taxonomy":"post_tag","embeddable":true,"href":"https:\/\/www.manaus.am.gov.br\/manauscult\/wp-json\/wp\/v2\/tags?post=91"}],"curies":[{"name":"wp","href":"https:\/\/api.w.org\/{rel}","templated":true}]}}