{"id":89,"date":"2023-05-21T15:31:19","date_gmt":"2023-05-21T19:31:19","guid":{"rendered":"https:\/\/www.manaus.am.gov.br\/manauscult\/prefeitura-divulga-resultado-de-edital-de-apoio-aos-grupos-do-65-festival-folclorico-do-amazonas\/"},"modified":"2023-05-29T19:20:02","modified_gmt":"2023-05-29T23:20:02","slug":"prefeitura-divulga-resultado-de-edital-de-apoio-aos-grupos-do-65-festival-folclorico-do-amazonas","status":"publish","type":"post","link":"https:\/\/www.manaus.am.gov.br\/manauscult\/prefeitura-divulga-resultado-de-edital-de-apoio-aos-grupos-do-65-festival-folclorico-do-amazonas\/","title":{"rendered":"Prefeitura divulga resultado de edital de apoio aos grupos do\u00a065\u00b0 Festival Folcl\u00f3rico do Amazonas"},"content":{"rendered":"\n<p>A Prefeitura de Manaus, por meio da Funda\u00e7\u00e3o Municipal de Cultural, Turismo e Eventos (Manauscult), divulgou, neste domingo, 21\/5, o resultado final do edital n\u00b0 004\/2023, que destina apoio financeiro de quase R$ 1,2 milh\u00e3o aos grupos das categorias Bronze, Prata e Bumb\u00e1s Ouro Master A, que se apresentar\u00e3o no 65\u00b0 Festival Folcl\u00f3rico do Amazonas, a ser realizado no Centro Cultural Povos da Amaz\u00f4nia (CCPA), na zona Sul, de 11 a 25\/6.<\/p>\n\n\n\n<p>O resultado, publicado na edi\u00e7\u00e3o 5.589, do Di\u00e1rio Oficial do Munic\u00edpio (DOM), tamb\u00e9m pode ser consultado na aba \u201ceditais\u201d do portal da Manauscult&nbsp;<a href=\"https:\/\/manauscult.manaus.am.gov.br\/\" target=\"_blank\" rel=\"noreferrer noopener\">https:\/\/manauscult.manaus.am.gov.b<\/a>r.<\/p>\n\n\n\n<p>O diretor-presidente da Manauscult, Osvaldo Cardoso, conta que para este ano o festival folcl\u00f3rico ter\u00e1 uma programa\u00e7\u00e3o diferenciada. \u201cEste ano, a popula\u00e7\u00e3o pode esperar o melhor festival dos \u00faltimos tempos. Estamos investindo forte no folclore, na cultura em geral; fizemos um reajuste no valor do repasse \u00e0s dan\u00e7as, o segundo da gest\u00e3o David Almeida\u201d, pontuou.<\/p>\n\n\n\n<p>De acordo com o titular da Manauscult, nos pr\u00f3ximos dias, ser\u00e1 feito o sorteio da ordem de apresenta\u00e7\u00e3o das dan\u00e7as. \u201cMas, o que quero destacar aqui, \u00e9 que atendemos todos os pleitos do segmento. Pediram coxia, para que as dan\u00e7as possam se organizar antes de entrar na arena e, tamb\u00e9m, uma atra\u00e7\u00e3o nacional para abrir o festival. Vamos atender todos os pedidos\u201d, concluiu Osvaldo Cardoso.<\/p>\n\n\n\n<p>No dia 11\/6 popula\u00e7\u00e3o vai contar com a atra\u00e7\u00e3o nacional&nbsp;JM Puxado&nbsp;e banda, na abertura do festival, que se apresentar\u00e1 gratuitamente antes da apresenta\u00e7\u00e3o dos grupos folcl\u00f3ricos.<\/p>\n\n\n\n<p>Ao todo, 78 grupos de dan\u00e7as como quadrilhas, cirandas, entre outros, representados por suas respectivas ligas ou associa\u00e7\u00f5es, foram contemplados, sendo 45 da Categoria Prata e 30 da Categoria Bronze. Al\u00e9m deles, os bois-bumb\u00e1s Galante, Garanh\u00e3o e Corre Campo tamb\u00e9m receber\u00e3o apoio, totalizando 78 grupos contemplados pelo edital.<\/p>\n\n\n\n<p>A partir desse resultado, a Manauscult vai iniciar a formaliza\u00e7\u00e3o do processo de repasse do fomento, que passa pela elabora\u00e7\u00e3o do termo de colabora\u00e7\u00e3o, atualiza\u00e7\u00e3o de certid\u00f5es, parecer t\u00e9cnico, dota\u00e7\u00e3o or\u00e7ament\u00e1ria, parecer jur\u00eddico e, por fim, assinatura do termo para recebimento do recurso.<\/p>\n\n\n\n<p><strong>O festival<\/strong><\/p>\n\n\n\n<p>O 65\u00b0 Festival Folcl\u00f3rico do Amazonas inicia no dia 11\/6, no CCPA, das 19h \u00e0s 23h. Na abertura, o cantor&nbsp;JM Puxado&nbsp;vai se apresentar gratuitamente. O evento conta tamb\u00e9m com feira gastron\u00f4mica, feira de artesanato e espa\u00e7o kids. A programa\u00e7\u00e3o completa ser\u00e1 disponibilizada, na pr\u00f3xima semana, no portal da Manauscult.<\/p>\n\n\n\n<p><strong>Hist\u00f3rico<\/strong><\/p>\n\n\n\n<p>Desde 1957, o Festival Folcl\u00f3rico do Amazonas re\u00fane as manifesta\u00e7\u00f5es folcl\u00f3ricas presentes nos bairros de Manaus e tem a participa\u00e7\u00e3o especial dos bois Corre-Campo, Garanh\u00e3o e Galante.<\/p>\n\n\n\n<p>O festival, inicialmente, acontecia no centro de Manaus, onde hoje est\u00e1 localizado o Col\u00e9gio Militar. Ap\u00f3s 1979, com a instala\u00e7\u00e3o do col\u00e9gio, ele foi realizado no parque Amazonense, no est\u00e1dio da Colina e no antigo est\u00e1dio Vivaldo Lima, o Vivald\u00e3o.<\/p>\n\n\n\n<p>Mas foi na pra\u00e7a Francisco Pereira da Silva, mais conhecida como \u201cbola da Suframa\u201d, que o evento ganhou for\u00e7a e se tornou ainda mais conhecido na cidade.<\/p>\n\n\n\n<p>Este \u00e9 o segundo ano, na gest\u00e3o David Almeida, que os grupos far\u00e3o suas apresenta\u00e7\u00f5es no Centro Cultural Povos da Amaz\u00f4nia (CCPA), ber\u00e7o tradicional do folclore.<\/p>\n\n\n\n<p>&#8212; &#8212; &#8212;<\/p>\n\n\n\n<p><strong>Texto &#8211;&nbsp;<\/strong>Emanuelle Baires\/Manauscult<\/p>\n\n\n\n<p><strong>Fotos &#8211;<\/strong>&nbsp;Ant\u00f4nio Pereira\/Semcom<\/p>\n","protected":false},"excerpt":{"rendered":"","protected":false},"author":23,"featured_media":90,"comment_status":"closed","ping_status":"closed","sticky":false,"template":"","format":"standard","meta":{"footnotes":""},"categories":[39],"tags":[40,41,42,11,43],"acf":[],"yoast_head":"<!-- This site is optimized with the Yoast SEO plugin v23.0 - https:\/\/yoast.com\/wordpress\/plugins\/seo\/ -->\n<title>Prefeitura divulga resultado de edital de apoio aos grupos do 65\u00b0 Festival Folcl\u00f3rico do Amazonas<\/title>\n<meta name=\"description\" content=\"A Prefeitura de Manaus, por meio da Funda\u00e7\u00e3o Municipal de Cultural, Turismo e Eventos (Manauscult), divulgou, neste domingo, 21\/5, o resultado final do edital n\u00b0 004\/2023, que destina apoio financeiro de quase R$ 1,2 milh\u00e3o aos grupos das categorias Bronze, Prata e Bumb\u00e1s Ouro Master A, que se apresentar\u00e3o no 65\u00b0 Festival Folcl\u00f3rico do Amazonas, a ser realizado no Centro Cultural Povos da Amaz\u00f4nia (CCPA), na zona Sul, de 11 a 25\/6.\" \/>\n<meta name=\"robots\" content=\"noindex, follow\" \/>\n<meta property=\"og:locale\" content=\"pt_BR\" \/>\n<meta property=\"og:type\" content=\"article\" \/>\n<meta property=\"og:title\" content=\"Prefeitura divulga resultado de edital de apoio aos grupos do 65\u00b0 Festival Folcl\u00f3rico do Amazonas\" \/>\n<meta property=\"og:description\" content=\"A Prefeitura de Manaus, por meio da Funda\u00e7\u00e3o Municipal de Cultural, Turismo e Eventos (Manauscult), divulgou, neste domingo, 21\/5, o resultado final do edital n\u00b0 004\/2023, que destina apoio financeiro de quase R$ 1,2 milh\u00e3o aos grupos das categorias Bronze, Prata e Bumb\u00e1s Ouro Master A, que se apresentar\u00e3o no 65\u00b0 Festival Folcl\u00f3rico do Amazonas, a ser realizado no Centro Cultural Povos da Amaz\u00f4nia (CCPA), na zona Sul, de 11 a 25\/6.\" \/>\n<meta property=\"og:url\" content=\"https:\/\/www.manaus.am.gov.br\/manauscult\/prefeitura-divulga-resultado-de-edital-de-apoio-aos-grupos-do-65-festival-folclorico-do-amazonas\/\" \/>\n<meta property=\"og:site_name\" content=\"MANAUSCULT\" \/>\n<meta property=\"article:published_time\" content=\"2023-05-21T19:31:19+00:00\" \/>\n<meta property=\"article:modified_time\" content=\"2023-05-29T23:20:02+00:00\" \/>\n<meta property=\"og:image\" content=\"https:\/\/www.manaus.am.gov.br\/manauscult\/wp-content\/uploads\/sites\/11\/2023\/05\/52160923152_b70aa92f94_c.jpg\" \/>\n\t<meta property=\"og:image:width\" content=\"799\" \/>\n\t<meta property=\"og:image:height\" content=\"533\" \/>\n\t<meta property=\"og:image:type\" content=\"image\/jpeg\" \/>\n<meta name=\"author\" content=\"Adriana Costa\" \/>\n<meta name=\"twitter:card\" content=\"summary_large_image\" \/>\n<meta name=\"twitter:label1\" content=\"Written by\" \/>\n\t<meta name=\"twitter:data1\" content=\"Adriana Costa\" \/>\n\t<meta name=\"twitter:label2\" content=\"Est. reading time\" \/>\n\t<meta name=\"twitter:data2\" content=\"3 minutos\" \/>\n<script type=\"application\/ld+json\" class=\"yoast-schema-graph\">{\"@context\":\"https:\/\/schema.org\",\"@graph\":[{\"@type\":\"WebPage\",\"@id\":\"https:\/\/www.manaus.am.gov.br\/manauscult\/prefeitura-divulga-resultado-de-edital-de-apoio-aos-grupos-do-65-festival-folclorico-do-amazonas\/\",\"url\":\"https:\/\/www.manaus.am.gov.br\/manauscult\/prefeitura-divulga-resultado-de-edital-de-apoio-aos-grupos-do-65-festival-folclorico-do-amazonas\/\",\"name\":\"Prefeitura divulga resultado de edital de apoio aos grupos do 65\u00b0 Festival Folcl\u00f3rico do Amazonas\",\"isPartOf\":{\"@id\":\"https:\/\/www.manaus.am.gov.br\/manauscult\/#website\"},\"primaryImageOfPage\":{\"@id\":\"https:\/\/www.manaus.am.gov.br\/manauscult\/prefeitura-divulga-resultado-de-edital-de-apoio-aos-grupos-do-65-festival-folclorico-do-amazonas\/#primaryimage\"},\"image\":{\"@id\":\"https:\/\/www.manaus.am.gov.br\/manauscult\/prefeitura-divulga-resultado-de-edital-de-apoio-aos-grupos-do-65-festival-folclorico-do-amazonas\/#primaryimage\"},\"thumbnailUrl\":\"https:\/\/www.manaus.am.gov.br\/manauscult\/wp-content\/uploads\/sites\/11\/2023\/05\/52160923152_b70aa92f94_c.jpg\",\"datePublished\":\"2023-05-21T19:31:19+00:00\",\"dateModified\":\"2023-05-29T23:20:02+00:00\",\"author\":{\"@id\":\"https:\/\/www.manaus.am.gov.br\/manauscult\/#\/schema\/person\/4e49f4e267757a06ca072ec61b2b9968\"},\"description\":\"A Prefeitura de Manaus, por meio da Funda\u00e7\u00e3o Municipal de Cultural, Turismo e Eventos (Manauscult), divulgou, neste domingo, 21\/5, o resultado final do edital n\u00b0 004\/2023, que destina apoio financeiro de quase R$ 1,2 milh\u00e3o aos grupos das categorias Bronze, Prata e Bumb\u00e1s Ouro Master A, que se apresentar\u00e3o no 65\u00b0 Festival Folcl\u00f3rico do Amazonas, a ser realizado no Centro Cultural Povos da Amaz\u00f4nia (CCPA), na zona Sul, de 11 a 25\/6.\",\"breadcrumb\":{\"@id\":\"https:\/\/www.manaus.am.gov.br\/manauscult\/prefeitura-divulga-resultado-de-edital-de-apoio-aos-grupos-do-65-festival-folclorico-do-amazonas\/#breadcrumb\"},\"inLanguage\":\"pt-BR\",\"potentialAction\":[{\"@type\":\"ReadAction\",\"target\":[\"https:\/\/www.manaus.am.gov.br\/manauscult\/prefeitura-divulga-resultado-de-edital-de-apoio-aos-grupos-do-65-festival-folclorico-do-amazonas\/\"]}]},{\"@type\":\"ImageObject\",\"inLanguage\":\"pt-BR\",\"@id\":\"https:\/\/www.manaus.am.gov.br\/manauscult\/prefeitura-divulga-resultado-de-edital-de-apoio-aos-grupos-do-65-festival-folclorico-do-amazonas\/#primaryimage\",\"url\":\"https:\/\/www.manaus.am.gov.br\/manauscult\/wp-content\/uploads\/sites\/11\/2023\/05\/52160923152_b70aa92f94_c.jpg\",\"contentUrl\":\"https:\/\/www.manaus.am.gov.br\/manauscult\/wp-content\/uploads\/sites\/11\/2023\/05\/52160923152_b70aa92f94_c.jpg\",\"width\":799,\"height\":533},{\"@type\":\"BreadcrumbList\",\"@id\":\"https:\/\/www.manaus.am.gov.br\/manauscult\/prefeitura-divulga-resultado-de-edital-de-apoio-aos-grupos-do-65-festival-folclorico-do-amazonas\/#breadcrumb\",\"itemListElement\":[{\"@type\":\"ListItem\",\"position\":1,\"name\":\"Home\",\"item\":\"https:\/\/www.manaus.am.gov.br\/manauscult\/\"},{\"@type\":\"ListItem\",\"position\":2,\"name\":\"Prefeitura divulga resultado de edital de apoio aos grupos do\u00a065\u00b0 Festival Folcl\u00f3rico do Amazonas\"}]},{\"@type\":\"WebSite\",\"@id\":\"https:\/\/www.manaus.am.gov.br\/manauscult\/#website\",\"url\":\"https:\/\/www.manaus.am.gov.br\/manauscult\/\",\"name\":\"MANAUSCULT\",\"description\":\"Prefeitura de Manaus\",\"potentialAction\":[{\"@type\":\"SearchAction\",\"target\":{\"@type\":\"EntryPoint\",\"urlTemplate\":\"https:\/\/www.manaus.am.gov.br\/manauscult\/?s={search_term_string}\"},\"query-input\":\"required name=search_term_string\"}],\"inLanguage\":\"pt-BR\"},{\"@type\":\"Person\",\"@id\":\"https:\/\/www.manaus.am.gov.br\/manauscult\/#\/schema\/person\/4e49f4e267757a06ca072ec61b2b9968\",\"name\":\"Adriana Costa\",\"image\":{\"@type\":\"ImageObject\",\"inLanguage\":\"pt-BR\",\"@id\":\"https:\/\/www.manaus.am.gov.br\/manauscult\/#\/schema\/person\/image\/\",\"url\":\"https:\/\/secure.gravatar.com\/avatar\/576258617ef7194f718179e766d57bd4?s=96&d=mm&r=g\",\"contentUrl\":\"https:\/\/secure.gravatar.com\/avatar\/576258617ef7194f718179e766d57bd4?s=96&d=mm&r=g\",\"caption\":\"Adriana Costa\"}}]}<\/script>\n<!-- \/ Yoast SEO plugin. -->","yoast_head_json":{"title":"Prefeitura divulga resultado de edital de apoio aos grupos do 65\u00b0 Festival Folcl\u00f3rico do Amazonas","description":"A Prefeitura de Manaus, por meio da Funda\u00e7\u00e3o Municipal de Cultural, Turismo e Eventos (Manauscult), divulgou, neste domingo, 21\/5, o resultado final do edital n\u00b0 004\/2023, que destina apoio financeiro de quase R$ 1,2 milh\u00e3o aos grupos das categorias Bronze, Prata e Bumb\u00e1s Ouro Master A, que se apresentar\u00e3o no 65\u00b0 Festival Folcl\u00f3rico do Amazonas, a ser realizado no Centro Cultural Povos da Amaz\u00f4nia (CCPA), na zona Sul, de 11 a 25\/6.","robots":{"index":"noindex","follow":"follow"},"og_locale":"pt_BR","og_type":"article","og_title":"Prefeitura divulga resultado de edital de apoio aos grupos do 65\u00b0 Festival Folcl\u00f3rico do Amazonas","og_description":"A Prefeitura de Manaus, por meio da Funda\u00e7\u00e3o Municipal de Cultural, Turismo e Eventos (Manauscult), divulgou, neste domingo, 21\/5, o resultado final do edital n\u00b0 004\/2023, que destina apoio financeiro de quase R$ 1,2 milh\u00e3o aos grupos das categorias Bronze, Prata e Bumb\u00e1s Ouro Master A, que se apresentar\u00e3o no 65\u00b0 Festival Folcl\u00f3rico do Amazonas, a ser realizado no Centro Cultural Povos da Amaz\u00f4nia (CCPA), na zona Sul, de 11 a 25\/6.","og_url":"https:\/\/www.manaus.am.gov.br\/manauscult\/prefeitura-divulga-resultado-de-edital-de-apoio-aos-grupos-do-65-festival-folclorico-do-amazonas\/","og_site_name":"MANAUSCULT","article_published_time":"2023-05-21T19:31:19+00:00","article_modified_time":"2023-05-29T23:20:02+00:00","og_image":[{"width":799,"height":533,"url":"https:\/\/www.manaus.am.gov.br\/manauscult\/wp-content\/uploads\/sites\/11\/2023\/05\/52160923152_b70aa92f94_c.jpg","type":"image\/jpeg"}],"author":"Adriana Costa","twitter_card":"summary_large_image","twitter_misc":{"Written by":"Adriana Costa","Est. reading time":"3 minutos"},"schema":{"@context":"https:\/\/schema.org","@graph":[{"@type":"WebPage","@id":"https:\/\/www.manaus.am.gov.br\/manauscult\/prefeitura-divulga-resultado-de-edital-de-apoio-aos-grupos-do-65-festival-folclorico-do-amazonas\/","url":"https:\/\/www.manaus.am.gov.br\/manauscult\/prefeitura-divulga-resultado-de-edital-de-apoio-aos-grupos-do-65-festival-folclorico-do-amazonas\/","name":"Prefeitura divulga resultado de edital de apoio aos grupos do 65\u00b0 Festival Folcl\u00f3rico do Amazonas","isPartOf":{"@id":"https:\/\/www.manaus.am.gov.br\/manauscult\/#website"},"primaryImageOfPage":{"@id":"https:\/\/www.manaus.am.gov.br\/manauscult\/prefeitura-divulga-resultado-de-edital-de-apoio-aos-grupos-do-65-festival-folclorico-do-amazonas\/#primaryimage"},"image":{"@id":"https:\/\/www.manaus.am.gov.br\/manauscult\/prefeitura-divulga-resultado-de-edital-de-apoio-aos-grupos-do-65-festival-folclorico-do-amazonas\/#primaryimage"},"thumbnailUrl":"https:\/\/www.manaus.am.gov.br\/manauscult\/wp-content\/uploads\/sites\/11\/2023\/05\/52160923152_b70aa92f94_c.jpg","datePublished":"2023-05-21T19:31:19+00:00","dateModified":"2023-05-29T23:20:02+00:00","author":{"@id":"https:\/\/www.manaus.am.gov.br\/manauscult\/#\/schema\/person\/4e49f4e267757a06ca072ec61b2b9968"},"description":"A Prefeitura de Manaus, por meio da Funda\u00e7\u00e3o Municipal de Cultural, Turismo e Eventos (Manauscult), divulgou, neste domingo, 21\/5, o resultado final do edital n\u00b0 004\/2023, que destina apoio financeiro de quase R$ 1,2 milh\u00e3o aos grupos das categorias Bronze, Prata e Bumb\u00e1s Ouro Master A, que se apresentar\u00e3o no 65\u00b0 Festival Folcl\u00f3rico do Amazonas, a ser realizado no Centro Cultural Povos da Amaz\u00f4nia (CCPA), na zona Sul, de 11 a 25\/6.","breadcrumb":{"@id":"https:\/\/www.manaus.am.gov.br\/manauscult\/prefeitura-divulga-resultado-de-edital-de-apoio-aos-grupos-do-65-festival-folclorico-do-amazonas\/#breadcrumb"},"inLanguage":"pt-BR","potentialAction":[{"@type":"ReadAction","target":["https:\/\/www.manaus.am.gov.br\/manauscult\/prefeitura-divulga-resultado-de-edital-de-apoio-aos-grupos-do-65-festival-folclorico-do-amazonas\/"]}]},{"@type":"ImageObject","inLanguage":"pt-BR","@id":"https:\/\/www.manaus.am.gov.br\/manauscult\/prefeitura-divulga-resultado-de-edital-de-apoio-aos-grupos-do-65-festival-folclorico-do-amazonas\/#primaryimage","url":"https:\/\/www.manaus.am.gov.br\/manauscult\/wp-content\/uploads\/sites\/11\/2023\/05\/52160923152_b70aa92f94_c.jpg","contentUrl":"https:\/\/www.manaus.am.gov.br\/manauscult\/wp-content\/uploads\/sites\/11\/2023\/05\/52160923152_b70aa92f94_c.jpg","width":799,"height":533},{"@type":"BreadcrumbList","@id":"https:\/\/www.manaus.am.gov.br\/manauscult\/prefeitura-divulga-resultado-de-edital-de-apoio-aos-grupos-do-65-festival-folclorico-do-amazonas\/#breadcrumb","itemListElement":[{"@type":"ListItem","position":1,"name":"Home","item":"https:\/\/www.manaus.am.gov.br\/manauscult\/"},{"@type":"ListItem","position":2,"name":"Prefeitura divulga resultado de edital de apoio aos grupos do\u00a065\u00b0 Festival Folcl\u00f3rico do Amazonas"}]},{"@type":"WebSite","@id":"https:\/\/www.manaus.am.gov.br\/manauscult\/#website","url":"https:\/\/www.manaus.am.gov.br\/manauscult\/","name":"MANAUSCULT","description":"Prefeitura de Manaus","potentialAction":[{"@type":"SearchAction","target":{"@type":"EntryPoint","urlTemplate":"https:\/\/www.manaus.am.gov.br\/manauscult\/?s={search_term_string}"},"query-input":"required name=search_term_string"}],"inLanguage":"pt-BR"},{"@type":"Person","@id":"https:\/\/www.manaus.am.gov.br\/manauscult\/#\/schema\/person\/4e49f4e267757a06ca072ec61b2b9968","name":"Adriana Costa","image":{"@type":"ImageObject","inLanguage":"pt-BR","@id":"https:\/\/www.manaus.am.gov.br\/manauscult\/#\/schema\/person\/image\/","url":"https:\/\/secure.gravatar.com\/avatar\/576258617ef7194f718179e766d57bd4?s=96&d=mm&r=g","contentUrl":"https:\/\/secure.gravatar.com\/avatar\/576258617ef7194f718179e766d57bd4?s=96&d=mm&r=g","caption":"Adriana Costa"}}]}},"_links":{"self":[{"href":"https:\/\/www.manaus.am.gov.br\/manauscult\/wp-json\/wp\/v2\/posts\/89"}],"collection":[{"href":"https:\/\/www.manaus.am.gov.br\/manauscult\/wp-json\/wp\/v2\/posts"}],"about":[{"href":"https:\/\/www.manaus.am.gov.br\/manauscult\/wp-json\/wp\/v2\/types\/post"}],"author":[{"embeddable":true,"href":"https:\/\/www.manaus.am.gov.br\/manauscult\/wp-json\/wp\/v2\/users\/23"}],"replies":[{"embeddable":true,"href":"https:\/\/www.manaus.am.gov.br\/manauscult\/wp-json\/wp\/v2\/comments?post=89"}],"version-history":[{"count":1,"href":"https:\/\/www.manaus.am.gov.br\/manauscult\/wp-json\/wp\/v2\/posts\/89\/revisions"}],"predecessor-version":[{"id":266,"href":"https:\/\/www.manaus.am.gov.br\/manauscult\/wp-json\/wp\/v2\/posts\/89\/revisions\/266"}],"wp:featuredmedia":[{"embeddable":true,"href":"https:\/\/www.manaus.am.gov.br\/manauscult\/wp-json\/wp\/v2\/media\/90"}],"wp:attachment":[{"href":"https:\/\/www.manaus.am.gov.br\/manauscult\/wp-json\/wp\/v2\/media?parent=89"}],"wp:term":[{"taxonomy":"category","embeddable":true,"href":"https:\/\/www.manaus.am.gov.br\/manauscult\/wp-json\/wp\/v2\/categories?post=89"},{"taxonomy":"post_tag","embeddable":true,"href":"https:\/\/www.manaus.am.gov.br\/manauscult\/wp-json\/wp\/v2\/tags?post=89"}],"curies":[{"name":"wp","href":"https:\/\/api.w.org\/{rel}","templated":true}]}}