{"id":878,"date":"2023-06-27T14:53:32","date_gmt":"2023-06-27T18:53:32","guid":{"rendered":"https:\/\/www.manaus.am.gov.br\/manauscult\/prefeitura-de-manaus-apoia-v-juventude-catolica-em-acao-neste-sabado-1o-7\/"},"modified":"2023-06-27T14:53:32","modified_gmt":"2023-06-27T18:53:32","slug":"prefeitura-de-manaus-apoia-v-juventude-catolica-em-acao-neste-sabado-1o-7","status":"publish","type":"post","link":"https:\/\/www.manaus.am.gov.br\/manauscult\/prefeitura-de-manaus-apoia-v-juventude-catolica-em-acao-neste-sabado-1o-7\/","title":{"rendered":"<strong>Prefeitura de Manaus apoia V Juventude Cat\u00f3lica em A\u00e7\u00e3o neste s\u00e1bado, 1\u00ba\/7<\/strong>"},"content":{"rendered":"\n<p>A Prefeitura de Manaus, por meio da Funda\u00e7\u00e3o Municipal de Cultura, Turismo e Eventos (Manauscult), apoia, neste s\u00e1bado, 1\u00ba\/7, o V Juventude Cat\u00f3lica em A\u00e7\u00e3o, realizado pela equipe Evangeliza Jovem, em parceria com a Arquidiocese de Manaus. Com o tema \u201cUm Olhar Jovem Para um Amazonas Verde\u201d e o lema \u201cE Deus Viu Que Tudo Que Havia Criado Era Muito Bom\u201d (Gn 1:31), a programa\u00e7\u00e3o acontece na arena Poliesportiva Amadeu Teixeira, a partir das 15h. O acesso ao evento \u00e9 atrav\u00e9s do Ingresso Solid\u00e1rio, com a doa\u00e7\u00e3o de 1kg de alimento n\u00e3o perec\u00edvel.&nbsp;&nbsp;<\/p>\n\n\n\n<p>O diretor-presidente da Manauscult, Osvaldo Cardoso, ressalta o compromisso da gest\u00e3o David Almeida em apoiar agendas dos diferentes segmentos culturais da cidade de Manaus.<\/p>\n\n\n\n<p>\u201cManaus possui v\u00e1rios tipos de manifesta\u00e7\u00f5es culturais, que v\u00e3o de rituais \u00e0 celebra\u00e7\u00e3o, incluindo religi\u00f5es e culin\u00e1rias. Entendemos a import\u00e2ncia de fomentar e apoiar todas elas, dentro da proporcionalidade. Desde j\u00e1, desejo \u00eaxito total para os organizadores e um bom evento para todos que ir\u00e3o prestigiar essa celebra\u00e7\u00e3o da juventude cat\u00f3lica\u201d, disse.&nbsp;<\/p>\n\n\n\n<p>Diferente das edi\u00e7\u00f5es anteriores, o ano de 2023 marca a retomada do evento, ap\u00f3s o per\u00edodo da pandemia da Covid-19, agora acontecendo em um s\u00e1bado, com apresenta\u00e7\u00f5es de diversos artistas cat\u00f3licos locais e a atra\u00e7\u00e3o nacional Walmir Alencar, do Minist\u00e9rio Adora\u00e7\u00e3o e Vida.&nbsp;<\/p>\n\n\n\n<p>Segundo o artista e coordenador do evento, Jo\u00e3o Carlos Dias, a retomada do evento, que n\u00e3o ocorria desde 2019, \u00e9 o reencontro de jovens para vivenciar um momento de ora\u00e7\u00e3o e louvor a Deus.<\/p>\n\n\n\n<p>\u201cIniciamos o evento em 2016, desde ent\u00e3o v\u00ednhamos realizando, em um domingo de cada ano, um momento para os jovens e fam\u00edlias louvarem a Deus. Mas desde 2019, devido \u00e0 pandemia da Covid-19, n\u00e3o conseguimos realizar nossos encontros. Agora, neste ano, estamos na alegria de poder reencontrar os jovens de Manaus e do interior, para realizar esse momento de ora\u00e7\u00e3o e louvor a Deus\u201d, comenta Jo\u00e3o.&nbsp;<\/p>\n\n\n\n<p><strong>Solidariedade&nbsp;<\/strong><\/p>\n\n\n\n<p>O acesso ao evento ocorre atrav\u00e9s do Ingresso Solid\u00e1rio, com a doa\u00e7\u00e3o de 1kg de alimento n\u00e3o perec\u00edvel. A doa\u00e7\u00e3o ser\u00e1 destinada para a C\u00e1ritas Arquidiocesana, que realizar\u00e1 a distribui\u00e7\u00e3o das arrecada\u00e7\u00f5es \u00e0s pessoas necessitadas. Para a organiza\u00e7\u00e3o do evento, o ato \u00e9 um momento de partilha e solidariedade, al\u00e9m de compaix\u00e3o pelo pr\u00f3ximo.&nbsp;<\/p>\n\n\n\n<p><strong>Programa\u00e7\u00e3o&nbsp;<\/strong><\/p>\n\n\n\n<p>A programa\u00e7\u00e3o do evento come\u00e7a a partir das 15h e conta com o Ter\u00e7o Jovem, a Santa Missa, apresenta\u00e7\u00f5es musicais, teatro, dan\u00e7a, palestras e o workshop da juventude.&nbsp;<\/p>\n\n\n\n<p>Entre as atra\u00e7\u00f5es locais est\u00e3o o DJ JC Manaus, que comemora 13 anos de miss\u00e3o; a banda Forr\u00f3 DuC\u00e9u; Minist\u00e9rio Santa Cruz; Minist\u00e9rio de Arte Sementes do Verbo e o Minist\u00e9rio de Dan\u00e7a Jasmin e o Mizza, de Rap Crist\u00e3o.&nbsp;<\/p>\n\n\n\n<p>J\u00e1 na atra\u00e7\u00e3o nacional, o V Juventude Cat\u00f3lica em A\u00e7\u00e3o conta com a presen\u00e7a do Minist\u00e9rio Adora\u00e7\u00e3o e Vida, diretamente de S\u00e3o Paulo, com o cantor e compositor Walmir Alencar, trazendo os louvores como o Abra\u00e7o de Pai, Perfeito \u00e9 Quem te Criou, Celebra a Vit\u00f3ria, Gratid\u00e3o, e Em Tua Presen\u00e7a, que foi composto com o Padre F\u00e1bio de Melo.<\/p>\n\n\n\n<p>&#8212; &#8212; &#8212;<\/p>\n\n\n\n<p><strong>Texto &#8211;<\/strong> Guilherme Torres \/ Manauscult&nbsp;<\/p>\n\n\n\n<p><strong>Foto &#8211;<\/strong> Divulga\u00e7\u00e3o \/ Equipe Evangeliza Jovem\u00a0<\/p>\n","protected":false},"excerpt":{"rendered":"","protected":false},"author":39,"featured_media":879,"comment_status":"closed","ping_status":"closed","sticky":false,"template":"","format":"standard","meta":{"footnotes":""},"categories":[39],"tags":[241,242,243,244,245,9,246,11,247,248],"acf":[],"yoast_head":"<!-- This site is optimized with the Yoast SEO plugin v23.0 - https:\/\/yoast.com\/wordpress\/plugins\/seo\/ -->\n<title>Prefeitura de Manaus apoia V Juventude Cat\u00f3lica em A\u00e7\u00e3o neste s\u00e1bado, 1\u00ba\/7<\/title>\n<meta name=\"description\" content=\"A Prefeitura de Manaus, por meio da Funda\u00e7\u00e3o Municipal de Cultura, Turismo e Eventos (Manauscult), apoia, neste s\u00e1bado, 1\u00ba\/7, o V Juventude Cat\u00f3lica em A\u00e7\u00e3o, realizado pela equipe Evangeliza Jovem, em parceria com a Arquidiocese de Manaus. Com o tema \u201cUm Olhar Jovem Para um Amazonas Verde\u201d e o lema \u201cE Deus Viu Que Tudo Que Havia Criado Era Muito Bom\u201d (Gn 1:31), a programa\u00e7\u00e3o acontece na arena Poliesportiva Amadeu Teixeira, a partir das 15h.\" \/>\n<meta name=\"robots\" content=\"noindex, follow\" \/>\n<meta property=\"og:locale\" content=\"pt_BR\" \/>\n<meta property=\"og:type\" content=\"article\" \/>\n<meta property=\"og:title\" content=\"Prefeitura de Manaus apoia V Juventude Cat\u00f3lica em A\u00e7\u00e3o neste s\u00e1bado, 1\u00ba\/7\" \/>\n<meta property=\"og:description\" content=\"A Prefeitura de Manaus, por meio da Funda\u00e7\u00e3o Municipal de Cultura, Turismo e Eventos (Manauscult), apoia, neste s\u00e1bado, 1\u00ba\/7, o V Juventude Cat\u00f3lica em A\u00e7\u00e3o, realizado pela equipe Evangeliza Jovem, em parceria com a Arquidiocese de Manaus. Com o tema \u201cUm Olhar Jovem Para um Amazonas Verde\u201d e o lema \u201cE Deus Viu Que Tudo Que Havia Criado Era Muito Bom\u201d (Gn 1:31), a programa\u00e7\u00e3o acontece na arena Poliesportiva Amadeu Teixeira, a partir das 15h.\" \/>\n<meta property=\"og:url\" content=\"https:\/\/www.manaus.am.gov.br\/manauscult\/prefeitura-de-manaus-apoia-v-juventude-catolica-em-acao-neste-sabado-1o-7\/\" \/>\n<meta property=\"og:site_name\" content=\"MANAUSCULT\" \/>\n<meta property=\"article:published_time\" content=\"2023-06-27T18:53:32+00:00\" \/>\n<meta property=\"og:image\" content=\"https:\/\/www.manaus.am.gov.br\/manauscult\/wp-content\/uploads\/sites\/11\/2023\/06\/Juventude-Catolica-em-Acao-1.jpeg\" \/>\n\t<meta property=\"og:image:width\" content=\"1080\" \/>\n\t<meta property=\"og:image:height\" content=\"810\" \/>\n\t<meta property=\"og:image:type\" content=\"image\/jpeg\" \/>\n<meta name=\"author\" content=\"Bruna Greco\" \/>\n<meta name=\"twitter:card\" content=\"summary_large_image\" \/>\n<meta name=\"twitter:label1\" content=\"Written by\" \/>\n\t<meta name=\"twitter:data1\" content=\"Bruna Greco\" \/>\n\t<meta name=\"twitter:label2\" content=\"Est. reading time\" \/>\n\t<meta name=\"twitter:data2\" content=\"3 minutos\" \/>\n<script type=\"application\/ld+json\" class=\"yoast-schema-graph\">{\"@context\":\"https:\/\/schema.org\",\"@graph\":[{\"@type\":\"WebPage\",\"@id\":\"https:\/\/www.manaus.am.gov.br\/manauscult\/prefeitura-de-manaus-apoia-v-juventude-catolica-em-acao-neste-sabado-1o-7\/\",\"url\":\"https:\/\/www.manaus.am.gov.br\/manauscult\/prefeitura-de-manaus-apoia-v-juventude-catolica-em-acao-neste-sabado-1o-7\/\",\"name\":\"Prefeitura de Manaus apoia V Juventude Cat\u00f3lica em A\u00e7\u00e3o neste s\u00e1bado, 1\u00ba\/7\",\"isPartOf\":{\"@id\":\"https:\/\/www.manaus.am.gov.br\/manauscult\/#website\"},\"primaryImageOfPage\":{\"@id\":\"https:\/\/www.manaus.am.gov.br\/manauscult\/prefeitura-de-manaus-apoia-v-juventude-catolica-em-acao-neste-sabado-1o-7\/#primaryimage\"},\"image\":{\"@id\":\"https:\/\/www.manaus.am.gov.br\/manauscult\/prefeitura-de-manaus-apoia-v-juventude-catolica-em-acao-neste-sabado-1o-7\/#primaryimage\"},\"thumbnailUrl\":\"https:\/\/www.manaus.am.gov.br\/manauscult\/wp-content\/uploads\/sites\/11\/2023\/06\/Juventude-Catolica-em-Acao-1.jpeg\",\"datePublished\":\"2023-06-27T18:53:32+00:00\",\"dateModified\":\"2023-06-27T18:53:32+00:00\",\"author\":{\"@id\":\"https:\/\/www.manaus.am.gov.br\/manauscult\/#\/schema\/person\/05d223aea2bf115f9883a6ff3683d81b\"},\"description\":\"A Prefeitura de Manaus, por meio da Funda\u00e7\u00e3o Municipal de Cultura, Turismo e Eventos (Manauscult), apoia, neste s\u00e1bado, 1\u00ba\/7, o V Juventude Cat\u00f3lica em A\u00e7\u00e3o, realizado pela equipe Evangeliza Jovem, em parceria com a Arquidiocese de Manaus. Com o tema \u201cUm Olhar Jovem Para um Amazonas Verde\u201d e o lema \u201cE Deus Viu Que Tudo Que Havia Criado Era Muito Bom\u201d (Gn 1:31), a programa\u00e7\u00e3o acontece na arena Poliesportiva Amadeu Teixeira, a partir das 15h.\",\"breadcrumb\":{\"@id\":\"https:\/\/www.manaus.am.gov.br\/manauscult\/prefeitura-de-manaus-apoia-v-juventude-catolica-em-acao-neste-sabado-1o-7\/#breadcrumb\"},\"inLanguage\":\"pt-BR\",\"potentialAction\":[{\"@type\":\"ReadAction\",\"target\":[\"https:\/\/www.manaus.am.gov.br\/manauscult\/prefeitura-de-manaus-apoia-v-juventude-catolica-em-acao-neste-sabado-1o-7\/\"]}]},{\"@type\":\"ImageObject\",\"inLanguage\":\"pt-BR\",\"@id\":\"https:\/\/www.manaus.am.gov.br\/manauscult\/prefeitura-de-manaus-apoia-v-juventude-catolica-em-acao-neste-sabado-1o-7\/#primaryimage\",\"url\":\"https:\/\/www.manaus.am.gov.br\/manauscult\/wp-content\/uploads\/sites\/11\/2023\/06\/Juventude-Catolica-em-Acao-1.jpeg\",\"contentUrl\":\"https:\/\/www.manaus.am.gov.br\/manauscult\/wp-content\/uploads\/sites\/11\/2023\/06\/Juventude-Catolica-em-Acao-1.jpeg\",\"width\":1080,\"height\":810},{\"@type\":\"BreadcrumbList\",\"@id\":\"https:\/\/www.manaus.am.gov.br\/manauscult\/prefeitura-de-manaus-apoia-v-juventude-catolica-em-acao-neste-sabado-1o-7\/#breadcrumb\",\"itemListElement\":[{\"@type\":\"ListItem\",\"position\":1,\"name\":\"Home\",\"item\":\"https:\/\/www.manaus.am.gov.br\/manauscult\/\"},{\"@type\":\"ListItem\",\"position\":2,\"name\":\"Prefeitura de Manaus apoia V Juventude Cat\u00f3lica em A\u00e7\u00e3o neste s\u00e1bado, 1\u00ba\/7\"}]},{\"@type\":\"WebSite\",\"@id\":\"https:\/\/www.manaus.am.gov.br\/manauscult\/#website\",\"url\":\"https:\/\/www.manaus.am.gov.br\/manauscult\/\",\"name\":\"MANAUSCULT\",\"description\":\"Prefeitura de Manaus\",\"potentialAction\":[{\"@type\":\"SearchAction\",\"target\":{\"@type\":\"EntryPoint\",\"urlTemplate\":\"https:\/\/www.manaus.am.gov.br\/manauscult\/?s={search_term_string}\"},\"query-input\":\"required name=search_term_string\"}],\"inLanguage\":\"pt-BR\"},{\"@type\":\"Person\",\"@id\":\"https:\/\/www.manaus.am.gov.br\/manauscult\/#\/schema\/person\/05d223aea2bf115f9883a6ff3683d81b\",\"name\":\"Bruna Greco\",\"image\":{\"@type\":\"ImageObject\",\"inLanguage\":\"pt-BR\",\"@id\":\"https:\/\/www.manaus.am.gov.br\/manauscult\/#\/schema\/person\/image\/\",\"url\":\"https:\/\/secure.gravatar.com\/avatar\/9c877d1a6adc2a055330e5c09a8653ce?s=96&d=mm&r=g\",\"contentUrl\":\"https:\/\/secure.gravatar.com\/avatar\/9c877d1a6adc2a055330e5c09a8653ce?s=96&d=mm&r=g\",\"caption\":\"Bruna Greco\"}}]}<\/script>\n<!-- \/ Yoast SEO plugin. -->","yoast_head_json":{"title":"Prefeitura de Manaus apoia V Juventude Cat\u00f3lica em A\u00e7\u00e3o neste s\u00e1bado, 1\u00ba\/7","description":"A Prefeitura de Manaus, por meio da Funda\u00e7\u00e3o Municipal de Cultura, Turismo e Eventos (Manauscult), apoia, neste s\u00e1bado, 1\u00ba\/7, o V Juventude Cat\u00f3lica em A\u00e7\u00e3o, realizado pela equipe Evangeliza Jovem, em parceria com a Arquidiocese de Manaus. Com o tema \u201cUm Olhar Jovem Para um Amazonas Verde\u201d e o lema \u201cE Deus Viu Que Tudo Que Havia Criado Era Muito Bom\u201d (Gn 1:31), a programa\u00e7\u00e3o acontece na arena Poliesportiva Amadeu Teixeira, a partir das 15h.","robots":{"index":"noindex","follow":"follow"},"og_locale":"pt_BR","og_type":"article","og_title":"Prefeitura de Manaus apoia V Juventude Cat\u00f3lica em A\u00e7\u00e3o neste s\u00e1bado, 1\u00ba\/7","og_description":"A Prefeitura de Manaus, por meio da Funda\u00e7\u00e3o Municipal de Cultura, Turismo e Eventos (Manauscult), apoia, neste s\u00e1bado, 1\u00ba\/7, o V Juventude Cat\u00f3lica em A\u00e7\u00e3o, realizado pela equipe Evangeliza Jovem, em parceria com a Arquidiocese de Manaus. Com o tema \u201cUm Olhar Jovem Para um Amazonas Verde\u201d e o lema \u201cE Deus Viu Que Tudo Que Havia Criado Era Muito Bom\u201d (Gn 1:31), a programa\u00e7\u00e3o acontece na arena Poliesportiva Amadeu Teixeira, a partir das 15h.","og_url":"https:\/\/www.manaus.am.gov.br\/manauscult\/prefeitura-de-manaus-apoia-v-juventude-catolica-em-acao-neste-sabado-1o-7\/","og_site_name":"MANAUSCULT","article_published_time":"2023-06-27T18:53:32+00:00","og_image":[{"width":1080,"height":810,"url":"https:\/\/www.manaus.am.gov.br\/manauscult\/wp-content\/uploads\/sites\/11\/2023\/06\/Juventude-Catolica-em-Acao-1.jpeg","type":"image\/jpeg"}],"author":"Bruna Greco","twitter_card":"summary_large_image","twitter_misc":{"Written by":"Bruna Greco","Est. reading time":"3 minutos"},"schema":{"@context":"https:\/\/schema.org","@graph":[{"@type":"WebPage","@id":"https:\/\/www.manaus.am.gov.br\/manauscult\/prefeitura-de-manaus-apoia-v-juventude-catolica-em-acao-neste-sabado-1o-7\/","url":"https:\/\/www.manaus.am.gov.br\/manauscult\/prefeitura-de-manaus-apoia-v-juventude-catolica-em-acao-neste-sabado-1o-7\/","name":"Prefeitura de Manaus apoia V Juventude Cat\u00f3lica em A\u00e7\u00e3o neste s\u00e1bado, 1\u00ba\/7","isPartOf":{"@id":"https:\/\/www.manaus.am.gov.br\/manauscult\/#website"},"primaryImageOfPage":{"@id":"https:\/\/www.manaus.am.gov.br\/manauscult\/prefeitura-de-manaus-apoia-v-juventude-catolica-em-acao-neste-sabado-1o-7\/#primaryimage"},"image":{"@id":"https:\/\/www.manaus.am.gov.br\/manauscult\/prefeitura-de-manaus-apoia-v-juventude-catolica-em-acao-neste-sabado-1o-7\/#primaryimage"},"thumbnailUrl":"https:\/\/www.manaus.am.gov.br\/manauscult\/wp-content\/uploads\/sites\/11\/2023\/06\/Juventude-Catolica-em-Acao-1.jpeg","datePublished":"2023-06-27T18:53:32+00:00","dateModified":"2023-06-27T18:53:32+00:00","author":{"@id":"https:\/\/www.manaus.am.gov.br\/manauscult\/#\/schema\/person\/05d223aea2bf115f9883a6ff3683d81b"},"description":"A Prefeitura de Manaus, por meio da Funda\u00e7\u00e3o Municipal de Cultura, Turismo e Eventos (Manauscult), apoia, neste s\u00e1bado, 1\u00ba\/7, o V Juventude Cat\u00f3lica em A\u00e7\u00e3o, realizado pela equipe Evangeliza Jovem, em parceria com a Arquidiocese de Manaus. Com o tema \u201cUm Olhar Jovem Para um Amazonas Verde\u201d e o lema \u201cE Deus Viu Que Tudo Que Havia Criado Era Muito Bom\u201d (Gn 1:31), a programa\u00e7\u00e3o acontece na arena Poliesportiva Amadeu Teixeira, a partir das 15h.","breadcrumb":{"@id":"https:\/\/www.manaus.am.gov.br\/manauscult\/prefeitura-de-manaus-apoia-v-juventude-catolica-em-acao-neste-sabado-1o-7\/#breadcrumb"},"inLanguage":"pt-BR","potentialAction":[{"@type":"ReadAction","target":["https:\/\/www.manaus.am.gov.br\/manauscult\/prefeitura-de-manaus-apoia-v-juventude-catolica-em-acao-neste-sabado-1o-7\/"]}]},{"@type":"ImageObject","inLanguage":"pt-BR","@id":"https:\/\/www.manaus.am.gov.br\/manauscult\/prefeitura-de-manaus-apoia-v-juventude-catolica-em-acao-neste-sabado-1o-7\/#primaryimage","url":"https:\/\/www.manaus.am.gov.br\/manauscult\/wp-content\/uploads\/sites\/11\/2023\/06\/Juventude-Catolica-em-Acao-1.jpeg","contentUrl":"https:\/\/www.manaus.am.gov.br\/manauscult\/wp-content\/uploads\/sites\/11\/2023\/06\/Juventude-Catolica-em-Acao-1.jpeg","width":1080,"height":810},{"@type":"BreadcrumbList","@id":"https:\/\/www.manaus.am.gov.br\/manauscult\/prefeitura-de-manaus-apoia-v-juventude-catolica-em-acao-neste-sabado-1o-7\/#breadcrumb","itemListElement":[{"@type":"ListItem","position":1,"name":"Home","item":"https:\/\/www.manaus.am.gov.br\/manauscult\/"},{"@type":"ListItem","position":2,"name":"Prefeitura de Manaus apoia V Juventude Cat\u00f3lica em A\u00e7\u00e3o neste s\u00e1bado, 1\u00ba\/7"}]},{"@type":"WebSite","@id":"https:\/\/www.manaus.am.gov.br\/manauscult\/#website","url":"https:\/\/www.manaus.am.gov.br\/manauscult\/","name":"MANAUSCULT","description":"Prefeitura de Manaus","potentialAction":[{"@type":"SearchAction","target":{"@type":"EntryPoint","urlTemplate":"https:\/\/www.manaus.am.gov.br\/manauscult\/?s={search_term_string}"},"query-input":"required name=search_term_string"}],"inLanguage":"pt-BR"},{"@type":"Person","@id":"https:\/\/www.manaus.am.gov.br\/manauscult\/#\/schema\/person\/05d223aea2bf115f9883a6ff3683d81b","name":"Bruna Greco","image":{"@type":"ImageObject","inLanguage":"pt-BR","@id":"https:\/\/www.manaus.am.gov.br\/manauscult\/#\/schema\/person\/image\/","url":"https:\/\/secure.gravatar.com\/avatar\/9c877d1a6adc2a055330e5c09a8653ce?s=96&d=mm&r=g","contentUrl":"https:\/\/secure.gravatar.com\/avatar\/9c877d1a6adc2a055330e5c09a8653ce?s=96&d=mm&r=g","caption":"Bruna Greco"}}]}},"_links":{"self":[{"href":"https:\/\/www.manaus.am.gov.br\/manauscult\/wp-json\/wp\/v2\/posts\/878"}],"collection":[{"href":"https:\/\/www.manaus.am.gov.br\/manauscult\/wp-json\/wp\/v2\/posts"}],"about":[{"href":"https:\/\/www.manaus.am.gov.br\/manauscult\/wp-json\/wp\/v2\/types\/post"}],"author":[{"embeddable":true,"href":"https:\/\/www.manaus.am.gov.br\/manauscult\/wp-json\/wp\/v2\/users\/39"}],"replies":[{"embeddable":true,"href":"https:\/\/www.manaus.am.gov.br\/manauscult\/wp-json\/wp\/v2\/comments?post=878"}],"version-history":[{"count":0,"href":"https:\/\/www.manaus.am.gov.br\/manauscult\/wp-json\/wp\/v2\/posts\/878\/revisions"}],"wp:featuredmedia":[{"embeddable":true,"href":"https:\/\/www.manaus.am.gov.br\/manauscult\/wp-json\/wp\/v2\/media\/879"}],"wp:attachment":[{"href":"https:\/\/www.manaus.am.gov.br\/manauscult\/wp-json\/wp\/v2\/media?parent=878"}],"wp:term":[{"taxonomy":"category","embeddable":true,"href":"https:\/\/www.manaus.am.gov.br\/manauscult\/wp-json\/wp\/v2\/categories?post=878"},{"taxonomy":"post_tag","embeddable":true,"href":"https:\/\/www.manaus.am.gov.br\/manauscult\/wp-json\/wp\/v2\/tags?post=878"}],"curies":[{"name":"wp","href":"https:\/\/api.w.org\/{rel}","templated":true}]}}