{"id":871,"date":"2023-06-26T20:45:51","date_gmt":"2023-06-27T00:45:51","guid":{"rendered":"https:\/\/www.manaus.am.gov.br\/manauscult\/edicao-2023-do-festival-folclorico-do-amazonas-tem-18-grupos-campeoes\/"},"modified":"2023-06-26T20:53:49","modified_gmt":"2023-06-27T00:53:49","slug":"edicao-2023-do-festival-folclorico-do-amazonas-tem-18-grupos-campeoes","status":"publish","type":"post","link":"https:\/\/www.manaus.am.gov.br\/manauscult\/edicao-2023-do-festival-folclorico-do-amazonas-tem-18-grupos-campeoes\/","title":{"rendered":"<strong>Edi\u00e7\u00e3o 2023 do Festival Folcl\u00f3rico do Amazonas tem 18 grupos campe\u00f5es<\/strong>"},"content":{"rendered":"\n<p>\u200bForam declarados campe\u00f5es do 65\u00b0 Festival Folcl\u00f3rico do Amazonas 18 grupos folcl\u00f3ricos nas nove modalidades da categoria Bronze e nove da Prata. A apura\u00e7\u00e3o iniciou \u00e0s 9h desta segunda-feira, 26\/6, e finalizou \u00e0s 18h, no audit\u00f3rio do Centro Cultural dos Povos da Amaz\u00f4nia, na bola da Suframa, Crespo, na zona Sul, com a presen\u00e7a dos presidentes dos grupos. A festa popular e a apura\u00e7\u00e3o foram coordenadas pela Prefeitura de Manaus\u00a0e governo do Estado.<\/p>\n\n\n\n<p>A solenidade de apura\u00e7\u00e3o das notas foi aberta pelo diretor de Cultura da Funda\u00e7\u00e3o Municipal de Cultura, Turismo e Eventos (Manauscult), Wallace Almeida, seguida pela representante da Ordem dos Advogados do Brasil (OAB\/AM), Nathayni Becil, e finalizada pelo diretor-presidente da Manauscult, Osvaldo Cardoso, que avaliou o festival como o maior dos \u00faltimos dez anos.<\/p>\n\n\n\n<p>\u201cHoje \u00e9 um grande dia para todos os brincantes. Hoje pela manh\u00e3, n\u00f3s tivemos os oito vitoriosos da categoria Bronze que subiram para a prata. Aqui existe um grande aparato de publicidade, lives acontecendo em tempo real para que todos possam acompanhar, porque n\u00e3o d\u00e1 para todo mundo vir, mas l\u00e1 fora tem uma turma grande acompanhando a apura\u00e7\u00e3o. Isso aqui \u00e9 o resultado do trabalho, de toda proje\u00e7\u00e3o, de todo resgate cultural que foi a tem\u00e1tica do 65\u00b0 Festival Folcl\u00f3rico, atendendo a determina\u00e7\u00e3o do prefeito David Almeida de trazermos, novamente, para a cidade de Manaus, aquele clima do tablad\u00e3o que tinha antigamente e, gra\u00e7as a Deus, a nossa sociedade, a comunidade, as fam\u00edlias entenderam e adoraram a ideia\u201d, apontou Cardoso.<\/p>\n\n\n\n<figure class=\"wp-block-image size-full\"><img loading=\"lazy\" decoding=\"async\" width=\"799\" height=\"533\" src=\"https:\/\/www.manaus.am.gov.br\/manauscult\/wp-content\/uploads\/sites\/11\/2023\/06\/53004515660_bc39f56cd8_c.jpg\" alt=\"\" class=\"wp-image-873\" srcset=\"https:\/\/www.manaus.am.gov.br\/manauscult\/wp-content\/uploads\/sites\/11\/2023\/06\/53004515660_bc39f56cd8_c.jpg 799w, https:\/\/www.manaus.am.gov.br\/manauscult\/wp-content\/uploads\/sites\/11\/2023\/06\/53004515660_bc39f56cd8_c-300x200.jpg 300w, https:\/\/www.manaus.am.gov.br\/manauscult\/wp-content\/uploads\/sites\/11\/2023\/06\/53004515660_bc39f56cd8_c-768x512.jpg 768w\" sizes=\"(max-width: 799px) 100vw, 799px\" \/><\/figure>\n\n\n\n<p>O gestor explicou que em 2023, todos os recordes na execu\u00e7\u00e3o do festival foram batidos.<\/p>\n\n\n\n<p>\u201cNeste ano, no sexag\u00e9simo quinto, n\u00f3s batemos todos os recordes: 120 mil pessoas, mais de R$ 4 milh\u00f5es em movimenta\u00e7\u00e3o financeira, a quest\u00e3o da economia criativa, a gastronomia, todo mundo saiu feliz. E o mais importante, a sociedade manauara entendeu que esse resgate cultural trabalhado pela Prefeitura de Manaus \u00e9 exitoso, e que \u00e9 exitoso, sim, investir em cultura\u201d, afirmou.<\/p>\n\n\n\n<p>Os envelopes foram abertos, conforme regulamento, contendo as notas dos cinco jurados respons\u00e1veis pela avalia\u00e7\u00e3o da apresenta\u00e7\u00e3o dos 81 grupos folcl\u00f3ricos que integraram a programa\u00e7\u00e3o no per\u00edodo de 11 a 25 de junho, no Centro Cultural Povos da Amaz\u00f4nia, al\u00e9m das 18 dan\u00e7as do grupo \u201cMostra Folcl\u00f3rica\u201d, que se apresentaram nos dois primeiros dias de evento.<\/p>\n\n\n\n<figure class=\"wp-block-image size-full\"><img loading=\"lazy\" decoding=\"async\" width=\"799\" height=\"533\" src=\"https:\/\/www.manaus.am.gov.br\/manauscult\/wp-content\/uploads\/sites\/11\/2023\/06\/53004516220_289afc19e2_c.jpg\" alt=\"\" class=\"wp-image-872\" srcset=\"https:\/\/www.manaus.am.gov.br\/manauscult\/wp-content\/uploads\/sites\/11\/2023\/06\/53004516220_289afc19e2_c.jpg 799w, https:\/\/www.manaus.am.gov.br\/manauscult\/wp-content\/uploads\/sites\/11\/2023\/06\/53004516220_289afc19e2_c-300x200.jpg 300w, https:\/\/www.manaus.am.gov.br\/manauscult\/wp-content\/uploads\/sites\/11\/2023\/06\/53004516220_289afc19e2_c-768x512.jpg 768w\" sizes=\"(max-width: 799px) 100vw, 799px\" \/><\/figure>\n\n\n\n<p>As dan\u00e7as vencedoras da Bronze sobem para a categoria Prata no pr\u00f3ximo festival, e os campe\u00f5es da categoria Prata sobem para a Ouro, que \u00e9 realizada pelo Governo do Estado do Amazonas. Para ser considerado campe\u00e3o, a exig\u00eancia era que o grupo tivesse pontua\u00e7\u00e3o m\u00ednima de 70% dos itens avaliados, segundo o regulamento.<\/p>\n\n\n\n<p>O resultado foi comemorado pelos grupos folcl\u00f3ricos. De acordo com o coordenador da dan\u00e7a Cacetinho da Belo Horizonte, do bairro Adrian\u00f3polis, zona Centro-Sul, Ynifle Pereira, seu grupo estava parado h\u00e1 oito anos e s\u00f3 conseguiu retornar, gra\u00e7as \u00e0 oportunidade dada pela Manauscult em 2022, quando a Prefeitura de Manaus liberou acesso para a categoria Bronze.<\/p>\n\n\n\n<p>\u201cVoltamos l\u00e1 para baixo, na categoria de acesso. Ent\u00e3o, para n\u00f3s, foi um retorno muito bom, voltando l\u00e1 do come\u00e7o, nos tornamos campe\u00f5es na categoria Bronze. Hoje, campe\u00f5es da Prata. E, vamos fazer um trabalho, para no ano que vem sermos melhores ainda\u201d, comemorou, Ynifle.<\/p>\n\n\n\n<p>A reestrutura\u00e7\u00e3o da arena de apresenta\u00e7\u00f5es das dan\u00e7as contribuiu para a evolu\u00e7\u00e3o dos grupos, incluindo o aumento no valor do fomento repassado, de forma antecipada, \u00e0s dan\u00e7as.<\/p>\n\n\n\n<p>Karina Nunes, presidente do grupo de dan\u00e7a internacional Daraj, do bairro S\u00e3o Jorge, zona Centro-Oeste, conta que a expectativa para o pr\u00f3ximo ano \u00e9 ainda melhor.<\/p>\n\n\n\n<p>\u201cEstamos muito felizes, nosso trabalho foi \u00e1rduo. A gente vem h\u00e1 alguns meses trabalhando nessa proposta. Ano passado n\u00f3s viemos com a tem\u00e1tica eg\u00edpcia, esse ano voltamos para o indiano. Os grupos folcl\u00f3ricos das categorias Bronze e Prata eram meio que esquecidos e abandonados, assim, na nossa vis\u00e3o, pela quest\u00e3o dos representantes p\u00fablicos. E, a gente sentiu este ano, uma diferen\u00e7a, um carinho melhor, uma aten\u00e7\u00e3o maior, at\u00e9 mesmo na apura\u00e7\u00e3o, n\u00f3s vimos uma organiza\u00e7\u00e3o melhor por parte da Manauscult, e at\u00e9 mesmo do envolvimento deles dentro do festival, que este ano foi bel\u00edssimo\u201d, destacou.<\/p>\n\n\n\n<p>Durante 15 dias, cerca de 4,5 mil brincantes se apresentaram para um p\u00fablico de mais de 120 mil pessoas. Veja o resultado final com o nome dos vencedores de cada categoria.<\/p>\n\n\n\n<p><strong>Categoria Bronze<\/strong><\/p>\n\n\n\n<p>Ciranda: \u00c1guias de Ouro<\/p>\n\n\n\n<p>Quadrilha Tradicional: Afobados na Ro\u00e7a<\/p>\n\n\n\n<p>Dan\u00e7a Nordestina: Pisada do Sert\u00e3o<\/p>\n\n\n\n<p>Quadrilha C\u00f4mica: Escolinha na Ro\u00e7a<\/p>\n\n\n\n<p>Quadrilha de Duelo: Renascer<\/p>\n\n\n\n<p>Cacetinho: Cacetinho Belo Horizonte<\/p>\n\n\n\n<p>Dan\u00e7a Alternativa: Tsunami na Ro\u00e7a<\/p>\n\n\n\n<p>Dan\u00e7a Regional: Grupo Simetria Norte<\/p>\n\n\n\n<p><strong>Categoria Prata<\/strong><\/p>\n\n\n\n<p>Dan\u00e7a Alternativa: Uni\u00e3o Hit Dance<\/p>\n\n\n\n<p>Quadrilha C\u00f4mica: Folia e Fuleragem<\/p>\n\n\n\n<p>Tribo: Tikunas Belezas Naturais<\/p>\n\n\n\n<p>Dan\u00e7a Nordestina: Cabras de Lampi\u00e3o<\/p>\n\n\n\n<p>Ciranda: Princesinha da Vila<\/p>\n\n\n\n<p>Quadrilha de Duelo: Os Intoc\u00e1veis na Ro\u00e7a<\/p>\n\n\n\n<p>Dan\u00e7a Internacional: Daraj<\/p>\n\n\n\n<p>Quadrilha Tradicional: Explos\u00e3o na Folia<\/p>\n\n\n\n<p>Cacetinho: Tarianos do Ifam<\/p>\n\n\n\n<p>Dan\u00e7a Nacional: Xote Noda de Caju<\/p>\n\n\n\n<p>&#8211; &#8211; &#8212; &#8212;<\/p>\n\n\n\n<p><strong>Texto &#8211;&nbsp;<\/strong>Emanuelle Baires \/ Manauscult&nbsp;<\/p>\n\n\n\n<p><strong>Fotos<\/strong>&nbsp;\u2013 Cl\u00f3vis Miranda e Phil Limma \/ Semcom<\/p>\n\n\n\n<p>Dispon\u00edveis em &#8211;&nbsp;<a href=\"https:\/\/flic.kr\/s\/aHBqjAKerB\" target=\"_blank\" rel=\"noreferrer noopener\">https:\/\/flic.kr\/s\/aHBqjAKerB<\/a><\/p>\n","protected":false},"excerpt":{"rendered":"","protected":false},"author":31,"featured_media":874,"comment_status":"closed","ping_status":"closed","sticky":false,"template":"","format":"standard","meta":{"footnotes":""},"categories":[12],"tags":[55,239,240,147],"acf":[],"yoast_head":"<!-- This site is optimized with the Yoast SEO plugin v23.0 - https:\/\/yoast.com\/wordpress\/plugins\/seo\/ -->\n<title>Edi\u00e7\u00e3o 2023 do Festival Folcl\u00f3rico do Amazonas tem 18 grupos campe\u00f5es - MANAUSCULT<\/title>\n<meta name=\"robots\" content=\"noindex, follow\" \/>\n<meta property=\"og:locale\" content=\"pt_BR\" \/>\n<meta property=\"og:type\" content=\"article\" \/>\n<meta property=\"og:title\" content=\"Edi\u00e7\u00e3o 2023 do Festival Folcl\u00f3rico do Amazonas tem 18 grupos campe\u00f5es - MANAUSCULT\" \/>\n<meta property=\"og:url\" content=\"https:\/\/www.manaus.am.gov.br\/manauscult\/edicao-2023-do-festival-folclorico-do-amazonas-tem-18-grupos-campeoes\/\" \/>\n<meta property=\"og:site_name\" content=\"MANAUSCULT\" \/>\n<meta property=\"article:published_time\" content=\"2023-06-27T00:45:51+00:00\" \/>\n<meta property=\"article:modified_time\" content=\"2023-06-27T00:53:49+00:00\" \/>\n<meta property=\"og:image\" content=\"https:\/\/www.manaus.am.gov.br\/manauscult\/wp-content\/uploads\/sites\/11\/2023\/06\/53004288449_e834487799_c.jpg\" \/>\n\t<meta property=\"og:image:width\" content=\"799\" \/>\n\t<meta property=\"og:image:height\" content=\"533\" \/>\n\t<meta property=\"og:image:type\" content=\"image\/jpeg\" \/>\n<meta name=\"author\" content=\"Renata Felix\" \/>\n<meta name=\"twitter:card\" content=\"summary_large_image\" \/>\n<meta name=\"twitter:label1\" content=\"Written by\" \/>\n\t<meta name=\"twitter:data1\" content=\"Renata Felix\" \/>\n\t<meta name=\"twitter:label2\" content=\"Est. reading time\" \/>\n\t<meta name=\"twitter:data2\" content=\"5 minutos\" \/>\n<script type=\"application\/ld+json\" class=\"yoast-schema-graph\">{\"@context\":\"https:\/\/schema.org\",\"@graph\":[{\"@type\":\"WebPage\",\"@id\":\"https:\/\/www.manaus.am.gov.br\/manauscult\/edicao-2023-do-festival-folclorico-do-amazonas-tem-18-grupos-campeoes\/\",\"url\":\"https:\/\/www.manaus.am.gov.br\/manauscult\/edicao-2023-do-festival-folclorico-do-amazonas-tem-18-grupos-campeoes\/\",\"name\":\"Edi\u00e7\u00e3o 2023 do Festival Folcl\u00f3rico do Amazonas tem 18 grupos campe\u00f5es - MANAUSCULT\",\"isPartOf\":{\"@id\":\"https:\/\/www.manaus.am.gov.br\/manauscult\/#website\"},\"primaryImageOfPage\":{\"@id\":\"https:\/\/www.manaus.am.gov.br\/manauscult\/edicao-2023-do-festival-folclorico-do-amazonas-tem-18-grupos-campeoes\/#primaryimage\"},\"image\":{\"@id\":\"https:\/\/www.manaus.am.gov.br\/manauscult\/edicao-2023-do-festival-folclorico-do-amazonas-tem-18-grupos-campeoes\/#primaryimage\"},\"thumbnailUrl\":\"https:\/\/www.manaus.am.gov.br\/manauscult\/wp-content\/uploads\/sites\/11\/2023\/06\/53004288449_e834487799_c.jpg\",\"datePublished\":\"2023-06-27T00:45:51+00:00\",\"dateModified\":\"2023-06-27T00:53:49+00:00\",\"author\":{\"@id\":\"https:\/\/www.manaus.am.gov.br\/manauscult\/#\/schema\/person\/4eea2a8f78dc853097abb026f728aa06\"},\"breadcrumb\":{\"@id\":\"https:\/\/www.manaus.am.gov.br\/manauscult\/edicao-2023-do-festival-folclorico-do-amazonas-tem-18-grupos-campeoes\/#breadcrumb\"},\"inLanguage\":\"pt-BR\",\"potentialAction\":[{\"@type\":\"ReadAction\",\"target\":[\"https:\/\/www.manaus.am.gov.br\/manauscult\/edicao-2023-do-festival-folclorico-do-amazonas-tem-18-grupos-campeoes\/\"]}]},{\"@type\":\"ImageObject\",\"inLanguage\":\"pt-BR\",\"@id\":\"https:\/\/www.manaus.am.gov.br\/manauscult\/edicao-2023-do-festival-folclorico-do-amazonas-tem-18-grupos-campeoes\/#primaryimage\",\"url\":\"https:\/\/www.manaus.am.gov.br\/manauscult\/wp-content\/uploads\/sites\/11\/2023\/06\/53004288449_e834487799_c.jpg\",\"contentUrl\":\"https:\/\/www.manaus.am.gov.br\/manauscult\/wp-content\/uploads\/sites\/11\/2023\/06\/53004288449_e834487799_c.jpg\",\"width\":799,\"height\":533},{\"@type\":\"BreadcrumbList\",\"@id\":\"https:\/\/www.manaus.am.gov.br\/manauscult\/edicao-2023-do-festival-folclorico-do-amazonas-tem-18-grupos-campeoes\/#breadcrumb\",\"itemListElement\":[{\"@type\":\"ListItem\",\"position\":1,\"name\":\"Home\",\"item\":\"https:\/\/www.manaus.am.gov.br\/manauscult\/\"},{\"@type\":\"ListItem\",\"position\":2,\"name\":\"Edi\u00e7\u00e3o 2023 do Festival Folcl\u00f3rico do Amazonas tem 18 grupos campe\u00f5es\"}]},{\"@type\":\"WebSite\",\"@id\":\"https:\/\/www.manaus.am.gov.br\/manauscult\/#website\",\"url\":\"https:\/\/www.manaus.am.gov.br\/manauscult\/\",\"name\":\"MANAUSCULT\",\"description\":\"Prefeitura de Manaus\",\"potentialAction\":[{\"@type\":\"SearchAction\",\"target\":{\"@type\":\"EntryPoint\",\"urlTemplate\":\"https:\/\/www.manaus.am.gov.br\/manauscult\/?s={search_term_string}\"},\"query-input\":\"required name=search_term_string\"}],\"inLanguage\":\"pt-BR\"},{\"@type\":\"Person\",\"@id\":\"https:\/\/www.manaus.am.gov.br\/manauscult\/#\/schema\/person\/4eea2a8f78dc853097abb026f728aa06\",\"name\":\"Renata Felix\",\"image\":{\"@type\":\"ImageObject\",\"inLanguage\":\"pt-BR\",\"@id\":\"https:\/\/www.manaus.am.gov.br\/manauscult\/#\/schema\/person\/image\/\",\"url\":\"https:\/\/secure.gravatar.com\/avatar\/3c196cf9d3b837b24c8edb2c50fd8f29?s=96&d=mm&r=g\",\"contentUrl\":\"https:\/\/secure.gravatar.com\/avatar\/3c196cf9d3b837b24c8edb2c50fd8f29?s=96&d=mm&r=g\",\"caption\":\"Renata Felix\"}}]}<\/script>\n<!-- \/ Yoast SEO plugin. -->","yoast_head_json":{"title":"Edi\u00e7\u00e3o 2023 do Festival Folcl\u00f3rico do Amazonas tem 18 grupos campe\u00f5es - MANAUSCULT","robots":{"index":"noindex","follow":"follow"},"og_locale":"pt_BR","og_type":"article","og_title":"Edi\u00e7\u00e3o 2023 do Festival Folcl\u00f3rico do Amazonas tem 18 grupos campe\u00f5es - MANAUSCULT","og_url":"https:\/\/www.manaus.am.gov.br\/manauscult\/edicao-2023-do-festival-folclorico-do-amazonas-tem-18-grupos-campeoes\/","og_site_name":"MANAUSCULT","article_published_time":"2023-06-27T00:45:51+00:00","article_modified_time":"2023-06-27T00:53:49+00:00","og_image":[{"width":799,"height":533,"url":"https:\/\/www.manaus.am.gov.br\/manauscult\/wp-content\/uploads\/sites\/11\/2023\/06\/53004288449_e834487799_c.jpg","type":"image\/jpeg"}],"author":"Renata Felix","twitter_card":"summary_large_image","twitter_misc":{"Written by":"Renata Felix","Est. reading time":"5 minutos"},"schema":{"@context":"https:\/\/schema.org","@graph":[{"@type":"WebPage","@id":"https:\/\/www.manaus.am.gov.br\/manauscult\/edicao-2023-do-festival-folclorico-do-amazonas-tem-18-grupos-campeoes\/","url":"https:\/\/www.manaus.am.gov.br\/manauscult\/edicao-2023-do-festival-folclorico-do-amazonas-tem-18-grupos-campeoes\/","name":"Edi\u00e7\u00e3o 2023 do Festival Folcl\u00f3rico do Amazonas tem 18 grupos campe\u00f5es - MANAUSCULT","isPartOf":{"@id":"https:\/\/www.manaus.am.gov.br\/manauscult\/#website"},"primaryImageOfPage":{"@id":"https:\/\/www.manaus.am.gov.br\/manauscult\/edicao-2023-do-festival-folclorico-do-amazonas-tem-18-grupos-campeoes\/#primaryimage"},"image":{"@id":"https:\/\/www.manaus.am.gov.br\/manauscult\/edicao-2023-do-festival-folclorico-do-amazonas-tem-18-grupos-campeoes\/#primaryimage"},"thumbnailUrl":"https:\/\/www.manaus.am.gov.br\/manauscult\/wp-content\/uploads\/sites\/11\/2023\/06\/53004288449_e834487799_c.jpg","datePublished":"2023-06-27T00:45:51+00:00","dateModified":"2023-06-27T00:53:49+00:00","author":{"@id":"https:\/\/www.manaus.am.gov.br\/manauscult\/#\/schema\/person\/4eea2a8f78dc853097abb026f728aa06"},"breadcrumb":{"@id":"https:\/\/www.manaus.am.gov.br\/manauscult\/edicao-2023-do-festival-folclorico-do-amazonas-tem-18-grupos-campeoes\/#breadcrumb"},"inLanguage":"pt-BR","potentialAction":[{"@type":"ReadAction","target":["https:\/\/www.manaus.am.gov.br\/manauscult\/edicao-2023-do-festival-folclorico-do-amazonas-tem-18-grupos-campeoes\/"]}]},{"@type":"ImageObject","inLanguage":"pt-BR","@id":"https:\/\/www.manaus.am.gov.br\/manauscult\/edicao-2023-do-festival-folclorico-do-amazonas-tem-18-grupos-campeoes\/#primaryimage","url":"https:\/\/www.manaus.am.gov.br\/manauscult\/wp-content\/uploads\/sites\/11\/2023\/06\/53004288449_e834487799_c.jpg","contentUrl":"https:\/\/www.manaus.am.gov.br\/manauscult\/wp-content\/uploads\/sites\/11\/2023\/06\/53004288449_e834487799_c.jpg","width":799,"height":533},{"@type":"BreadcrumbList","@id":"https:\/\/www.manaus.am.gov.br\/manauscult\/edicao-2023-do-festival-folclorico-do-amazonas-tem-18-grupos-campeoes\/#breadcrumb","itemListElement":[{"@type":"ListItem","position":1,"name":"Home","item":"https:\/\/www.manaus.am.gov.br\/manauscult\/"},{"@type":"ListItem","position":2,"name":"Edi\u00e7\u00e3o 2023 do Festival Folcl\u00f3rico do Amazonas tem 18 grupos campe\u00f5es"}]},{"@type":"WebSite","@id":"https:\/\/www.manaus.am.gov.br\/manauscult\/#website","url":"https:\/\/www.manaus.am.gov.br\/manauscult\/","name":"MANAUSCULT","description":"Prefeitura de Manaus","potentialAction":[{"@type":"SearchAction","target":{"@type":"EntryPoint","urlTemplate":"https:\/\/www.manaus.am.gov.br\/manauscult\/?s={search_term_string}"},"query-input":"required name=search_term_string"}],"inLanguage":"pt-BR"},{"@type":"Person","@id":"https:\/\/www.manaus.am.gov.br\/manauscult\/#\/schema\/person\/4eea2a8f78dc853097abb026f728aa06","name":"Renata Felix","image":{"@type":"ImageObject","inLanguage":"pt-BR","@id":"https:\/\/www.manaus.am.gov.br\/manauscult\/#\/schema\/person\/image\/","url":"https:\/\/secure.gravatar.com\/avatar\/3c196cf9d3b837b24c8edb2c50fd8f29?s=96&d=mm&r=g","contentUrl":"https:\/\/secure.gravatar.com\/avatar\/3c196cf9d3b837b24c8edb2c50fd8f29?s=96&d=mm&r=g","caption":"Renata Felix"}}]}},"_links":{"self":[{"href":"https:\/\/www.manaus.am.gov.br\/manauscult\/wp-json\/wp\/v2\/posts\/871"}],"collection":[{"href":"https:\/\/www.manaus.am.gov.br\/manauscult\/wp-json\/wp\/v2\/posts"}],"about":[{"href":"https:\/\/www.manaus.am.gov.br\/manauscult\/wp-json\/wp\/v2\/types\/post"}],"author":[{"embeddable":true,"href":"https:\/\/www.manaus.am.gov.br\/manauscult\/wp-json\/wp\/v2\/users\/31"}],"replies":[{"embeddable":true,"href":"https:\/\/www.manaus.am.gov.br\/manauscult\/wp-json\/wp\/v2\/comments?post=871"}],"version-history":[{"count":3,"href":"https:\/\/www.manaus.am.gov.br\/manauscult\/wp-json\/wp\/v2\/posts\/871\/revisions"}],"predecessor-version":[{"id":877,"href":"https:\/\/www.manaus.am.gov.br\/manauscult\/wp-json\/wp\/v2\/posts\/871\/revisions\/877"}],"wp:featuredmedia":[{"embeddable":true,"href":"https:\/\/www.manaus.am.gov.br\/manauscult\/wp-json\/wp\/v2\/media\/874"}],"wp:attachment":[{"href":"https:\/\/www.manaus.am.gov.br\/manauscult\/wp-json\/wp\/v2\/media?parent=871"}],"wp:term":[{"taxonomy":"category","embeddable":true,"href":"https:\/\/www.manaus.am.gov.br\/manauscult\/wp-json\/wp\/v2\/categories?post=871"},{"taxonomy":"post_tag","embeddable":true,"href":"https:\/\/www.manaus.am.gov.br\/manauscult\/wp-json\/wp\/v2\/tags?post=871"}],"curies":[{"name":"wp","href":"https:\/\/api.w.org\/{rel}","templated":true}]}}