{"id":868,"date":"2023-06-26T09:06:04","date_gmt":"2023-06-26T13:06:04","guid":{"rendered":"https:\/\/www.manaus.am.gov.br\/manauscult\/apuracao-do-65o-festival-folclorico-do-amazonas\/"},"modified":"2023-06-26T09:06:05","modified_gmt":"2023-06-26T13:06:05","slug":"apuracao-do-65o-festival-folclorico-do-amazonas","status":"publish","type":"post","link":"https:\/\/www.manaus.am.gov.br\/manauscult\/apuracao-do-65o-festival-folclorico-do-amazonas\/","title":{"rendered":"<strong>Apura\u00e7\u00e3o do 65\u00ba Festival Folcl\u00f3rico do Amazonas<\/strong>"},"content":{"rendered":"\n<p>A Prefeitura de Manaus, por meio da Funda\u00e7\u00e3o Municipal de Cultura, Turismo e Eventos (Manauscult), informa que a solenidade de apura\u00e7\u00e3o das notas do 65\u00b0 Festival Folcl\u00f3rico do Amazonas (FFA), categorias Bronze e Prata, acontecer\u00e1, nesta segunda-feira, 26\/6, das 9h \u00e0s 18h, no audit\u00f3rio do Centro Cultural dos Povos da Amaz\u00f4nia (CCPA), localizado na bola da Suframa, zona Sul.<\/p>\n\n\n\n<p>A abertura dos envelopes lacrados pela comiss\u00e3o de apura\u00e7\u00e3o acontecer\u00e1 na presen\u00e7a da Pol\u00edcia Militar, do presidente da comiss\u00e3o organizadora e demais membros, e, ainda, na presen\u00e7a dos presidentes das associa\u00e7\u00f5es folcl\u00f3ricas, que s\u00e3o os representantes legais dos grupos que concorrem nas categorias Bronze e Prata. N\u00e3o ser\u00e1 permitida a entrada de pessoas n\u00e3o credenciadas, com exce\u00e7\u00e3o da imprensa.<\/p>\n\n\n\n<p>&#8212; &#8212; &#8212;<\/p>\n\n\n\n<p><strong>Texto<\/strong> \u2013 Divulga\u00e7\u00e3o\/Manauscult<\/p>\n","protected":false},"excerpt":{"rendered":"","protected":false},"author":23,"featured_media":861,"comment_status":"closed","ping_status":"closed","sticky":false,"template":"","format":"standard","meta":{"footnotes":""},"categories":[237],"tags":[238,42,226,11],"acf":[],"yoast_head":"<!-- This site is optimized with the Yoast SEO plugin v23.0 - https:\/\/yoast.com\/wordpress\/plugins\/seo\/ -->\n<title>Apura\u00e7\u00e3o do 65\u00ba Festival Folcl\u00f3rico do Amazonas<\/title>\n<meta name=\"description\" content=\"A Prefeitura de Manaus, por meio da Funda\u00e7\u00e3o Municipal de Cultura, Turismo e Eventos (Manauscult), informa que a solenidade de apura\u00e7\u00e3o das notas do 65\u00b0 Festival Folcl\u00f3rico do Amazonas (FFA), categorias Bronze e Prata, acontecer\u00e1, nesta segunda-feira, 26\/6, das 9h \u00e0s 18h, no audit\u00f3rio do Centro Cultural dos Povos da Amaz\u00f4nia (CCPA), localizado na bola da Suframa, zona Sul.\" \/>\n<meta name=\"robots\" content=\"noindex, follow\" \/>\n<meta property=\"og:locale\" content=\"pt_BR\" \/>\n<meta property=\"og:type\" content=\"article\" \/>\n<meta property=\"og:title\" content=\"Apura\u00e7\u00e3o do 65\u00ba Festival Folcl\u00f3rico do Amazonas\" \/>\n<meta property=\"og:description\" content=\"A Prefeitura de Manaus, por meio da Funda\u00e7\u00e3o Municipal de Cultura, Turismo e Eventos (Manauscult), informa que a solenidade de apura\u00e7\u00e3o das notas do 65\u00b0 Festival Folcl\u00f3rico do Amazonas (FFA), categorias Bronze e Prata, acontecer\u00e1, nesta segunda-feira, 26\/6, das 9h \u00e0s 18h, no audit\u00f3rio do Centro Cultural dos Povos da Amaz\u00f4nia (CCPA), localizado na bola da Suframa, zona Sul.\" \/>\n<meta property=\"og:url\" content=\"https:\/\/www.manaus.am.gov.br\/manauscult\/apuracao-do-65o-festival-folclorico-do-amazonas\/\" \/>\n<meta property=\"og:site_name\" content=\"MANAUSCULT\" \/>\n<meta property=\"article:published_time\" content=\"2023-06-26T13:06:04+00:00\" \/>\n<meta property=\"article:modified_time\" content=\"2023-06-26T13:06:05+00:00\" \/>\n<meta property=\"og:image\" content=\"https:\/\/www.manaus.am.gov.br\/manauscult\/wp-content\/uploads\/sites\/11\/2023\/06\/Nota-1.png\" \/>\n\t<meta property=\"og:image:width\" content=\"900\" \/>\n\t<meta property=\"og:image:height\" content=\"509\" \/>\n\t<meta property=\"og:image:type\" content=\"image\/png\" \/>\n<meta name=\"author\" content=\"Adriana Costa\" \/>\n<meta name=\"twitter:card\" content=\"summary_large_image\" \/>\n<meta name=\"twitter:label1\" content=\"Written by\" \/>\n\t<meta name=\"twitter:data1\" content=\"Adriana Costa\" \/>\n\t<meta name=\"twitter:label2\" content=\"Est. reading time\" \/>\n\t<meta name=\"twitter:data2\" content=\"1 minuto\" \/>\n<script type=\"application\/ld+json\" class=\"yoast-schema-graph\">{\"@context\":\"https:\/\/schema.org\",\"@graph\":[{\"@type\":\"WebPage\",\"@id\":\"https:\/\/www.manaus.am.gov.br\/manauscult\/apuracao-do-65o-festival-folclorico-do-amazonas\/\",\"url\":\"https:\/\/www.manaus.am.gov.br\/manauscult\/apuracao-do-65o-festival-folclorico-do-amazonas\/\",\"name\":\"Apura\u00e7\u00e3o do 65\u00ba Festival Folcl\u00f3rico do Amazonas\",\"isPartOf\":{\"@id\":\"https:\/\/www.manaus.am.gov.br\/manauscult\/#website\"},\"primaryImageOfPage\":{\"@id\":\"https:\/\/www.manaus.am.gov.br\/manauscult\/apuracao-do-65o-festival-folclorico-do-amazonas\/#primaryimage\"},\"image\":{\"@id\":\"https:\/\/www.manaus.am.gov.br\/manauscult\/apuracao-do-65o-festival-folclorico-do-amazonas\/#primaryimage\"},\"thumbnailUrl\":\"https:\/\/www.manaus.am.gov.br\/manauscult\/wp-content\/uploads\/sites\/11\/2023\/06\/Nota-1.png\",\"datePublished\":\"2023-06-26T13:06:04+00:00\",\"dateModified\":\"2023-06-26T13:06:05+00:00\",\"author\":{\"@id\":\"https:\/\/www.manaus.am.gov.br\/manauscult\/#\/schema\/person\/4e49f4e267757a06ca072ec61b2b9968\"},\"description\":\"A Prefeitura de Manaus, por meio da Funda\u00e7\u00e3o Municipal de Cultura, Turismo e Eventos (Manauscult), informa que a solenidade de apura\u00e7\u00e3o das notas do 65\u00b0 Festival Folcl\u00f3rico do Amazonas (FFA), categorias Bronze e Prata, acontecer\u00e1, nesta segunda-feira, 26\/6, das 9h \u00e0s 18h, no audit\u00f3rio do Centro Cultural dos Povos da Amaz\u00f4nia (CCPA), localizado na bola da Suframa, zona Sul.\",\"breadcrumb\":{\"@id\":\"https:\/\/www.manaus.am.gov.br\/manauscult\/apuracao-do-65o-festival-folclorico-do-amazonas\/#breadcrumb\"},\"inLanguage\":\"pt-BR\",\"potentialAction\":[{\"@type\":\"ReadAction\",\"target\":[\"https:\/\/www.manaus.am.gov.br\/manauscult\/apuracao-do-65o-festival-folclorico-do-amazonas\/\"]}]},{\"@type\":\"ImageObject\",\"inLanguage\":\"pt-BR\",\"@id\":\"https:\/\/www.manaus.am.gov.br\/manauscult\/apuracao-do-65o-festival-folclorico-do-amazonas\/#primaryimage\",\"url\":\"https:\/\/www.manaus.am.gov.br\/manauscult\/wp-content\/uploads\/sites\/11\/2023\/06\/Nota-1.png\",\"contentUrl\":\"https:\/\/www.manaus.am.gov.br\/manauscult\/wp-content\/uploads\/sites\/11\/2023\/06\/Nota-1.png\",\"width\":900,\"height\":509},{\"@type\":\"BreadcrumbList\",\"@id\":\"https:\/\/www.manaus.am.gov.br\/manauscult\/apuracao-do-65o-festival-folclorico-do-amazonas\/#breadcrumb\",\"itemListElement\":[{\"@type\":\"ListItem\",\"position\":1,\"name\":\"Home\",\"item\":\"https:\/\/www.manaus.am.gov.br\/manauscult\/\"},{\"@type\":\"ListItem\",\"position\":2,\"name\":\"Apura\u00e7\u00e3o do 65\u00ba Festival Folcl\u00f3rico do Amazonas\"}]},{\"@type\":\"WebSite\",\"@id\":\"https:\/\/www.manaus.am.gov.br\/manauscult\/#website\",\"url\":\"https:\/\/www.manaus.am.gov.br\/manauscult\/\",\"name\":\"MANAUSCULT\",\"description\":\"Prefeitura de Manaus\",\"potentialAction\":[{\"@type\":\"SearchAction\",\"target\":{\"@type\":\"EntryPoint\",\"urlTemplate\":\"https:\/\/www.manaus.am.gov.br\/manauscult\/?s={search_term_string}\"},\"query-input\":\"required name=search_term_string\"}],\"inLanguage\":\"pt-BR\"},{\"@type\":\"Person\",\"@id\":\"https:\/\/www.manaus.am.gov.br\/manauscult\/#\/schema\/person\/4e49f4e267757a06ca072ec61b2b9968\",\"name\":\"Adriana Costa\",\"image\":{\"@type\":\"ImageObject\",\"inLanguage\":\"pt-BR\",\"@id\":\"https:\/\/www.manaus.am.gov.br\/manauscult\/#\/schema\/person\/image\/\",\"url\":\"https:\/\/secure.gravatar.com\/avatar\/576258617ef7194f718179e766d57bd4?s=96&d=mm&r=g\",\"contentUrl\":\"https:\/\/secure.gravatar.com\/avatar\/576258617ef7194f718179e766d57bd4?s=96&d=mm&r=g\",\"caption\":\"Adriana Costa\"}}]}<\/script>\n<!-- \/ Yoast SEO plugin. -->","yoast_head_json":{"title":"Apura\u00e7\u00e3o do 65\u00ba Festival Folcl\u00f3rico do Amazonas","description":"A Prefeitura de Manaus, por meio da Funda\u00e7\u00e3o Municipal de Cultura, Turismo e Eventos (Manauscult), informa que a solenidade de apura\u00e7\u00e3o das notas do 65\u00b0 Festival Folcl\u00f3rico do Amazonas (FFA), categorias Bronze e Prata, acontecer\u00e1, nesta segunda-feira, 26\/6, das 9h \u00e0s 18h, no audit\u00f3rio do Centro Cultural dos Povos da Amaz\u00f4nia (CCPA), localizado na bola da Suframa, zona Sul.","robots":{"index":"noindex","follow":"follow"},"og_locale":"pt_BR","og_type":"article","og_title":"Apura\u00e7\u00e3o do 65\u00ba Festival Folcl\u00f3rico do Amazonas","og_description":"A Prefeitura de Manaus, por meio da Funda\u00e7\u00e3o Municipal de Cultura, Turismo e Eventos (Manauscult), informa que a solenidade de apura\u00e7\u00e3o das notas do 65\u00b0 Festival Folcl\u00f3rico do Amazonas (FFA), categorias Bronze e Prata, acontecer\u00e1, nesta segunda-feira, 26\/6, das 9h \u00e0s 18h, no audit\u00f3rio do Centro Cultural dos Povos da Amaz\u00f4nia (CCPA), localizado na bola da Suframa, zona Sul.","og_url":"https:\/\/www.manaus.am.gov.br\/manauscult\/apuracao-do-65o-festival-folclorico-do-amazonas\/","og_site_name":"MANAUSCULT","article_published_time":"2023-06-26T13:06:04+00:00","article_modified_time":"2023-06-26T13:06:05+00:00","og_image":[{"width":900,"height":509,"url":"https:\/\/www.manaus.am.gov.br\/manauscult\/wp-content\/uploads\/sites\/11\/2023\/06\/Nota-1.png","type":"image\/png"}],"author":"Adriana Costa","twitter_card":"summary_large_image","twitter_misc":{"Written by":"Adriana Costa","Est. reading time":"1 minuto"},"schema":{"@context":"https:\/\/schema.org","@graph":[{"@type":"WebPage","@id":"https:\/\/www.manaus.am.gov.br\/manauscult\/apuracao-do-65o-festival-folclorico-do-amazonas\/","url":"https:\/\/www.manaus.am.gov.br\/manauscult\/apuracao-do-65o-festival-folclorico-do-amazonas\/","name":"Apura\u00e7\u00e3o do 65\u00ba Festival Folcl\u00f3rico do Amazonas","isPartOf":{"@id":"https:\/\/www.manaus.am.gov.br\/manauscult\/#website"},"primaryImageOfPage":{"@id":"https:\/\/www.manaus.am.gov.br\/manauscult\/apuracao-do-65o-festival-folclorico-do-amazonas\/#primaryimage"},"image":{"@id":"https:\/\/www.manaus.am.gov.br\/manauscult\/apuracao-do-65o-festival-folclorico-do-amazonas\/#primaryimage"},"thumbnailUrl":"https:\/\/www.manaus.am.gov.br\/manauscult\/wp-content\/uploads\/sites\/11\/2023\/06\/Nota-1.png","datePublished":"2023-06-26T13:06:04+00:00","dateModified":"2023-06-26T13:06:05+00:00","author":{"@id":"https:\/\/www.manaus.am.gov.br\/manauscult\/#\/schema\/person\/4e49f4e267757a06ca072ec61b2b9968"},"description":"A Prefeitura de Manaus, por meio da Funda\u00e7\u00e3o Municipal de Cultura, Turismo e Eventos (Manauscult), informa que a solenidade de apura\u00e7\u00e3o das notas do 65\u00b0 Festival Folcl\u00f3rico do Amazonas (FFA), categorias Bronze e Prata, acontecer\u00e1, nesta segunda-feira, 26\/6, das 9h \u00e0s 18h, no audit\u00f3rio do Centro Cultural dos Povos da Amaz\u00f4nia (CCPA), localizado na bola da Suframa, zona Sul.","breadcrumb":{"@id":"https:\/\/www.manaus.am.gov.br\/manauscult\/apuracao-do-65o-festival-folclorico-do-amazonas\/#breadcrumb"},"inLanguage":"pt-BR","potentialAction":[{"@type":"ReadAction","target":["https:\/\/www.manaus.am.gov.br\/manauscult\/apuracao-do-65o-festival-folclorico-do-amazonas\/"]}]},{"@type":"ImageObject","inLanguage":"pt-BR","@id":"https:\/\/www.manaus.am.gov.br\/manauscult\/apuracao-do-65o-festival-folclorico-do-amazonas\/#primaryimage","url":"https:\/\/www.manaus.am.gov.br\/manauscult\/wp-content\/uploads\/sites\/11\/2023\/06\/Nota-1.png","contentUrl":"https:\/\/www.manaus.am.gov.br\/manauscult\/wp-content\/uploads\/sites\/11\/2023\/06\/Nota-1.png","width":900,"height":509},{"@type":"BreadcrumbList","@id":"https:\/\/www.manaus.am.gov.br\/manauscult\/apuracao-do-65o-festival-folclorico-do-amazonas\/#breadcrumb","itemListElement":[{"@type":"ListItem","position":1,"name":"Home","item":"https:\/\/www.manaus.am.gov.br\/manauscult\/"},{"@type":"ListItem","position":2,"name":"Apura\u00e7\u00e3o do 65\u00ba Festival Folcl\u00f3rico do Amazonas"}]},{"@type":"WebSite","@id":"https:\/\/www.manaus.am.gov.br\/manauscult\/#website","url":"https:\/\/www.manaus.am.gov.br\/manauscult\/","name":"MANAUSCULT","description":"Prefeitura de Manaus","potentialAction":[{"@type":"SearchAction","target":{"@type":"EntryPoint","urlTemplate":"https:\/\/www.manaus.am.gov.br\/manauscult\/?s={search_term_string}"},"query-input":"required name=search_term_string"}],"inLanguage":"pt-BR"},{"@type":"Person","@id":"https:\/\/www.manaus.am.gov.br\/manauscult\/#\/schema\/person\/4e49f4e267757a06ca072ec61b2b9968","name":"Adriana Costa","image":{"@type":"ImageObject","inLanguage":"pt-BR","@id":"https:\/\/www.manaus.am.gov.br\/manauscult\/#\/schema\/person\/image\/","url":"https:\/\/secure.gravatar.com\/avatar\/576258617ef7194f718179e766d57bd4?s=96&d=mm&r=g","contentUrl":"https:\/\/secure.gravatar.com\/avatar\/576258617ef7194f718179e766d57bd4?s=96&d=mm&r=g","caption":"Adriana Costa"}}]}},"_links":{"self":[{"href":"https:\/\/www.manaus.am.gov.br\/manauscult\/wp-json\/wp\/v2\/posts\/868"}],"collection":[{"href":"https:\/\/www.manaus.am.gov.br\/manauscult\/wp-json\/wp\/v2\/posts"}],"about":[{"href":"https:\/\/www.manaus.am.gov.br\/manauscult\/wp-json\/wp\/v2\/types\/post"}],"author":[{"embeddable":true,"href":"https:\/\/www.manaus.am.gov.br\/manauscult\/wp-json\/wp\/v2\/users\/23"}],"replies":[{"embeddable":true,"href":"https:\/\/www.manaus.am.gov.br\/manauscult\/wp-json\/wp\/v2\/comments?post=868"}],"version-history":[{"count":0,"href":"https:\/\/www.manaus.am.gov.br\/manauscult\/wp-json\/wp\/v2\/posts\/868\/revisions"}],"wp:featuredmedia":[{"embeddable":true,"href":"https:\/\/www.manaus.am.gov.br\/manauscult\/wp-json\/wp\/v2\/media\/861"}],"wp:attachment":[{"href":"https:\/\/www.manaus.am.gov.br\/manauscult\/wp-json\/wp\/v2\/media?parent=868"}],"wp:term":[{"taxonomy":"category","embeddable":true,"href":"https:\/\/www.manaus.am.gov.br\/manauscult\/wp-json\/wp\/v2\/categories?post=868"},{"taxonomy":"post_tag","embeddable":true,"href":"https:\/\/www.manaus.am.gov.br\/manauscult\/wp-json\/wp\/v2\/tags?post=868"}],"curies":[{"name":"wp","href":"https:\/\/api.w.org\/{rel}","templated":true}]}}