{"id":866,"date":"2023-06-25T23:40:23","date_gmt":"2023-06-26T03:40:23","guid":{"rendered":"https:\/\/www.manaus.am.gov.br\/manauscult\/prefeito-destaca-publico-de-mais-de-120-mil-pessoas-e-resgate-da-cultura-popular-no-65o-festival-folclorico-do-amazonas\/"},"modified":"2023-06-25T23:40:26","modified_gmt":"2023-06-26T03:40:26","slug":"prefeito-destaca-publico-de-mais-de-120-mil-pessoas-e-resgate-da-cultura-popular-no-65o-festival-folclorico-do-amazonas","status":"publish","type":"post","link":"https:\/\/www.manaus.am.gov.br\/manauscult\/prefeito-destaca-publico-de-mais-de-120-mil-pessoas-e-resgate-da-cultura-popular-no-65o-festival-folclorico-do-amazonas\/","title":{"rendered":"<strong>Prefeito destaca p\u00fablico de mais de 120 mil pessoas e resgate da cultura popular no 65\u00ba Festival Folcl\u00f3rico do Amazonas<\/strong>"},"content":{"rendered":"\n<p>O prefeito de Manaus, David Almeida, prestigiou, na noite deste domingo, 25\/6, o encerramento do 65\u00ba Festival Folcl\u00f3rico do Amazonas, no Centro Cultural dos Povos da Amaz\u00f4nia (CCPA), localizado no Distrito Industrial, zona Sul. Ao todo, o evento contou com 95 apresenta\u00e7\u00f5es de grupos folcl\u00f3ricos de todas as zonas da cidade.<\/p>\n\n\n\n<p>O festival registrou o recorde de p\u00fablico, com mais de 120 mil pessoas prestigiando as apresenta\u00e7\u00f5es, movimentando mais de R$ 4 milh\u00f5es injetados na economia local, por meio da tradicional festa. Segundo o&nbsp; prefeito, a presen\u00e7a maci\u00e7a do p\u00fablico \u00e9 fruto do planejamento estrat\u00e9gico que teve como prioridade o resgate cultural.<\/p>\n\n\n\n<p>\u201cIsso aqui \u00e9 o resgate da tradi\u00e7\u00e3o, foi uma promessa de campanha nossa de resgatar o festival folcl\u00f3rico e traz\u00ea-lo novamente no seu ber\u00e7o, que \u00e9 a bola da Suframa, no centro cultural. E hoje, n\u00f3s temos a presen\u00e7a maci\u00e7a do p\u00fablico prestigiando esse momento dado pela prefeitura, antecipado para que as agremia\u00e7\u00f5es pudessem se preparar e o resultado \u00e9 esse,&nbsp; sucesso total nesses dias de apresenta\u00e7\u00e3o aqui\u201d, afirmou Almeida.<\/p>\n\n\n\n<p>Promovido pela Prefeitura de Manaus, por meio da Funda\u00e7\u00e3o Municipal de Cultura, Turismo e Eventos (Manauscult), em parceria com a Secretaria de Estado de Cultura e Economia Criativa (SEC), o festival apresentou a disputa dos grupos das categorias Bronze e Prata, que contam com quadrilhas, cirandas, dan\u00e7as tradicionais, nordestinas, internacionais, cacetinho, tribos, entre outros. Os grupos foram contemplados por meio do edital n\u00ba 004\/2023, da Manauscult, com quase R$ 1,2 milh\u00e3o.<\/p>\n\n\n\n<p>\u201cEssa divis\u00e3o nos permitiu manter esse alto n\u00edvel, desde a ornamenta\u00e7\u00e3o, o p\u00fablico que comprou a ideia do resgate cultural, n\u00f3s viemos aqui desde o primeiro dia trazendo diversas atra\u00e7\u00f5es, justamente para trazer cada vez mais fam\u00edlias, seguindo a determina\u00e7\u00e3o do prefeito para o resgate cultural do festival, que \u00e9 o direito da cidade\u201d, completou o titular da Manauscult, Osvaldo Cardoso.<\/p>\n\n\n\n<p>Encerrando o festival na disputa da categoria Prata, empolgando o p\u00fablico neste domingo, as tradicionais quadrilhas Imp\u00e9rio da Folia e Revolu\u00e7\u00e3o na Ro\u00e7a, e as quadrilhas de duelo Reis do Faroeste e Anjos Bandidos Show. Tamb\u00e9m passaram pelo tablado, as dan\u00e7as nacionais Xote Noda de Caju e Xameguinho do Xote. J\u00e1 o grupo Tujkunas Belezas Naturais encerrou a noite.<\/p>\n\n\n\n<p>Uma das dan\u00e7as a se apresentar no \u00faltimo dia do festival, a quadrilha tradicional Imp\u00e9rio na Folia levou para a arena o tema &#8216;M\u00e3os que d\u00e3o vida ao meu S\u00e3o Jo\u00e3o&#8217;, com mais de 40 integrantes. Entre eles, a designer industrial Nanny Rodrigues, 26 anos, que veio como rainha, que destacou a emo\u00e7\u00e3o em fazer parte do tradicional festival.<\/p>\n\n\n\n<p>\u201cApesar de a gente j\u00e1 dan\u00e7ar, conhecer tudo, \u00e9 como se fosse a primeira vez. Vimos para mostrar nosso trabalho com muito carinho, com muito amor para todo o p\u00fablico, e isso \u00e9 gratificante. Eu posso dizer que est\u00e1 tudo excelente, muito lindo, realmente as expectativas que est\u00e1vamos aguardando\u201d, disse.<\/p>\n\n\n\n<p>A apura\u00e7\u00e3o da nota dos jurados dever\u00e1 acontecer na segunda-feira, 26, quando os vencedores ser\u00e3o conhecidos.<\/p>\n\n\n\n<p><strong>Economia Criativa<\/strong><\/p>\n\n\n\n<p>Al\u00e9m das apresenta\u00e7\u00f5es dos grupos folcl\u00f3ricos, o festival tamb\u00e9m contou com uma feira de artesanato, coordenada pela Secretaria Municipal do Trabalho, Empreendedorismo e Inova\u00e7\u00e3o (Semtepi) e um parque de divers\u00f5es para crian\u00e7as, um pleito esperado h\u00e1 23 anos.<\/p>\n\n\n\n<p><strong>Gastronomia<\/strong><\/p>\n\n\n\n<p>Este ano, 30 barracas compuseram a feira gastron\u00f4mica do festival, que foram doadas pela Prefeitura de Manaus a institui\u00e7\u00f5es sociais e entidades apoiadas pelo Fundo Manaus Solid\u00e1ria (FMS), que fizeram as vendas de comidas e bebidas no local.<\/p>\n\n\n\n<p>Localizadas pr\u00f3ximas \u00e0 arquibancada do anfiteatro, as barracas funcionaram durante todo o evento, com pre\u00e7os variando entre R$ 5 e R$ 35.<\/p>\n\n\n\n<p>O card\u00e1pio do festival apresentou comidas regionais e t\u00edpicas da \u00e9poca junina, como milho cozido, pamonha, bolo de macaxeira, acaraj\u00e9, al\u00e9m de outros pratos, como carne de sol, pirarucu \u00e0 casaca, tacac\u00e1, farofas diversas, cachorro-quente, sandu\u00edches, pizza, entre outros.<\/p>\n\n\n\n<p><strong>Matriz Integrada<\/strong><\/p>\n\n\n\n<p>A matriz integrada dos grandes eventos \u00e9 coordenada pela Manauscult, em parceria com a Secretaria Municipal de Comunica\u00e7\u00e3o (Semcom) e o Centro de Coopera\u00e7\u00e3o da Cidade (CCC). Ela conta com a participa\u00e7\u00e3o de 14 servi\u00e7os municipais: sa\u00fade, vigil\u00e2ncia sanit\u00e1ria, atendimento m\u00f3vel de urg\u00eancia, organiza\u00e7\u00e3o de tr\u00e2nsito, transporte p\u00fablico, assist\u00eancia social, conselho tutelar, seguran\u00e7a, monitoramento eletr\u00f4nico, cultura, comunica\u00e7\u00e3o, limpeza, infraestrutura, feiras e mercados.<\/p>\n\n\n\n<p>&#8212; &#8212; &#8212;<\/p>\n\n\n\n<p><strong>Texto &#8211;&nbsp;<\/strong>Beathriz Torres, Helen Miranda \/ Semcom e Emanuelle Baires\/Manauscult<\/p>\n\n\n\n<p><strong>Fotos \u2013<\/strong>&nbsp;Cl\u00f3vis Miranda \/ Semcom<\/p>\n\n\n\n<p><strong>Dispon\u00edveis em &#8211;<\/strong>&nbsp;<a href=\"https:\/\/flic.kr\/s\/aHBqjAK6hm\" target=\"_blank\" rel=\"noreferrer noopener\">https:\/\/flic.kr\/s\/aHBqjAK6hm<\/a><\/p>\n","protected":false},"excerpt":{"rendered":"","protected":false},"author":24,"featured_media":867,"comment_status":"closed","ping_status":"closed","sticky":false,"template":"","format":"standard","meta":{"footnotes":""},"categories":[232],"tags":[5,6,154,233,67,234,9,10,11,235,157,57,236],"acf":[],"yoast_head":"<!-- This site is optimized with the Yoast SEO plugin v23.0 - https:\/\/yoast.com\/wordpress\/plugins\/seo\/ -->\n<title>Prefeito destaca p\u00fablico de mais de 120 mil pessoas e resgate da cultura popular no 65\u00ba Festival Folcl\u00f3rico do Amazonas - MANAUSCULT<\/title>\n<meta name=\"description\" content=\"O prefeito de Manaus, David Almeida, prestigiou, na noite deste domingo, 25\/6, o encerramento do 65\u00ba Festival Folcl\u00f3rico do Amazonas, no Centro Cultural dos Povos da Amaz\u00f4nia (CCPA), localizado no Distrito Industrial, zona Sul.\" \/>\n<meta name=\"robots\" content=\"noindex, follow\" \/>\n<meta property=\"og:locale\" content=\"pt_BR\" \/>\n<meta property=\"og:type\" content=\"article\" \/>\n<meta property=\"og:title\" content=\"Prefeito destaca p\u00fablico de mais de 120 mil pessoas e resgate da cultura popular no 65\u00ba Festival Folcl\u00f3rico do Amazonas - MANAUSCULT\" \/>\n<meta property=\"og:description\" content=\"O prefeito de Manaus, David Almeida, prestigiou, na noite deste domingo, 25\/6, o encerramento do 65\u00ba Festival Folcl\u00f3rico do Amazonas, no Centro Cultural dos Povos da Amaz\u00f4nia (CCPA), localizado no Distrito Industrial, zona Sul.\" \/>\n<meta property=\"og:url\" content=\"https:\/\/www.manaus.am.gov.br\/manauscult\/prefeito-destaca-publico-de-mais-de-120-mil-pessoas-e-resgate-da-cultura-popular-no-65o-festival-folclorico-do-amazonas\/\" \/>\n<meta property=\"og:site_name\" content=\"MANAUSCULT\" \/>\n<meta property=\"article:published_time\" content=\"2023-06-26T03:40:23+00:00\" \/>\n<meta property=\"article:modified_time\" content=\"2023-06-26T03:40:26+00:00\" \/>\n<meta property=\"og:image\" content=\"https:\/\/www.manaus.am.gov.br\/manauscult\/wp-content\/uploads\/sites\/11\/2023\/06\/53001944490_bd2ea81d17_o.jpg\" \/>\n\t<meta property=\"og:image:width\" content=\"5760\" \/>\n\t<meta property=\"og:image:height\" content=\"3840\" \/>\n\t<meta property=\"og:image:type\" content=\"image\/jpeg\" \/>\n<meta name=\"author\" content=\"Cl\u00e1udia Barbosa\" \/>\n<meta name=\"twitter:card\" content=\"summary_large_image\" \/>\n<meta name=\"twitter:label1\" content=\"Written by\" \/>\n\t<meta name=\"twitter:data1\" content=\"Cl\u00e1udia Barbosa\" \/>\n\t<meta name=\"twitter:label2\" content=\"Est. reading time\" \/>\n\t<meta name=\"twitter:data2\" content=\"4 minutos\" \/>\n<script type=\"application\/ld+json\" class=\"yoast-schema-graph\">{\"@context\":\"https:\/\/schema.org\",\"@graph\":[{\"@type\":\"WebPage\",\"@id\":\"https:\/\/www.manaus.am.gov.br\/manauscult\/prefeito-destaca-publico-de-mais-de-120-mil-pessoas-e-resgate-da-cultura-popular-no-65o-festival-folclorico-do-amazonas\/\",\"url\":\"https:\/\/www.manaus.am.gov.br\/manauscult\/prefeito-destaca-publico-de-mais-de-120-mil-pessoas-e-resgate-da-cultura-popular-no-65o-festival-folclorico-do-amazonas\/\",\"name\":\"Prefeito destaca p\u00fablico de mais de 120 mil pessoas e resgate da cultura popular no 65\u00ba Festival Folcl\u00f3rico do Amazonas - MANAUSCULT\",\"isPartOf\":{\"@id\":\"https:\/\/www.manaus.am.gov.br\/manauscult\/#website\"},\"primaryImageOfPage\":{\"@id\":\"https:\/\/www.manaus.am.gov.br\/manauscult\/prefeito-destaca-publico-de-mais-de-120-mil-pessoas-e-resgate-da-cultura-popular-no-65o-festival-folclorico-do-amazonas\/#primaryimage\"},\"image\":{\"@id\":\"https:\/\/www.manaus.am.gov.br\/manauscult\/prefeito-destaca-publico-de-mais-de-120-mil-pessoas-e-resgate-da-cultura-popular-no-65o-festival-folclorico-do-amazonas\/#primaryimage\"},\"thumbnailUrl\":\"https:\/\/www.manaus.am.gov.br\/manauscult\/wp-content\/uploads\/sites\/11\/2023\/06\/53001944490_bd2ea81d17_o.jpg\",\"datePublished\":\"2023-06-26T03:40:23+00:00\",\"dateModified\":\"2023-06-26T03:40:26+00:00\",\"author\":{\"@id\":\"https:\/\/www.manaus.am.gov.br\/manauscult\/#\/schema\/person\/d0a166b5031154c33c77794ddc9a827e\"},\"description\":\"O prefeito de Manaus, David Almeida, prestigiou, na noite deste domingo, 25\/6, o encerramento do 65\u00ba Festival Folcl\u00f3rico do Amazonas, no Centro Cultural dos Povos da Amaz\u00f4nia (CCPA), localizado no Distrito Industrial, zona Sul.\",\"breadcrumb\":{\"@id\":\"https:\/\/www.manaus.am.gov.br\/manauscult\/prefeito-destaca-publico-de-mais-de-120-mil-pessoas-e-resgate-da-cultura-popular-no-65o-festival-folclorico-do-amazonas\/#breadcrumb\"},\"inLanguage\":\"pt-BR\",\"potentialAction\":[{\"@type\":\"ReadAction\",\"target\":[\"https:\/\/www.manaus.am.gov.br\/manauscult\/prefeito-destaca-publico-de-mais-de-120-mil-pessoas-e-resgate-da-cultura-popular-no-65o-festival-folclorico-do-amazonas\/\"]}]},{\"@type\":\"ImageObject\",\"inLanguage\":\"pt-BR\",\"@id\":\"https:\/\/www.manaus.am.gov.br\/manauscult\/prefeito-destaca-publico-de-mais-de-120-mil-pessoas-e-resgate-da-cultura-popular-no-65o-festival-folclorico-do-amazonas\/#primaryimage\",\"url\":\"https:\/\/www.manaus.am.gov.br\/manauscult\/wp-content\/uploads\/sites\/11\/2023\/06\/53001944490_bd2ea81d17_o.jpg\",\"contentUrl\":\"https:\/\/www.manaus.am.gov.br\/manauscult\/wp-content\/uploads\/sites\/11\/2023\/06\/53001944490_bd2ea81d17_o.jpg\",\"width\":5760,\"height\":3840},{\"@type\":\"BreadcrumbList\",\"@id\":\"https:\/\/www.manaus.am.gov.br\/manauscult\/prefeito-destaca-publico-de-mais-de-120-mil-pessoas-e-resgate-da-cultura-popular-no-65o-festival-folclorico-do-amazonas\/#breadcrumb\",\"itemListElement\":[{\"@type\":\"ListItem\",\"position\":1,\"name\":\"Home\",\"item\":\"https:\/\/www.manaus.am.gov.br\/manauscult\/\"},{\"@type\":\"ListItem\",\"position\":2,\"name\":\"Prefeito destaca p\u00fablico de mais de 120 mil pessoas e resgate da cultura popular no 65\u00ba Festival Folcl\u00f3rico do Amazonas\"}]},{\"@type\":\"WebSite\",\"@id\":\"https:\/\/www.manaus.am.gov.br\/manauscult\/#website\",\"url\":\"https:\/\/www.manaus.am.gov.br\/manauscult\/\",\"name\":\"MANAUSCULT\",\"description\":\"Prefeitura de Manaus\",\"potentialAction\":[{\"@type\":\"SearchAction\",\"target\":{\"@type\":\"EntryPoint\",\"urlTemplate\":\"https:\/\/www.manaus.am.gov.br\/manauscult\/?s={search_term_string}\"},\"query-input\":\"required name=search_term_string\"}],\"inLanguage\":\"pt-BR\"},{\"@type\":\"Person\",\"@id\":\"https:\/\/www.manaus.am.gov.br\/manauscult\/#\/schema\/person\/d0a166b5031154c33c77794ddc9a827e\",\"name\":\"Cl\u00e1udia Barbosa\",\"image\":{\"@type\":\"ImageObject\",\"inLanguage\":\"pt-BR\",\"@id\":\"https:\/\/www.manaus.am.gov.br\/manauscult\/#\/schema\/person\/image\/\",\"url\":\"https:\/\/secure.gravatar.com\/avatar\/42958a1cf007f1a00534009218c72590?s=96&d=mm&r=g\",\"contentUrl\":\"https:\/\/secure.gravatar.com\/avatar\/42958a1cf007f1a00534009218c72590?s=96&d=mm&r=g\",\"caption\":\"Cl\u00e1udia Barbosa\"}}]}<\/script>\n<!-- \/ Yoast SEO plugin. -->","yoast_head_json":{"title":"Prefeito destaca p\u00fablico de mais de 120 mil pessoas e resgate da cultura popular no 65\u00ba Festival Folcl\u00f3rico do Amazonas - MANAUSCULT","description":"O prefeito de Manaus, David Almeida, prestigiou, na noite deste domingo, 25\/6, o encerramento do 65\u00ba Festival Folcl\u00f3rico do Amazonas, no Centro Cultural dos Povos da Amaz\u00f4nia (CCPA), localizado no Distrito Industrial, zona Sul.","robots":{"index":"noindex","follow":"follow"},"og_locale":"pt_BR","og_type":"article","og_title":"Prefeito destaca p\u00fablico de mais de 120 mil pessoas e resgate da cultura popular no 65\u00ba Festival Folcl\u00f3rico do Amazonas - MANAUSCULT","og_description":"O prefeito de Manaus, David Almeida, prestigiou, na noite deste domingo, 25\/6, o encerramento do 65\u00ba Festival Folcl\u00f3rico do Amazonas, no Centro Cultural dos Povos da Amaz\u00f4nia (CCPA), localizado no Distrito Industrial, zona Sul.","og_url":"https:\/\/www.manaus.am.gov.br\/manauscult\/prefeito-destaca-publico-de-mais-de-120-mil-pessoas-e-resgate-da-cultura-popular-no-65o-festival-folclorico-do-amazonas\/","og_site_name":"MANAUSCULT","article_published_time":"2023-06-26T03:40:23+00:00","article_modified_time":"2023-06-26T03:40:26+00:00","og_image":[{"width":5760,"height":3840,"url":"https:\/\/www.manaus.am.gov.br\/manauscult\/wp-content\/uploads\/sites\/11\/2023\/06\/53001944490_bd2ea81d17_o.jpg","type":"image\/jpeg"}],"author":"Cl\u00e1udia Barbosa","twitter_card":"summary_large_image","twitter_misc":{"Written by":"Cl\u00e1udia Barbosa","Est. reading time":"4 minutos"},"schema":{"@context":"https:\/\/schema.org","@graph":[{"@type":"WebPage","@id":"https:\/\/www.manaus.am.gov.br\/manauscult\/prefeito-destaca-publico-de-mais-de-120-mil-pessoas-e-resgate-da-cultura-popular-no-65o-festival-folclorico-do-amazonas\/","url":"https:\/\/www.manaus.am.gov.br\/manauscult\/prefeito-destaca-publico-de-mais-de-120-mil-pessoas-e-resgate-da-cultura-popular-no-65o-festival-folclorico-do-amazonas\/","name":"Prefeito destaca p\u00fablico de mais de 120 mil pessoas e resgate da cultura popular no 65\u00ba Festival Folcl\u00f3rico do Amazonas - MANAUSCULT","isPartOf":{"@id":"https:\/\/www.manaus.am.gov.br\/manauscult\/#website"},"primaryImageOfPage":{"@id":"https:\/\/www.manaus.am.gov.br\/manauscult\/prefeito-destaca-publico-de-mais-de-120-mil-pessoas-e-resgate-da-cultura-popular-no-65o-festival-folclorico-do-amazonas\/#primaryimage"},"image":{"@id":"https:\/\/www.manaus.am.gov.br\/manauscult\/prefeito-destaca-publico-de-mais-de-120-mil-pessoas-e-resgate-da-cultura-popular-no-65o-festival-folclorico-do-amazonas\/#primaryimage"},"thumbnailUrl":"https:\/\/www.manaus.am.gov.br\/manauscult\/wp-content\/uploads\/sites\/11\/2023\/06\/53001944490_bd2ea81d17_o.jpg","datePublished":"2023-06-26T03:40:23+00:00","dateModified":"2023-06-26T03:40:26+00:00","author":{"@id":"https:\/\/www.manaus.am.gov.br\/manauscult\/#\/schema\/person\/d0a166b5031154c33c77794ddc9a827e"},"description":"O prefeito de Manaus, David Almeida, prestigiou, na noite deste domingo, 25\/6, o encerramento do 65\u00ba Festival Folcl\u00f3rico do Amazonas, no Centro Cultural dos Povos da Amaz\u00f4nia (CCPA), localizado no Distrito Industrial, zona Sul.","breadcrumb":{"@id":"https:\/\/www.manaus.am.gov.br\/manauscult\/prefeito-destaca-publico-de-mais-de-120-mil-pessoas-e-resgate-da-cultura-popular-no-65o-festival-folclorico-do-amazonas\/#breadcrumb"},"inLanguage":"pt-BR","potentialAction":[{"@type":"ReadAction","target":["https:\/\/www.manaus.am.gov.br\/manauscult\/prefeito-destaca-publico-de-mais-de-120-mil-pessoas-e-resgate-da-cultura-popular-no-65o-festival-folclorico-do-amazonas\/"]}]},{"@type":"ImageObject","inLanguage":"pt-BR","@id":"https:\/\/www.manaus.am.gov.br\/manauscult\/prefeito-destaca-publico-de-mais-de-120-mil-pessoas-e-resgate-da-cultura-popular-no-65o-festival-folclorico-do-amazonas\/#primaryimage","url":"https:\/\/www.manaus.am.gov.br\/manauscult\/wp-content\/uploads\/sites\/11\/2023\/06\/53001944490_bd2ea81d17_o.jpg","contentUrl":"https:\/\/www.manaus.am.gov.br\/manauscult\/wp-content\/uploads\/sites\/11\/2023\/06\/53001944490_bd2ea81d17_o.jpg","width":5760,"height":3840},{"@type":"BreadcrumbList","@id":"https:\/\/www.manaus.am.gov.br\/manauscult\/prefeito-destaca-publico-de-mais-de-120-mil-pessoas-e-resgate-da-cultura-popular-no-65o-festival-folclorico-do-amazonas\/#breadcrumb","itemListElement":[{"@type":"ListItem","position":1,"name":"Home","item":"https:\/\/www.manaus.am.gov.br\/manauscult\/"},{"@type":"ListItem","position":2,"name":"Prefeito destaca p\u00fablico de mais de 120 mil pessoas e resgate da cultura popular no 65\u00ba Festival Folcl\u00f3rico do Amazonas"}]},{"@type":"WebSite","@id":"https:\/\/www.manaus.am.gov.br\/manauscult\/#website","url":"https:\/\/www.manaus.am.gov.br\/manauscult\/","name":"MANAUSCULT","description":"Prefeitura de Manaus","potentialAction":[{"@type":"SearchAction","target":{"@type":"EntryPoint","urlTemplate":"https:\/\/www.manaus.am.gov.br\/manauscult\/?s={search_term_string}"},"query-input":"required name=search_term_string"}],"inLanguage":"pt-BR"},{"@type":"Person","@id":"https:\/\/www.manaus.am.gov.br\/manauscult\/#\/schema\/person\/d0a166b5031154c33c77794ddc9a827e","name":"Cl\u00e1udia Barbosa","image":{"@type":"ImageObject","inLanguage":"pt-BR","@id":"https:\/\/www.manaus.am.gov.br\/manauscult\/#\/schema\/person\/image\/","url":"https:\/\/secure.gravatar.com\/avatar\/42958a1cf007f1a00534009218c72590?s=96&d=mm&r=g","contentUrl":"https:\/\/secure.gravatar.com\/avatar\/42958a1cf007f1a00534009218c72590?s=96&d=mm&r=g","caption":"Cl\u00e1udia Barbosa"}}]}},"_links":{"self":[{"href":"https:\/\/www.manaus.am.gov.br\/manauscult\/wp-json\/wp\/v2\/posts\/866"}],"collection":[{"href":"https:\/\/www.manaus.am.gov.br\/manauscult\/wp-json\/wp\/v2\/posts"}],"about":[{"href":"https:\/\/www.manaus.am.gov.br\/manauscult\/wp-json\/wp\/v2\/types\/post"}],"author":[{"embeddable":true,"href":"https:\/\/www.manaus.am.gov.br\/manauscult\/wp-json\/wp\/v2\/users\/24"}],"replies":[{"embeddable":true,"href":"https:\/\/www.manaus.am.gov.br\/manauscult\/wp-json\/wp\/v2\/comments?post=866"}],"version-history":[{"count":0,"href":"https:\/\/www.manaus.am.gov.br\/manauscult\/wp-json\/wp\/v2\/posts\/866\/revisions"}],"wp:featuredmedia":[{"embeddable":true,"href":"https:\/\/www.manaus.am.gov.br\/manauscult\/wp-json\/wp\/v2\/media\/867"}],"wp:attachment":[{"href":"https:\/\/www.manaus.am.gov.br\/manauscult\/wp-json\/wp\/v2\/media?parent=866"}],"wp:term":[{"taxonomy":"category","embeddable":true,"href":"https:\/\/www.manaus.am.gov.br\/manauscult\/wp-json\/wp\/v2\/categories?post=866"},{"taxonomy":"post_tag","embeddable":true,"href":"https:\/\/www.manaus.am.gov.br\/manauscult\/wp-json\/wp\/v2\/tags?post=866"}],"curies":[{"name":"wp","href":"https:\/\/api.w.org\/{rel}","templated":true}]}}