{"id":864,"date":"2023-06-25T19:26:51","date_gmt":"2023-06-25T23:26:51","guid":{"rendered":"https:\/\/www.manaus.am.gov.br\/manauscult\/65o-festival-folclorico-do-amazonas-consolida-se-como-o-maior-dos-ultimos-10-anos\/"},"modified":"2023-06-25T19:26:53","modified_gmt":"2023-06-25T23:26:53","slug":"65o-festival-folclorico-do-amazonas-consolida-se-como-o-maior-dos-ultimos-10-anos","status":"publish","type":"post","link":"https:\/\/www.manaus.am.gov.br\/manauscult\/65o-festival-folclorico-do-amazonas-consolida-se-como-o-maior-dos-ultimos-10-anos\/","title":{"rendered":"<strong>65\u00ba\u00a0Festival\u00a0Folcl\u00f3rico do Amazonas consolida-se como o maior\u00a0dos \u00faltimos 10 anos<\/strong>"},"content":{"rendered":"\n<p>Com entrada gratuita, mais de cem mil pessoas prestigiaram os 95 grupos folcl\u00f3ricos que passaram pelo Centro Cultural dos Povos da Amaz\u00f4nia (CCPA), na bola da Suframa, zona Sul, durante a apresenta\u00e7\u00e3o dos grupos das categorias Mostra Folcl\u00f3rica, Bronze e Prata do 65\u00ba Festival Folcl\u00f3rico do Amazonas. O evento \u00e9 organizado pela Prefeitura de Manaus, em parceria com o governo do Amazonas.<\/p>\n\n\n\n<p>De acordo com os registros da Funda\u00e7\u00e3o Municipal de Cultura, Turismo e Eventos (Manauscult), desde a apresenta\u00e7\u00e3o da \u201cDan\u00e7a do Candombl\u00e9 Afro\u201d, em 2013, que n\u00e3o se via um p\u00fablico maci\u00e7o presente no CCPA. Os registros apontam que antigamente era comum ver o p\u00fablico presente nas duas arquibancadas, que t\u00eam capacidade para 17 mil pessoas, cada.<\/p>\n\n\n\n<p>De acordo com o diretor-presidente da Manauscult, Osvaldo Cardoso, o interesse das fam\u00edlias em prestigiar o festival \u00e9 fruto do trabalho de resgate cultural que a gest\u00e3o David Almeida vem empregando para fortalecer o segmento e, tamb\u00e9m, para movimentar a economia criativa.<\/p>\n\n\n\n<p>\u201cNosso trabalho come\u00e7ou dentro das comunidades, durante os ensaios, quando visitamos os grupos e assumimos o compromisso de fortalecer o setor folcl\u00f3rico na cidade de Manaus. E o que vemos, desde o dia 11 de junho, al\u00e9m da megaestrutura e programa\u00e7\u00e3o especial, \u00e9 a presen\u00e7a maci\u00e7a das fam\u00edlias. Na sexta-feira, pen\u00faltima noite, tivemos um recorde de p\u00fablico: 26.450 pessoas circularam no evento\u201d, disse.<\/p>\n\n\n\n<p>Osvaldo destaca, ainda, que um dos objetivos tra\u00e7ados dentro do planejamento estrat\u00e9gicos da Manauscult, foi fomentar neg\u00f3cios e gerar postos de trabalho e renda, n\u00e3o apenas nos dias de evento.<\/p>\n\n\n\n<p>\u201cA determina\u00e7\u00e3o do prefeito David Almeida \u00e9 movimentar toda a cadeia produtiva da cidade de Manaus. O folclore movimenta toda a comunidade, desde as escolas, as \u00e1reas onde acontecem os ensaios, as fam\u00edlias, as costureiras, os core\u00f3grafos, cen\u00f3grafos, bordadeiras, maquiadores, cabeleireiros, metal\u00fargicos, armarinhos, comerciantes em geral. O aquecimento econ\u00f4mico come\u00e7a na periferia. E s\u00f3 aqui, na bola da Suframa, demos uma inje\u00e7\u00e3o de mais de R$ 3,6 milh\u00f5es na economia local\u201d, explica Osvaldo Cardoso.<\/p>\n\n\n\n<p>A \u00faltima noite, comandada pela Prefeitura de Manaus, ocorre neste domingo, 25\/6, a partir das 19h, com a participa\u00e7\u00e3o do cantor George Japa durante o encerramento do festival. A entrada \u00e9 gratuita e o local conta com espa\u00e7o gastron\u00f4mico, al\u00e9m de artesanato e um parque de divers\u00f5es de porte pequeno.<\/p>\n\n\n\n<p>&#8212; &#8212; &#8212;<\/p>\n\n\n\n<p><strong>Texto<\/strong> &#8211; Emanuelle Baires \/ Manauscult.<\/p>\n\n\n\n<p><strong>Fotos<\/strong> &#8211; Cl\u00f3vis Miranda \/ Semcom<\/p>\n\n\n\n<p>Dispon\u00edveis em &#8211; <a href=\"https:\/\/flic.kr\/s\/aHBqjAJZzd\">https:\/\/flic.kr\/s\/aHBqjAJZzd<\/a> e <a href=\"https:\/\/flic.kr\/s\/aHBqjAJY71\">https:\/\/flic.kr\/s\/aHBqjAJY71<\/a><\/p>\n","protected":false},"excerpt":{"rendered":"","protected":false},"author":24,"featured_media":865,"comment_status":"closed","ping_status":"closed","sticky":false,"template":"","format":"standard","meta":{"footnotes":""},"categories":[12],"tags":[5,229,230,154,67,9,10,231,11],"acf":[],"yoast_head":"<!-- This site is optimized with the Yoast SEO plugin v23.0 - https:\/\/yoast.com\/wordpress\/plugins\/seo\/ -->\n<title>65\u00ba\u00a0Festival\u00a0Folcl\u00f3rico do Amazonas consolida-se como o maior\u00a0dos \u00faltimos 10 anos - MANAUSCULT<\/title>\n<meta name=\"description\" content=\"Com entrada gratuita, mais de cem mil pessoas prestigiaram os 95 grupos folcl\u00f3ricos que passaram pelo Centro Cultural dos Povos da Amaz\u00f4nia (CCPA), na bola da Suframa, zona Sul, durante a apresenta\u00e7\u00e3o dos grupos das categorias Mostra Folcl\u00f3rica, Bronze e Prata do 65\u00ba Festival Folcl\u00f3rico do Amazonas.\" \/>\n<meta name=\"robots\" content=\"noindex, follow\" \/>\n<meta property=\"og:locale\" content=\"pt_BR\" \/>\n<meta property=\"og:type\" content=\"article\" \/>\n<meta property=\"og:title\" content=\"65\u00ba\u00a0Festival\u00a0Folcl\u00f3rico do Amazonas consolida-se como o maior\u00a0dos \u00faltimos 10 anos - MANAUSCULT\" \/>\n<meta property=\"og:description\" content=\"Com entrada gratuita, mais de cem mil pessoas prestigiaram os 95 grupos folcl\u00f3ricos que passaram pelo Centro Cultural dos Povos da Amaz\u00f4nia (CCPA), na bola da Suframa, zona Sul, durante a apresenta\u00e7\u00e3o dos grupos das categorias Mostra Folcl\u00f3rica, Bronze e Prata do 65\u00ba Festival Folcl\u00f3rico do Amazonas.\" \/>\n<meta property=\"og:url\" content=\"https:\/\/www.manaus.am.gov.br\/manauscult\/65o-festival-folclorico-do-amazonas-consolida-se-como-o-maior-dos-ultimos-10-anos\/\" \/>\n<meta property=\"og:site_name\" content=\"MANAUSCULT\" \/>\n<meta property=\"article:published_time\" content=\"2023-06-25T23:26:51+00:00\" \/>\n<meta property=\"article:modified_time\" content=\"2023-06-25T23:26:53+00:00\" \/>\n<meta property=\"og:image\" content=\"https:\/\/www.manaus.am.gov.br\/manauscult\/wp-content\/uploads\/sites\/11\/2023\/06\/WhatsApp-Image-2023-06-25-at-18.37.52.jpeg\" \/>\n\t<meta property=\"og:image:width\" content=\"799\" \/>\n\t<meta property=\"og:image:height\" content=\"533\" \/>\n\t<meta property=\"og:image:type\" content=\"image\/jpeg\" \/>\n<meta name=\"author\" content=\"Cl\u00e1udia Barbosa\" \/>\n<meta name=\"twitter:card\" content=\"summary_large_image\" \/>\n<meta name=\"twitter:label1\" content=\"Written by\" \/>\n\t<meta name=\"twitter:data1\" content=\"Cl\u00e1udia Barbosa\" \/>\n\t<meta name=\"twitter:label2\" content=\"Est. reading time\" \/>\n\t<meta name=\"twitter:data2\" content=\"3 minutos\" \/>\n<script type=\"application\/ld+json\" class=\"yoast-schema-graph\">{\"@context\":\"https:\/\/schema.org\",\"@graph\":[{\"@type\":\"WebPage\",\"@id\":\"https:\/\/www.manaus.am.gov.br\/manauscult\/65o-festival-folclorico-do-amazonas-consolida-se-como-o-maior-dos-ultimos-10-anos\/\",\"url\":\"https:\/\/www.manaus.am.gov.br\/manauscult\/65o-festival-folclorico-do-amazonas-consolida-se-como-o-maior-dos-ultimos-10-anos\/\",\"name\":\"65\u00ba\u00a0Festival\u00a0Folcl\u00f3rico do Amazonas consolida-se como o maior\u00a0dos \u00faltimos 10 anos - MANAUSCULT\",\"isPartOf\":{\"@id\":\"https:\/\/www.manaus.am.gov.br\/manauscult\/#website\"},\"primaryImageOfPage\":{\"@id\":\"https:\/\/www.manaus.am.gov.br\/manauscult\/65o-festival-folclorico-do-amazonas-consolida-se-como-o-maior-dos-ultimos-10-anos\/#primaryimage\"},\"image\":{\"@id\":\"https:\/\/www.manaus.am.gov.br\/manauscult\/65o-festival-folclorico-do-amazonas-consolida-se-como-o-maior-dos-ultimos-10-anos\/#primaryimage\"},\"thumbnailUrl\":\"https:\/\/www.manaus.am.gov.br\/manauscult\/wp-content\/uploads\/sites\/11\/2023\/06\/WhatsApp-Image-2023-06-25-at-18.37.52.jpeg\",\"datePublished\":\"2023-06-25T23:26:51+00:00\",\"dateModified\":\"2023-06-25T23:26:53+00:00\",\"author\":{\"@id\":\"https:\/\/www.manaus.am.gov.br\/manauscult\/#\/schema\/person\/d0a166b5031154c33c77794ddc9a827e\"},\"description\":\"Com entrada gratuita, mais de cem mil pessoas prestigiaram os 95 grupos folcl\u00f3ricos que passaram pelo Centro Cultural dos Povos da Amaz\u00f4nia (CCPA), na bola da Suframa, zona Sul, durante a apresenta\u00e7\u00e3o dos grupos das categorias Mostra Folcl\u00f3rica, Bronze e Prata do 65\u00ba Festival Folcl\u00f3rico do Amazonas.\",\"breadcrumb\":{\"@id\":\"https:\/\/www.manaus.am.gov.br\/manauscult\/65o-festival-folclorico-do-amazonas-consolida-se-como-o-maior-dos-ultimos-10-anos\/#breadcrumb\"},\"inLanguage\":\"pt-BR\",\"potentialAction\":[{\"@type\":\"ReadAction\",\"target\":[\"https:\/\/www.manaus.am.gov.br\/manauscult\/65o-festival-folclorico-do-amazonas-consolida-se-como-o-maior-dos-ultimos-10-anos\/\"]}]},{\"@type\":\"ImageObject\",\"inLanguage\":\"pt-BR\",\"@id\":\"https:\/\/www.manaus.am.gov.br\/manauscult\/65o-festival-folclorico-do-amazonas-consolida-se-como-o-maior-dos-ultimos-10-anos\/#primaryimage\",\"url\":\"https:\/\/www.manaus.am.gov.br\/manauscult\/wp-content\/uploads\/sites\/11\/2023\/06\/WhatsApp-Image-2023-06-25-at-18.37.52.jpeg\",\"contentUrl\":\"https:\/\/www.manaus.am.gov.br\/manauscult\/wp-content\/uploads\/sites\/11\/2023\/06\/WhatsApp-Image-2023-06-25-at-18.37.52.jpeg\",\"width\":799,\"height\":533},{\"@type\":\"BreadcrumbList\",\"@id\":\"https:\/\/www.manaus.am.gov.br\/manauscult\/65o-festival-folclorico-do-amazonas-consolida-se-como-o-maior-dos-ultimos-10-anos\/#breadcrumb\",\"itemListElement\":[{\"@type\":\"ListItem\",\"position\":1,\"name\":\"Home\",\"item\":\"https:\/\/www.manaus.am.gov.br\/manauscult\/\"},{\"@type\":\"ListItem\",\"position\":2,\"name\":\"65\u00ba\u00a0Festival\u00a0Folcl\u00f3rico do Amazonas consolida-se como o maior\u00a0dos \u00faltimos 10 anos\"}]},{\"@type\":\"WebSite\",\"@id\":\"https:\/\/www.manaus.am.gov.br\/manauscult\/#website\",\"url\":\"https:\/\/www.manaus.am.gov.br\/manauscult\/\",\"name\":\"MANAUSCULT\",\"description\":\"Prefeitura de Manaus\",\"potentialAction\":[{\"@type\":\"SearchAction\",\"target\":{\"@type\":\"EntryPoint\",\"urlTemplate\":\"https:\/\/www.manaus.am.gov.br\/manauscult\/?s={search_term_string}\"},\"query-input\":\"required name=search_term_string\"}],\"inLanguage\":\"pt-BR\"},{\"@type\":\"Person\",\"@id\":\"https:\/\/www.manaus.am.gov.br\/manauscult\/#\/schema\/person\/d0a166b5031154c33c77794ddc9a827e\",\"name\":\"Cl\u00e1udia Barbosa\",\"image\":{\"@type\":\"ImageObject\",\"inLanguage\":\"pt-BR\",\"@id\":\"https:\/\/www.manaus.am.gov.br\/manauscult\/#\/schema\/person\/image\/\",\"url\":\"https:\/\/secure.gravatar.com\/avatar\/42958a1cf007f1a00534009218c72590?s=96&d=mm&r=g\",\"contentUrl\":\"https:\/\/secure.gravatar.com\/avatar\/42958a1cf007f1a00534009218c72590?s=96&d=mm&r=g\",\"caption\":\"Cl\u00e1udia Barbosa\"}}]}<\/script>\n<!-- \/ Yoast SEO plugin. -->","yoast_head_json":{"title":"65\u00ba\u00a0Festival\u00a0Folcl\u00f3rico do Amazonas consolida-se como o maior\u00a0dos \u00faltimos 10 anos - MANAUSCULT","description":"Com entrada gratuita, mais de cem mil pessoas prestigiaram os 95 grupos folcl\u00f3ricos que passaram pelo Centro Cultural dos Povos da Amaz\u00f4nia (CCPA), na bola da Suframa, zona Sul, durante a apresenta\u00e7\u00e3o dos grupos das categorias Mostra Folcl\u00f3rica, Bronze e Prata do 65\u00ba Festival Folcl\u00f3rico do Amazonas.","robots":{"index":"noindex","follow":"follow"},"og_locale":"pt_BR","og_type":"article","og_title":"65\u00ba\u00a0Festival\u00a0Folcl\u00f3rico do Amazonas consolida-se como o maior\u00a0dos \u00faltimos 10 anos - MANAUSCULT","og_description":"Com entrada gratuita, mais de cem mil pessoas prestigiaram os 95 grupos folcl\u00f3ricos que passaram pelo Centro Cultural dos Povos da Amaz\u00f4nia (CCPA), na bola da Suframa, zona Sul, durante a apresenta\u00e7\u00e3o dos grupos das categorias Mostra Folcl\u00f3rica, Bronze e Prata do 65\u00ba Festival Folcl\u00f3rico do Amazonas.","og_url":"https:\/\/www.manaus.am.gov.br\/manauscult\/65o-festival-folclorico-do-amazonas-consolida-se-como-o-maior-dos-ultimos-10-anos\/","og_site_name":"MANAUSCULT","article_published_time":"2023-06-25T23:26:51+00:00","article_modified_time":"2023-06-25T23:26:53+00:00","og_image":[{"width":799,"height":533,"url":"https:\/\/www.manaus.am.gov.br\/manauscult\/wp-content\/uploads\/sites\/11\/2023\/06\/WhatsApp-Image-2023-06-25-at-18.37.52.jpeg","type":"image\/jpeg"}],"author":"Cl\u00e1udia Barbosa","twitter_card":"summary_large_image","twitter_misc":{"Written by":"Cl\u00e1udia Barbosa","Est. reading time":"3 minutos"},"schema":{"@context":"https:\/\/schema.org","@graph":[{"@type":"WebPage","@id":"https:\/\/www.manaus.am.gov.br\/manauscult\/65o-festival-folclorico-do-amazonas-consolida-se-como-o-maior-dos-ultimos-10-anos\/","url":"https:\/\/www.manaus.am.gov.br\/manauscult\/65o-festival-folclorico-do-amazonas-consolida-se-como-o-maior-dos-ultimos-10-anos\/","name":"65\u00ba\u00a0Festival\u00a0Folcl\u00f3rico do Amazonas consolida-se como o maior\u00a0dos \u00faltimos 10 anos - MANAUSCULT","isPartOf":{"@id":"https:\/\/www.manaus.am.gov.br\/manauscult\/#website"},"primaryImageOfPage":{"@id":"https:\/\/www.manaus.am.gov.br\/manauscult\/65o-festival-folclorico-do-amazonas-consolida-se-como-o-maior-dos-ultimos-10-anos\/#primaryimage"},"image":{"@id":"https:\/\/www.manaus.am.gov.br\/manauscult\/65o-festival-folclorico-do-amazonas-consolida-se-como-o-maior-dos-ultimos-10-anos\/#primaryimage"},"thumbnailUrl":"https:\/\/www.manaus.am.gov.br\/manauscult\/wp-content\/uploads\/sites\/11\/2023\/06\/WhatsApp-Image-2023-06-25-at-18.37.52.jpeg","datePublished":"2023-06-25T23:26:51+00:00","dateModified":"2023-06-25T23:26:53+00:00","author":{"@id":"https:\/\/www.manaus.am.gov.br\/manauscult\/#\/schema\/person\/d0a166b5031154c33c77794ddc9a827e"},"description":"Com entrada gratuita, mais de cem mil pessoas prestigiaram os 95 grupos folcl\u00f3ricos que passaram pelo Centro Cultural dos Povos da Amaz\u00f4nia (CCPA), na bola da Suframa, zona Sul, durante a apresenta\u00e7\u00e3o dos grupos das categorias Mostra Folcl\u00f3rica, Bronze e Prata do 65\u00ba Festival Folcl\u00f3rico do Amazonas.","breadcrumb":{"@id":"https:\/\/www.manaus.am.gov.br\/manauscult\/65o-festival-folclorico-do-amazonas-consolida-se-como-o-maior-dos-ultimos-10-anos\/#breadcrumb"},"inLanguage":"pt-BR","potentialAction":[{"@type":"ReadAction","target":["https:\/\/www.manaus.am.gov.br\/manauscult\/65o-festival-folclorico-do-amazonas-consolida-se-como-o-maior-dos-ultimos-10-anos\/"]}]},{"@type":"ImageObject","inLanguage":"pt-BR","@id":"https:\/\/www.manaus.am.gov.br\/manauscult\/65o-festival-folclorico-do-amazonas-consolida-se-como-o-maior-dos-ultimos-10-anos\/#primaryimage","url":"https:\/\/www.manaus.am.gov.br\/manauscult\/wp-content\/uploads\/sites\/11\/2023\/06\/WhatsApp-Image-2023-06-25-at-18.37.52.jpeg","contentUrl":"https:\/\/www.manaus.am.gov.br\/manauscult\/wp-content\/uploads\/sites\/11\/2023\/06\/WhatsApp-Image-2023-06-25-at-18.37.52.jpeg","width":799,"height":533},{"@type":"BreadcrumbList","@id":"https:\/\/www.manaus.am.gov.br\/manauscult\/65o-festival-folclorico-do-amazonas-consolida-se-como-o-maior-dos-ultimos-10-anos\/#breadcrumb","itemListElement":[{"@type":"ListItem","position":1,"name":"Home","item":"https:\/\/www.manaus.am.gov.br\/manauscult\/"},{"@type":"ListItem","position":2,"name":"65\u00ba\u00a0Festival\u00a0Folcl\u00f3rico do Amazonas consolida-se como o maior\u00a0dos \u00faltimos 10 anos"}]},{"@type":"WebSite","@id":"https:\/\/www.manaus.am.gov.br\/manauscult\/#website","url":"https:\/\/www.manaus.am.gov.br\/manauscult\/","name":"MANAUSCULT","description":"Prefeitura de Manaus","potentialAction":[{"@type":"SearchAction","target":{"@type":"EntryPoint","urlTemplate":"https:\/\/www.manaus.am.gov.br\/manauscult\/?s={search_term_string}"},"query-input":"required name=search_term_string"}],"inLanguage":"pt-BR"},{"@type":"Person","@id":"https:\/\/www.manaus.am.gov.br\/manauscult\/#\/schema\/person\/d0a166b5031154c33c77794ddc9a827e","name":"Cl\u00e1udia Barbosa","image":{"@type":"ImageObject","inLanguage":"pt-BR","@id":"https:\/\/www.manaus.am.gov.br\/manauscult\/#\/schema\/person\/image\/","url":"https:\/\/secure.gravatar.com\/avatar\/42958a1cf007f1a00534009218c72590?s=96&d=mm&r=g","contentUrl":"https:\/\/secure.gravatar.com\/avatar\/42958a1cf007f1a00534009218c72590?s=96&d=mm&r=g","caption":"Cl\u00e1udia Barbosa"}}]}},"_links":{"self":[{"href":"https:\/\/www.manaus.am.gov.br\/manauscult\/wp-json\/wp\/v2\/posts\/864"}],"collection":[{"href":"https:\/\/www.manaus.am.gov.br\/manauscult\/wp-json\/wp\/v2\/posts"}],"about":[{"href":"https:\/\/www.manaus.am.gov.br\/manauscult\/wp-json\/wp\/v2\/types\/post"}],"author":[{"embeddable":true,"href":"https:\/\/www.manaus.am.gov.br\/manauscult\/wp-json\/wp\/v2\/users\/24"}],"replies":[{"embeddable":true,"href":"https:\/\/www.manaus.am.gov.br\/manauscult\/wp-json\/wp\/v2\/comments?post=864"}],"version-history":[{"count":0,"href":"https:\/\/www.manaus.am.gov.br\/manauscult\/wp-json\/wp\/v2\/posts\/864\/revisions"}],"wp:featuredmedia":[{"embeddable":true,"href":"https:\/\/www.manaus.am.gov.br\/manauscult\/wp-json\/wp\/v2\/media\/865"}],"wp:attachment":[{"href":"https:\/\/www.manaus.am.gov.br\/manauscult\/wp-json\/wp\/v2\/media?parent=864"}],"wp:term":[{"taxonomy":"category","embeddable":true,"href":"https:\/\/www.manaus.am.gov.br\/manauscult\/wp-json\/wp\/v2\/categories?post=864"},{"taxonomy":"post_tag","embeddable":true,"href":"https:\/\/www.manaus.am.gov.br\/manauscult\/wp-json\/wp\/v2\/tags?post=864"}],"curies":[{"name":"wp","href":"https:\/\/api.w.org\/{rel}","templated":true}]}}