{"id":852,"date":"2023-06-22T14:13:04","date_gmt":"2023-06-22T18:13:04","guid":{"rendered":"https:\/\/www.manaus.am.gov.br\/manauscult\/prefeitura-de-manaus-participa-de-seminario-sobre-arte-urbana-e-urbanismo-neste-domingo\/"},"modified":"2023-06-22T14:13:06","modified_gmt":"2023-06-22T18:13:06","slug":"prefeitura-de-manaus-participa-de-seminario-sobre-arte-urbana-e-urbanismo-neste-domingo","status":"publish","type":"post","link":"https:\/\/www.manaus.am.gov.br\/manauscult\/prefeitura-de-manaus-participa-de-seminario-sobre-arte-urbana-e-urbanismo-neste-domingo\/","title":{"rendered":"<strong>Prefeitura de Manaus participa de semin\u00e1rio sobre arte urbana e urbanismo neste domingo<\/strong>"},"content":{"rendered":"\n<p>A Prefeitura de Manaus, via Instituto Municipal de Planejamento Urbano (Implurb) e&nbsp;Funda\u00e7\u00e3o Municipal de Cultura, Turismo e Eventos (Manauscult),&nbsp;participa do semin\u00e1rio &#8220;Triburbanus: Arte de Rua\u201d, que acontece neste domingo, 25\/6, no Centro Cultural dos Povos da Amaz\u00f4nia, na avenida Silves, n\u00ba 2.222, no Distrito Industrial, zona Sul.<\/p>\n\n\n\n<p>O evento \u00e9 uma realiza\u00e7\u00e3o da Associa\u00e7\u00e3o Amaz\u00f4nia de Produ\u00e7\u00e3o, Organiza\u00e7\u00e3o e Incentivos Art\u00edsticos (Apoiar) em parceria com a Dabacuri Produ\u00e7\u00f5es, sendo contemplado no edital Programa Manaus Faz Cultura, do&nbsp;Conselho Municipal de Cultura (Concultura), contando com o apoio da prefeitura, por meio da Manauscult.<\/p>\n\n\n\n<p>O Triburbanus acontecer\u00e1 de 13h \u00e0s 19h, com entrada gratuita, para reunir artistas, acad\u00eamicos, curadores, gestores e urbanistas no debate da import\u00e2ncia da arte de rua para a capital amazonense. Os participantes receber\u00e3o certificado ao final do programa e haver\u00e1 sorteio de brindes e de uma bolsa de estudos integral para o curso livre, on-line, da curadora e produtora cultural italiana, radicada em S\u00e3o Paulo, Giullia Lupo.<\/p>\n\n\n\n<p>Para conversar com os artistas locais, por videoconfer\u00eancia, participam Giullia e o grafiteiro paulista Paulo Ito. Em pauta, al\u00e9m das discuss\u00f5es locais sobre pol\u00edticas p\u00fablicas para a \u00e1rea e normas de uso do espa\u00e7o p\u00fablico, est\u00e3o as discuss\u00f5es sobre o mercado de trabalho para esses artistas.<\/p>\n\n\n\n<p>Representando o Implurb no semin\u00e1rio, a gerente de Patrim\u00f4nio Hist\u00f3rico (GPH), arquiteta e urbanista Melissa Toledo ser\u00e1 uma dos debatedores do painel \u201cAfinal, o que \u00e9 arte urbana e qual sua import\u00e2ncia para a sociedade?\u201d, \u00e0s 13h30, ao lado de Richardson Adriano de Souza, doutorando em Hist\u00f3ria Social pela Universidade Federal do Amazonas (Ufam) e ativista pol\u00edtico do movimento Hip Hop, e do artista pl\u00e1stico Turenko Be\u00e7a, diretor de Economia Criativa na&nbsp;Secretaria de Estado de Cultura e Economia Criativa (SEC).<\/p>\n\n\n\n<p>A arquiteta lembra que arte urbana, antes de tudo, \u00e9 a express\u00e3o art\u00edstica que sai dos lugares consagrados e convencionais, como salas de exposi\u00e7\u00e3o, cinema, teatro, biblioteca e museus, e passa a se expandir para locais de visibilidade do dia a dia, chegando \u00e0s ruas, \u00e0 cidade propriamente dita.<\/p>\n\n\n\n<p>\u201cNo evento, vamos fazer essa reflex\u00e3o do papel do arquiteto e urbanista, integrando a arte urbana, tanto no segmento p\u00fablico quanto no privado. Pelo Implurb, ser\u00e1 importante destacar aspectos pertinentes \u00e0 arte de rua em edifica\u00e7\u00f5es, que precisam de autoriza\u00e7\u00e3o do propriet\u00e1rio e tamb\u00e9m de licenciamento do \u00f3rg\u00e3o municipal, especialmente no centro hist\u00f3rico, que tem um apelo cultural muito grande\u201d, comentou Melissa.<\/p>\n\n\n\n<p>Engenhos publicit\u00e1rios e o programa \u201cNosso Centro\u201d complementam a apresenta\u00e7\u00e3o da arquiteta no semin\u00e1rio. \u201cVamos abordar as pol\u00edticas urbanas em vigor e os processos administrativos, do que se pode fazer de incentivo \u00e0 arte urbana. Dentro do \u2018Nosso Centro\u2019, por exemplo, a obra do mirante L\u00facia Almeida foi projetada para ter espa\u00e7os destinados \u00e0 arte urbana, e isso \u00e9 parte da pol\u00edtica municipal de inser\u00e7\u00e3o de artistas locais\u201d, adiantou a arquiteta.<\/p>\n\n\n\n<p>Para o diretor de Planejamento Urbano do Implurb, arquiteto e urbanista Pedro Paulo Cordeiro, a import\u00e2ncia de estar em semin\u00e1rios como esse \u00e9 de poder dialogar com interessados e atores, de maneira democr\u00e1tica, sobre o espa\u00e7o p\u00fablico.<\/p>\n\n\n\n<p>\u201c\u00c9 importante frisar que temos diversos murais, viadutos, pr\u00e9dios e espa\u00e7os p\u00fablicos com arte urbana em Manaus. E isso demonstra uma valoriza\u00e7\u00e3o aos artistas, com uma tend\u00eancia para aumentar o uso e o destaque na cidade. Tamb\u00e9m \u00e9 importante que a arte urbana n\u00e3o s\u00f3 embeleze, mas tenha tem\u00e1tica e acabe fazendo parte do contexto urbano. E tem a quest\u00e3o ef\u00eamera, da temporalidade de que a arte possa se renovar em um per\u00edodo de tempo, para poder ocupar os pain\u00e9is na cidade com outros artistas. A ideia \u00e9 ter a intera\u00e7\u00e3o com o grupo, ouvir e dialogar sobre o tecido urbano\u201d, comentou o arquiteto.<\/p>\n\n\n\n<p>Cordeiro destacou ainda que o programa \u201cNosso Centro\u201d busca a diversidade cultural e a valoriza\u00e7\u00e3o da arte urbana, para transformar o territ\u00f3rio em ambiente multicultural, levando qualidade de vida a uma \u00e1rea p\u00fablica que est\u00e1 sendo criada para a popula\u00e7\u00e3o.<\/p>\n\n\n\n<p><strong>Arquiteta<\/strong><\/p>\n\n\n\n<p>Com uma carreira consolidada na \u00eanfase no patrim\u00f4nio cultural e hist\u00f3rico, Melissa Toledo assumiu a Ger\u00eancia de Patrim\u00f4nio Hist\u00f3rico (GPH) do instituto este ano.<\/p>\n\n\n\n<p>Ela \u00e9 graduada pela Universidade Luterana do Brasil (Ulbra), atuou dentro da autarquia antes, com o Programa de Reestrutura\u00e7\u00e3o do Centro de Manaus (Promanaus), criado por lei em 2009, e foi coordenadora t\u00e9cnica no Instituto de Patrim\u00f4nio Hist\u00f3rico e Arquitet\u00f4nico Nacional (Iphan) Amazonas e do antigo PAC Cidades Hist\u00f3ricas, na prefeitura.<\/p>\n\n\n\n<p>&#8212; &#8212; &#8212;<\/p>\n\n\n\n<p><strong>Texto<\/strong>&nbsp;\u2013 Claudia do Valle \/ Implurb<\/p>\n\n\n\n<p><strong>Fotos<\/strong>&nbsp;\u2013 Jo\u00e3o Viana\/ Semcom<\/p>\n","protected":false},"excerpt":{"rendered":"","protected":false},"author":24,"featured_media":853,"comment_status":"closed","ping_status":"closed","sticky":false,"template":"","format":"standard","meta":{"footnotes":""},"categories":[3],"tags":[154,45,209,210,99,211,9,212,11],"acf":[],"yoast_head":"<!-- This site is optimized with the Yoast SEO plugin v23.0 - https:\/\/yoast.com\/wordpress\/plugins\/seo\/ -->\n<title>Prefeitura de Manaus participa de semin\u00e1rio sobre arte urbana e urbanismo neste domingo - MANAUSCULT<\/title>\n<meta name=\"description\" content=\"A Prefeitura de Manaus, via Instituto Municipal de Planejamento Urbano (Implurb) e\u00a0Funda\u00e7\u00e3o Municipal de Cultura, Turismo e Eventos (Manauscult),\u00a0participa do semin\u00e1rio &quot;Triburbanus: Arte de Rua\u201d, que acontece neste domingo, 25\/6, no Centro Cultural dos Povos da Amaz\u00f4nia, na avenida Silves, n\u00ba 2.222, no Distrito Industrial, zona Sul.\" \/>\n<meta name=\"robots\" content=\"noindex, follow\" \/>\n<meta property=\"og:locale\" content=\"pt_BR\" \/>\n<meta property=\"og:type\" content=\"article\" \/>\n<meta property=\"og:title\" content=\"Prefeitura de Manaus participa de semin\u00e1rio sobre arte urbana e urbanismo neste domingo - MANAUSCULT\" \/>\n<meta property=\"og:description\" content=\"A Prefeitura de Manaus, via Instituto Municipal de Planejamento Urbano (Implurb) e\u00a0Funda\u00e7\u00e3o Municipal de Cultura, Turismo e Eventos (Manauscult),\u00a0participa do semin\u00e1rio &quot;Triburbanus: Arte de Rua\u201d, que acontece neste domingo, 25\/6, no Centro Cultural dos Povos da Amaz\u00f4nia, na avenida Silves, n\u00ba 2.222, no Distrito Industrial, zona Sul.\" \/>\n<meta property=\"og:url\" content=\"https:\/\/www.manaus.am.gov.br\/manauscult\/prefeitura-de-manaus-participa-de-seminario-sobre-arte-urbana-e-urbanismo-neste-domingo\/\" \/>\n<meta property=\"og:site_name\" content=\"MANAUSCULT\" \/>\n<meta property=\"article:published_time\" content=\"2023-06-22T18:13:04+00:00\" \/>\n<meta property=\"article:modified_time\" content=\"2023-06-22T18:13:06+00:00\" \/>\n<meta property=\"og:image\" content=\"https:\/\/www.manaus.am.gov.br\/manauscult\/wp-content\/uploads\/sites\/11\/2023\/06\/Melissa-Toledo.jpeg\" \/>\n\t<meta property=\"og:image:width\" content=\"1026\" \/>\n\t<meta property=\"og:image:height\" content=\"988\" \/>\n\t<meta property=\"og:image:type\" content=\"image\/jpeg\" \/>\n<meta name=\"author\" content=\"Cl\u00e1udia Barbosa\" \/>\n<meta name=\"twitter:card\" content=\"summary_large_image\" \/>\n<meta name=\"twitter:label1\" content=\"Written by\" \/>\n\t<meta name=\"twitter:data1\" content=\"Cl\u00e1udia Barbosa\" \/>\n\t<meta name=\"twitter:label2\" content=\"Est. reading time\" \/>\n\t<meta name=\"twitter:data2\" content=\"5 minutos\" \/>\n<script type=\"application\/ld+json\" class=\"yoast-schema-graph\">{\"@context\":\"https:\/\/schema.org\",\"@graph\":[{\"@type\":\"WebPage\",\"@id\":\"https:\/\/www.manaus.am.gov.br\/manauscult\/prefeitura-de-manaus-participa-de-seminario-sobre-arte-urbana-e-urbanismo-neste-domingo\/\",\"url\":\"https:\/\/www.manaus.am.gov.br\/manauscult\/prefeitura-de-manaus-participa-de-seminario-sobre-arte-urbana-e-urbanismo-neste-domingo\/\",\"name\":\"Prefeitura de Manaus participa de semin\u00e1rio sobre arte urbana e urbanismo neste domingo - MANAUSCULT\",\"isPartOf\":{\"@id\":\"https:\/\/www.manaus.am.gov.br\/manauscult\/#website\"},\"primaryImageOfPage\":{\"@id\":\"https:\/\/www.manaus.am.gov.br\/manauscult\/prefeitura-de-manaus-participa-de-seminario-sobre-arte-urbana-e-urbanismo-neste-domingo\/#primaryimage\"},\"image\":{\"@id\":\"https:\/\/www.manaus.am.gov.br\/manauscult\/prefeitura-de-manaus-participa-de-seminario-sobre-arte-urbana-e-urbanismo-neste-domingo\/#primaryimage\"},\"thumbnailUrl\":\"https:\/\/www.manaus.am.gov.br\/manauscult\/wp-content\/uploads\/sites\/11\/2023\/06\/Melissa-Toledo.jpeg\",\"datePublished\":\"2023-06-22T18:13:04+00:00\",\"dateModified\":\"2023-06-22T18:13:06+00:00\",\"author\":{\"@id\":\"https:\/\/www.manaus.am.gov.br\/manauscult\/#\/schema\/person\/d0a166b5031154c33c77794ddc9a827e\"},\"description\":\"A Prefeitura de Manaus, via Instituto Municipal de Planejamento Urbano (Implurb) e\u00a0Funda\u00e7\u00e3o Municipal de Cultura, Turismo e Eventos (Manauscult),\u00a0participa do semin\u00e1rio \\\"Triburbanus: Arte de Rua\u201d, que acontece neste domingo, 25\/6, no Centro Cultural dos Povos da Amaz\u00f4nia, na avenida Silves, n\u00ba 2.222, no Distrito Industrial, zona Sul.\",\"breadcrumb\":{\"@id\":\"https:\/\/www.manaus.am.gov.br\/manauscult\/prefeitura-de-manaus-participa-de-seminario-sobre-arte-urbana-e-urbanismo-neste-domingo\/#breadcrumb\"},\"inLanguage\":\"pt-BR\",\"potentialAction\":[{\"@type\":\"ReadAction\",\"target\":[\"https:\/\/www.manaus.am.gov.br\/manauscult\/prefeitura-de-manaus-participa-de-seminario-sobre-arte-urbana-e-urbanismo-neste-domingo\/\"]}]},{\"@type\":\"ImageObject\",\"inLanguage\":\"pt-BR\",\"@id\":\"https:\/\/www.manaus.am.gov.br\/manauscult\/prefeitura-de-manaus-participa-de-seminario-sobre-arte-urbana-e-urbanismo-neste-domingo\/#primaryimage\",\"url\":\"https:\/\/www.manaus.am.gov.br\/manauscult\/wp-content\/uploads\/sites\/11\/2023\/06\/Melissa-Toledo.jpeg\",\"contentUrl\":\"https:\/\/www.manaus.am.gov.br\/manauscult\/wp-content\/uploads\/sites\/11\/2023\/06\/Melissa-Toledo.jpeg\",\"width\":1026,\"height\":988},{\"@type\":\"BreadcrumbList\",\"@id\":\"https:\/\/www.manaus.am.gov.br\/manauscult\/prefeitura-de-manaus-participa-de-seminario-sobre-arte-urbana-e-urbanismo-neste-domingo\/#breadcrumb\",\"itemListElement\":[{\"@type\":\"ListItem\",\"position\":1,\"name\":\"Home\",\"item\":\"https:\/\/www.manaus.am.gov.br\/manauscult\/\"},{\"@type\":\"ListItem\",\"position\":2,\"name\":\"Prefeitura de Manaus participa de semin\u00e1rio sobre arte urbana e urbanismo neste domingo\"}]},{\"@type\":\"WebSite\",\"@id\":\"https:\/\/www.manaus.am.gov.br\/manauscult\/#website\",\"url\":\"https:\/\/www.manaus.am.gov.br\/manauscult\/\",\"name\":\"MANAUSCULT\",\"description\":\"Prefeitura de Manaus\",\"potentialAction\":[{\"@type\":\"SearchAction\",\"target\":{\"@type\":\"EntryPoint\",\"urlTemplate\":\"https:\/\/www.manaus.am.gov.br\/manauscult\/?s={search_term_string}\"},\"query-input\":\"required name=search_term_string\"}],\"inLanguage\":\"pt-BR\"},{\"@type\":\"Person\",\"@id\":\"https:\/\/www.manaus.am.gov.br\/manauscult\/#\/schema\/person\/d0a166b5031154c33c77794ddc9a827e\",\"name\":\"Cl\u00e1udia Barbosa\",\"image\":{\"@type\":\"ImageObject\",\"inLanguage\":\"pt-BR\",\"@id\":\"https:\/\/www.manaus.am.gov.br\/manauscult\/#\/schema\/person\/image\/\",\"url\":\"https:\/\/secure.gravatar.com\/avatar\/42958a1cf007f1a00534009218c72590?s=96&d=mm&r=g\",\"contentUrl\":\"https:\/\/secure.gravatar.com\/avatar\/42958a1cf007f1a00534009218c72590?s=96&d=mm&r=g\",\"caption\":\"Cl\u00e1udia Barbosa\"}}]}<\/script>\n<!-- \/ Yoast SEO plugin. -->","yoast_head_json":{"title":"Prefeitura de Manaus participa de semin\u00e1rio sobre arte urbana e urbanismo neste domingo - MANAUSCULT","description":"A Prefeitura de Manaus, via Instituto Municipal de Planejamento Urbano (Implurb) e\u00a0Funda\u00e7\u00e3o Municipal de Cultura, Turismo e Eventos (Manauscult),\u00a0participa do semin\u00e1rio \"Triburbanus: Arte de Rua\u201d, que acontece neste domingo, 25\/6, no Centro Cultural dos Povos da Amaz\u00f4nia, na avenida Silves, n\u00ba 2.222, no Distrito Industrial, zona Sul.","robots":{"index":"noindex","follow":"follow"},"og_locale":"pt_BR","og_type":"article","og_title":"Prefeitura de Manaus participa de semin\u00e1rio sobre arte urbana e urbanismo neste domingo - MANAUSCULT","og_description":"A Prefeitura de Manaus, via Instituto Municipal de Planejamento Urbano (Implurb) e\u00a0Funda\u00e7\u00e3o Municipal de Cultura, Turismo e Eventos (Manauscult),\u00a0participa do semin\u00e1rio \"Triburbanus: Arte de Rua\u201d, que acontece neste domingo, 25\/6, no Centro Cultural dos Povos da Amaz\u00f4nia, na avenida Silves, n\u00ba 2.222, no Distrito Industrial, zona Sul.","og_url":"https:\/\/www.manaus.am.gov.br\/manauscult\/prefeitura-de-manaus-participa-de-seminario-sobre-arte-urbana-e-urbanismo-neste-domingo\/","og_site_name":"MANAUSCULT","article_published_time":"2023-06-22T18:13:04+00:00","article_modified_time":"2023-06-22T18:13:06+00:00","og_image":[{"width":1026,"height":988,"url":"https:\/\/www.manaus.am.gov.br\/manauscult\/wp-content\/uploads\/sites\/11\/2023\/06\/Melissa-Toledo.jpeg","type":"image\/jpeg"}],"author":"Cl\u00e1udia Barbosa","twitter_card":"summary_large_image","twitter_misc":{"Written by":"Cl\u00e1udia Barbosa","Est. reading time":"5 minutos"},"schema":{"@context":"https:\/\/schema.org","@graph":[{"@type":"WebPage","@id":"https:\/\/www.manaus.am.gov.br\/manauscult\/prefeitura-de-manaus-participa-de-seminario-sobre-arte-urbana-e-urbanismo-neste-domingo\/","url":"https:\/\/www.manaus.am.gov.br\/manauscult\/prefeitura-de-manaus-participa-de-seminario-sobre-arte-urbana-e-urbanismo-neste-domingo\/","name":"Prefeitura de Manaus participa de semin\u00e1rio sobre arte urbana e urbanismo neste domingo - MANAUSCULT","isPartOf":{"@id":"https:\/\/www.manaus.am.gov.br\/manauscult\/#website"},"primaryImageOfPage":{"@id":"https:\/\/www.manaus.am.gov.br\/manauscult\/prefeitura-de-manaus-participa-de-seminario-sobre-arte-urbana-e-urbanismo-neste-domingo\/#primaryimage"},"image":{"@id":"https:\/\/www.manaus.am.gov.br\/manauscult\/prefeitura-de-manaus-participa-de-seminario-sobre-arte-urbana-e-urbanismo-neste-domingo\/#primaryimage"},"thumbnailUrl":"https:\/\/www.manaus.am.gov.br\/manauscult\/wp-content\/uploads\/sites\/11\/2023\/06\/Melissa-Toledo.jpeg","datePublished":"2023-06-22T18:13:04+00:00","dateModified":"2023-06-22T18:13:06+00:00","author":{"@id":"https:\/\/www.manaus.am.gov.br\/manauscult\/#\/schema\/person\/d0a166b5031154c33c77794ddc9a827e"},"description":"A Prefeitura de Manaus, via Instituto Municipal de Planejamento Urbano (Implurb) e\u00a0Funda\u00e7\u00e3o Municipal de Cultura, Turismo e Eventos (Manauscult),\u00a0participa do semin\u00e1rio \"Triburbanus: Arte de Rua\u201d, que acontece neste domingo, 25\/6, no Centro Cultural dos Povos da Amaz\u00f4nia, na avenida Silves, n\u00ba 2.222, no Distrito Industrial, zona Sul.","breadcrumb":{"@id":"https:\/\/www.manaus.am.gov.br\/manauscult\/prefeitura-de-manaus-participa-de-seminario-sobre-arte-urbana-e-urbanismo-neste-domingo\/#breadcrumb"},"inLanguage":"pt-BR","potentialAction":[{"@type":"ReadAction","target":["https:\/\/www.manaus.am.gov.br\/manauscult\/prefeitura-de-manaus-participa-de-seminario-sobre-arte-urbana-e-urbanismo-neste-domingo\/"]}]},{"@type":"ImageObject","inLanguage":"pt-BR","@id":"https:\/\/www.manaus.am.gov.br\/manauscult\/prefeitura-de-manaus-participa-de-seminario-sobre-arte-urbana-e-urbanismo-neste-domingo\/#primaryimage","url":"https:\/\/www.manaus.am.gov.br\/manauscult\/wp-content\/uploads\/sites\/11\/2023\/06\/Melissa-Toledo.jpeg","contentUrl":"https:\/\/www.manaus.am.gov.br\/manauscult\/wp-content\/uploads\/sites\/11\/2023\/06\/Melissa-Toledo.jpeg","width":1026,"height":988},{"@type":"BreadcrumbList","@id":"https:\/\/www.manaus.am.gov.br\/manauscult\/prefeitura-de-manaus-participa-de-seminario-sobre-arte-urbana-e-urbanismo-neste-domingo\/#breadcrumb","itemListElement":[{"@type":"ListItem","position":1,"name":"Home","item":"https:\/\/www.manaus.am.gov.br\/manauscult\/"},{"@type":"ListItem","position":2,"name":"Prefeitura de Manaus participa de semin\u00e1rio sobre arte urbana e urbanismo neste domingo"}]},{"@type":"WebSite","@id":"https:\/\/www.manaus.am.gov.br\/manauscult\/#website","url":"https:\/\/www.manaus.am.gov.br\/manauscult\/","name":"MANAUSCULT","description":"Prefeitura de Manaus","potentialAction":[{"@type":"SearchAction","target":{"@type":"EntryPoint","urlTemplate":"https:\/\/www.manaus.am.gov.br\/manauscult\/?s={search_term_string}"},"query-input":"required name=search_term_string"}],"inLanguage":"pt-BR"},{"@type":"Person","@id":"https:\/\/www.manaus.am.gov.br\/manauscult\/#\/schema\/person\/d0a166b5031154c33c77794ddc9a827e","name":"Cl\u00e1udia Barbosa","image":{"@type":"ImageObject","inLanguage":"pt-BR","@id":"https:\/\/www.manaus.am.gov.br\/manauscult\/#\/schema\/person\/image\/","url":"https:\/\/secure.gravatar.com\/avatar\/42958a1cf007f1a00534009218c72590?s=96&d=mm&r=g","contentUrl":"https:\/\/secure.gravatar.com\/avatar\/42958a1cf007f1a00534009218c72590?s=96&d=mm&r=g","caption":"Cl\u00e1udia Barbosa"}}]}},"_links":{"self":[{"href":"https:\/\/www.manaus.am.gov.br\/manauscult\/wp-json\/wp\/v2\/posts\/852"}],"collection":[{"href":"https:\/\/www.manaus.am.gov.br\/manauscult\/wp-json\/wp\/v2\/posts"}],"about":[{"href":"https:\/\/www.manaus.am.gov.br\/manauscult\/wp-json\/wp\/v2\/types\/post"}],"author":[{"embeddable":true,"href":"https:\/\/www.manaus.am.gov.br\/manauscult\/wp-json\/wp\/v2\/users\/24"}],"replies":[{"embeddable":true,"href":"https:\/\/www.manaus.am.gov.br\/manauscult\/wp-json\/wp\/v2\/comments?post=852"}],"version-history":[{"count":0,"href":"https:\/\/www.manaus.am.gov.br\/manauscult\/wp-json\/wp\/v2\/posts\/852\/revisions"}],"wp:featuredmedia":[{"embeddable":true,"href":"https:\/\/www.manaus.am.gov.br\/manauscult\/wp-json\/wp\/v2\/media\/853"}],"wp:attachment":[{"href":"https:\/\/www.manaus.am.gov.br\/manauscult\/wp-json\/wp\/v2\/media?parent=852"}],"wp:term":[{"taxonomy":"category","embeddable":true,"href":"https:\/\/www.manaus.am.gov.br\/manauscult\/wp-json\/wp\/v2\/categories?post=852"},{"taxonomy":"post_tag","embeddable":true,"href":"https:\/\/www.manaus.am.gov.br\/manauscult\/wp-json\/wp\/v2\/tags?post=852"}],"curies":[{"name":"wp","href":"https:\/\/api.w.org\/{rel}","templated":true}]}}