{"id":848,"date":"2023-06-21T19:47:51","date_gmt":"2023-06-21T23:47:51","guid":{"rendered":"https:\/\/www.manaus.am.gov.br\/manauscult\/festivais-folcloricos-nos-bairros-com-o-apoio-da-prefeitura-de-manaus-iniciam-nesta-sexta-feira-23-6\/"},"modified":"2023-06-21T19:51:31","modified_gmt":"2023-06-21T23:51:31","slug":"festivais-folcloricos-nos-bairros-com-o-apoio-da-prefeitura-de-manaus-iniciam-nesta-sexta-feira-23-6","status":"publish","type":"post","link":"https:\/\/www.manaus.am.gov.br\/manauscult\/festivais-folcloricos-nos-bairros-com-o-apoio-da-prefeitura-de-manaus-iniciam-nesta-sexta-feira-23-6\/","title":{"rendered":"<strong>Festivais\u00a0folcl\u00f3ricos\u00a0nos\u00a0bairros\u00a0com o apoio da Prefeitura de Manaus\u00a0iniciam nesta sexta-feira, 23\/6<\/strong>"},"content":{"rendered":"\n<p>Abrindo oficialmente a temporada dos festivais folcl\u00f3ricos dos bairros de Manaus, a zona Sul dar\u00e1 in\u00edcio \u00e0 programa\u00e7\u00e3o com o 8\u00b0 Arraial da Comunidade do bairro Pra\u00e7a 14. Este ano, de junho at\u00e9 agosto, ser\u00e3o realizados 31 festivais folcl\u00f3ricos nos bairros, com apoio da Prefeitura de Manaus, por meio da Funda\u00e7\u00e3o Municipal de Cultura, Turismo e Eventos (Manauscult).<\/p>\n\n\n\n<p>Os arraiais, quermesses e festivais folcl\u00f3ricos foram contemplados pelo edital n\u00ba 005\/2023 que destina apoio estrutural aos eventos. Pela chamada p\u00fablica, at\u00e9 60 eventos folcl\u00f3ricos poderiam ser contemplados. Nesta edi\u00e7\u00e3o, 40 propostas foram inscritas e analisadas pela comiss\u00e3o e 31 foram habilitadas. Os eventos dever\u00e3o acontecer entre 23\/6 e 25\/8 de 2023, em todas as zonas da cidade.<\/p>\n\n\n\n<p>Na sexta-feira, dia 23, das 18h \u00e0 0h, o bairro da Pra\u00e7a 14 d\u00e1 a largada aos festejos juninos, com o 8\u00ba Arraial da Comunidade, na rua Nhamund\u00e1, com tr\u00eas dias de festejos. A programa\u00e7\u00e3o segue at\u00e9 domingo, dia 25\/6.<\/p>\n\n\n\n<p>O diretor-presidente da Manauscult, Osvaldo Cardoso, destaca que o retorno dos festivais folcl\u00f3ricos dos bairros, suspensos desde 2019, atende uma determina\u00e7\u00e3o do prefeito David Almeida, e refor\u00e7a que todos receber\u00e3o apoio com servi\u00e7os de sonoriza\u00e7\u00e3o, ilumina\u00e7\u00e3o, palco e banheiros qu\u00edmicos, para que possam realizar um bel\u00edssimo evento.<\/p>\n\n\n\n<p>\u201cA pedido do prefeito David Almeida, ajustamos as contas da Manauscult, para que pud\u00e9ssemos voltar com o apoio aos festivais de bairros. Isso \u00e9 um marco importante. Nossa expectativa \u00e9 de que os moradores, as associa\u00e7\u00f5es, os organizadores de modo geral, possam realizar um grande festival. O mais interessante desse apoio \u00e9 que, al\u00e9m dele ser feito de forma democr\u00e1tica, todas as zonas ser\u00e3o atendidas, contribuindo para mantermos esta tradi\u00e7\u00e3o, que vem desde os anos 60, nas comunidades da cidade\u201d, ressaltou.<\/p>\n\n\n\n<p><strong>Programa\u00e7\u00e3o &#8211; Festivais Folcl\u00f3ricos nos Bairros<\/strong><\/p>\n\n\n\n<p>23 de junho a 25 de agosto<\/p>\n\n\n\n<p>\u200b8\u00aa ARRAIAL DA COMUNIDADE DO BAIRRO PRA\u00c7A 14 &#8211; RUA NHAMUND\u00c1, N 1.348, NO TRECHO DUQUE DE CAXIAS E BECO DO LEITE &#8211; PRA\u00c7A 14 &#8211; 23, 24 E 25\/6 &#8211; 18H \u00c0 0H<\/p>\n\n\n\n<p>25\u00b0 ARRAIAL DA FURTADO &#8211; RUA RAUL ANTONY, N 33 \u2013 PETROP\u00d3LIS &#8211; 14, 15 E 16\/7 &#8211; 19H \u00c0 0H<\/p>\n\n\n\n<p>29\u00b0 FESTIVAL FOLCL\u00d3RICO DO BAIRRO DA REDEN\u00c7\u00c3O &#8211; 21, 22, 23, 28, 29 E 30\/7 &#8211; 18H \u00c0 0H<\/p>\n\n\n\n<p>6\u00ba FESTIVAL CULTURAL DA CDD &#8211; RUA S\u00c3O F\u00c9LIX, 105 &#8211; CIDADE DE DEUS &#8211; PRA\u00c7A NA RUA SANTOS &#8211; 7, 8 E 9\/7 &#8211; 19H \u00c0 0H<\/p>\n\n\n\n<p>7\u00ba FESTIVAL FOLCL\u00d3RICO DA RUA GIRASSOL &#8211; RUA GIRASSOL, S\/N &#8211; TANCREDO NEVES &#8211; 21, 22 E 23\/7 &#8211; 16H \u00c0 0H<\/p>\n\n\n\n<p>FESTIVAL FOLCL\u00d3RICO DA BET\u00c2NIA &#8211; NA RUA 5 DE FEVEREIRO, ENTRE A ADALBERTO VALE E RUA COMANDANTE FERRAZ \u2013 BET\u00c2NIA &#8211; 7, 8 E 9\/7 &#8211; 18H \u00c0 0H<\/p>\n\n\n\n<p>FESTIVAL FOLCL\u00d3RICO DA CACHOEIRINHA &#8211; RUA AJURICABA, ENTRE A AV. BORBA E PROSAMIM &#8211; 28, 29 E 30\/7 &#8211; 19H \u00c0 0H<\/p>\n\n\n\n<p>35\u00ba ARRAIAL DA PAZ &#8211; RUA JOS\u00c9 DE MACEDO, ESQUINA COM A RUA FRANCISCO MELO \u2013 JAPIINL\u00c2NDIA \u2013 29 E 30\/7 &#8211; 17H \u00c0 1H<\/p>\n\n\n\n<p>11\u00aa QUERMESSE JULINA DE SANTA CATARINA &#8211; FINAL DA RUA VALE DO SOL, N 52-A, L\u00cdRIO DO VALE I &#8211; 14, 15 E 16\/7 &#8211; 15H \u00c0 0H<\/p>\n\n\n\n<p>10\u00aa FESTIVAL FOLCL\u00d3RICO DA CANA\u00c3 &#8211; RUA CANA\u00c3 COM A TUDY MOUTINHO &#8211; BAIRRO NOVO ISRAEL &#8211; 7, 8 E 9\/7 &#8211; 17H \u00c0 0H<\/p>\n\n\n\n<p>12\u00b0 CIRCUITO DE FESTIVAL FOLCL\u00d3RICO DO MORRO DA LIBERDADE &#8211; ALAMEDA S\u00c3O BENEDITO NA PRA\u00c7A DO CAJUAL NO MORRO DA LIBERDADE &#8211; 7, 8, 9, 14, 15 E 16\/7 &#8211; 18H \u00c0 0H<\/p>\n\n\n\n<p>10\u00aa ARRAIAL DA FAM\u00cdLIA AS CABRITAS NA RO\u00c7A &#8211; RUA ARTUR VIRG\u00cdLIO &#8211; VILA DA PRATA &#8211; 14, 15 E 16\/7 &#8211; 17H \u00c0 0H<\/p>\n\n\n\n<p>5\u00ba ARRAIAL DA RUA 2B &#8211; RUA 2B, QD B, N 35 &#8211; NOVO ALEIXO &#8211; 28, 29 E 30\/7 &#8211; 18H \u00c0 0H<\/p>\n\n\n\n<p>FESTIVAL FOLCL\u00d3RICO DO SAPECA &#8211; RUA CAN\u00c1RIO, N 77, COM SANTA HELENA &#8211; CIDADE DE DEUS &#8211; 28, 29 E 30\/7 &#8211; 17H \u00c0 0H<\/p>\n\n\n\n<p>DAN\u00c7A NORDESTINA CANGACEIROS DE LAMPI\u00c3O &#8211; AV. ARICA, PRA\u00c7A ORLANDO PIMENTEL, &#8211; MAUAZINHO &#8211; 28, 29 E 30\/7 &#8211; 4, 5 E 6\/8 &#8211; 18H \u00c0 0H<\/p>\n\n\n\n<p>EVENTO CULTURAL ARRAIAL VIDA ALEGRE &#8211; RUA ARY BRAND\u00c3O DE OLIVEIRA, N 68 &#8211; VILA DA PRATA &#8211; 5\/8\/2023 &#8211; 17H \u00c0S 23H30<\/p>\n\n\n\n<p>FESTIVAL FOLCL\u00d3RICO DA FAM\u00cdLIA 21 &#8211; RUA 235 &#8211; N\u00daCLEO 21 &#8211; CIDADE NOVA &#8211; 11, 12, 13\/8 &#8211; 18H \u00c0 0H<\/p>\n\n\n\n<p>25\u00ba ARRAIAL DO S\u00c3O JO\u00c3O BATISTA &#8211; RUA JACARAND\u00c1, N 13 &#8211; JORGE TEIXEIRA &#8211; IGREJA S\u00c3O JO\u00c3O BATISTA &#8211; 23, 24 E 25\/8 &#8211; 16H \u00c0 0H<\/p>\n\n\n\n<p>FESTIVAL FOLCL\u00d3RICO DO ALFRED\u00c3O &#8211; AV. MARCOS CAVALCANTE, 32 &#8211; BAIRRO ALFREDO NASCIMENTO &#8211; 4, 5 E 6\/8 &#8211; 17H \u00c0 0H<\/p>\n\n\n\n<p>5\u00ba ARRAIAL FESTAN\u00c7A NA PRA\u00c7A &#8211; RUA PIABA, N 33, BAIRRO JORGE TEIXEIRA 3 &#8211; 4, 5 E 6\/8 &#8211; 19H \u00c0 0H<\/p>\n\n\n\n<p>FESTIVAL FOLCL\u00d3RICO DA RUA CHAVES RIBEIRO &#8211; ENTRE A KAKO KAMINHA E A PICO DAS \u00c1GUAS &#8211; BAIRRO S\u00c3O GERALDO &#8211; 28, 29 E 30\/7 &#8211; 4, 5 E 6\/8 &#8211; 18H \u00c0S 3H<\/p>\n\n\n\n<p>ARRAIAL DA ASSOCIA\u00c7\u00c3O DE AMIGOS DO S\u00c3O JOS\u00c9 DOS CAMPOS &#8211; RUA CANAMARI, N 75, S\u00c3O JOS\u00c9 DOS CAMPOS &#8211; 11, 12 E 13\/8 &#8211; 16H \u00c0 0H<\/p>\n\n\n\n<p>L\u00cdRIO DO VALE I &#8211; DEM\u00c9TRIO SANTOS SEVALHO &#8211; RUA VIT\u00d3RIA DA CONQUISTA, S\/N, &#8211; CEP 69037-740 &#8211; L\u00cdRIO DO VALE I &#8211; 4,5 E 6\/8 &#8211; 18H \u00c0 0H<\/p>\n\n\n\n<p>17\u00ba FESTIVAL FOLCL\u00d3RICO E ANIVERS\u00c1RIO DO BAIRRO CIDADE DE DEUS &#8211; RUA NOVA LONDRINA &#8211; BAIRRO CIDADE DE DEUS &#8211; 1, 2 E 3\/7 &#8211; 14H \u00c0 0H<\/p>\n\n\n\n<p>ARRAIAL DO RIACHO DOCE III &#8211; RUA PROFESSORA ROSINEIDE GUADALUPE &#8211; RIACHO DOCE III &#8211; 6, 7 E 8\/7 &#8211; 19H \u00c0 0H<\/p>\n\n\n\n<p>ARRAIAL S\u00c3O LUCAS &#8211; VALCILENE MARTINS DA MOTTA &#8211; RUA SENADOR DANIEL KLIEGER &#8211; BAIRRO COL\u00d4NIA SANTO ANT\u00d4NIO &#8211; 7,8 E 9\/7 &#8211; 17H \u00c0 0H<\/p>\n\n\n\n<p>7\u00ba ARRAIAL AMIGOS DO S\u00c3O JOS\u00c9 &#8211; RUA PENETRA\u00c7\u00c3O S\/N &#8211; 4, 5 E 6\/8 &#8211; 16H \u00c0 0H<\/p>\n\n\n\n<p>7\u00ba ARRAIAL DOS AMIGOS DA CIDADE DE DEUS &#8211; RUA NOSSA SENHORA DA CONCEI\u00c7\u00c3O &#8211; BAIRRO CIDADE DE DEUS &#8211; 4, 5 E 6\/8 &#8211; 19H \u00c0 0H<\/p>\n\n\n\n<p>MAIOR FESTA FOLCL\u00d3RICA DO BAIRRO DE PETR\u00d3POLIS &#8211; RUA ARISTIDES ROCHA\u200b,\u200b N 52 &#8211; 4, 5 E 6\/8 &#8211; 19H \u00c0 0H<\/p>\n\n\n\n<p>6\u00ba FESTIVAL FOLCL\u00d3RICO DOS AMIGOS DA RUA 06 &#8211; RUA DONA HYLMA THURY\u200b,\u200b N 30 &#8211; ALVORADA 1 &#8211; 4, 5 E 6\/8 &#8211; 18H \u00c0 0H<\/p>\n\n\n\n<p>4\u00aa EDI\u00c7\u00c3O FESTIVAL DA CULTURA POPULAR &#8211; COMPLEXO VI\u00c1RIO PROFESSORA ISABEL VICTORIA, MANOA &#8211; 1, 2, 3, 4, 5 E 6\/8 &#8211; 18H \u00c0 0H<\/p>\n\n\n\n<p>&#8212; &#8212; &#8212;<\/p>\n\n\n\n<p><strong>Texto e foto \u2013 <\/strong>Divulga\u00e7\u00e3o \/ Manauscult<\/p>\n","protected":false},"excerpt":{"rendered":"","protected":false},"author":39,"featured_media":849,"comment_status":"closed","ping_status":"closed","sticky":false,"template":"","format":"standard","meta":{"footnotes":""},"categories":[12],"tags":[206,207,208,9,11],"acf":[],"yoast_head":"<!-- This site is optimized with the Yoast SEO plugin v23.0 - https:\/\/yoast.com\/wordpress\/plugins\/seo\/ -->\n<title>Festivais folcl\u00f3ricos nos bairros com o apoio da Prefeitura de Manaus iniciam nesta sexta-feira, 23\/6<\/title>\n<meta name=\"description\" content=\"Este ano, de junho at\u00e9 agosto, ser\u00e3o realizados 31 festivais folcl\u00f3ricos nos bairros, com apoio da Prefeitura de Manaus, por meio da Funda\u00e7\u00e3o Municipal de Cultura, Turismo e Eventos (Manauscult).\" \/>\n<meta name=\"robots\" content=\"noindex, follow\" \/>\n<meta property=\"og:locale\" content=\"pt_BR\" \/>\n<meta property=\"og:type\" content=\"article\" \/>\n<meta property=\"og:title\" content=\"Festivais folcl\u00f3ricos nos bairros com o apoio da Prefeitura de Manaus iniciam nesta sexta-feira, 23\/6\" \/>\n<meta property=\"og:description\" content=\"Este ano, de junho at\u00e9 agosto, ser\u00e3o realizados 31 festivais folcl\u00f3ricos nos bairros, com apoio da Prefeitura de Manaus, por meio da Funda\u00e7\u00e3o Municipal de Cultura, Turismo e Eventos (Manauscult).\" \/>\n<meta property=\"og:url\" content=\"https:\/\/www.manaus.am.gov.br\/manauscult\/festivais-folcloricos-nos-bairros-com-o-apoio-da-prefeitura-de-manaus-iniciam-nesta-sexta-feira-23-6\/\" \/>\n<meta property=\"og:site_name\" content=\"MANAUSCULT\" \/>\n<meta property=\"article:published_time\" content=\"2023-06-21T23:47:51+00:00\" \/>\n<meta property=\"article:modified_time\" content=\"2023-06-21T23:51:31+00:00\" \/>\n<meta property=\"og:image\" content=\"https:\/\/www.manaus.am.gov.br\/manauscult\/wp-content\/uploads\/sites\/11\/2023\/06\/Festival-Folclorico-dos-Bairros-2.jpeg\" \/>\n\t<meta property=\"og:image:width\" content=\"1600\" \/>\n\t<meta property=\"og:image:height\" content=\"1060\" \/>\n\t<meta property=\"og:image:type\" content=\"image\/jpeg\" \/>\n<meta name=\"author\" content=\"Bruna Greco\" \/>\n<meta name=\"twitter:card\" content=\"summary_large_image\" \/>\n<meta name=\"twitter:label1\" content=\"Written by\" \/>\n\t<meta name=\"twitter:data1\" content=\"Bruna Greco\" \/>\n\t<meta name=\"twitter:label2\" content=\"Est. reading time\" \/>\n\t<meta name=\"twitter:data2\" content=\"6 minutos\" \/>\n<script type=\"application\/ld+json\" class=\"yoast-schema-graph\">{\"@context\":\"https:\/\/schema.org\",\"@graph\":[{\"@type\":\"WebPage\",\"@id\":\"https:\/\/www.manaus.am.gov.br\/manauscult\/festivais-folcloricos-nos-bairros-com-o-apoio-da-prefeitura-de-manaus-iniciam-nesta-sexta-feira-23-6\/\",\"url\":\"https:\/\/www.manaus.am.gov.br\/manauscult\/festivais-folcloricos-nos-bairros-com-o-apoio-da-prefeitura-de-manaus-iniciam-nesta-sexta-feira-23-6\/\",\"name\":\"Festivais folcl\u00f3ricos nos bairros com o apoio da Prefeitura de Manaus iniciam nesta sexta-feira, 23\/6\",\"isPartOf\":{\"@id\":\"https:\/\/www.manaus.am.gov.br\/manauscult\/#website\"},\"primaryImageOfPage\":{\"@id\":\"https:\/\/www.manaus.am.gov.br\/manauscult\/festivais-folcloricos-nos-bairros-com-o-apoio-da-prefeitura-de-manaus-iniciam-nesta-sexta-feira-23-6\/#primaryimage\"},\"image\":{\"@id\":\"https:\/\/www.manaus.am.gov.br\/manauscult\/festivais-folcloricos-nos-bairros-com-o-apoio-da-prefeitura-de-manaus-iniciam-nesta-sexta-feira-23-6\/#primaryimage\"},\"thumbnailUrl\":\"https:\/\/www.manaus.am.gov.br\/manauscult\/wp-content\/uploads\/sites\/11\/2023\/06\/Festival-Folclorico-dos-Bairros-2.jpeg\",\"datePublished\":\"2023-06-21T23:47:51+00:00\",\"dateModified\":\"2023-06-21T23:51:31+00:00\",\"author\":{\"@id\":\"https:\/\/www.manaus.am.gov.br\/manauscult\/#\/schema\/person\/05d223aea2bf115f9883a6ff3683d81b\"},\"description\":\"Este ano, de junho at\u00e9 agosto, ser\u00e3o realizados 31 festivais folcl\u00f3ricos nos bairros, com apoio da Prefeitura de Manaus, por meio da Funda\u00e7\u00e3o Municipal de Cultura, Turismo e Eventos (Manauscult).\",\"breadcrumb\":{\"@id\":\"https:\/\/www.manaus.am.gov.br\/manauscult\/festivais-folcloricos-nos-bairros-com-o-apoio-da-prefeitura-de-manaus-iniciam-nesta-sexta-feira-23-6\/#breadcrumb\"},\"inLanguage\":\"pt-BR\",\"potentialAction\":[{\"@type\":\"ReadAction\",\"target\":[\"https:\/\/www.manaus.am.gov.br\/manauscult\/festivais-folcloricos-nos-bairros-com-o-apoio-da-prefeitura-de-manaus-iniciam-nesta-sexta-feira-23-6\/\"]}]},{\"@type\":\"ImageObject\",\"inLanguage\":\"pt-BR\",\"@id\":\"https:\/\/www.manaus.am.gov.br\/manauscult\/festivais-folcloricos-nos-bairros-com-o-apoio-da-prefeitura-de-manaus-iniciam-nesta-sexta-feira-23-6\/#primaryimage\",\"url\":\"https:\/\/www.manaus.am.gov.br\/manauscult\/wp-content\/uploads\/sites\/11\/2023\/06\/Festival-Folclorico-dos-Bairros-2.jpeg\",\"contentUrl\":\"https:\/\/www.manaus.am.gov.br\/manauscult\/wp-content\/uploads\/sites\/11\/2023\/06\/Festival-Folclorico-dos-Bairros-2.jpeg\",\"width\":1600,\"height\":1060},{\"@type\":\"BreadcrumbList\",\"@id\":\"https:\/\/www.manaus.am.gov.br\/manauscult\/festivais-folcloricos-nos-bairros-com-o-apoio-da-prefeitura-de-manaus-iniciam-nesta-sexta-feira-23-6\/#breadcrumb\",\"itemListElement\":[{\"@type\":\"ListItem\",\"position\":1,\"name\":\"Home\",\"item\":\"https:\/\/www.manaus.am.gov.br\/manauscult\/\"},{\"@type\":\"ListItem\",\"position\":2,\"name\":\"Festivais\u00a0folcl\u00f3ricos\u00a0nos\u00a0bairros\u00a0com o apoio da Prefeitura de Manaus\u00a0iniciam nesta sexta-feira, 23\/6\"}]},{\"@type\":\"WebSite\",\"@id\":\"https:\/\/www.manaus.am.gov.br\/manauscult\/#website\",\"url\":\"https:\/\/www.manaus.am.gov.br\/manauscult\/\",\"name\":\"MANAUSCULT\",\"description\":\"Prefeitura de Manaus\",\"potentialAction\":[{\"@type\":\"SearchAction\",\"target\":{\"@type\":\"EntryPoint\",\"urlTemplate\":\"https:\/\/www.manaus.am.gov.br\/manauscult\/?s={search_term_string}\"},\"query-input\":\"required name=search_term_string\"}],\"inLanguage\":\"pt-BR\"},{\"@type\":\"Person\",\"@id\":\"https:\/\/www.manaus.am.gov.br\/manauscult\/#\/schema\/person\/05d223aea2bf115f9883a6ff3683d81b\",\"name\":\"Bruna Greco\",\"image\":{\"@type\":\"ImageObject\",\"inLanguage\":\"pt-BR\",\"@id\":\"https:\/\/www.manaus.am.gov.br\/manauscult\/#\/schema\/person\/image\/\",\"url\":\"https:\/\/secure.gravatar.com\/avatar\/9c877d1a6adc2a055330e5c09a8653ce?s=96&d=mm&r=g\",\"contentUrl\":\"https:\/\/secure.gravatar.com\/avatar\/9c877d1a6adc2a055330e5c09a8653ce?s=96&d=mm&r=g\",\"caption\":\"Bruna Greco\"}}]}<\/script>\n<!-- \/ Yoast SEO plugin. -->","yoast_head_json":{"title":"Festivais folcl\u00f3ricos nos bairros com o apoio da Prefeitura de Manaus iniciam nesta sexta-feira, 23\/6","description":"Este ano, de junho at\u00e9 agosto, ser\u00e3o realizados 31 festivais folcl\u00f3ricos nos bairros, com apoio da Prefeitura de Manaus, por meio da Funda\u00e7\u00e3o Municipal de Cultura, Turismo e Eventos (Manauscult).","robots":{"index":"noindex","follow":"follow"},"og_locale":"pt_BR","og_type":"article","og_title":"Festivais folcl\u00f3ricos nos bairros com o apoio da Prefeitura de Manaus iniciam nesta sexta-feira, 23\/6","og_description":"Este ano, de junho at\u00e9 agosto, ser\u00e3o realizados 31 festivais folcl\u00f3ricos nos bairros, com apoio da Prefeitura de Manaus, por meio da Funda\u00e7\u00e3o Municipal de Cultura, Turismo e Eventos (Manauscult).","og_url":"https:\/\/www.manaus.am.gov.br\/manauscult\/festivais-folcloricos-nos-bairros-com-o-apoio-da-prefeitura-de-manaus-iniciam-nesta-sexta-feira-23-6\/","og_site_name":"MANAUSCULT","article_published_time":"2023-06-21T23:47:51+00:00","article_modified_time":"2023-06-21T23:51:31+00:00","og_image":[{"width":1600,"height":1060,"url":"https:\/\/www.manaus.am.gov.br\/manauscult\/wp-content\/uploads\/sites\/11\/2023\/06\/Festival-Folclorico-dos-Bairros-2.jpeg","type":"image\/jpeg"}],"author":"Bruna Greco","twitter_card":"summary_large_image","twitter_misc":{"Written by":"Bruna Greco","Est. reading time":"6 minutos"},"schema":{"@context":"https:\/\/schema.org","@graph":[{"@type":"WebPage","@id":"https:\/\/www.manaus.am.gov.br\/manauscult\/festivais-folcloricos-nos-bairros-com-o-apoio-da-prefeitura-de-manaus-iniciam-nesta-sexta-feira-23-6\/","url":"https:\/\/www.manaus.am.gov.br\/manauscult\/festivais-folcloricos-nos-bairros-com-o-apoio-da-prefeitura-de-manaus-iniciam-nesta-sexta-feira-23-6\/","name":"Festivais folcl\u00f3ricos nos bairros com o apoio da Prefeitura de Manaus iniciam nesta sexta-feira, 23\/6","isPartOf":{"@id":"https:\/\/www.manaus.am.gov.br\/manauscult\/#website"},"primaryImageOfPage":{"@id":"https:\/\/www.manaus.am.gov.br\/manauscult\/festivais-folcloricos-nos-bairros-com-o-apoio-da-prefeitura-de-manaus-iniciam-nesta-sexta-feira-23-6\/#primaryimage"},"image":{"@id":"https:\/\/www.manaus.am.gov.br\/manauscult\/festivais-folcloricos-nos-bairros-com-o-apoio-da-prefeitura-de-manaus-iniciam-nesta-sexta-feira-23-6\/#primaryimage"},"thumbnailUrl":"https:\/\/www.manaus.am.gov.br\/manauscult\/wp-content\/uploads\/sites\/11\/2023\/06\/Festival-Folclorico-dos-Bairros-2.jpeg","datePublished":"2023-06-21T23:47:51+00:00","dateModified":"2023-06-21T23:51:31+00:00","author":{"@id":"https:\/\/www.manaus.am.gov.br\/manauscult\/#\/schema\/person\/05d223aea2bf115f9883a6ff3683d81b"},"description":"Este ano, de junho at\u00e9 agosto, ser\u00e3o realizados 31 festivais folcl\u00f3ricos nos bairros, com apoio da Prefeitura de Manaus, por meio da Funda\u00e7\u00e3o Municipal de Cultura, Turismo e Eventos (Manauscult).","breadcrumb":{"@id":"https:\/\/www.manaus.am.gov.br\/manauscult\/festivais-folcloricos-nos-bairros-com-o-apoio-da-prefeitura-de-manaus-iniciam-nesta-sexta-feira-23-6\/#breadcrumb"},"inLanguage":"pt-BR","potentialAction":[{"@type":"ReadAction","target":["https:\/\/www.manaus.am.gov.br\/manauscult\/festivais-folcloricos-nos-bairros-com-o-apoio-da-prefeitura-de-manaus-iniciam-nesta-sexta-feira-23-6\/"]}]},{"@type":"ImageObject","inLanguage":"pt-BR","@id":"https:\/\/www.manaus.am.gov.br\/manauscult\/festivais-folcloricos-nos-bairros-com-o-apoio-da-prefeitura-de-manaus-iniciam-nesta-sexta-feira-23-6\/#primaryimage","url":"https:\/\/www.manaus.am.gov.br\/manauscult\/wp-content\/uploads\/sites\/11\/2023\/06\/Festival-Folclorico-dos-Bairros-2.jpeg","contentUrl":"https:\/\/www.manaus.am.gov.br\/manauscult\/wp-content\/uploads\/sites\/11\/2023\/06\/Festival-Folclorico-dos-Bairros-2.jpeg","width":1600,"height":1060},{"@type":"BreadcrumbList","@id":"https:\/\/www.manaus.am.gov.br\/manauscult\/festivais-folcloricos-nos-bairros-com-o-apoio-da-prefeitura-de-manaus-iniciam-nesta-sexta-feira-23-6\/#breadcrumb","itemListElement":[{"@type":"ListItem","position":1,"name":"Home","item":"https:\/\/www.manaus.am.gov.br\/manauscult\/"},{"@type":"ListItem","position":2,"name":"Festivais\u00a0folcl\u00f3ricos\u00a0nos\u00a0bairros\u00a0com o apoio da Prefeitura de Manaus\u00a0iniciam nesta sexta-feira, 23\/6"}]},{"@type":"WebSite","@id":"https:\/\/www.manaus.am.gov.br\/manauscult\/#website","url":"https:\/\/www.manaus.am.gov.br\/manauscult\/","name":"MANAUSCULT","description":"Prefeitura de Manaus","potentialAction":[{"@type":"SearchAction","target":{"@type":"EntryPoint","urlTemplate":"https:\/\/www.manaus.am.gov.br\/manauscult\/?s={search_term_string}"},"query-input":"required name=search_term_string"}],"inLanguage":"pt-BR"},{"@type":"Person","@id":"https:\/\/www.manaus.am.gov.br\/manauscult\/#\/schema\/person\/05d223aea2bf115f9883a6ff3683d81b","name":"Bruna Greco","image":{"@type":"ImageObject","inLanguage":"pt-BR","@id":"https:\/\/www.manaus.am.gov.br\/manauscult\/#\/schema\/person\/image\/","url":"https:\/\/secure.gravatar.com\/avatar\/9c877d1a6adc2a055330e5c09a8653ce?s=96&d=mm&r=g","contentUrl":"https:\/\/secure.gravatar.com\/avatar\/9c877d1a6adc2a055330e5c09a8653ce?s=96&d=mm&r=g","caption":"Bruna Greco"}}]}},"_links":{"self":[{"href":"https:\/\/www.manaus.am.gov.br\/manauscult\/wp-json\/wp\/v2\/posts\/848"}],"collection":[{"href":"https:\/\/www.manaus.am.gov.br\/manauscult\/wp-json\/wp\/v2\/posts"}],"about":[{"href":"https:\/\/www.manaus.am.gov.br\/manauscult\/wp-json\/wp\/v2\/types\/post"}],"author":[{"embeddable":true,"href":"https:\/\/www.manaus.am.gov.br\/manauscult\/wp-json\/wp\/v2\/users\/39"}],"replies":[{"embeddable":true,"href":"https:\/\/www.manaus.am.gov.br\/manauscult\/wp-json\/wp\/v2\/comments?post=848"}],"version-history":[{"count":1,"href":"https:\/\/www.manaus.am.gov.br\/manauscult\/wp-json\/wp\/v2\/posts\/848\/revisions"}],"predecessor-version":[{"id":851,"href":"https:\/\/www.manaus.am.gov.br\/manauscult\/wp-json\/wp\/v2\/posts\/848\/revisions\/851"}],"wp:featuredmedia":[{"embeddable":true,"href":"https:\/\/www.manaus.am.gov.br\/manauscult\/wp-json\/wp\/v2\/media\/849"}],"wp:attachment":[{"href":"https:\/\/www.manaus.am.gov.br\/manauscult\/wp-json\/wp\/v2\/media?parent=848"}],"wp:term":[{"taxonomy":"category","embeddable":true,"href":"https:\/\/www.manaus.am.gov.br\/manauscult\/wp-json\/wp\/v2\/categories?post=848"},{"taxonomy":"post_tag","embeddable":true,"href":"https:\/\/www.manaus.am.gov.br\/manauscult\/wp-json\/wp\/v2\/tags?post=848"}],"curies":[{"name":"wp","href":"https:\/\/api.w.org\/{rel}","templated":true}]}}