{"id":846,"date":"2023-06-20T19:19:00","date_gmt":"2023-06-20T23:19:00","guid":{"rendered":"https:\/\/www.manaus.am.gov.br\/manauscult\/prefeitura-de-manaus-abre-a-exposicao-duo-de-artes-artistas-da-terra-no-palacio-rio-branco\/"},"modified":"2023-06-20T19:19:01","modified_gmt":"2023-06-20T23:19:01","slug":"prefeitura-de-manaus-abre-a-exposicao-duo-de-artes-artistas-da-terra-no-palacio-rio-branco","status":"publish","type":"post","link":"https:\/\/www.manaus.am.gov.br\/manauscult\/prefeitura-de-manaus-abre-a-exposicao-duo-de-artes-artistas-da-terra-no-palacio-rio-branco\/","title":{"rendered":"<strong>Prefeitura de Manaus abre a exposi\u00e7\u00e3o \u2018Duo de\u00a0Artes: Artistas da Terra\u2019 no Pal\u00e1cio Rio Branco<\/strong>"},"content":{"rendered":"\n<p>A Prefeitura de Manaus, por meio da Funda\u00e7\u00e3o Municipal de Cultura, Turismo e Eventos (Manauscult) e do Conselho Municipal de Cultura (Concultura), abre ao p\u00fablico a exposi\u00e7\u00e3o \u201cDuo de Artes: Artistas da Terra\u201d, com os artistas pl\u00e1sticos Rosely Barros e Jo\u00e3o C\u00e9sar Costa, no per\u00edodo de 21 a 29\/6, no sal\u00e3o t\u00e9rreo do Pal\u00e1cio Rio Branco, localizado na rua 7 de Setembro, s\/n, na pra\u00e7a Dom Pedro II, no centro hist\u00f3rico. Rosely Barros selecionou uma s\u00e9rie de 11 pinturas \u2013 acr\u00edlico sobre tela, intitulada \u201cA Menina e o tempo\u201d.<\/p>\n\n\n\n<p>A exposi\u00e7\u00e3o tem como objetivo primordial incentivar a produ\u00e7\u00e3o art\u00edstica da terra, criando oportunidades, condi\u00e7\u00f5es e espa\u00e7os para que os artistas locais realizem exposi\u00e7\u00f5es de suas obras e obtenham maior visibilidade, intera\u00e7\u00e3o com o p\u00fablico e consequente valoriza\u00e7\u00e3o de suas produ\u00e7\u00f5es.<\/p>\n\n\n\n<p>\u201cNossa gest\u00e3o vem trabalhando para fortalecer a difus\u00e3o cultural em toda a cidade e, principalmente, na descoberta de novos talentos e potencializa\u00e7\u00e3o de carreiras. O Concultura, \u00f3rg\u00e3o consultivo da Manauscult, vem atuando nesse sentido, e o que vemos aqui nessa exposi\u00e7\u00e3o s\u00e3o obras de grande valor, com tra\u00e7os muito peculiares, fundamental para a produ\u00e7\u00e3o art\u00edstica n\u00e3o apenas na capital, mas em todo o interior do Estado\u201d, comentou o diretor-presidente da Manauscult, Osvaldo Cardoso.<\/p>\n\n\n\n<p>O presidente do Concultura, Ten\u00f3rio Telles, destaca que a \u201cDuo de Artes: Artistas da Terra\u201d \u00e9 um gesto simb\u00f3lico de interlocu\u00e7\u00e3o entre os artistas que trabalham no interior e os que produzem na cidade.<\/p>\n\n\n\n<p>&#8220;Esperamos que essa iniciativa contribua para estimular a produ\u00e7\u00e3o art\u00edstica e a promo\u00e7\u00e3o dos criadores que vivem nos munic\u00edpios, e que possam ter seus trabalhos reconhecidos em Manaus. Rosely Barros e Jo\u00e3o C\u00e9sar, oriundos de Manacapuru, s\u00e3o uma evid\u00eancia do poder criativo dos nossos artistas interioranos. Esperamos que esta iniciativa do Conselho de Cultura e Manauscult sirva de est\u00edmulo para esses artistas talentosos e possam seguir em suas carreiras&#8221;, pontuou.<\/p>\n\n\n\n<p>Telles lembra que o espa\u00e7o do sal\u00e3o t\u00e9rreo do Pal\u00e1cio Rio Branco na gest\u00e3o David Almeida se transformou numa galeria que tem abrigado grandes e expressivas exposi\u00e7\u00f5es art\u00edsticas como as mostras de arte ind\u00edgena, vida e obra de Luiz Bacellar e de fotografias.<\/p>\n\n\n\n<p><strong>Tintas e l\u00e1pis<\/strong><\/p>\n\n\n\n<p>A artista Rosely Barros desenvolve suas telas em tecido e com tintas acr\u00edlicas e \u00f3leo. J\u00e1 Jo\u00e3o C\u00e9sar desenvolveu t\u00e9cnicas com grafite e l\u00e1pis de cor.<\/p>\n\n\n\n<p>Odal\u00e9ia Rosely Nascimento Barros \u00e9 natural de Manacapuru\/AM. Ainda na inf\u00e2ncia se encantou pelo desenho e pela pintura, artes nas quais se considera autodidata. Desenvolveu suas t\u00e9cnicas observando as pinturas dos grandes mestres da pintura, o holand\u00eas Rembrandt, e do espanhol Diego Vel\u00e1squez, entre outros artistas do barroco, renascimento e romantismo nos livros que encontrava na biblioteca da Casa da Cultura do munic\u00edpio. Posteriormente, cultivaria uma grande paix\u00e3o por artistas como Pedro Am\u00e9rico, Anita Malfatti, Tarsila do Amaral e Van Gogh, entre outros.<\/p>\n\n\n\n<p>No in\u00edcio de seus experimentos em pintura usava tinta \u00e0 base d\u2019\u00e1gua sobre papel, at\u00e9 ser apresentada \u00e0s telas em tecido e \u00e0s tintas acr\u00edlicas e \u00f3leo. Desenvolveu t\u00e9cnicas com l\u00e1pis de cor, aquarela, giz pastel, acr\u00edlico\/tela e \u00f3leo\/tela. Sua primeira exposi\u00e7\u00e3o aconteceu em 1996, com o tema \u201cCasarios\u201d.<\/p>\n\n\n\n<p>Uma outra paix\u00e3o de sua vida \u00e9 o magist\u00e9rio, of\u00edcio ao qual se dedicou profissionalmente at\u00e9 a aposentadoria, em 2019. A partir desse ano, passou a dispor de um tempo maior para retomar a antiga paix\u00e3o da pintura, que mantivera latente no decurso dos anos. Desde ent\u00e3o, vem produzindo retratos, por diletantismo ou por encomenda, j\u00e1 que a forma humana \u00e9 o seu principal tema.<\/p>\n\n\n\n<p>Para a exposi\u00e7\u00e3o \u201cDuo de Artes: artistas da terra\u201d, Rosely Barros selecionou uma s\u00e9rie de 11 pinturas \u2013 acr\u00edlico sobre tela, intitulada \u201cA Menina e o tempo\u201d. Trata-se de quadros que recriam figuras femininas em diferentes contextos. Em um di\u00e1logo multiartes, as figuras retratadas s\u00e3o apresentadas em poemas escritos por amigos da artista.&nbsp;&nbsp;<\/p>\n\n\n\n<p>O artista visual Jo\u00e3o C\u00e9sar Costa nasceu e cresceu na zona rural de Manacapuru. Quando crian\u00e7a, o desenho era uma de suas brincadeiras preferidas. Ao ingressar na educa\u00e7\u00e3o escolar, desenvolveu ainda mais o gosto por desenhar e colorir os exerc\u00edcios que eram passados, desde os primeiros anos de alfabetiza\u00e7\u00e3o.<\/p>\n\n\n\n<p>No in\u00edcio, a paix\u00e3o pelo desenho e pela pintura esbarrava em alguns obst\u00e1culos, ligados ao ultraconservadorismo dos pais e \u00e0s demandas oriundas das tarefas dom\u00e9sticas a cumprir. Era constantemente repreendido por ser flagrado, em meio \u00e0s \u201catividades importantes\u201d do cotidiano, fazendo desenhos na contracapa dos cadernos, o que a fam\u00edlia encarava como perda de tempo com algo que n\u00e3o era promissor, que n\u00e3o poderia contribuir para uma recompensa no futuro. Apesar desse contexto, Jo\u00e3o C\u00e9sar sempre nutriu uma esperan\u00e7a de provar para si mesmo que a sua arte valeria a pena.<\/p>\n\n\n\n<p>O tempo passou, e Jo\u00e3o C\u00e9sar teve que se mudar para a regi\u00e3o urbana de seu munic\u00edpio, para continuar os estudos e trabalhar. Nesse per\u00edodo, por absoluta falta de tempo, abandonou a arte de desenhar e pintar.&nbsp; No ano de 2018, conheceu, por meio da internet, o desenho realista, estilo que o deixou muito impressionado. Buscou informa\u00e7\u00f5es e fez pesquisas de v\u00eddeos na internet, no intuito de tentar entender como aquela arte era produzida. Tratou de adquirir l\u00e1pis e pap\u00e9is para iniciar as tentativas de arte realista, dedicou-se muito sozinho, fazendo diversas tentativas frustradas de reproduzir algo parecido com um retrato. Com o tempo e as tentativas, foi aprimorando as suas t\u00e9cnicas.<\/p>\n\n\n\n<p>Em 2021, por conta do projeto de Lei Aldir Blanc, Jo\u00e3o C\u00e9sar obteve aprova\u00e7\u00e3o de seu projeto &#8220;Descobrindo o Realismo em forma Cultural&#8221;, por meio do qual realizou uma exposi\u00e7\u00e3o de suas obras, juntamente com outros artistas de pintura, dan\u00e7a e m\u00fasica, obtendo uma boa avalia\u00e7\u00e3o por parte dos cr\u00edticos e espectadores presentes. Ainda em 2021, inscreveu-se tamb\u00e9m no Edital Amazonas Criativo, obtendo a primeira coloca\u00e7\u00e3o na categoria Artes Pl\u00e1sticas, com o \u201cProjeto Semente Art\u00edstica\u201d no qual ofertava oficinas de desenho realista, artes gr\u00e1ficas, fotografia, artes em EVA e pintura em telas.<\/p>\n\n\n\n<p>Jo\u00e3o C\u00e9sar tem algumas outras categorias de arte como hobby, como por exemplo artes pl\u00e1sticas com reciclagem de papel\u00e3o, em que produz r\u00e9plicas de armas, e tamb\u00e9m artes em madeira, como marchetaria e marcenaria, al\u00e9m de trabalhos com aerografia, entre outros. Jo\u00e3o \u00e9 mec\u00e2nico de motos, trabalho pelo qual obt\u00e9m o sustento de sua fam\u00edlia, restando o hor\u00e1rio noturno para a produ\u00e7\u00e3o de 90% de suas obras.<\/p>\n\n\n\n<p>&#8212; &#8212; &#8212;<\/p>\n\n\n\n<p><strong>Texto &#8211;<\/strong> Crist\u00f3v\u00e3o Nonato \/ Manauscult<\/p>\n\n\n\n<p><strong>Fotos <\/strong>\u2013 Cl\u00f3vis Miranda \/ Semcom<\/p>\n\n\n\n<p><strong>Dispon\u00edveis em \u2013 <\/strong><a href=\"https:\/\/flic.kr\/s\/aHBqjAJw1C\">https:\/\/flic.kr\/s\/aHBqjAJw1C<\/a><\/p>\n","protected":false},"excerpt":{"rendered":"","protected":false},"author":39,"featured_media":847,"comment_status":"closed","ping_status":"closed","sticky":false,"template":"","format":"standard","meta":{"footnotes":""},"categories":[12],"tags":[204,45,9,205,11],"acf":[],"yoast_head":"<!-- This site is optimized with the Yoast SEO plugin v23.0 - https:\/\/yoast.com\/wordpress\/plugins\/seo\/ -->\n<title>Prefeitura de Manaus abre a exposi\u00e7\u00e3o \u2018Duo de Artes: Artistas da Terra\u2019 no Pal\u00e1cio Rio Branco<\/title>\n<meta name=\"description\" content=\"A Prefeitura de Manaus, por meio da Funda\u00e7\u00e3o Municipal de Cultura, Turismo e Eventos (Manauscult) e do Conselho Municipal de Cultura (Concultura), abre ao p\u00fablico a exposi\u00e7\u00e3o \u201cDuo de Artes: Artistas da Terra\u201d, com os artistas pl\u00e1sticos Rosely Barros e Jo\u00e3o C\u00e9sar Costa, no per\u00edodo de 21 a 29\/6, no sal\u00e3o t\u00e9rreo do Pal\u00e1cio Rio Branco, localizado na rua 7 de Setembro, s\/n, na pra\u00e7a Dom Pedro II, no centro hist\u00f3rico.\" \/>\n<meta name=\"robots\" content=\"noindex, follow\" \/>\n<meta property=\"og:locale\" content=\"pt_BR\" \/>\n<meta property=\"og:type\" content=\"article\" \/>\n<meta property=\"og:title\" content=\"Prefeitura de Manaus abre a exposi\u00e7\u00e3o \u2018Duo de Artes: Artistas da Terra\u2019 no Pal\u00e1cio Rio Branco\" \/>\n<meta property=\"og:description\" content=\"A Prefeitura de Manaus, por meio da Funda\u00e7\u00e3o Municipal de Cultura, Turismo e Eventos (Manauscult) e do Conselho Municipal de Cultura (Concultura), abre ao p\u00fablico a exposi\u00e7\u00e3o \u201cDuo de Artes: Artistas da Terra\u201d, com os artistas pl\u00e1sticos Rosely Barros e Jo\u00e3o C\u00e9sar Costa, no per\u00edodo de 21 a 29\/6, no sal\u00e3o t\u00e9rreo do Pal\u00e1cio Rio Branco, localizado na rua 7 de Setembro, s\/n, na pra\u00e7a Dom Pedro II, no centro hist\u00f3rico.\" \/>\n<meta property=\"og:url\" content=\"https:\/\/www.manaus.am.gov.br\/manauscult\/prefeitura-de-manaus-abre-a-exposicao-duo-de-artes-artistas-da-terra-no-palacio-rio-branco\/\" \/>\n<meta property=\"og:site_name\" content=\"MANAUSCULT\" \/>\n<meta property=\"article:published_time\" content=\"2023-06-20T23:19:00+00:00\" \/>\n<meta property=\"article:modified_time\" content=\"2023-06-20T23:19:01+00:00\" \/>\n<meta property=\"og:image\" content=\"https:\/\/www.manaus.am.gov.br\/manauscult\/wp-content\/uploads\/sites\/11\/2023\/06\/52990114910_ecbed78163_k.jpg\" \/>\n\t<meta property=\"og:image:width\" content=\"2048\" \/>\n\t<meta property=\"og:image:height\" content=\"1365\" \/>\n\t<meta property=\"og:image:type\" content=\"image\/jpeg\" \/>\n<meta name=\"author\" content=\"Bruna Greco\" \/>\n<meta name=\"twitter:card\" content=\"summary_large_image\" \/>\n<meta name=\"twitter:label1\" content=\"Written by\" \/>\n\t<meta name=\"twitter:data1\" content=\"Bruna Greco\" \/>\n\t<meta name=\"twitter:label2\" content=\"Est. reading time\" \/>\n\t<meta name=\"twitter:data2\" content=\"6 minutos\" \/>\n<script type=\"application\/ld+json\" class=\"yoast-schema-graph\">{\"@context\":\"https:\/\/schema.org\",\"@graph\":[{\"@type\":\"WebPage\",\"@id\":\"https:\/\/www.manaus.am.gov.br\/manauscult\/prefeitura-de-manaus-abre-a-exposicao-duo-de-artes-artistas-da-terra-no-palacio-rio-branco\/\",\"url\":\"https:\/\/www.manaus.am.gov.br\/manauscult\/prefeitura-de-manaus-abre-a-exposicao-duo-de-artes-artistas-da-terra-no-palacio-rio-branco\/\",\"name\":\"Prefeitura de Manaus abre a exposi\u00e7\u00e3o \u2018Duo de Artes: Artistas da Terra\u2019 no Pal\u00e1cio Rio Branco\",\"isPartOf\":{\"@id\":\"https:\/\/www.manaus.am.gov.br\/manauscult\/#website\"},\"primaryImageOfPage\":{\"@id\":\"https:\/\/www.manaus.am.gov.br\/manauscult\/prefeitura-de-manaus-abre-a-exposicao-duo-de-artes-artistas-da-terra-no-palacio-rio-branco\/#primaryimage\"},\"image\":{\"@id\":\"https:\/\/www.manaus.am.gov.br\/manauscult\/prefeitura-de-manaus-abre-a-exposicao-duo-de-artes-artistas-da-terra-no-palacio-rio-branco\/#primaryimage\"},\"thumbnailUrl\":\"https:\/\/www.manaus.am.gov.br\/manauscult\/wp-content\/uploads\/sites\/11\/2023\/06\/52990114910_ecbed78163_k.jpg\",\"datePublished\":\"2023-06-20T23:19:00+00:00\",\"dateModified\":\"2023-06-20T23:19:01+00:00\",\"author\":{\"@id\":\"https:\/\/www.manaus.am.gov.br\/manauscult\/#\/schema\/person\/05d223aea2bf115f9883a6ff3683d81b\"},\"description\":\"A Prefeitura de Manaus, por meio da Funda\u00e7\u00e3o Municipal de Cultura, Turismo e Eventos (Manauscult) e do Conselho Municipal de Cultura (Concultura), abre ao p\u00fablico a exposi\u00e7\u00e3o \u201cDuo de Artes: Artistas da Terra\u201d, com os artistas pl\u00e1sticos Rosely Barros e Jo\u00e3o C\u00e9sar Costa, no per\u00edodo de 21 a 29\/6, no sal\u00e3o t\u00e9rreo do Pal\u00e1cio Rio Branco, localizado na rua 7 de Setembro, s\/n, na pra\u00e7a Dom Pedro II, no centro hist\u00f3rico.\",\"breadcrumb\":{\"@id\":\"https:\/\/www.manaus.am.gov.br\/manauscult\/prefeitura-de-manaus-abre-a-exposicao-duo-de-artes-artistas-da-terra-no-palacio-rio-branco\/#breadcrumb\"},\"inLanguage\":\"pt-BR\",\"potentialAction\":[{\"@type\":\"ReadAction\",\"target\":[\"https:\/\/www.manaus.am.gov.br\/manauscult\/prefeitura-de-manaus-abre-a-exposicao-duo-de-artes-artistas-da-terra-no-palacio-rio-branco\/\"]}]},{\"@type\":\"ImageObject\",\"inLanguage\":\"pt-BR\",\"@id\":\"https:\/\/www.manaus.am.gov.br\/manauscult\/prefeitura-de-manaus-abre-a-exposicao-duo-de-artes-artistas-da-terra-no-palacio-rio-branco\/#primaryimage\",\"url\":\"https:\/\/www.manaus.am.gov.br\/manauscult\/wp-content\/uploads\/sites\/11\/2023\/06\/52990114910_ecbed78163_k.jpg\",\"contentUrl\":\"https:\/\/www.manaus.am.gov.br\/manauscult\/wp-content\/uploads\/sites\/11\/2023\/06\/52990114910_ecbed78163_k.jpg\",\"width\":2048,\"height\":1365},{\"@type\":\"BreadcrumbList\",\"@id\":\"https:\/\/www.manaus.am.gov.br\/manauscult\/prefeitura-de-manaus-abre-a-exposicao-duo-de-artes-artistas-da-terra-no-palacio-rio-branco\/#breadcrumb\",\"itemListElement\":[{\"@type\":\"ListItem\",\"position\":1,\"name\":\"Home\",\"item\":\"https:\/\/www.manaus.am.gov.br\/manauscult\/\"},{\"@type\":\"ListItem\",\"position\":2,\"name\":\"Prefeitura de Manaus abre a exposi\u00e7\u00e3o \u2018Duo de\u00a0Artes: Artistas da Terra\u2019 no Pal\u00e1cio Rio Branco\"}]},{\"@type\":\"WebSite\",\"@id\":\"https:\/\/www.manaus.am.gov.br\/manauscult\/#website\",\"url\":\"https:\/\/www.manaus.am.gov.br\/manauscult\/\",\"name\":\"MANAUSCULT\",\"description\":\"Prefeitura de Manaus\",\"potentialAction\":[{\"@type\":\"SearchAction\",\"target\":{\"@type\":\"EntryPoint\",\"urlTemplate\":\"https:\/\/www.manaus.am.gov.br\/manauscult\/?s={search_term_string}\"},\"query-input\":\"required name=search_term_string\"}],\"inLanguage\":\"pt-BR\"},{\"@type\":\"Person\",\"@id\":\"https:\/\/www.manaus.am.gov.br\/manauscult\/#\/schema\/person\/05d223aea2bf115f9883a6ff3683d81b\",\"name\":\"Bruna Greco\",\"image\":{\"@type\":\"ImageObject\",\"inLanguage\":\"pt-BR\",\"@id\":\"https:\/\/www.manaus.am.gov.br\/manauscult\/#\/schema\/person\/image\/\",\"url\":\"https:\/\/secure.gravatar.com\/avatar\/9c877d1a6adc2a055330e5c09a8653ce?s=96&d=mm&r=g\",\"contentUrl\":\"https:\/\/secure.gravatar.com\/avatar\/9c877d1a6adc2a055330e5c09a8653ce?s=96&d=mm&r=g\",\"caption\":\"Bruna Greco\"}}]}<\/script>\n<!-- \/ Yoast SEO plugin. -->","yoast_head_json":{"title":"Prefeitura de Manaus abre a exposi\u00e7\u00e3o \u2018Duo de Artes: Artistas da Terra\u2019 no Pal\u00e1cio Rio Branco","description":"A Prefeitura de Manaus, por meio da Funda\u00e7\u00e3o Municipal de Cultura, Turismo e Eventos (Manauscult) e do Conselho Municipal de Cultura (Concultura), abre ao p\u00fablico a exposi\u00e7\u00e3o \u201cDuo de Artes: Artistas da Terra\u201d, com os artistas pl\u00e1sticos Rosely Barros e Jo\u00e3o C\u00e9sar Costa, no per\u00edodo de 21 a 29\/6, no sal\u00e3o t\u00e9rreo do Pal\u00e1cio Rio Branco, localizado na rua 7 de Setembro, s\/n, na pra\u00e7a Dom Pedro II, no centro hist\u00f3rico.","robots":{"index":"noindex","follow":"follow"},"og_locale":"pt_BR","og_type":"article","og_title":"Prefeitura de Manaus abre a exposi\u00e7\u00e3o \u2018Duo de Artes: Artistas da Terra\u2019 no Pal\u00e1cio Rio Branco","og_description":"A Prefeitura de Manaus, por meio da Funda\u00e7\u00e3o Municipal de Cultura, Turismo e Eventos (Manauscult) e do Conselho Municipal de Cultura (Concultura), abre ao p\u00fablico a exposi\u00e7\u00e3o \u201cDuo de Artes: Artistas da Terra\u201d, com os artistas pl\u00e1sticos Rosely Barros e Jo\u00e3o C\u00e9sar Costa, no per\u00edodo de 21 a 29\/6, no sal\u00e3o t\u00e9rreo do Pal\u00e1cio Rio Branco, localizado na rua 7 de Setembro, s\/n, na pra\u00e7a Dom Pedro II, no centro hist\u00f3rico.","og_url":"https:\/\/www.manaus.am.gov.br\/manauscult\/prefeitura-de-manaus-abre-a-exposicao-duo-de-artes-artistas-da-terra-no-palacio-rio-branco\/","og_site_name":"MANAUSCULT","article_published_time":"2023-06-20T23:19:00+00:00","article_modified_time":"2023-06-20T23:19:01+00:00","og_image":[{"width":2048,"height":1365,"url":"https:\/\/www.manaus.am.gov.br\/manauscult\/wp-content\/uploads\/sites\/11\/2023\/06\/52990114910_ecbed78163_k.jpg","type":"image\/jpeg"}],"author":"Bruna Greco","twitter_card":"summary_large_image","twitter_misc":{"Written by":"Bruna Greco","Est. reading time":"6 minutos"},"schema":{"@context":"https:\/\/schema.org","@graph":[{"@type":"WebPage","@id":"https:\/\/www.manaus.am.gov.br\/manauscult\/prefeitura-de-manaus-abre-a-exposicao-duo-de-artes-artistas-da-terra-no-palacio-rio-branco\/","url":"https:\/\/www.manaus.am.gov.br\/manauscult\/prefeitura-de-manaus-abre-a-exposicao-duo-de-artes-artistas-da-terra-no-palacio-rio-branco\/","name":"Prefeitura de Manaus abre a exposi\u00e7\u00e3o \u2018Duo de Artes: Artistas da Terra\u2019 no Pal\u00e1cio Rio Branco","isPartOf":{"@id":"https:\/\/www.manaus.am.gov.br\/manauscult\/#website"},"primaryImageOfPage":{"@id":"https:\/\/www.manaus.am.gov.br\/manauscult\/prefeitura-de-manaus-abre-a-exposicao-duo-de-artes-artistas-da-terra-no-palacio-rio-branco\/#primaryimage"},"image":{"@id":"https:\/\/www.manaus.am.gov.br\/manauscult\/prefeitura-de-manaus-abre-a-exposicao-duo-de-artes-artistas-da-terra-no-palacio-rio-branco\/#primaryimage"},"thumbnailUrl":"https:\/\/www.manaus.am.gov.br\/manauscult\/wp-content\/uploads\/sites\/11\/2023\/06\/52990114910_ecbed78163_k.jpg","datePublished":"2023-06-20T23:19:00+00:00","dateModified":"2023-06-20T23:19:01+00:00","author":{"@id":"https:\/\/www.manaus.am.gov.br\/manauscult\/#\/schema\/person\/05d223aea2bf115f9883a6ff3683d81b"},"description":"A Prefeitura de Manaus, por meio da Funda\u00e7\u00e3o Municipal de Cultura, Turismo e Eventos (Manauscult) e do Conselho Municipal de Cultura (Concultura), abre ao p\u00fablico a exposi\u00e7\u00e3o \u201cDuo de Artes: Artistas da Terra\u201d, com os artistas pl\u00e1sticos Rosely Barros e Jo\u00e3o C\u00e9sar Costa, no per\u00edodo de 21 a 29\/6, no sal\u00e3o t\u00e9rreo do Pal\u00e1cio Rio Branco, localizado na rua 7 de Setembro, s\/n, na pra\u00e7a Dom Pedro II, no centro hist\u00f3rico.","breadcrumb":{"@id":"https:\/\/www.manaus.am.gov.br\/manauscult\/prefeitura-de-manaus-abre-a-exposicao-duo-de-artes-artistas-da-terra-no-palacio-rio-branco\/#breadcrumb"},"inLanguage":"pt-BR","potentialAction":[{"@type":"ReadAction","target":["https:\/\/www.manaus.am.gov.br\/manauscult\/prefeitura-de-manaus-abre-a-exposicao-duo-de-artes-artistas-da-terra-no-palacio-rio-branco\/"]}]},{"@type":"ImageObject","inLanguage":"pt-BR","@id":"https:\/\/www.manaus.am.gov.br\/manauscult\/prefeitura-de-manaus-abre-a-exposicao-duo-de-artes-artistas-da-terra-no-palacio-rio-branco\/#primaryimage","url":"https:\/\/www.manaus.am.gov.br\/manauscult\/wp-content\/uploads\/sites\/11\/2023\/06\/52990114910_ecbed78163_k.jpg","contentUrl":"https:\/\/www.manaus.am.gov.br\/manauscult\/wp-content\/uploads\/sites\/11\/2023\/06\/52990114910_ecbed78163_k.jpg","width":2048,"height":1365},{"@type":"BreadcrumbList","@id":"https:\/\/www.manaus.am.gov.br\/manauscult\/prefeitura-de-manaus-abre-a-exposicao-duo-de-artes-artistas-da-terra-no-palacio-rio-branco\/#breadcrumb","itemListElement":[{"@type":"ListItem","position":1,"name":"Home","item":"https:\/\/www.manaus.am.gov.br\/manauscult\/"},{"@type":"ListItem","position":2,"name":"Prefeitura de Manaus abre a exposi\u00e7\u00e3o \u2018Duo de\u00a0Artes: Artistas da Terra\u2019 no Pal\u00e1cio Rio Branco"}]},{"@type":"WebSite","@id":"https:\/\/www.manaus.am.gov.br\/manauscult\/#website","url":"https:\/\/www.manaus.am.gov.br\/manauscult\/","name":"MANAUSCULT","description":"Prefeitura de Manaus","potentialAction":[{"@type":"SearchAction","target":{"@type":"EntryPoint","urlTemplate":"https:\/\/www.manaus.am.gov.br\/manauscult\/?s={search_term_string}"},"query-input":"required name=search_term_string"}],"inLanguage":"pt-BR"},{"@type":"Person","@id":"https:\/\/www.manaus.am.gov.br\/manauscult\/#\/schema\/person\/05d223aea2bf115f9883a6ff3683d81b","name":"Bruna Greco","image":{"@type":"ImageObject","inLanguage":"pt-BR","@id":"https:\/\/www.manaus.am.gov.br\/manauscult\/#\/schema\/person\/image\/","url":"https:\/\/secure.gravatar.com\/avatar\/9c877d1a6adc2a055330e5c09a8653ce?s=96&d=mm&r=g","contentUrl":"https:\/\/secure.gravatar.com\/avatar\/9c877d1a6adc2a055330e5c09a8653ce?s=96&d=mm&r=g","caption":"Bruna Greco"}}]}},"_links":{"self":[{"href":"https:\/\/www.manaus.am.gov.br\/manauscult\/wp-json\/wp\/v2\/posts\/846"}],"collection":[{"href":"https:\/\/www.manaus.am.gov.br\/manauscult\/wp-json\/wp\/v2\/posts"}],"about":[{"href":"https:\/\/www.manaus.am.gov.br\/manauscult\/wp-json\/wp\/v2\/types\/post"}],"author":[{"embeddable":true,"href":"https:\/\/www.manaus.am.gov.br\/manauscult\/wp-json\/wp\/v2\/users\/39"}],"replies":[{"embeddable":true,"href":"https:\/\/www.manaus.am.gov.br\/manauscult\/wp-json\/wp\/v2\/comments?post=846"}],"version-history":[{"count":0,"href":"https:\/\/www.manaus.am.gov.br\/manauscult\/wp-json\/wp\/v2\/posts\/846\/revisions"}],"wp:featuredmedia":[{"embeddable":true,"href":"https:\/\/www.manaus.am.gov.br\/manauscult\/wp-json\/wp\/v2\/media\/847"}],"wp:attachment":[{"href":"https:\/\/www.manaus.am.gov.br\/manauscult\/wp-json\/wp\/v2\/media?parent=846"}],"wp:term":[{"taxonomy":"category","embeddable":true,"href":"https:\/\/www.manaus.am.gov.br\/manauscult\/wp-json\/wp\/v2\/categories?post=846"},{"taxonomy":"post_tag","embeddable":true,"href":"https:\/\/www.manaus.am.gov.br\/manauscult\/wp-json\/wp\/v2\/tags?post=846"}],"curies":[{"name":"wp","href":"https:\/\/api.w.org\/{rel}","templated":true}]}}